{"id":127689,"date":"2026-01-09T06:31:57","date_gmt":"2026-01-09T09:31:57","guid":{"rendered":"https:\/\/portaltela.pt\/noticias\/2026\/01\/09\/ana-paula-martins-esta-fragil-tendencia-comum-entre-ministros-da-saude\/"},"modified":"2026-01-09T06:31:57","modified_gmt":"2026-01-09T09:31:57","slug":"ana-paula-martins-esta-fragil-tendencia-comum-entre-ministros-da-saude","status":"publish","type":"post","link":"https:\/\/portaltela.pt\/noticias\/2026\/01\/09\/ana-paula-martins-esta-fragil-tendencia-comum-entre-ministros-da-saude\/","title":{"rendered":"Ana Paula Martins est\u00e1 fr\u00e1gil, tend\u00eancia comum entre ministros da Sa\u00fade"},"content":{"rendered":"<p>Ana Paula Martins mant\u00e9m posi\u00e7\u00e3o no Minist\u00e9rio da Sa\u00fade, ainda que a tens\u00e3o sobre a gest\u00e3o do setor persista. A ministra recusou demitir-se, dizendo que a sua sa\u00edda depende do Governo. Lu\u00eds Montenegro ainda n\u00e3o indicou se a aceitaria.<\/p>\n<p>Hist\u00f3rico: nomeada em 2022, Martins tem enfrentado m\u00faltiplas crises, entre as quais a pandemia de COVID-19, cuidados de sa\u00fade prim\u00e1rios e car\u00eancia de recursos humanos. A avalia\u00e7\u00e3o p\u00fablica tem sido mista, com cr\u00edticas de v\u00e1rios quadrantes.<\/p>\n<p>A postura de resist\u00eancia \u00e0 demiss\u00e3o \u00e9 interpretada por alguns como sinal de firmeza, mas para outros revela fragilidade pol\u00edtica. A decis\u00e3o final sobre o futuro do cargo depende das delibera\u00e7\u00f5es do Governo.<\/p>\n<p>A influ\u00eancia do Governo: o debate sobre a continuidade da ministra domina o cen\u00e1rio medi\u00e1tico, com diferentes leituras sobre a capacidade de manter a lideran\u00e7a da Sa\u00fade em tempo de crise. A posi\u00e7\u00e3o de Martins depende das pr\u00f3ximas decis\u00f5es pol\u00edticas.<\/p>\n<p>Contexto e desdobramentos: o Governo dever\u00e1 avaliar o desempenho da pasta e as medidas consideradas para estabilizar o setor. A an\u00e1lise inclui gest\u00e3o de crises, recursos humanos e reorganiza\u00e7\u00e3o de servi\u00e7os.<\/p>\n<p>Resumo da situa\u00e7\u00e3o atual: a ministra recusou a demiss\u00e3o, enquanto Montenegro n\u00e3o sinaliza a possibilidade de substitui\u00e7\u00e3o. A narrativa aponta para uma fragilidade observada no setor, sem conclus\u00f5es sobre o desfecho pr\u00f3ximo.<\/p>\n","protected":false},"excerpt":{"rendered":"<ul>\n<li>A ministra da Sa\u00fade, Ana Paula Martins, recusou\u2011se a demitir\u2011se e ligou a sua sa\u00edda \u00e0 decis\u00e3o do Governo e de Lu\u00eds Montenegro, que n\u00e3o a demite.<\/li>\n<li>Nomeada em 2022, tem enfrentado crises como a pandemia de COVID\u201119, a crise dos cuidados de sa\u00fade prim\u00e1rios e a falta de recursos humanos.<\/li>\n<li>A sua postura tem sido interpretada como fragilidade ou resist\u00eancia, gerando debate sobre a continuidade no cargo.<\/li>\n<li>A decis\u00e3o sobre a perman\u00eancia ou sa\u00edda cabe ao Governo, que dever\u00e1 avaliar a atua\u00e7\u00e3o da ministra e a gest\u00e3o da sa\u00fade p\u00fablica, num momento de crise.<\/li>\n<\/ul>\n","protected":false},"author":2,"featured_media":127694,"comment_status":"closed","ping_status":"closed","sticky":false,"template":"","format":"standard","meta":{"footnotes":""},"categories":[1],"tags":[168,2209,34,133,172,271],"class_list":["post-127689","post","type-post","status-publish","format-standard","has-post-thumbnail","hentry","category-noticias","tag-administracao-publica","tag-ana-paula-martins","tag-governo","tag-politicas-publicas","tag-saude","tag-saude-publica"],"yoast_head":"<!-- This site is optimized with the Yoast SEO plugin v27.2 - https:\/\/yoast.com\/product\/yoast-seo-wordpress\/ -->\n<title>Ana Paula Martins est\u00e1 fr\u00e1gil, tend\u00eancia comum entre ministros da Sa\u00fade - Portal Tela Portugal<\/title>\n<meta name=\"robots\" content=\"index, follow, max-snippet:-1, max-image-preview:large, max-video-preview:-1\" \/>\n<meta property=\"og:locale\" content=\"pt_PT\" \/>\n<meta property=\"og:type\" content=\"article\" \/>\n<meta property=\"og:title\" content=\"Ana Paula Martins est\u00e1 fr\u00e1gil, tend\u00eancia comum entre ministros da Sa\u00fade - Portal Tela Portugal\" \/>\n<meta property=\"og:description\" content=\"A ministra da Sa\u00fade, Ana Paula Martins, recusou\u2011se a demitir\u2011se e ligou a sua sa\u00edda \u00e0 decis\u00e3o do Governo e de Lu\u00eds Montenegro, que n\u00e3o a demite. Nomeada em 2022, tem enfrentado crises como a pandemia de COVID\u201119, a crise dos cuidados de sa\u00fade prim\u00e1rios e a falta de recursos humanos. A sua postura tem sido interpretada como fragilidade ou resist\u00eancia, gerando debate sobre a continuidade no cargo. A decis\u00e3o sobre a perman\u00eancia ou sa\u00edda cabe ao Governo, que dever\u00e1 avaliar a atua\u00e7\u00e3o da ministra e a gest\u00e3o da sa\u00fade p\u00fablica, num momento de crise.\" \/>\n<meta property=\"og:url\" content=\"https:\/\/portaltela.pt\/noticias\/2026\/01\/09\/ana-paula-martins-esta-fragil-tendencia-comum-entre-ministros-da-saude\/\" \/>\n<meta property=\"og:site_name\" content=\"Portal Tela Portugal\" \/>\n<meta property=\"article:published_time\" content=\"2026-01-09T09:31:57+00:00\" \/>\n<meta name=\"author\" content=\"Telinha\" \/>\n<meta name=\"twitter:card\" content=\"summary_large_image\" \/>\n<meta name=\"twitter:label1\" content=\"Escrito por\" \/>\n\t<meta name=\"twitter:data1\" content=\"Telinha\" \/>\n\t<meta name=\"twitter:label2\" content=\"Tempo estimado de leitura\" \/>\n\t<meta name=\"twitter:data2\" content=\"1 minuto\" \/>\n<script type=\"application\/ld+json\" class=\"yoast-schema-graph\">{\"@context\":\"https:\/\/schema.org\",\"@graph\":[{\"@type\":\"Article\",\"@id\":\"https:\/\/portaltela.pt\/noticias\/2026\/01\/09\/ana-paula-martins-esta-fragil-tendencia-comum-entre-ministros-da-saude\/#article\",\"isPartOf\":{\"@id\":\"https:\/\/portaltela.pt\/noticias\/2026\/01\/09\/ana-paula-martins-esta-fragil-tendencia-comum-entre-ministros-da-saude\/\"},\"author\":{\"name\":\"Telinha\",\"@id\":\"https:\/\/portaltela.pt\/#\/schema\/person\/c4278d4a6028830caff9ee44b42d32ed\"},\"headline\":\"Ana Paula Martins est\u00e1 fr\u00e1gil, tend\u00eancia comum entre ministros da Sa\u00fade\",\"datePublished\":\"2026-01-09T09:31:57+00:00\",\"mainEntityOfPage\":{\"@id\":\"https:\/\/portaltela.pt\/noticias\/2026\/01\/09\/ana-paula-martins-esta-fragil-tendencia-comum-entre-ministros-da-saude\/\"},\"wordCount\":264,\"image\":{\"@id\":\"https:\/\/portaltela.pt\/noticias\/2026\/01\/09\/ana-paula-martins-esta-fragil-tendencia-comum-entre-ministros-da-saude\/#primaryimage\"},\"thumbnailUrl\":\"https:\/\/portaltela.pt\/s.01k8rhncp4jt1\/2026\/01\/770-podcast-e-o-vencedor-e-7.jpg\",\"keywords\":[\"administra\u00e7\u00e3o p\u00fablica\",\"Ana Paula Martins\",\"governo\",\"pol\u00edticas p\u00fablicas\",\"sa\u00fade\",\"sa\u00fade p\u00fablica\"],\"articleSection\":[\"Not\u00edcias\"],\"inLanguage\":\"pt-PT\"},{\"@type\":\"WebPage\",\"@id\":\"https:\/\/portaltela.pt\/noticias\/2026\/01\/09\/ana-paula-martins-esta-fragil-tendencia-comum-entre-ministros-da-saude\/\",\"url\":\"https:\/\/portaltela.pt\/noticias\/2026\/01\/09\/ana-paula-martins-esta-fragil-tendencia-comum-entre-ministros-da-saude\/\",\"name\":\"Ana Paula Martins est\u00e1 fr\u00e1gil, tend\u00eancia comum entre ministros da Sa\u00fade - Portal Tela Portugal\",\"isPartOf\":{\"@id\":\"https:\/\/portaltela.pt\/#website\"},\"primaryImageOfPage\":{\"@id\":\"https:\/\/portaltela.pt\/noticias\/2026\/01\/09\/ana-paula-martins-esta-fragil-tendencia-comum-entre-ministros-da-saude\/#primaryimage\"},\"image\":{\"@id\":\"https:\/\/portaltela.pt\/noticias\/2026\/01\/09\/ana-paula-martins-esta-fragil-tendencia-comum-entre-ministros-da-saude\/#primaryimage\"},\"thumbnailUrl\":\"https:\/\/portaltela.pt\/s.01k8rhncp4jt1\/2026\/01\/770-podcast-e-o-vencedor-e-7.jpg\",\"datePublished\":\"2026-01-09T09:31:57+00:00\",\"author\":{\"@id\":\"https:\/\/portaltela.pt\/#\/schema\/person\/c4278d4a6028830caff9ee44b42d32ed\"},\"breadcrumb\":{\"@id\":\"https:\/\/portaltela.pt\/noticias\/2026\/01\/09\/ana-paula-martins-esta-fragil-tendencia-comum-entre-ministros-da-saude\/#breadcrumb\"},\"inLanguage\":\"pt-PT\",\"potentialAction\":[{\"@type\":\"ReadAction\",\"target\":[\"https:\/\/portaltela.pt\/noticias\/2026\/01\/09\/ana-paula-martins-esta-fragil-tendencia-comum-entre-ministros-da-saude\/\"]}]},{\"@type\":\"ImageObject\",\"inLanguage\":\"pt-PT\",\"@id\":\"https:\/\/portaltela.pt\/noticias\/2026\/01\/09\/ana-paula-martins-esta-fragil-tendencia-comum-entre-ministros-da-saude\/#primaryimage\",\"url\":\"https:\/\/portaltela.pt\/s.01k8rhncp4jt1\/2026\/01\/770-podcast-e-o-vencedor-e-7.jpg\",\"contentUrl\":\"https:\/\/portaltela.pt\/s.01k8rhncp4jt1\/2026\/01\/770-podcast-e-o-vencedor-e-7.jpg\",\"width\":796,\"height\":448,\"caption\":\"Photo\"},{\"@type\":\"BreadcrumbList\",\"@id\":\"https:\/\/portaltela.pt\/noticias\/2026\/01\/09\/ana-paula-martins-esta-fragil-tendencia-comum-entre-ministros-da-saude\/#breadcrumb\",\"itemListElement\":[{\"@type\":\"ListItem\",\"position\":1,\"name\":\"In\u00edcio\",\"item\":\"https:\/\/portaltela.pt\/\"},{\"@type\":\"ListItem\",\"position\":2,\"name\":\"Ana Paula Martins est\u00e1 fr\u00e1gil, tend\u00eancia comum entre ministros da Sa\u00fade\"}]},{\"@type\":\"WebSite\",\"@id\":\"https:\/\/portaltela.pt\/#website\",\"url\":\"https:\/\/portaltela.pt\/\",\"name\":\"Portal Tela Portugal\",\"description\":\"\",\"potentialAction\":[{\"@type\":\"SearchAction\",\"target\":{\"@type\":\"EntryPoint\",\"urlTemplate\":\"https:\/\/portaltela.pt\/?s={search_term_string}\"},\"query-input\":{\"@type\":\"PropertyValueSpecification\",\"valueRequired\":true,\"valueName\":\"search_term_string\"}}],\"inLanguage\":\"pt-PT\"},{\"@type\":\"Person\",\"@id\":\"https:\/\/portaltela.pt\/#\/schema\/person\/c4278d4a6028830caff9ee44b42d32ed\",\"name\":\"Telinha\",\"image\":{\"@type\":\"ImageObject\",\"inLanguage\":\"pt-PT\",\"@id\":\"https:\/\/portaltela.pt\/s.01k8rhncp4jt1\/2025\/11\/talking-bot-125x125.png\",\"url\":\"https:\/\/portaltela.pt\/s.01k8rhncp4jt1\/2025\/11\/talking-bot-125x125.png\",\"contentUrl\":\"https:\/\/portaltela.pt\/s.01k8rhncp4jt1\/2025\/11\/talking-bot-125x125.png\",\"caption\":\"Telinha\"},\"sameAs\":[\"https:\/\/portaltela.pt\/\"],\"url\":\"https:\/\/portaltela.pt\/por\/367410592786\/\"}]}<\/script>\n<!-- \/ Yoast SEO plugin. -->","yoast_head_json":{"title":"Ana Paula Martins est\u00e1 fr\u00e1gil, tend\u00eancia comum entre ministros da Sa\u00fade - Portal Tela Portugal","robots":{"index":"index","follow":"follow","max-snippet":"max-snippet:-1","max-image-preview":"max-image-preview:large","max-video-preview":"max-video-preview:-1"},"og_locale":"pt_PT","og_type":"article","og_title":"Ana Paula Martins est\u00e1 fr\u00e1gil, tend\u00eancia comum entre ministros da Sa\u00fade - Portal Tela Portugal","og_description":"A ministra da Sa\u00fade, Ana Paula Martins, recusou\u2011se a demitir\u2011se e ligou a sua sa\u00edda \u00e0 decis\u00e3o do Governo e de Lu\u00eds Montenegro, que n\u00e3o a demite. Nomeada em 2022, tem enfrentado crises como a pandemia de COVID\u201119, a crise dos cuidados de sa\u00fade prim\u00e1rios e a falta de recursos humanos. A sua postura tem sido interpretada como fragilidade ou resist\u00eancia, gerando debate sobre a continuidade no cargo. A decis\u00e3o sobre a perman\u00eancia ou sa\u00edda cabe ao Governo, que dever\u00e1 avaliar a atua\u00e7\u00e3o da ministra e a gest\u00e3o da sa\u00fade p\u00fablica, num momento de crise.","og_url":"https:\/\/portaltela.pt\/noticias\/2026\/01\/09\/ana-paula-martins-esta-fragil-tendencia-comum-entre-ministros-da-saude\/","og_site_name":"Portal Tela Portugal","article_published_time":"2026-01-09T09:31:57+00:00","author":"Telinha","twitter_card":"summary_large_image","twitter_misc":{"Escrito por":"Telinha","Tempo estimado de leitura":"1 minuto"},"schema":{"@context":"https:\/\/schema.org","@graph":[{"@type":"Article","@id":"https:\/\/portaltela.pt\/noticias\/2026\/01\/09\/ana-paula-martins-esta-fragil-tendencia-comum-entre-ministros-da-saude\/#article","isPartOf":{"@id":"https:\/\/portaltela.pt\/noticias\/2026\/01\/09\/ana-paula-martins-esta-fragil-tendencia-comum-entre-ministros-da-saude\/"},"author":{"name":"Telinha","@id":"https:\/\/portaltela.pt\/#\/schema\/person\/c4278d4a6028830caff9ee44b42d32ed"},"headline":"Ana Paula Martins est\u00e1 fr\u00e1gil, tend\u00eancia comum entre ministros da Sa\u00fade","datePublished":"2026-01-09T09:31:57+00:00","mainEntityOfPage":{"@id":"https:\/\/portaltela.pt\/noticias\/2026\/01\/09\/ana-paula-martins-esta-fragil-tendencia-comum-entre-ministros-da-saude\/"},"wordCount":264,"image":{"@id":"https:\/\/portaltela.pt\/noticias\/2026\/01\/09\/ana-paula-martins-esta-fragil-tendencia-comum-entre-ministros-da-saude\/#primaryimage"},"thumbnailUrl":"https:\/\/portaltela.pt\/s.01k8rhncp4jt1\/2026\/01\/770-podcast-e-o-vencedor-e-7.jpg","keywords":["administra\u00e7\u00e3o p\u00fablica","Ana Paula Martins","governo","pol\u00edticas p\u00fablicas","sa\u00fade","sa\u00fade p\u00fablica"],"articleSection":["Not\u00edcias"],"inLanguage":"pt-PT"},{"@type":"WebPage","@id":"https:\/\/portaltela.pt\/noticias\/2026\/01\/09\/ana-paula-martins-esta-fragil-tendencia-comum-entre-ministros-da-saude\/","url":"https:\/\/portaltela.pt\/noticias\/2026\/01\/09\/ana-paula-martins-esta-fragil-tendencia-comum-entre-ministros-da-saude\/","name":"Ana Paula Martins est\u00e1 fr\u00e1gil, tend\u00eancia comum entre ministros da Sa\u00fade - Portal Tela Portugal","isPartOf":{"@id":"https:\/\/portaltela.pt\/#website"},"primaryImageOfPage":{"@id":"https:\/\/portaltela.pt\/noticias\/2026\/01\/09\/ana-paula-martins-esta-fragil-tendencia-comum-entre-ministros-da-saude\/#primaryimage"},"image":{"@id":"https:\/\/portaltela.pt\/noticias\/2026\/01\/09\/ana-paula-martins-esta-fragil-tendencia-comum-entre-ministros-da-saude\/#primaryimage"},"thumbnailUrl":"https:\/\/portaltela.pt\/s.01k8rhncp4jt1\/2026\/01\/770-podcast-e-o-vencedor-e-7.jpg","datePublished":"2026-01-09T09:31:57+00:00","author":{"@id":"https:\/\/portaltela.pt\/#\/schema\/person\/c4278d4a6028830caff9ee44b42d32ed"},"breadcrumb":{"@id":"https:\/\/portaltela.pt\/noticias\/2026\/01\/09\/ana-paula-martins-esta-fragil-tendencia-comum-entre-ministros-da-saude\/#breadcrumb"},"inLanguage":"pt-PT","potentialAction":[{"@type":"ReadAction","target":["https:\/\/portaltela.pt\/noticias\/2026\/01\/09\/ana-paula-martins-esta-fragil-tendencia-comum-entre-ministros-da-saude\/"]}]},{"@type":"ImageObject","inLanguage":"pt-PT","@id":"https:\/\/portaltela.pt\/noticias\/2026\/01\/09\/ana-paula-martins-esta-fragil-tendencia-comum-entre-ministros-da-saude\/#primaryimage","url":"https:\/\/portaltela.pt\/s.01k8rhncp4jt1\/2026\/01\/770-podcast-e-o-vencedor-e-7.jpg","contentUrl":"https:\/\/portaltela.pt\/s.01k8rhncp4jt1\/2026\/01\/770-podcast-e-o-vencedor-e-7.jpg","width":796,"height":448,"caption":"Photo"},{"@type":"BreadcrumbList","@id":"https:\/\/portaltela.pt\/noticias\/2026\/01\/09\/ana-paula-martins-esta-fragil-tendencia-comum-entre-ministros-da-saude\/#breadcrumb","itemListElement":[{"@type":"ListItem","position":1,"name":"In\u00edcio","item":"https:\/\/portaltela.pt\/"},{"@type":"ListItem","position":2,"name":"Ana Paula Martins est\u00e1 fr\u00e1gil, tend\u00eancia comum entre ministros da Sa\u00fade"}]},{"@type":"WebSite","@id":"https:\/\/portaltela.pt\/#website","url":"https:\/\/portaltela.pt\/","name":"Portal Tela Portugal","description":"","potentialAction":[{"@type":"SearchAction","target":{"@type":"EntryPoint","urlTemplate":"https:\/\/portaltela.pt\/?s={search_term_string}"},"query-input":{"@type":"PropertyValueSpecification","valueRequired":true,"valueName":"search_term_string"}}],"inLanguage":"pt-PT"},{"@type":"Person","@id":"https:\/\/portaltela.pt\/#\/schema\/person\/c4278d4a6028830caff9ee44b42d32ed","name":"Telinha","image":{"@type":"ImageObject","inLanguage":"pt-PT","@id":"https:\/\/portaltela.pt\/s.01k8rhncp4jt1\/2025\/11\/talking-bot-125x125.png","url":"https:\/\/portaltela.pt\/s.01k8rhncp4jt1\/2025\/11\/talking-bot-125x125.png","contentUrl":"https:\/\/portaltela.pt\/s.01k8rhncp4jt1\/2025\/11\/talking-bot-125x125.png","caption":"Telinha"},"sameAs":["https:\/\/portaltela.pt\/"],"url":"https:\/\/portaltela.pt\/por\/367410592786\/"}]}},"_links":{"self":[{"href":"https:\/\/portaltela.pt\/api\/wp\/v2\/posts\/127689","targetHints":{"allow":["GET"]}}],"collection":[{"href":"https:\/\/portaltela.pt\/api\/wp\/v2\/posts"}],"about":[{"href":"https:\/\/portaltela.pt\/api\/wp\/v2\/types\/post"}],"author":[{"embeddable":true,"href":"https:\/\/portaltela.pt\/api\/wp\/v2\/users\/2"}],"replies":[{"embeddable":true,"href":"https:\/\/portaltela.pt\/api\/wp\/v2\/comments?post=127689"}],"version-history":[{"count":0,"href":"https:\/\/portaltela.pt\/api\/wp\/v2\/posts\/127689\/revisions"}],"wp:featuredmedia":[{"embeddable":true,"href":"https:\/\/portaltela.pt\/api\/wp\/v2\/media\/127694"}],"wp:attachment":[{"href":"https:\/\/portaltela.pt\/api\/wp\/v2\/media?parent=127689"}],"wp:term":[{"taxonomy":"category","embeddable":true,"href":"https:\/\/portaltela.pt\/api\/wp\/v2\/categories?post=127689"},{"taxonomy":"post_tag","embeddable":true,"href":"https:\/\/portaltela.pt\/api\/wp\/v2\/tags?post=127689"}],"curies":[{"name":"wp","href":"https:\/\/api.w.org\/{rel}","templated":true}]}}