{"id":127582,"date":"2026-01-09T05:24:00","date_gmt":"2026-01-09T08:24:00","guid":{"rendered":"https:\/\/portaltela.pt\/noticias\/2026\/01\/09\/trump-deseja-que-corina-lhe-atribua-o-nobel-numa-reuniao-na-proxima-semana\/"},"modified":"2026-01-09T05:24:00","modified_gmt":"2026-01-09T08:24:00","slug":"trump-deseja-que-corina-lhe-atribua-o-nobel-numa-reuniao-na-proxima-semana","status":"publish","type":"post","link":"https:\/\/portaltela.pt\/noticias\/politica\/2026\/01\/09\/trump-deseja-que-corina-lhe-atribua-o-nobel-numa-reuniao-na-proxima-semana\/","title":{"rendered":"Trump Deseja que Corina Lhe Atribua o Nobel Numa Reuni\u00e3o na Pr\u00f3xima Semana"},"content":{"rendered":"<p>Donald Trump afirmou, na noite de quinta-feira, \u00e0 Fox News, que o encontro com a oposi\u00e7\u00e3o venezuelana Mar\u00eda Corina Machado decorre em Washington na pr\u00f3xima semana, sem data definida. O objetivo n\u00e3o foi detalhado.<\/p>\n<p>Segundo o chefe de Estado norte-americano, seria uma honra receber de Machado a medalha do Pr\u00e9mio Nobel da Paz que a l\u00edder venezuelana teria recebido do Comit\u00e9 Nobel em 2025. A ideia veio na entrevista.<\/p>\n<p>A Fox News recordou que Machado prometeu partilhar ou entregar o galard\u00e3o, e Trump afirmou que ela n\u00e3o estaria qualificada para liderar a Venezuela. Reiterou que elei\u00e7\u00f5es no pa\u00eds n\u00e3o constam na agenda de Washington.<\/p>\n<p>Neste s\u00e1bado, as autoridades norte-americanas anunciaram a deten\u00e7\u00e3o do presidente venezuelano, que enfrenta julgamento em Nova Iorque por tr\u00e1fico de estupefacientes e posse de armas. A informa\u00e7\u00e3o surge no contexto pol\u00edtico regional.<\/p>\n<p>Trump criticou ainda a Noruega, pa\u00eds que escolhe o Nobel da Paz, questionando a rela\u00e7\u00e3o entre o comit\u00e9 e as decis\u00f5es do pr\u00e9mio, e sugeriu que v\u00e1rias guerras deveriam ter sido premiadas ao serem encerradas.<\/p>\n","protected":false},"excerpt":{"rendered":"<ul>\n<li>Donald Trump disse, numa entrevista \u00e0 Fox News, que o encontro com a oposicionista venezuelana Mar\u00eda Corina Machado decorrer\u00e1 em Washington na pr\u00f3xima semana, sem data definida.<\/li>\n<li>Trump afirmou que seria uma honra receber de Machado a medalha do Pr\u00e9mio Nobel da Paz que a l\u00edder opositora recebeu do Comit\u00e9 Nobel em 2025, acrescentando que ela prometeu partilhar o galard\u00e3o.<\/li>\n<li>O jornal noticiou que, nesse mesmo fim de semana, os Estados Unidos capturaram o presidente da Venezuela, que est\u00e1 a ser julgado em Nova Iorque por tr\u00e1fico de estupefacientes e posse de armas, segundo a AFP.<\/li>\n<li>Trump declarou que Machado n\u00e3o est\u00e1 qualificada para liderar a Venezuela e reiterou que elei\u00e7\u00f5es no pa\u00eds n\u00e3o constam da agenda de Washington, criticando ainda a Noruega pelo papel do comit\u00e9.<\/li>\n<\/ul>\n","protected":false},"author":2,"featured_media":127589,"comment_status":"closed","ping_status":"closed","sticky":false,"template":"","format":"standard","meta":{"footnotes":""},"categories":[1,5],"tags":[230,1817,1600,2036,229,30],"class_list":["post-127582","post","type-post","status-publish","format-standard","has-post-thumbnail","hentry","category-noticias","category-politica","tag-accoes-internacionais","tag-dialogo-politico","tag-estados-unidos","tag-negociacoes-internacionais","tag-politica-publica","tag-presidente"],"yoast_head":"<!-- This site is optimized with the Yoast SEO plugin v27.2 - https:\/\/yoast.com\/product\/yoast-seo-wordpress\/ -->\n<title>Trump Deseja que Corina Lhe Atribua o Nobel Numa Reuni\u00e3o na Pr\u00f3xima Semana - Portal Tela Portugal<\/title>\n<meta name=\"robots\" content=\"index, follow, max-snippet:-1, max-image-preview:large, max-video-preview:-1\" \/>\n<meta property=\"og:locale\" content=\"pt_PT\" \/>\n<meta property=\"og:type\" content=\"article\" \/>\n<meta property=\"og:title\" content=\"Trump Deseja que Corina Lhe Atribua o Nobel Numa Reuni\u00e3o na Pr\u00f3xima Semana - Portal Tela Portugal\" \/>\n<meta property=\"og:description\" content=\"Donald Trump disse, numa entrevista \u00e0 Fox News, que o encontro com a oposicionista venezuelana Mar\u00eda Corina Machado decorrer\u00e1 em Washington na pr\u00f3xima semana, sem data definida. Trump afirmou que seria uma honra receber de Machado a medalha do Pr\u00e9mio Nobel da Paz que a l\u00edder opositora recebeu do Comit\u00e9 Nobel em 2025, acrescentando que ela prometeu partilhar o galard\u00e3o. O jornal noticiou que, nesse mesmo fim de semana, os Estados Unidos capturaram o presidente da Venezuela, que est\u00e1 a ser julgado em Nova Iorque por tr\u00e1fico de estupefacientes e posse de armas, segundo a AFP. Trump declarou que Machado n\u00e3o est\u00e1 qualificada para liderar a Venezuela e reiterou que elei\u00e7\u00f5es no pa\u00eds n\u00e3o constam da agenda de Washington, criticando ainda a Noruega pelo papel do comit\u00e9.\" \/>\n<meta property=\"og:url\" content=\"https:\/\/portaltela.pt\/noticias\/2026\/01\/09\/trump-deseja-que-corina-lhe-atribua-o-nobel-numa-reuniao-na-proxima-semana\/\" \/>\n<meta property=\"og:site_name\" content=\"Portal Tela Portugal\" \/>\n<meta property=\"article:published_time\" content=\"2026-01-09T08:24:00+00:00\" \/>\n<meta name=\"author\" content=\"Telinha\" \/>\n<meta name=\"twitter:card\" content=\"summary_large_image\" \/>\n<meta name=\"twitter:label1\" content=\"Escrito por\" \/>\n\t<meta name=\"twitter:data1\" content=\"Telinha\" \/>\n\t<meta name=\"twitter:label2\" content=\"Tempo estimado de leitura\" \/>\n\t<meta name=\"twitter:data2\" content=\"1 minuto\" \/>\n<script type=\"application\/ld+json\" class=\"yoast-schema-graph\">{\"@context\":\"https:\/\/schema.org\",\"@graph\":[{\"@type\":\"Article\",\"@id\":\"https:\/\/portaltela.pt\/noticias\/2026\/01\/09\/trump-deseja-que-corina-lhe-atribua-o-nobel-numa-reuniao-na-proxima-semana\/#article\",\"isPartOf\":{\"@id\":\"https:\/\/portaltela.pt\/noticias\/2026\/01\/09\/trump-deseja-que-corina-lhe-atribua-o-nobel-numa-reuniao-na-proxima-semana\/\"},\"author\":{\"name\":\"Telinha\",\"@id\":\"https:\/\/portaltela.pt\/#\/schema\/person\/c4278d4a6028830caff9ee44b42d32ed\"},\"headline\":\"Trump Deseja que Corina Lhe Atribua o Nobel Numa Reuni\u00e3o na Pr\u00f3xima Semana\",\"datePublished\":\"2026-01-09T08:24:00+00:00\",\"mainEntityOfPage\":{\"@id\":\"https:\/\/portaltela.pt\/noticias\/2026\/01\/09\/trump-deseja-que-corina-lhe-atribua-o-nobel-numa-reuniao-na-proxima-semana\/\"},\"wordCount\":205,\"image\":{\"@id\":\"https:\/\/portaltela.pt\/noticias\/2026\/01\/09\/trump-deseja-que-corina-lhe-atribua-o-nobel-numa-reuniao-na-proxima-semana\/#primaryimage\"},\"thumbnailUrl\":\"https:\/\/portaltela.pt\/s.01k8rhncp4jt1\/2026\/01\/image-480.jpg\",\"keywords\":[\"ac\u00e7\u00f5es internacionais\",\"Di\u00e1logo pol\u00edtico\",\"Estados Unidos\",\"negocia\u00e7\u00f5es internacionais\",\"pol\u00edtica p\u00fablica\",\"presidente\"],\"articleSection\":[\"Not\u00edcias\",\"Pol\u00edtica\"],\"inLanguage\":\"pt-PT\"},{\"@type\":\"WebPage\",\"@id\":\"https:\/\/portaltela.pt\/noticias\/2026\/01\/09\/trump-deseja-que-corina-lhe-atribua-o-nobel-numa-reuniao-na-proxima-semana\/\",\"url\":\"https:\/\/portaltela.pt\/noticias\/2026\/01\/09\/trump-deseja-que-corina-lhe-atribua-o-nobel-numa-reuniao-na-proxima-semana\/\",\"name\":\"Trump Deseja que Corina Lhe Atribua o Nobel Numa Reuni\u00e3o na Pr\u00f3xima Semana - Portal Tela Portugal\",\"isPartOf\":{\"@id\":\"https:\/\/portaltela.pt\/#website\"},\"primaryImageOfPage\":{\"@id\":\"https:\/\/portaltela.pt\/noticias\/2026\/01\/09\/trump-deseja-que-corina-lhe-atribua-o-nobel-numa-reuniao-na-proxima-semana\/#primaryimage\"},\"image\":{\"@id\":\"https:\/\/portaltela.pt\/noticias\/2026\/01\/09\/trump-deseja-que-corina-lhe-atribua-o-nobel-numa-reuniao-na-proxima-semana\/#primaryimage\"},\"thumbnailUrl\":\"https:\/\/portaltela.pt\/s.01k8rhncp4jt1\/2026\/01\/image-480.jpg\",\"datePublished\":\"2026-01-09T08:24:00+00:00\",\"author\":{\"@id\":\"https:\/\/portaltela.pt\/#\/schema\/person\/c4278d4a6028830caff9ee44b42d32ed\"},\"breadcrumb\":{\"@id\":\"https:\/\/portaltela.pt\/noticias\/2026\/01\/09\/trump-deseja-que-corina-lhe-atribua-o-nobel-numa-reuniao-na-proxima-semana\/#breadcrumb\"},\"inLanguage\":\"pt-PT\",\"potentialAction\":[{\"@type\":\"ReadAction\",\"target\":[\"https:\/\/portaltela.pt\/noticias\/2026\/01\/09\/trump-deseja-que-corina-lhe-atribua-o-nobel-numa-reuniao-na-proxima-semana\/\"]}]},{\"@type\":\"ImageObject\",\"inLanguage\":\"pt-PT\",\"@id\":\"https:\/\/portaltela.pt\/noticias\/2026\/01\/09\/trump-deseja-que-corina-lhe-atribua-o-nobel-numa-reuniao-na-proxima-semana\/#primaryimage\",\"url\":\"https:\/\/portaltela.pt\/s.01k8rhncp4jt1\/2026\/01\/image-480.jpg\",\"contentUrl\":\"https:\/\/portaltela.pt\/s.01k8rhncp4jt1\/2026\/01\/image-480.jpg\",\"width\":796,\"height\":448,\"caption\":\"A opositora venezuelana Mar\u00eda Corina Machado\"},{\"@type\":\"BreadcrumbList\",\"@id\":\"https:\/\/portaltela.pt\/noticias\/2026\/01\/09\/trump-deseja-que-corina-lhe-atribua-o-nobel-numa-reuniao-na-proxima-semana\/#breadcrumb\",\"itemListElement\":[{\"@type\":\"ListItem\",\"position\":1,\"name\":\"In\u00edcio\",\"item\":\"https:\/\/portaltela.pt\/\"},{\"@type\":\"ListItem\",\"position\":2,\"name\":\"Trump Deseja que Corina Lhe Atribua o Nobel Numa Reuni\u00e3o na Pr\u00f3xima Semana\"}]},{\"@type\":\"WebSite\",\"@id\":\"https:\/\/portaltela.pt\/#website\",\"url\":\"https:\/\/portaltela.pt\/\",\"name\":\"Portal Tela Portugal\",\"description\":\"\",\"potentialAction\":[{\"@type\":\"SearchAction\",\"target\":{\"@type\":\"EntryPoint\",\"urlTemplate\":\"https:\/\/portaltela.pt\/?s={search_term_string}\"},\"query-input\":{\"@type\":\"PropertyValueSpecification\",\"valueRequired\":true,\"valueName\":\"search_term_string\"}}],\"inLanguage\":\"pt-PT\"},{\"@type\":\"Person\",\"@id\":\"https:\/\/portaltela.pt\/#\/schema\/person\/c4278d4a6028830caff9ee44b42d32ed\",\"name\":\"Telinha\",\"image\":{\"@type\":\"ImageObject\",\"inLanguage\":\"pt-PT\",\"@id\":\"https:\/\/portaltela.pt\/s.01k8rhncp4jt1\/2025\/11\/talking-bot-125x125.png\",\"url\":\"https:\/\/portaltela.pt\/s.01k8rhncp4jt1\/2025\/11\/talking-bot-125x125.png\",\"contentUrl\":\"https:\/\/portaltela.pt\/s.01k8rhncp4jt1\/2025\/11\/talking-bot-125x125.png\",\"caption\":\"Telinha\"},\"sameAs\":[\"https:\/\/portaltela.pt\/\"],\"url\":\"https:\/\/portaltela.pt\/por\/367410592786\/\"}]}<\/script>\n<!-- \/ Yoast SEO plugin. -->","yoast_head_json":{"title":"Trump Deseja que Corina Lhe Atribua o Nobel Numa Reuni\u00e3o na Pr\u00f3xima Semana - Portal Tela Portugal","robots":{"index":"index","follow":"follow","max-snippet":"max-snippet:-1","max-image-preview":"max-image-preview:large","max-video-preview":"max-video-preview:-1"},"og_locale":"pt_PT","og_type":"article","og_title":"Trump Deseja que Corina Lhe Atribua o Nobel Numa Reuni\u00e3o na Pr\u00f3xima Semana - Portal Tela Portugal","og_description":"Donald Trump disse, numa entrevista \u00e0 Fox News, que o encontro com a oposicionista venezuelana Mar\u00eda Corina Machado decorrer\u00e1 em Washington na pr\u00f3xima semana, sem data definida. Trump afirmou que seria uma honra receber de Machado a medalha do Pr\u00e9mio Nobel da Paz que a l\u00edder opositora recebeu do Comit\u00e9 Nobel em 2025, acrescentando que ela prometeu partilhar o galard\u00e3o. O jornal noticiou que, nesse mesmo fim de semana, os Estados Unidos capturaram o presidente da Venezuela, que est\u00e1 a ser julgado em Nova Iorque por tr\u00e1fico de estupefacientes e posse de armas, segundo a AFP. Trump declarou que Machado n\u00e3o est\u00e1 qualificada para liderar a Venezuela e reiterou que elei\u00e7\u00f5es no pa\u00eds n\u00e3o constam da agenda de Washington, criticando ainda a Noruega pelo papel do comit\u00e9.","og_url":"https:\/\/portaltela.pt\/noticias\/2026\/01\/09\/trump-deseja-que-corina-lhe-atribua-o-nobel-numa-reuniao-na-proxima-semana\/","og_site_name":"Portal Tela Portugal","article_published_time":"2026-01-09T08:24:00+00:00","author":"Telinha","twitter_card":"summary_large_image","twitter_misc":{"Escrito por":"Telinha","Tempo estimado de leitura":"1 minuto"},"schema":{"@context":"https:\/\/schema.org","@graph":[{"@type":"Article","@id":"https:\/\/portaltela.pt\/noticias\/2026\/01\/09\/trump-deseja-que-corina-lhe-atribua-o-nobel-numa-reuniao-na-proxima-semana\/#article","isPartOf":{"@id":"https:\/\/portaltela.pt\/noticias\/2026\/01\/09\/trump-deseja-que-corina-lhe-atribua-o-nobel-numa-reuniao-na-proxima-semana\/"},"author":{"name":"Telinha","@id":"https:\/\/portaltela.pt\/#\/schema\/person\/c4278d4a6028830caff9ee44b42d32ed"},"headline":"Trump Deseja que Corina Lhe Atribua o Nobel Numa Reuni\u00e3o na Pr\u00f3xima Semana","datePublished":"2026-01-09T08:24:00+00:00","mainEntityOfPage":{"@id":"https:\/\/portaltela.pt\/noticias\/2026\/01\/09\/trump-deseja-que-corina-lhe-atribua-o-nobel-numa-reuniao-na-proxima-semana\/"},"wordCount":205,"image":{"@id":"https:\/\/portaltela.pt\/noticias\/2026\/01\/09\/trump-deseja-que-corina-lhe-atribua-o-nobel-numa-reuniao-na-proxima-semana\/#primaryimage"},"thumbnailUrl":"https:\/\/portaltela.pt\/s.01k8rhncp4jt1\/2026\/01\/image-480.jpg","keywords":["ac\u00e7\u00f5es internacionais","Di\u00e1logo pol\u00edtico","Estados Unidos","negocia\u00e7\u00f5es internacionais","pol\u00edtica p\u00fablica","presidente"],"articleSection":["Not\u00edcias","Pol\u00edtica"],"inLanguage":"pt-PT"},{"@type":"WebPage","@id":"https:\/\/portaltela.pt\/noticias\/2026\/01\/09\/trump-deseja-que-corina-lhe-atribua-o-nobel-numa-reuniao-na-proxima-semana\/","url":"https:\/\/portaltela.pt\/noticias\/2026\/01\/09\/trump-deseja-que-corina-lhe-atribua-o-nobel-numa-reuniao-na-proxima-semana\/","name":"Trump Deseja que Corina Lhe Atribua o Nobel Numa Reuni\u00e3o na Pr\u00f3xima Semana - Portal Tela Portugal","isPartOf":{"@id":"https:\/\/portaltela.pt\/#website"},"primaryImageOfPage":{"@id":"https:\/\/portaltela.pt\/noticias\/2026\/01\/09\/trump-deseja-que-corina-lhe-atribua-o-nobel-numa-reuniao-na-proxima-semana\/#primaryimage"},"image":{"@id":"https:\/\/portaltela.pt\/noticias\/2026\/01\/09\/trump-deseja-que-corina-lhe-atribua-o-nobel-numa-reuniao-na-proxima-semana\/#primaryimage"},"thumbnailUrl":"https:\/\/portaltela.pt\/s.01k8rhncp4jt1\/2026\/01\/image-480.jpg","datePublished":"2026-01-09T08:24:00+00:00","author":{"@id":"https:\/\/portaltela.pt\/#\/schema\/person\/c4278d4a6028830caff9ee44b42d32ed"},"breadcrumb":{"@id":"https:\/\/portaltela.pt\/noticias\/2026\/01\/09\/trump-deseja-que-corina-lhe-atribua-o-nobel-numa-reuniao-na-proxima-semana\/#breadcrumb"},"inLanguage":"pt-PT","potentialAction":[{"@type":"ReadAction","target":["https:\/\/portaltela.pt\/noticias\/2026\/01\/09\/trump-deseja-que-corina-lhe-atribua-o-nobel-numa-reuniao-na-proxima-semana\/"]}]},{"@type":"ImageObject","inLanguage":"pt-PT","@id":"https:\/\/portaltela.pt\/noticias\/2026\/01\/09\/trump-deseja-que-corina-lhe-atribua-o-nobel-numa-reuniao-na-proxima-semana\/#primaryimage","url":"https:\/\/portaltela.pt\/s.01k8rhncp4jt1\/2026\/01\/image-480.jpg","contentUrl":"https:\/\/portaltela.pt\/s.01k8rhncp4jt1\/2026\/01\/image-480.jpg","width":796,"height":448,"caption":"A opositora venezuelana Mar\u00eda Corina Machado"},{"@type":"BreadcrumbList","@id":"https:\/\/portaltela.pt\/noticias\/2026\/01\/09\/trump-deseja-que-corina-lhe-atribua-o-nobel-numa-reuniao-na-proxima-semana\/#breadcrumb","itemListElement":[{"@type":"ListItem","position":1,"name":"In\u00edcio","item":"https:\/\/portaltela.pt\/"},{"@type":"ListItem","position":2,"name":"Trump Deseja que Corina Lhe Atribua o Nobel Numa Reuni\u00e3o na Pr\u00f3xima Semana"}]},{"@type":"WebSite","@id":"https:\/\/portaltela.pt\/#website","url":"https:\/\/portaltela.pt\/","name":"Portal Tela Portugal","description":"","potentialAction":[{"@type":"SearchAction","target":{"@type":"EntryPoint","urlTemplate":"https:\/\/portaltela.pt\/?s={search_term_string}"},"query-input":{"@type":"PropertyValueSpecification","valueRequired":true,"valueName":"search_term_string"}}],"inLanguage":"pt-PT"},{"@type":"Person","@id":"https:\/\/portaltela.pt\/#\/schema\/person\/c4278d4a6028830caff9ee44b42d32ed","name":"Telinha","image":{"@type":"ImageObject","inLanguage":"pt-PT","@id":"https:\/\/portaltela.pt\/s.01k8rhncp4jt1\/2025\/11\/talking-bot-125x125.png","url":"https:\/\/portaltela.pt\/s.01k8rhncp4jt1\/2025\/11\/talking-bot-125x125.png","contentUrl":"https:\/\/portaltela.pt\/s.01k8rhncp4jt1\/2025\/11\/talking-bot-125x125.png","caption":"Telinha"},"sameAs":["https:\/\/portaltela.pt\/"],"url":"https:\/\/portaltela.pt\/por\/367410592786\/"}]}},"_links":{"self":[{"href":"https:\/\/portaltela.pt\/api\/wp\/v2\/posts\/127582","targetHints":{"allow":["GET"]}}],"collection":[{"href":"https:\/\/portaltela.pt\/api\/wp\/v2\/posts"}],"about":[{"href":"https:\/\/portaltela.pt\/api\/wp\/v2\/types\/post"}],"author":[{"embeddable":true,"href":"https:\/\/portaltela.pt\/api\/wp\/v2\/users\/2"}],"replies":[{"embeddable":true,"href":"https:\/\/portaltela.pt\/api\/wp\/v2\/comments?post=127582"}],"version-history":[{"count":0,"href":"https:\/\/portaltela.pt\/api\/wp\/v2\/posts\/127582\/revisions"}],"wp:featuredmedia":[{"embeddable":true,"href":"https:\/\/portaltela.pt\/api\/wp\/v2\/media\/127589"}],"wp:attachment":[{"href":"https:\/\/portaltela.pt\/api\/wp\/v2\/media?parent=127582"}],"wp:term":[{"taxonomy":"category","embeddable":true,"href":"https:\/\/portaltela.pt\/api\/wp\/v2\/categories?post=127582"},{"taxonomy":"post_tag","embeddable":true,"href":"https:\/\/portaltela.pt\/api\/wp\/v2\/tags?post=127582"}],"curies":[{"name":"wp","href":"https:\/\/api.w.org\/{rel}","templated":true}]}}