{"id":127308,"date":"2026-01-08T21:07:47","date_gmt":"2026-01-09T00:07:47","guid":{"rendered":"https:\/\/portaltela.pt\/noticias\/2026\/01\/08\/ministra-da-saude-nao-se-demite-e-condiciona-saida-de-pm\/"},"modified":"2026-01-08T21:07:47","modified_gmt":"2026-01-09T00:07:47","slug":"ministra-da-saude-nao-se-demite-e-condiciona-saida-de-pm","status":"publish","type":"post","link":"https:\/\/portaltela.pt\/noticias\/politica\/2026\/01\/08\/ministra-da-saude-nao-se-demite-e-condiciona-saida-de-pm\/","title":{"rendered":"Ministra da Sa\u00fade n\u00e3o se demite e condiciona sa\u00edda de PM"},"content":{"rendered":"<p>Ana Paula Martins n\u00e3o pretende abandonar o cargo de ministra da Sa\u00fade. Em entrevista ao Expresso, afirma que s\u00f3 sair\u00e1 quando o primeiro-ministro assim decidir. A sa\u00edda n\u00e3o depende de decis\u00e3o pr\u00f3pria, mas do Executivo.<\/p>\n<p>O primeiro-ministro Lu\u00eds Montenegro j\u00e1 assegurou que a ministra vai continuar no Governo. A declara\u00e7\u00e3o surge num momento de afirma\u00e7\u00e3o institucional, com o objetivo de manter a estabilidade no Minist\u00e9rio da Sa\u00fade.<\/p>\n<p>A conversa com o Expresso centrou-se na continuidade do mandato de Ana Paula Martins, afastando rumores de demiss\u00e3o. N\u00e3o h\u00e1 indica\u00e7\u00e3o de prazos para a eventual sa\u00edda nem de condi\u00e7\u00f5es associadas a essa decis\u00e3o.<\/p>\n<p>A posi\u00e7\u00e3o do Governo, segundo Montenegro, mant\u00e9m-se clara: a ministra permanece na equipa governamental, enquanto o l\u00edder do Executivo n\u00e3o determinar o contr\u00e1rio. O tema \u00e9 mantido sob tutela da rela\u00e7\u00e3o entre poder executivo e o gabinete ministerial.<\/p>\n","protected":false},"excerpt":{"rendered":"<ul>\n<li>A ministra da Sa\u00fade, Ana Paula Martins, disse ao Expresso que n\u00e3o vai abandonar o cargo.<\/li>\n<li>Acrescentou que sair\u00e1 do cargo \u201cquando o primeiro-ministro assim o decidir\u201d.<\/li>\n<li>O l\u00edder social-democrata Lu\u00eds Montenegro garantiu que a ministra \u201cvai continuar no Governo\u201d.<\/li>\n<li>N\u00e3o h\u00e1 indica\u00e7\u00e3o de uma data de sa\u00edda; permanece sem demiss\u00e3o anunciada.<\/li>\n<\/ul>\n","protected":false},"author":2,"featured_media":127309,"comment_status":"closed","ping_status":"closed","sticky":false,"template":"","format":"standard","meta":{"footnotes":""},"categories":[1,5],"tags":[168,2209,34,654,229,172],"class_list":["post-127308","post","type-post","status-publish","format-standard","has-post-thumbnail","hentry","category-noticias","category-politica","tag-administracao-publica","tag-ana-paula-martins","tag-governo","tag-poder","tag-politica-publica","tag-saude"],"yoast_head":"<!-- This site is optimized with the Yoast SEO plugin v27.2 - https:\/\/yoast.com\/product\/yoast-seo-wordpress\/ -->\n<title>Ministra da Sa\u00fade n\u00e3o se demite e condiciona sa\u00edda de PM - Portal Tela Portugal<\/title>\n<meta name=\"robots\" content=\"index, follow, max-snippet:-1, max-image-preview:large, max-video-preview:-1\" \/>\n<meta property=\"og:locale\" content=\"pt_PT\" \/>\n<meta property=\"og:type\" content=\"article\" \/>\n<meta property=\"og:title\" content=\"Ministra da Sa\u00fade n\u00e3o se demite e condiciona sa\u00edda de PM - Portal Tela Portugal\" \/>\n<meta property=\"og:description\" content=\"A ministra da Sa\u00fade, Ana Paula Martins, disse ao Expresso que n\u00e3o vai abandonar o cargo. Acrescentou que sair\u00e1 do cargo \u201cquando o primeiro-ministro assim o decidir\u201d. O l\u00edder social-democrata Lu\u00eds Montenegro garantiu que a ministra \u201cvai continuar no Governo\u201d. N\u00e3o h\u00e1 indica\u00e7\u00e3o de uma data de sa\u00edda; permanece sem demiss\u00e3o anunciada.\" \/>\n<meta property=\"og:url\" content=\"https:\/\/portaltela.pt\/noticias\/2026\/01\/08\/ministra-da-saude-nao-se-demite-e-condiciona-saida-de-pm\/\" \/>\n<meta property=\"og:site_name\" content=\"Portal Tela Portugal\" \/>\n<meta property=\"article:published_time\" content=\"2026-01-09T00:07:47+00:00\" \/>\n<meta name=\"author\" content=\"Telinha\" \/>\n<meta name=\"twitter:card\" content=\"summary_large_image\" \/>\n<meta name=\"twitter:label1\" content=\"Escrito por\" \/>\n\t<meta name=\"twitter:data1\" content=\"Telinha\" \/>\n\t<meta name=\"twitter:label2\" content=\"Tempo estimado de leitura\" \/>\n\t<meta name=\"twitter:data2\" content=\"1 minuto\" \/>\n<script type=\"application\/ld+json\" class=\"yoast-schema-graph\">{\"@context\":\"https:\/\/schema.org\",\"@graph\":[{\"@type\":\"Article\",\"@id\":\"https:\/\/portaltela.pt\/noticias\/2026\/01\/08\/ministra-da-saude-nao-se-demite-e-condiciona-saida-de-pm\/#article\",\"isPartOf\":{\"@id\":\"https:\/\/portaltela.pt\/noticias\/2026\/01\/08\/ministra-da-saude-nao-se-demite-e-condiciona-saida-de-pm\/\"},\"author\":{\"name\":\"Telinha\",\"@id\":\"https:\/\/portaltela.pt\/#\/schema\/person\/c4278d4a6028830caff9ee44b42d32ed\"},\"headline\":\"Ministra da Sa\u00fade n\u00e3o se demite e condiciona sa\u00edda de PM\",\"datePublished\":\"2026-01-09T00:07:47+00:00\",\"mainEntityOfPage\":{\"@id\":\"https:\/\/portaltela.pt\/noticias\/2026\/01\/08\/ministra-da-saude-nao-se-demite-e-condiciona-saida-de-pm\/\"},\"wordCount\":175,\"image\":{\"@id\":\"https:\/\/portaltela.pt\/noticias\/2026\/01\/08\/ministra-da-saude-nao-se-demite-e-condiciona-saida-de-pm\/#primaryimage\"},\"thumbnailUrl\":\"https:\/\/portaltela.pt\/s.01k8rhncp4jt1\/2026\/01\/45964482.jpg\",\"keywords\":[\"administra\u00e7\u00e3o p\u00fablica\",\"Ana Paula Martins\",\"governo\",\"poder\",\"pol\u00edtica p\u00fablica\",\"sa\u00fade\"],\"articleSection\":[\"Not\u00edcias\",\"Pol\u00edtica\"],\"inLanguage\":\"pt-PT\"},{\"@type\":\"WebPage\",\"@id\":\"https:\/\/portaltela.pt\/noticias\/2026\/01\/08\/ministra-da-saude-nao-se-demite-e-condiciona-saida-de-pm\/\",\"url\":\"https:\/\/portaltela.pt\/noticias\/2026\/01\/08\/ministra-da-saude-nao-se-demite-e-condiciona-saida-de-pm\/\",\"name\":\"Ministra da Sa\u00fade n\u00e3o se demite e condiciona sa\u00edda de PM - Portal Tela Portugal\",\"isPartOf\":{\"@id\":\"https:\/\/portaltela.pt\/#website\"},\"primaryImageOfPage\":{\"@id\":\"https:\/\/portaltela.pt\/noticias\/2026\/01\/08\/ministra-da-saude-nao-se-demite-e-condiciona-saida-de-pm\/#primaryimage\"},\"image\":{\"@id\":\"https:\/\/portaltela.pt\/noticias\/2026\/01\/08\/ministra-da-saude-nao-se-demite-e-condiciona-saida-de-pm\/#primaryimage\"},\"thumbnailUrl\":\"https:\/\/portaltela.pt\/s.01k8rhncp4jt1\/2026\/01\/45964482.jpg\",\"datePublished\":\"2026-01-09T00:07:47+00:00\",\"author\":{\"@id\":\"https:\/\/portaltela.pt\/#\/schema\/person\/c4278d4a6028830caff9ee44b42d32ed\"},\"breadcrumb\":{\"@id\":\"https:\/\/portaltela.pt\/noticias\/2026\/01\/08\/ministra-da-saude-nao-se-demite-e-condiciona-saida-de-pm\/#breadcrumb\"},\"inLanguage\":\"pt-PT\",\"potentialAction\":[{\"@type\":\"ReadAction\",\"target\":[\"https:\/\/portaltela.pt\/noticias\/2026\/01\/08\/ministra-da-saude-nao-se-demite-e-condiciona-saida-de-pm\/\"]}]},{\"@type\":\"ImageObject\",\"inLanguage\":\"pt-PT\",\"@id\":\"https:\/\/portaltela.pt\/noticias\/2026\/01\/08\/ministra-da-saude-nao-se-demite-e-condiciona-saida-de-pm\/#primaryimage\",\"url\":\"https:\/\/portaltela.pt\/s.01k8rhncp4jt1\/2026\/01\/45964482.jpg\",\"contentUrl\":\"https:\/\/portaltela.pt\/s.01k8rhncp4jt1\/2026\/01\/45964482.jpg\",\"width\":796,\"height\":448,\"caption\":\"A Ministra da Sa\u00fade, Ana Paula Martins, durante a visita \u00e0s instala\u00e7\u00f5es da empresa Sword Health, no Porto, 03 de Novembro de 2025. ESTELA SILVA\/LUSA\"},{\"@type\":\"BreadcrumbList\",\"@id\":\"https:\/\/portaltela.pt\/noticias\/2026\/01\/08\/ministra-da-saude-nao-se-demite-e-condiciona-saida-de-pm\/#breadcrumb\",\"itemListElement\":[{\"@type\":\"ListItem\",\"position\":1,\"name\":\"In\u00edcio\",\"item\":\"https:\/\/portaltela.pt\/\"},{\"@type\":\"ListItem\",\"position\":2,\"name\":\"Ministra da Sa\u00fade n\u00e3o se demite e condiciona sa\u00edda de PM\"}]},{\"@type\":\"WebSite\",\"@id\":\"https:\/\/portaltela.pt\/#website\",\"url\":\"https:\/\/portaltela.pt\/\",\"name\":\"Portal Tela Portugal\",\"description\":\"\",\"potentialAction\":[{\"@type\":\"SearchAction\",\"target\":{\"@type\":\"EntryPoint\",\"urlTemplate\":\"https:\/\/portaltela.pt\/?s={search_term_string}\"},\"query-input\":{\"@type\":\"PropertyValueSpecification\",\"valueRequired\":true,\"valueName\":\"search_term_string\"}}],\"inLanguage\":\"pt-PT\"},{\"@type\":\"Person\",\"@id\":\"https:\/\/portaltela.pt\/#\/schema\/person\/c4278d4a6028830caff9ee44b42d32ed\",\"name\":\"Telinha\",\"image\":{\"@type\":\"ImageObject\",\"inLanguage\":\"pt-PT\",\"@id\":\"https:\/\/portaltela.pt\/s.01k8rhncp4jt1\/2025\/11\/talking-bot-125x125.png\",\"url\":\"https:\/\/portaltela.pt\/s.01k8rhncp4jt1\/2025\/11\/talking-bot-125x125.png\",\"contentUrl\":\"https:\/\/portaltela.pt\/s.01k8rhncp4jt1\/2025\/11\/talking-bot-125x125.png\",\"caption\":\"Telinha\"},\"sameAs\":[\"https:\/\/portaltela.pt\/\"],\"url\":\"https:\/\/portaltela.pt\/por\/367410592786\/\"}]}<\/script>\n<!-- \/ Yoast SEO plugin. -->","yoast_head_json":{"title":"Ministra da Sa\u00fade n\u00e3o se demite e condiciona sa\u00edda de PM - Portal Tela Portugal","robots":{"index":"index","follow":"follow","max-snippet":"max-snippet:-1","max-image-preview":"max-image-preview:large","max-video-preview":"max-video-preview:-1"},"og_locale":"pt_PT","og_type":"article","og_title":"Ministra da Sa\u00fade n\u00e3o se demite e condiciona sa\u00edda de PM - Portal Tela Portugal","og_description":"A ministra da Sa\u00fade, Ana Paula Martins, disse ao Expresso que n\u00e3o vai abandonar o cargo. Acrescentou que sair\u00e1 do cargo \u201cquando o primeiro-ministro assim o decidir\u201d. O l\u00edder social-democrata Lu\u00eds Montenegro garantiu que a ministra \u201cvai continuar no Governo\u201d. N\u00e3o h\u00e1 indica\u00e7\u00e3o de uma data de sa\u00edda; permanece sem demiss\u00e3o anunciada.","og_url":"https:\/\/portaltela.pt\/noticias\/2026\/01\/08\/ministra-da-saude-nao-se-demite-e-condiciona-saida-de-pm\/","og_site_name":"Portal Tela Portugal","article_published_time":"2026-01-09T00:07:47+00:00","author":"Telinha","twitter_card":"summary_large_image","twitter_misc":{"Escrito por":"Telinha","Tempo estimado de leitura":"1 minuto"},"schema":{"@context":"https:\/\/schema.org","@graph":[{"@type":"Article","@id":"https:\/\/portaltela.pt\/noticias\/2026\/01\/08\/ministra-da-saude-nao-se-demite-e-condiciona-saida-de-pm\/#article","isPartOf":{"@id":"https:\/\/portaltela.pt\/noticias\/2026\/01\/08\/ministra-da-saude-nao-se-demite-e-condiciona-saida-de-pm\/"},"author":{"name":"Telinha","@id":"https:\/\/portaltela.pt\/#\/schema\/person\/c4278d4a6028830caff9ee44b42d32ed"},"headline":"Ministra da Sa\u00fade n\u00e3o se demite e condiciona sa\u00edda de PM","datePublished":"2026-01-09T00:07:47+00:00","mainEntityOfPage":{"@id":"https:\/\/portaltela.pt\/noticias\/2026\/01\/08\/ministra-da-saude-nao-se-demite-e-condiciona-saida-de-pm\/"},"wordCount":175,"image":{"@id":"https:\/\/portaltela.pt\/noticias\/2026\/01\/08\/ministra-da-saude-nao-se-demite-e-condiciona-saida-de-pm\/#primaryimage"},"thumbnailUrl":"https:\/\/portaltela.pt\/s.01k8rhncp4jt1\/2026\/01\/45964482.jpg","keywords":["administra\u00e7\u00e3o p\u00fablica","Ana Paula Martins","governo","poder","pol\u00edtica p\u00fablica","sa\u00fade"],"articleSection":["Not\u00edcias","Pol\u00edtica"],"inLanguage":"pt-PT"},{"@type":"WebPage","@id":"https:\/\/portaltela.pt\/noticias\/2026\/01\/08\/ministra-da-saude-nao-se-demite-e-condiciona-saida-de-pm\/","url":"https:\/\/portaltela.pt\/noticias\/2026\/01\/08\/ministra-da-saude-nao-se-demite-e-condiciona-saida-de-pm\/","name":"Ministra da Sa\u00fade n\u00e3o se demite e condiciona sa\u00edda de PM - Portal Tela Portugal","isPartOf":{"@id":"https:\/\/portaltela.pt\/#website"},"primaryImageOfPage":{"@id":"https:\/\/portaltela.pt\/noticias\/2026\/01\/08\/ministra-da-saude-nao-se-demite-e-condiciona-saida-de-pm\/#primaryimage"},"image":{"@id":"https:\/\/portaltela.pt\/noticias\/2026\/01\/08\/ministra-da-saude-nao-se-demite-e-condiciona-saida-de-pm\/#primaryimage"},"thumbnailUrl":"https:\/\/portaltela.pt\/s.01k8rhncp4jt1\/2026\/01\/45964482.jpg","datePublished":"2026-01-09T00:07:47+00:00","author":{"@id":"https:\/\/portaltela.pt\/#\/schema\/person\/c4278d4a6028830caff9ee44b42d32ed"},"breadcrumb":{"@id":"https:\/\/portaltela.pt\/noticias\/2026\/01\/08\/ministra-da-saude-nao-se-demite-e-condiciona-saida-de-pm\/#breadcrumb"},"inLanguage":"pt-PT","potentialAction":[{"@type":"ReadAction","target":["https:\/\/portaltela.pt\/noticias\/2026\/01\/08\/ministra-da-saude-nao-se-demite-e-condiciona-saida-de-pm\/"]}]},{"@type":"ImageObject","inLanguage":"pt-PT","@id":"https:\/\/portaltela.pt\/noticias\/2026\/01\/08\/ministra-da-saude-nao-se-demite-e-condiciona-saida-de-pm\/#primaryimage","url":"https:\/\/portaltela.pt\/s.01k8rhncp4jt1\/2026\/01\/45964482.jpg","contentUrl":"https:\/\/portaltela.pt\/s.01k8rhncp4jt1\/2026\/01\/45964482.jpg","width":796,"height":448,"caption":"A Ministra da Sa\u00fade, Ana Paula Martins, durante a visita \u00e0s instala\u00e7\u00f5es da empresa Sword Health, no Porto, 03 de Novembro de 2025. ESTELA SILVA\/LUSA"},{"@type":"BreadcrumbList","@id":"https:\/\/portaltela.pt\/noticias\/2026\/01\/08\/ministra-da-saude-nao-se-demite-e-condiciona-saida-de-pm\/#breadcrumb","itemListElement":[{"@type":"ListItem","position":1,"name":"In\u00edcio","item":"https:\/\/portaltela.pt\/"},{"@type":"ListItem","position":2,"name":"Ministra da Sa\u00fade n\u00e3o se demite e condiciona sa\u00edda de PM"}]},{"@type":"WebSite","@id":"https:\/\/portaltela.pt\/#website","url":"https:\/\/portaltela.pt\/","name":"Portal Tela Portugal","description":"","potentialAction":[{"@type":"SearchAction","target":{"@type":"EntryPoint","urlTemplate":"https:\/\/portaltela.pt\/?s={search_term_string}"},"query-input":{"@type":"PropertyValueSpecification","valueRequired":true,"valueName":"search_term_string"}}],"inLanguage":"pt-PT"},{"@type":"Person","@id":"https:\/\/portaltela.pt\/#\/schema\/person\/c4278d4a6028830caff9ee44b42d32ed","name":"Telinha","image":{"@type":"ImageObject","inLanguage":"pt-PT","@id":"https:\/\/portaltela.pt\/s.01k8rhncp4jt1\/2025\/11\/talking-bot-125x125.png","url":"https:\/\/portaltela.pt\/s.01k8rhncp4jt1\/2025\/11\/talking-bot-125x125.png","contentUrl":"https:\/\/portaltela.pt\/s.01k8rhncp4jt1\/2025\/11\/talking-bot-125x125.png","caption":"Telinha"},"sameAs":["https:\/\/portaltela.pt\/"],"url":"https:\/\/portaltela.pt\/por\/367410592786\/"}]}},"_links":{"self":[{"href":"https:\/\/portaltela.pt\/api\/wp\/v2\/posts\/127308","targetHints":{"allow":["GET"]}}],"collection":[{"href":"https:\/\/portaltela.pt\/api\/wp\/v2\/posts"}],"about":[{"href":"https:\/\/portaltela.pt\/api\/wp\/v2\/types\/post"}],"author":[{"embeddable":true,"href":"https:\/\/portaltela.pt\/api\/wp\/v2\/users\/2"}],"replies":[{"embeddable":true,"href":"https:\/\/portaltela.pt\/api\/wp\/v2\/comments?post=127308"}],"version-history":[{"count":0,"href":"https:\/\/portaltela.pt\/api\/wp\/v2\/posts\/127308\/revisions"}],"wp:featuredmedia":[{"embeddable":true,"href":"https:\/\/portaltela.pt\/api\/wp\/v2\/media\/127309"}],"wp:attachment":[{"href":"https:\/\/portaltela.pt\/api\/wp\/v2\/media?parent=127308"}],"wp:term":[{"taxonomy":"category","embeddable":true,"href":"https:\/\/portaltela.pt\/api\/wp\/v2\/categories?post=127308"},{"taxonomy":"post_tag","embeddable":true,"href":"https:\/\/portaltela.pt\/api\/wp\/v2\/tags?post=127308"}],"curies":[{"name":"wp","href":"https:\/\/api.w.org\/{rel}","templated":true}]}}