{"id":127230,"date":"2026-01-08T21:53:00","date_gmt":"2026-01-09T00:53:00","guid":{"rendered":"https:\/\/portaltela.pt\/noticias\/2026\/01\/08\/pinto-prepara-despedida-e-pondera-o-futuro\/"},"modified":"2026-01-08T21:53:00","modified_gmt":"2026-01-09T00:53:00","slug":"pinto-prepara-despedida-e-pondera-o-futuro","status":"publish","type":"post","link":"https:\/\/portaltela.pt\/noticias\/politica\/2026\/01\/08\/pinto-prepara-despedida-e-pondera-o-futuro\/","title":{"rendered":"Pinto prepara despedida e pondera o futuro"},"content":{"rendered":"<p>Rui Tavares marcou presen\u00e7a no com\u00edcio desta quinta-feira, o segundo da campanha de Jorge Pinto, realizado em Bel\u00e9m. A atua\u00e7\u00e3o de Tavares ocorreu depois de ter estado ausente do pa\u00eds, segundo o diretor de campanha, H\u00e9lder Sousa. A participa\u00e7\u00e3o dever\u00e1 dinamizar a f\u00f3rmula de apresenta\u00e7\u00e3o p\u00fablica.<\/p>\n<p>Isabel Mendes Lopes, co-l\u00edder do Livre, deve juntar-se aos pr\u00f3ximos momentos da campanha, ao lado de Rui Tavares. H\u00e9lder Sousa explica que ambos apoiam Jorge Pinto e v\u00e3o acompanhar os com\u00edcios agendados, aumentando a visibilidade da candidatura.<\/p>\n<p>A estrat\u00e9gia de comunica\u00e7\u00e3o passa por ter dois co-porta-vozes, o que, segundo o respons\u00e1vel, traz mais gente e maior presen\u00e7a na rua. Sousa acrescenta que o objetivo \u00e9 transmitir a ideia de que Pinto representa o <strong>futuro<\/strong> da esquerda, com outros deputados tamb\u00e9m em agenda.<\/p>\n<p>Jorge Pinto, deputado e cabe\u00e7a de lista, afirmou, durante o com\u00edcio, que n\u00e3o se dever\u00e1 apenas discutir a pol\u00edtica a curto prazo. O candidato aposta numa agenda para o longo prazo, destacando o risco de uma revis\u00e3o constitucional feita apenas pela direita como um <strong>perigo<\/strong>.<\/p>\n<p>No final do dia, o com\u00edcio reuniu cerca de 70 apoiantes. Pinto apelou aos eleitores de esquerda para reconhecerem a import\u00e2ncia de uma voz mais forte, pedindo aten\u00e7\u00e3o e abertura para novas propostas. O objetivo \u00e9 manter o apoio ao projeto de governo.<\/p>\n<p>Apesar das dificuldades, Pinto garante que est\u00e1 preparado para diferentes resultados eleitorais. A ideia \u00e9 pensar a pol\u00edtica a 10 ou 20 anos, ainda que isso possa significar um mau desempenho imediato. Mant\u00e9m o compromisso com a vis\u00e3o de futuro.<\/p>\n<p>Quase no registo de despedida, o candidato relembra que muitos enfrentaram derrotas anteriores, mas continuaram na luta e venceram mais tarde. Promete manter a presen\u00e7a p\u00fablica at\u00e9 dia 19 e n\u00e3o desistir do projeto.<\/p>\n","protected":false},"excerpt":{"rendered":"<ul>\n<li>Rui Tavares esteve no com\u00edcio, o segundo da campanha, o que anima quem acompanha Jorge Pinto.<\/li>\n<li>Isabel Mendes Lopes tamb\u00e9m se juntar\u00e1 aos principais eventos da campanha nos pr\u00f3ximos dias; ambos s\u00e3o grandes apoiantes do Jorge Pinto.<\/li>\n<li>O duo de co-porta-vozes traz mais presen\u00e7a na rua e pretende passar a mensagem de que Pinto representa o futuro da esquerda.<\/li>\n<li>Pinto disse estar tranquilo com o que anunciou no in\u00edcio de novembro e admite trabalhar para evitar uma revis\u00e3o constitucional apenas pela direita, refor\u00e7ando a gest\u00e3o de danos ap\u00f3s ter ficado a falar sozinho.<\/li>\n<li>No final do dia, cerca de setenta apoiantes estavam no com\u00edcio, com Pinto a chamar \u00e0 recompensa de uma esquerda diferente; admite estar preparado para um mau ou bom resultado, mantendo o foco em longo prazo.<\/li>\n<\/ul>\n","protected":false},"author":2,"featured_media":127234,"comment_status":"closed","ping_status":"closed","sticky":false,"template":"","format":"standard","meta":{"footnotes":""},"categories":[1,5],"tags":[823,68,82,34,1732,229],"class_list":["post-127230","post","type-post","status-publish","format-standard","has-post-thumbnail","hentry","category-noticias","category-politica","tag-campanha","tag-eleicoes","tag-futuro","tag-governo","tag-partidos","tag-politica-publica"],"yoast_head":"<!-- This site is optimized with the Yoast SEO plugin v27.2 - https:\/\/yoast.com\/product\/yoast-seo-wordpress\/ -->\n<title>Pinto prepara despedida e pondera o futuro - Portal Tela Portugal<\/title>\n<meta name=\"robots\" content=\"index, follow, max-snippet:-1, max-image-preview:large, max-video-preview:-1\" \/>\n<meta property=\"og:locale\" content=\"pt_PT\" \/>\n<meta property=\"og:type\" content=\"article\" \/>\n<meta property=\"og:title\" content=\"Pinto prepara despedida e pondera o futuro - Portal Tela Portugal\" \/>\n<meta property=\"og:description\" content=\"Rui Tavares esteve no com\u00edcio, o segundo da campanha, o que anima quem acompanha Jorge Pinto. Isabel Mendes Lopes tamb\u00e9m se juntar\u00e1 aos principais eventos da campanha nos pr\u00f3ximos dias; ambos s\u00e3o grandes apoiantes do Jorge Pinto. O duo de co-porta-vozes traz mais presen\u00e7a na rua e pretende passar a mensagem de que Pinto representa o futuro da esquerda. Pinto disse estar tranquilo com o que anunciou no in\u00edcio de novembro e admite trabalhar para evitar uma revis\u00e3o constitucional apenas pela direita, refor\u00e7ando a gest\u00e3o de danos ap\u00f3s ter ficado a falar sozinho. No final do dia, cerca de setenta apoiantes estavam no com\u00edcio, com Pinto a chamar \u00e0 recompensa de uma esquerda diferente; admite estar preparado para um mau ou bom resultado, mantendo o foco em longo prazo.\" \/>\n<meta property=\"og:url\" content=\"https:\/\/portaltela.pt\/noticias\/2026\/01\/08\/pinto-prepara-despedida-e-pondera-o-futuro\/\" \/>\n<meta property=\"og:site_name\" content=\"Portal Tela Portugal\" \/>\n<meta property=\"article:published_time\" content=\"2026-01-09T00:53:00+00:00\" \/>\n<meta name=\"author\" content=\"Telinha\" \/>\n<meta name=\"twitter:card\" content=\"summary_large_image\" \/>\n<meta name=\"twitter:label1\" content=\"Escrito por\" \/>\n\t<meta name=\"twitter:data1\" content=\"Telinha\" \/>\n\t<meta name=\"twitter:label2\" content=\"Tempo estimado de leitura\" \/>\n\t<meta name=\"twitter:data2\" content=\"2 minutos\" \/>\n<script type=\"application\/ld+json\" class=\"yoast-schema-graph\">{\"@context\":\"https:\/\/schema.org\",\"@graph\":[{\"@type\":\"Article\",\"@id\":\"https:\/\/portaltela.pt\/noticias\/2026\/01\/08\/pinto-prepara-despedida-e-pondera-o-futuro\/#article\",\"isPartOf\":{\"@id\":\"https:\/\/portaltela.pt\/noticias\/2026\/01\/08\/pinto-prepara-despedida-e-pondera-o-futuro\/\"},\"author\":{\"name\":\"Telinha\",\"@id\":\"https:\/\/portaltela.pt\/#\/schema\/person\/c4278d4a6028830caff9ee44b42d32ed\"},\"headline\":\"Pinto prepara despedida e pondera o futuro\",\"datePublished\":\"2026-01-09T00:53:00+00:00\",\"mainEntityOfPage\":{\"@id\":\"https:\/\/portaltela.pt\/noticias\/2026\/01\/08\/pinto-prepara-despedida-e-pondera-o-futuro\/\"},\"wordCount\":324,\"image\":{\"@id\":\"https:\/\/portaltela.pt\/noticias\/2026\/01\/08\/pinto-prepara-despedida-e-pondera-o-futuro\/#primaryimage\"},\"thumbnailUrl\":\"https:\/\/portaltela.pt\/s.01k8rhncp4jt1\/2026\/01\/46314210.jpg\",\"keywords\":[\"campanha\",\"elei\u00e7\u00f5es\",\"futuro\",\"governo\",\"partidos\",\"pol\u00edtica p\u00fablica\"],\"articleSection\":[\"Not\u00edcias\",\"Pol\u00edtica\"],\"inLanguage\":\"pt-PT\"},{\"@type\":\"WebPage\",\"@id\":\"https:\/\/portaltela.pt\/noticias\/2026\/01\/08\/pinto-prepara-despedida-e-pondera-o-futuro\/\",\"url\":\"https:\/\/portaltela.pt\/noticias\/2026\/01\/08\/pinto-prepara-despedida-e-pondera-o-futuro\/\",\"name\":\"Pinto prepara despedida e pondera o futuro - Portal Tela Portugal\",\"isPartOf\":{\"@id\":\"https:\/\/portaltela.pt\/#website\"},\"primaryImageOfPage\":{\"@id\":\"https:\/\/portaltela.pt\/noticias\/2026\/01\/08\/pinto-prepara-despedida-e-pondera-o-futuro\/#primaryimage\"},\"image\":{\"@id\":\"https:\/\/portaltela.pt\/noticias\/2026\/01\/08\/pinto-prepara-despedida-e-pondera-o-futuro\/#primaryimage\"},\"thumbnailUrl\":\"https:\/\/portaltela.pt\/s.01k8rhncp4jt1\/2026\/01\/46314210.jpg\",\"datePublished\":\"2026-01-09T00:53:00+00:00\",\"author\":{\"@id\":\"https:\/\/portaltela.pt\/#\/schema\/person\/c4278d4a6028830caff9ee44b42d32ed\"},\"breadcrumb\":{\"@id\":\"https:\/\/portaltela.pt\/noticias\/2026\/01\/08\/pinto-prepara-despedida-e-pondera-o-futuro\/#breadcrumb\"},\"inLanguage\":\"pt-PT\",\"potentialAction\":[{\"@type\":\"ReadAction\",\"target\":[\"https:\/\/portaltela.pt\/noticias\/2026\/01\/08\/pinto-prepara-despedida-e-pondera-o-futuro\/\"]}]},{\"@type\":\"ImageObject\",\"inLanguage\":\"pt-PT\",\"@id\":\"https:\/\/portaltela.pt\/noticias\/2026\/01\/08\/pinto-prepara-despedida-e-pondera-o-futuro\/#primaryimage\",\"url\":\"https:\/\/portaltela.pt\/s.01k8rhncp4jt1\/2026\/01\/46314210.jpg\",\"contentUrl\":\"https:\/\/portaltela.pt\/s.01k8rhncp4jt1\/2026\/01\/46314210.jpg\",\"width\":796,\"height\":448,\"caption\":\"O porta-voz do Livre, Rui Tavares (E), acompanhado pelo candidato \u00e0 Presid\u00eancia da Rep\u00fablica, Jorge Pinto (D), fala aos jornalistas no final de uma reuni\u00e3o com dirigentes da Associa\u00e7\u00e3o Acad\u00e9mica de Lisboa, durante uma a\u00e7\u00e3o de campanha para as elei\u00e7\u00f5es presidenciais de 18 de janeiro, em Lisboa, 08 de janeiro de 2026. MARCOS BORGA\/LUSA\"},{\"@type\":\"BreadcrumbList\",\"@id\":\"https:\/\/portaltela.pt\/noticias\/2026\/01\/08\/pinto-prepara-despedida-e-pondera-o-futuro\/#breadcrumb\",\"itemListElement\":[{\"@type\":\"ListItem\",\"position\":1,\"name\":\"In\u00edcio\",\"item\":\"https:\/\/portaltela.pt\/\"},{\"@type\":\"ListItem\",\"position\":2,\"name\":\"Pinto prepara despedida e pondera o futuro\"}]},{\"@type\":\"WebSite\",\"@id\":\"https:\/\/portaltela.pt\/#website\",\"url\":\"https:\/\/portaltela.pt\/\",\"name\":\"Portal Tela Portugal\",\"description\":\"\",\"potentialAction\":[{\"@type\":\"SearchAction\",\"target\":{\"@type\":\"EntryPoint\",\"urlTemplate\":\"https:\/\/portaltela.pt\/?s={search_term_string}\"},\"query-input\":{\"@type\":\"PropertyValueSpecification\",\"valueRequired\":true,\"valueName\":\"search_term_string\"}}],\"inLanguage\":\"pt-PT\"},{\"@type\":\"Person\",\"@id\":\"https:\/\/portaltela.pt\/#\/schema\/person\/c4278d4a6028830caff9ee44b42d32ed\",\"name\":\"Telinha\",\"image\":{\"@type\":\"ImageObject\",\"inLanguage\":\"pt-PT\",\"@id\":\"https:\/\/portaltela.pt\/s.01k8rhncp4jt1\/2025\/11\/talking-bot-125x125.png\",\"url\":\"https:\/\/portaltela.pt\/s.01k8rhncp4jt1\/2025\/11\/talking-bot-125x125.png\",\"contentUrl\":\"https:\/\/portaltela.pt\/s.01k8rhncp4jt1\/2025\/11\/talking-bot-125x125.png\",\"caption\":\"Telinha\"},\"sameAs\":[\"https:\/\/portaltela.pt\/\"],\"url\":\"https:\/\/portaltela.pt\/por\/367410592786\/\"}]}<\/script>\n<!-- \/ Yoast SEO plugin. -->","yoast_head_json":{"title":"Pinto prepara despedida e pondera o futuro - Portal Tela Portugal","robots":{"index":"index","follow":"follow","max-snippet":"max-snippet:-1","max-image-preview":"max-image-preview:large","max-video-preview":"max-video-preview:-1"},"og_locale":"pt_PT","og_type":"article","og_title":"Pinto prepara despedida e pondera o futuro - Portal Tela Portugal","og_description":"Rui Tavares esteve no com\u00edcio, o segundo da campanha, o que anima quem acompanha Jorge Pinto. Isabel Mendes Lopes tamb\u00e9m se juntar\u00e1 aos principais eventos da campanha nos pr\u00f3ximos dias; ambos s\u00e3o grandes apoiantes do Jorge Pinto. O duo de co-porta-vozes traz mais presen\u00e7a na rua e pretende passar a mensagem de que Pinto representa o futuro da esquerda. Pinto disse estar tranquilo com o que anunciou no in\u00edcio de novembro e admite trabalhar para evitar uma revis\u00e3o constitucional apenas pela direita, refor\u00e7ando a gest\u00e3o de danos ap\u00f3s ter ficado a falar sozinho. No final do dia, cerca de setenta apoiantes estavam no com\u00edcio, com Pinto a chamar \u00e0 recompensa de uma esquerda diferente; admite estar preparado para um mau ou bom resultado, mantendo o foco em longo prazo.","og_url":"https:\/\/portaltela.pt\/noticias\/2026\/01\/08\/pinto-prepara-despedida-e-pondera-o-futuro\/","og_site_name":"Portal Tela Portugal","article_published_time":"2026-01-09T00:53:00+00:00","author":"Telinha","twitter_card":"summary_large_image","twitter_misc":{"Escrito por":"Telinha","Tempo estimado de leitura":"2 minutos"},"schema":{"@context":"https:\/\/schema.org","@graph":[{"@type":"Article","@id":"https:\/\/portaltela.pt\/noticias\/2026\/01\/08\/pinto-prepara-despedida-e-pondera-o-futuro\/#article","isPartOf":{"@id":"https:\/\/portaltela.pt\/noticias\/2026\/01\/08\/pinto-prepara-despedida-e-pondera-o-futuro\/"},"author":{"name":"Telinha","@id":"https:\/\/portaltela.pt\/#\/schema\/person\/c4278d4a6028830caff9ee44b42d32ed"},"headline":"Pinto prepara despedida e pondera o futuro","datePublished":"2026-01-09T00:53:00+00:00","mainEntityOfPage":{"@id":"https:\/\/portaltela.pt\/noticias\/2026\/01\/08\/pinto-prepara-despedida-e-pondera-o-futuro\/"},"wordCount":324,"image":{"@id":"https:\/\/portaltela.pt\/noticias\/2026\/01\/08\/pinto-prepara-despedida-e-pondera-o-futuro\/#primaryimage"},"thumbnailUrl":"https:\/\/portaltela.pt\/s.01k8rhncp4jt1\/2026\/01\/46314210.jpg","keywords":["campanha","elei\u00e7\u00f5es","futuro","governo","partidos","pol\u00edtica p\u00fablica"],"articleSection":["Not\u00edcias","Pol\u00edtica"],"inLanguage":"pt-PT"},{"@type":"WebPage","@id":"https:\/\/portaltela.pt\/noticias\/2026\/01\/08\/pinto-prepara-despedida-e-pondera-o-futuro\/","url":"https:\/\/portaltela.pt\/noticias\/2026\/01\/08\/pinto-prepara-despedida-e-pondera-o-futuro\/","name":"Pinto prepara despedida e pondera o futuro - Portal Tela Portugal","isPartOf":{"@id":"https:\/\/portaltela.pt\/#website"},"primaryImageOfPage":{"@id":"https:\/\/portaltela.pt\/noticias\/2026\/01\/08\/pinto-prepara-despedida-e-pondera-o-futuro\/#primaryimage"},"image":{"@id":"https:\/\/portaltela.pt\/noticias\/2026\/01\/08\/pinto-prepara-despedida-e-pondera-o-futuro\/#primaryimage"},"thumbnailUrl":"https:\/\/portaltela.pt\/s.01k8rhncp4jt1\/2026\/01\/46314210.jpg","datePublished":"2026-01-09T00:53:00+00:00","author":{"@id":"https:\/\/portaltela.pt\/#\/schema\/person\/c4278d4a6028830caff9ee44b42d32ed"},"breadcrumb":{"@id":"https:\/\/portaltela.pt\/noticias\/2026\/01\/08\/pinto-prepara-despedida-e-pondera-o-futuro\/#breadcrumb"},"inLanguage":"pt-PT","potentialAction":[{"@type":"ReadAction","target":["https:\/\/portaltela.pt\/noticias\/2026\/01\/08\/pinto-prepara-despedida-e-pondera-o-futuro\/"]}]},{"@type":"ImageObject","inLanguage":"pt-PT","@id":"https:\/\/portaltela.pt\/noticias\/2026\/01\/08\/pinto-prepara-despedida-e-pondera-o-futuro\/#primaryimage","url":"https:\/\/portaltela.pt\/s.01k8rhncp4jt1\/2026\/01\/46314210.jpg","contentUrl":"https:\/\/portaltela.pt\/s.01k8rhncp4jt1\/2026\/01\/46314210.jpg","width":796,"height":448,"caption":"O porta-voz do Livre, Rui Tavares (E), acompanhado pelo candidato \u00e0 Presid\u00eancia da Rep\u00fablica, Jorge Pinto (D), fala aos jornalistas no final de uma reuni\u00e3o com dirigentes da Associa\u00e7\u00e3o Acad\u00e9mica de Lisboa, durante uma a\u00e7\u00e3o de campanha para as elei\u00e7\u00f5es presidenciais de 18 de janeiro, em Lisboa, 08 de janeiro de 2026. MARCOS BORGA\/LUSA"},{"@type":"BreadcrumbList","@id":"https:\/\/portaltela.pt\/noticias\/2026\/01\/08\/pinto-prepara-despedida-e-pondera-o-futuro\/#breadcrumb","itemListElement":[{"@type":"ListItem","position":1,"name":"In\u00edcio","item":"https:\/\/portaltela.pt\/"},{"@type":"ListItem","position":2,"name":"Pinto prepara despedida e pondera o futuro"}]},{"@type":"WebSite","@id":"https:\/\/portaltela.pt\/#website","url":"https:\/\/portaltela.pt\/","name":"Portal Tela Portugal","description":"","potentialAction":[{"@type":"SearchAction","target":{"@type":"EntryPoint","urlTemplate":"https:\/\/portaltela.pt\/?s={search_term_string}"},"query-input":{"@type":"PropertyValueSpecification","valueRequired":true,"valueName":"search_term_string"}}],"inLanguage":"pt-PT"},{"@type":"Person","@id":"https:\/\/portaltela.pt\/#\/schema\/person\/c4278d4a6028830caff9ee44b42d32ed","name":"Telinha","image":{"@type":"ImageObject","inLanguage":"pt-PT","@id":"https:\/\/portaltela.pt\/s.01k8rhncp4jt1\/2025\/11\/talking-bot-125x125.png","url":"https:\/\/portaltela.pt\/s.01k8rhncp4jt1\/2025\/11\/talking-bot-125x125.png","contentUrl":"https:\/\/portaltela.pt\/s.01k8rhncp4jt1\/2025\/11\/talking-bot-125x125.png","caption":"Telinha"},"sameAs":["https:\/\/portaltela.pt\/"],"url":"https:\/\/portaltela.pt\/por\/367410592786\/"}]}},"_links":{"self":[{"href":"https:\/\/portaltela.pt\/api\/wp\/v2\/posts\/127230","targetHints":{"allow":["GET"]}}],"collection":[{"href":"https:\/\/portaltela.pt\/api\/wp\/v2\/posts"}],"about":[{"href":"https:\/\/portaltela.pt\/api\/wp\/v2\/types\/post"}],"author":[{"embeddable":true,"href":"https:\/\/portaltela.pt\/api\/wp\/v2\/users\/2"}],"replies":[{"embeddable":true,"href":"https:\/\/portaltela.pt\/api\/wp\/v2\/comments?post=127230"}],"version-history":[{"count":0,"href":"https:\/\/portaltela.pt\/api\/wp\/v2\/posts\/127230\/revisions"}],"wp:featuredmedia":[{"embeddable":true,"href":"https:\/\/portaltela.pt\/api\/wp\/v2\/media\/127234"}],"wp:attachment":[{"href":"https:\/\/portaltela.pt\/api\/wp\/v2\/media?parent=127230"}],"wp:term":[{"taxonomy":"category","embeddable":true,"href":"https:\/\/portaltela.pt\/api\/wp\/v2\/categories?post=127230"},{"taxonomy":"post_tag","embeddable":true,"href":"https:\/\/portaltela.pt\/api\/wp\/v2\/tags?post=127230"}],"curies":[{"name":"wp","href":"https:\/\/api.w.org\/{rel}","templated":true}]}}