{"id":127116,"date":"2026-01-08T20:34:10","date_gmt":"2026-01-08T23:34:10","guid":{"rendered":"https:\/\/portaltela.pt\/noticias\/2026\/01\/08\/sporting-rui-silva-surpreende-na-baliza\/"},"modified":"2026-01-08T20:34:10","modified_gmt":"2026-01-08T23:34:10","slug":"sporting-rui-silva-surpreende-na-baliza","status":"publish","type":"post","link":"https:\/\/portaltela.pt\/desporto\/futebol\/2026\/01\/08\/sporting-rui-silva-surpreende-na-baliza\/","title":{"rendered":"Sporting: Rui Silva surpreende na baliza"},"content":{"rendered":"<p>Rui Silva, guarda-redes do Sporting, foi convidado do programa Futebol Arte, da Sport TV, onde comentou aspetos t\u00e9cnicos da posi\u00e7\u00e3o e refer\u00eancias para o seu crescimento. Abordou o papel atual do keeping e mudan\u00e7as recentes.<\/p>\n<p>O guardi\u00e3o leonino destacou que guarda-redes de hoje s\u00e3o jogadores de equipa, com leitura de profundidade e capacidade de constru\u00e7\u00e3o de jogo. Citou Ter Stegen como um dos mais completos da atualidade.<\/p>\n<p>Entre refer\u00eancias nacionais, apontou nomes como N\u00e9lson, Tiago e Rui Patr\u00edcio, descrevendo a evolu\u00e7\u00e3o da posi\u00e7\u00e3o ao longo da sua carreira e o papel do treino espec\u00edfico na forma\u00e7\u00e3o.<\/p>\n<p>Ao falar da passagem pelo Betis, explicou as dificuldades iniciais ao enfrentar defesa mais alta e maior controle de profundidade. Ressaltou a necessidade de concentra\u00e7\u00e3o constante e de efic\u00e1cia na posi\u00e7\u00e3o.<\/p>\n<p>O jogador revelou ainda a import\u00e2ncia de aprender com treinadores e de adaptar o estilo \u00e0s exig\u00eancias de equipas de maior express\u00e3o. Referiu a influ\u00eancia do treinador de guarda-redes Tiago no seu desenvolvimento.<\/p>\n","protected":false},"excerpt":{"rendered":"<ul>\n<li>Rui Silva, guarda-redes do Sporting, participou no programa Futebol Arte, da Sport TV, para falar de aspetos t\u00e9cnicos e refer\u00eancias na posi\u00e7\u00e3o.<\/li>\n<li>O guarda-redes mencionou nomes como Peter Schmeichel, N\u00e9lson, Tiago e Rui Patr\u00edcio como refer\u00eancias.<\/li>\n<li>Destacou que o papel do guarda-redes hoje \u00e9 mais de equipa, com leitura de profundidade e capacidade de constru\u00e7\u00e3o, e elogiou Marc-Andr\u00e9 ter Stegen como um dos mais completos.<\/li>\n<li>Referiu ainda que, no seu in\u00edcio, n\u00e3o teve a escola t\u00e9cnica de guarda-redes que valoriza essas compet\u00eancias atuais.<\/li>\n<li>Falou das dificuldades ao chegar ao Betis, quando passou de equipas com menor posse para uma defesa mais alta e exigente, onde qualquer erro \u00e9 fatal.<\/li>\n<\/ul>\n","protected":false},"author":2,"featured_media":127119,"comment_status":"closed","ping_status":"closed","sticky":false,"template":"","format":"standard","meta":{"footnotes":""},"categories":[21,24],"tags":[152,32,2684,2682,1652,2683],"class_list":["post-127116","post","type-post","status-publish","format-standard","has-post-thumbnail","hentry","category-desporto","category-futebol","tag-desporto","tag-futebol","tag-nelson","tag-rui-patricio","tag-sporting","tag-tiago"],"yoast_head":"<!-- This site is optimized with the Yoast SEO plugin v27.2 - https:\/\/yoast.com\/product\/yoast-seo-wordpress\/ -->\n<title>Sporting: Rui Silva surpreende na baliza - Portal Tela Portugal<\/title>\n<meta name=\"robots\" content=\"index, follow, max-snippet:-1, max-image-preview:large, max-video-preview:-1\" \/>\n<meta property=\"og:locale\" content=\"pt_PT\" \/>\n<meta property=\"og:type\" content=\"article\" \/>\n<meta property=\"og:title\" content=\"Sporting: Rui Silva surpreende na baliza - Portal Tela Portugal\" \/>\n<meta property=\"og:description\" content=\"Rui Silva, guarda-redes do Sporting, participou no programa Futebol Arte, da Sport TV, para falar de aspetos t\u00e9cnicos e refer\u00eancias na posi\u00e7\u00e3o. O guarda-redes mencionou nomes como Peter Schmeichel, N\u00e9lson, Tiago e Rui Patr\u00edcio como refer\u00eancias. Destacou que o papel do guarda-redes hoje \u00e9 mais de equipa, com leitura de profundidade e capacidade de constru\u00e7\u00e3o, e elogiou Marc-Andr\u00e9 ter Stegen como um dos mais completos. Referiu ainda que, no seu in\u00edcio, n\u00e3o teve a escola t\u00e9cnica de guarda-redes que valoriza essas compet\u00eancias atuais. Falou das dificuldades ao chegar ao Betis, quando passou de equipas com menor posse para uma defesa mais alta e exigente, onde qualquer erro \u00e9 fatal.\" \/>\n<meta property=\"og:url\" content=\"https:\/\/portaltela.pt\/noticias\/2026\/01\/08\/sporting-rui-silva-surpreende-na-baliza\/\" \/>\n<meta property=\"og:site_name\" content=\"Portal Tela Portugal\" \/>\n<meta property=\"article:published_time\" content=\"2026-01-08T23:34:10+00:00\" \/>\n<meta name=\"author\" content=\"Telinha\" \/>\n<meta name=\"twitter:card\" content=\"summary_large_image\" \/>\n<meta name=\"twitter:label1\" content=\"Escrito por\" \/>\n\t<meta name=\"twitter:data1\" content=\"Telinha\" \/>\n\t<meta name=\"twitter:label2\" content=\"Tempo estimado de leitura\" \/>\n\t<meta name=\"twitter:data2\" content=\"1 minuto\" \/>\n<script type=\"application\/ld+json\" class=\"yoast-schema-graph\">{\"@context\":\"https:\/\/schema.org\",\"@graph\":[{\"@type\":\"Article\",\"@id\":\"https:\/\/portaltela.pt\/noticias\/2026\/01\/08\/sporting-rui-silva-surpreende-na-baliza\/#article\",\"isPartOf\":{\"@id\":\"https:\/\/portaltela.pt\/noticias\/2026\/01\/08\/sporting-rui-silva-surpreende-na-baliza\/\"},\"author\":{\"name\":\"Telinha\",\"@id\":\"https:\/\/portaltela.pt\/#\/schema\/person\/c4278d4a6028830caff9ee44b42d32ed\"},\"headline\":\"Sporting: Rui Silva surpreende na baliza\",\"datePublished\":\"2026-01-08T23:34:10+00:00\",\"mainEntityOfPage\":{\"@id\":\"https:\/\/portaltela.pt\/noticias\/2026\/01\/08\/sporting-rui-silva-surpreende-na-baliza\/\"},\"wordCount\":187,\"image\":{\"@id\":\"https:\/\/portaltela.pt\/noticias\/2026\/01\/08\/sporting-rui-silva-surpreende-na-baliza\/#primaryimage\"},\"thumbnailUrl\":\"https:\/\/portaltela.pt\/s.01k8rhncp4jt1\/2026\/01\/c231f58f-29f4-4096-adb4-7e52426855d1.jpg\",\"keywords\":[\"desporto\",\"futebol\",\"N\u00e9lson\",\"Rui Patr\u00edcio\",\"Sporting\",\"Tiago\"],\"articleSection\":[\"Desporto\",\"Futebol\"],\"inLanguage\":\"pt-PT\"},{\"@type\":\"WebPage\",\"@id\":\"https:\/\/portaltela.pt\/noticias\/2026\/01\/08\/sporting-rui-silva-surpreende-na-baliza\/\",\"url\":\"https:\/\/portaltela.pt\/noticias\/2026\/01\/08\/sporting-rui-silva-surpreende-na-baliza\/\",\"name\":\"Sporting: Rui Silva surpreende na baliza - Portal Tela Portugal\",\"isPartOf\":{\"@id\":\"https:\/\/portaltela.pt\/#website\"},\"primaryImageOfPage\":{\"@id\":\"https:\/\/portaltela.pt\/noticias\/2026\/01\/08\/sporting-rui-silva-surpreende-na-baliza\/#primaryimage\"},\"image\":{\"@id\":\"https:\/\/portaltela.pt\/noticias\/2026\/01\/08\/sporting-rui-silva-surpreende-na-baliza\/#primaryimage\"},\"thumbnailUrl\":\"https:\/\/portaltela.pt\/s.01k8rhncp4jt1\/2026\/01\/c231f58f-29f4-4096-adb4-7e52426855d1.jpg\",\"datePublished\":\"2026-01-08T23:34:10+00:00\",\"author\":{\"@id\":\"https:\/\/portaltela.pt\/#\/schema\/person\/c4278d4a6028830caff9ee44b42d32ed\"},\"breadcrumb\":{\"@id\":\"https:\/\/portaltela.pt\/noticias\/2026\/01\/08\/sporting-rui-silva-surpreende-na-baliza\/#breadcrumb\"},\"inLanguage\":\"pt-PT\",\"potentialAction\":[{\"@type\":\"ReadAction\",\"target\":[\"https:\/\/portaltela.pt\/noticias\/2026\/01\/08\/sporting-rui-silva-surpreende-na-baliza\/\"]}]},{\"@type\":\"ImageObject\",\"inLanguage\":\"pt-PT\",\"@id\":\"https:\/\/portaltela.pt\/noticias\/2026\/01\/08\/sporting-rui-silva-surpreende-na-baliza\/#primaryimage\",\"url\":\"https:\/\/portaltela.pt\/s.01k8rhncp4jt1\/2026\/01\/c231f58f-29f4-4096-adb4-7e52426855d1.jpg\",\"contentUrl\":\"https:\/\/portaltela.pt\/s.01k8rhncp4jt1\/2026\/01\/c231f58f-29f4-4096-adb4-7e52426855d1.jpg\",\"width\":796,\"height\":448,\"caption\":\"Rui Silva falou de v\u00e1rios pontos t\u00e9cnicos na posi\u00e7\u00e3o de guarda-redes e o que mudou nos \u00faltimos anos - Foto: IMAGO\"},{\"@type\":\"BreadcrumbList\",\"@id\":\"https:\/\/portaltela.pt\/noticias\/2026\/01\/08\/sporting-rui-silva-surpreende-na-baliza\/#breadcrumb\",\"itemListElement\":[{\"@type\":\"ListItem\",\"position\":1,\"name\":\"In\u00edcio\",\"item\":\"https:\/\/portaltela.pt\/\"},{\"@type\":\"ListItem\",\"position\":2,\"name\":\"Sporting: Rui Silva surpreende na baliza\"}]},{\"@type\":\"WebSite\",\"@id\":\"https:\/\/portaltela.pt\/#website\",\"url\":\"https:\/\/portaltela.pt\/\",\"name\":\"Portal Tela Portugal\",\"description\":\"\",\"potentialAction\":[{\"@type\":\"SearchAction\",\"target\":{\"@type\":\"EntryPoint\",\"urlTemplate\":\"https:\/\/portaltela.pt\/?s={search_term_string}\"},\"query-input\":{\"@type\":\"PropertyValueSpecification\",\"valueRequired\":true,\"valueName\":\"search_term_string\"}}],\"inLanguage\":\"pt-PT\"},{\"@type\":\"Person\",\"@id\":\"https:\/\/portaltela.pt\/#\/schema\/person\/c4278d4a6028830caff9ee44b42d32ed\",\"name\":\"Telinha\",\"image\":{\"@type\":\"ImageObject\",\"inLanguage\":\"pt-PT\",\"@id\":\"https:\/\/portaltela.pt\/s.01k8rhncp4jt1\/2025\/11\/talking-bot-125x125.png\",\"url\":\"https:\/\/portaltela.pt\/s.01k8rhncp4jt1\/2025\/11\/talking-bot-125x125.png\",\"contentUrl\":\"https:\/\/portaltela.pt\/s.01k8rhncp4jt1\/2025\/11\/talking-bot-125x125.png\",\"caption\":\"Telinha\"},\"sameAs\":[\"https:\/\/portaltela.pt\/\"],\"url\":\"https:\/\/portaltela.pt\/por\/367410592786\/\"}]}<\/script>\n<!-- \/ Yoast SEO plugin. -->","yoast_head_json":{"title":"Sporting: Rui Silva surpreende na baliza - Portal Tela Portugal","robots":{"index":"index","follow":"follow","max-snippet":"max-snippet:-1","max-image-preview":"max-image-preview:large","max-video-preview":"max-video-preview:-1"},"og_locale":"pt_PT","og_type":"article","og_title":"Sporting: Rui Silva surpreende na baliza - Portal Tela Portugal","og_description":"Rui Silva, guarda-redes do Sporting, participou no programa Futebol Arte, da Sport TV, para falar de aspetos t\u00e9cnicos e refer\u00eancias na posi\u00e7\u00e3o. O guarda-redes mencionou nomes como Peter Schmeichel, N\u00e9lson, Tiago e Rui Patr\u00edcio como refer\u00eancias. Destacou que o papel do guarda-redes hoje \u00e9 mais de equipa, com leitura de profundidade e capacidade de constru\u00e7\u00e3o, e elogiou Marc-Andr\u00e9 ter Stegen como um dos mais completos. Referiu ainda que, no seu in\u00edcio, n\u00e3o teve a escola t\u00e9cnica de guarda-redes que valoriza essas compet\u00eancias atuais. Falou das dificuldades ao chegar ao Betis, quando passou de equipas com menor posse para uma defesa mais alta e exigente, onde qualquer erro \u00e9 fatal.","og_url":"https:\/\/portaltela.pt\/noticias\/2026\/01\/08\/sporting-rui-silva-surpreende-na-baliza\/","og_site_name":"Portal Tela Portugal","article_published_time":"2026-01-08T23:34:10+00:00","author":"Telinha","twitter_card":"summary_large_image","twitter_misc":{"Escrito por":"Telinha","Tempo estimado de leitura":"1 minuto"},"schema":{"@context":"https:\/\/schema.org","@graph":[{"@type":"Article","@id":"https:\/\/portaltela.pt\/noticias\/2026\/01\/08\/sporting-rui-silva-surpreende-na-baliza\/#article","isPartOf":{"@id":"https:\/\/portaltela.pt\/noticias\/2026\/01\/08\/sporting-rui-silva-surpreende-na-baliza\/"},"author":{"name":"Telinha","@id":"https:\/\/portaltela.pt\/#\/schema\/person\/c4278d4a6028830caff9ee44b42d32ed"},"headline":"Sporting: Rui Silva surpreende na baliza","datePublished":"2026-01-08T23:34:10+00:00","mainEntityOfPage":{"@id":"https:\/\/portaltela.pt\/noticias\/2026\/01\/08\/sporting-rui-silva-surpreende-na-baliza\/"},"wordCount":187,"image":{"@id":"https:\/\/portaltela.pt\/noticias\/2026\/01\/08\/sporting-rui-silva-surpreende-na-baliza\/#primaryimage"},"thumbnailUrl":"https:\/\/portaltela.pt\/s.01k8rhncp4jt1\/2026\/01\/c231f58f-29f4-4096-adb4-7e52426855d1.jpg","keywords":["desporto","futebol","N\u00e9lson","Rui Patr\u00edcio","Sporting","Tiago"],"articleSection":["Desporto","Futebol"],"inLanguage":"pt-PT"},{"@type":"WebPage","@id":"https:\/\/portaltela.pt\/noticias\/2026\/01\/08\/sporting-rui-silva-surpreende-na-baliza\/","url":"https:\/\/portaltela.pt\/noticias\/2026\/01\/08\/sporting-rui-silva-surpreende-na-baliza\/","name":"Sporting: Rui Silva surpreende na baliza - Portal Tela Portugal","isPartOf":{"@id":"https:\/\/portaltela.pt\/#website"},"primaryImageOfPage":{"@id":"https:\/\/portaltela.pt\/noticias\/2026\/01\/08\/sporting-rui-silva-surpreende-na-baliza\/#primaryimage"},"image":{"@id":"https:\/\/portaltela.pt\/noticias\/2026\/01\/08\/sporting-rui-silva-surpreende-na-baliza\/#primaryimage"},"thumbnailUrl":"https:\/\/portaltela.pt\/s.01k8rhncp4jt1\/2026\/01\/c231f58f-29f4-4096-adb4-7e52426855d1.jpg","datePublished":"2026-01-08T23:34:10+00:00","author":{"@id":"https:\/\/portaltela.pt\/#\/schema\/person\/c4278d4a6028830caff9ee44b42d32ed"},"breadcrumb":{"@id":"https:\/\/portaltela.pt\/noticias\/2026\/01\/08\/sporting-rui-silva-surpreende-na-baliza\/#breadcrumb"},"inLanguage":"pt-PT","potentialAction":[{"@type":"ReadAction","target":["https:\/\/portaltela.pt\/noticias\/2026\/01\/08\/sporting-rui-silva-surpreende-na-baliza\/"]}]},{"@type":"ImageObject","inLanguage":"pt-PT","@id":"https:\/\/portaltela.pt\/noticias\/2026\/01\/08\/sporting-rui-silva-surpreende-na-baliza\/#primaryimage","url":"https:\/\/portaltela.pt\/s.01k8rhncp4jt1\/2026\/01\/c231f58f-29f4-4096-adb4-7e52426855d1.jpg","contentUrl":"https:\/\/portaltela.pt\/s.01k8rhncp4jt1\/2026\/01\/c231f58f-29f4-4096-adb4-7e52426855d1.jpg","width":796,"height":448,"caption":"Rui Silva falou de v\u00e1rios pontos t\u00e9cnicos na posi\u00e7\u00e3o de guarda-redes e o que mudou nos \u00faltimos anos - Foto: IMAGO"},{"@type":"BreadcrumbList","@id":"https:\/\/portaltela.pt\/noticias\/2026\/01\/08\/sporting-rui-silva-surpreende-na-baliza\/#breadcrumb","itemListElement":[{"@type":"ListItem","position":1,"name":"In\u00edcio","item":"https:\/\/portaltela.pt\/"},{"@type":"ListItem","position":2,"name":"Sporting: Rui Silva surpreende na baliza"}]},{"@type":"WebSite","@id":"https:\/\/portaltela.pt\/#website","url":"https:\/\/portaltela.pt\/","name":"Portal Tela Portugal","description":"","potentialAction":[{"@type":"SearchAction","target":{"@type":"EntryPoint","urlTemplate":"https:\/\/portaltela.pt\/?s={search_term_string}"},"query-input":{"@type":"PropertyValueSpecification","valueRequired":true,"valueName":"search_term_string"}}],"inLanguage":"pt-PT"},{"@type":"Person","@id":"https:\/\/portaltela.pt\/#\/schema\/person\/c4278d4a6028830caff9ee44b42d32ed","name":"Telinha","image":{"@type":"ImageObject","inLanguage":"pt-PT","@id":"https:\/\/portaltela.pt\/s.01k8rhncp4jt1\/2025\/11\/talking-bot-125x125.png","url":"https:\/\/portaltela.pt\/s.01k8rhncp4jt1\/2025\/11\/talking-bot-125x125.png","contentUrl":"https:\/\/portaltela.pt\/s.01k8rhncp4jt1\/2025\/11\/talking-bot-125x125.png","caption":"Telinha"},"sameAs":["https:\/\/portaltela.pt\/"],"url":"https:\/\/portaltela.pt\/por\/367410592786\/"}]}},"_links":{"self":[{"href":"https:\/\/portaltela.pt\/api\/wp\/v2\/posts\/127116","targetHints":{"allow":["GET"]}}],"collection":[{"href":"https:\/\/portaltela.pt\/api\/wp\/v2\/posts"}],"about":[{"href":"https:\/\/portaltela.pt\/api\/wp\/v2\/types\/post"}],"author":[{"embeddable":true,"href":"https:\/\/portaltela.pt\/api\/wp\/v2\/users\/2"}],"replies":[{"embeddable":true,"href":"https:\/\/portaltela.pt\/api\/wp\/v2\/comments?post=127116"}],"version-history":[{"count":0,"href":"https:\/\/portaltela.pt\/api\/wp\/v2\/posts\/127116\/revisions"}],"wp:featuredmedia":[{"embeddable":true,"href":"https:\/\/portaltela.pt\/api\/wp\/v2\/media\/127119"}],"wp:attachment":[{"href":"https:\/\/portaltela.pt\/api\/wp\/v2\/media?parent=127116"}],"wp:term":[{"taxonomy":"category","embeddable":true,"href":"https:\/\/portaltela.pt\/api\/wp\/v2\/categories?post=127116"},{"taxonomy":"post_tag","embeddable":true,"href":"https:\/\/portaltela.pt\/api\/wp\/v2\/tags?post=127116"}],"curies":[{"name":"wp","href":"https:\/\/api.w.org\/{rel}","templated":true}]}}