{"id":126948,"date":"2026-01-08T18:51:51","date_gmt":"2026-01-08T21:51:51","guid":{"rendered":"https:\/\/portaltela.pt\/noticias\/2026\/01\/08\/montemor-o-velho-passa-a-integrar-a-estacao-nautica-da-regiao-de-coimbra\/"},"modified":"2026-01-08T18:51:51","modified_gmt":"2026-01-08T21:51:51","slug":"montemor-o-velho-passa-a-integrar-a-estacao-nautica-da-regiao-de-coimbra","status":"publish","type":"post","link":"https:\/\/portaltela.pt\/noticias\/2026\/01\/08\/montemor-o-velho-passa-a-integrar-a-estacao-nautica-da-regiao-de-coimbra\/","title":{"rendered":"Montemor-o-Velho passa a integrar a Esta\u00e7\u00e3o N\u00e1utica da Regi\u00e3o de Coimbra"},"content":{"rendered":"<p>Montemor-o-Velho integrou oficialmente a Esta\u00e7\u00e3o N\u00e1utica da Regi\u00e3o de Coimbra, a maior do pa\u00eds, numa cerim\u00f3nia a 8 de janeiro na Praia Fluvial do Vimieiro. A certifica\u00e7\u00e3o foi entregue durante o evento, que definiu a ades\u00e3o como uma honra para o munic\u00edpio.<\/p>\n<p>A iniciativa, promovida pela Comunidade Intermunicipal da Regi\u00e3o de Coimbra, envolve 19 munic\u00edpios e 132 parceiros de v\u00e1rias \u00e1reas, p\u00fablicas e privadas, incluindo associa\u00e7\u00f5es e operadores tur\u00edsticos. A governan\u00e7a polinucleada \u00e9 vista como uma das principais caracter\u00edsticas da esta\u00e7\u00e3o.<\/p>\n<p>A Esta\u00e7\u00e3o N\u00e1utica da Regi\u00e3o de Coimbra integra a Rede de Esta\u00e7\u00f5es N\u00e1uticas de Portugal, com a obten\u00e7\u00e3o da certifica\u00e7\u00e3o atribu\u00edda pelo F\u00f3rum Oceano. A oferta abrange atividades como canoagem, surf, passeios de barco, bem como trilhos ribeirinhos e observa\u00e7\u00e3o da natureza.<\/p>\n<p>O reconhecimento refor\u00e7a o potencial da regi\u00e3o para a pr\u00e1tica de desportos n\u00e1uticos e para o turismo sustent\u00e1vel, beneficiando residentes e visitantes. A cerim\u00f3nia contou com a presen\u00e7a de v\u00e1rias autoridades locais e regionais.<\/p>\n<p>Entre os convidados estiveram Salvador Malheiro, secret\u00e1rio de Estado das Pescas e do Mar, Helena Teod\u00f3sio, presidente da CIM Regi\u00e3o de Coimbra, Rui Ventura, presidente da Comiss\u00e3o Executiva da Turismo Centro de Portugal, e \u00c1lvaro Coimbra, presidente da C\u00e2mara de Penacova.<\/p>\n","protected":false},"excerpt":{"rendered":"<ul>\n<li>Montemor-o-Velho integrou oficialmente a Esta\u00e7\u00e3o N\u00e1utica da Regi\u00e3o de Coimbra, numa cerim\u00f3nia a 8 de janeiro na Praia Fluvial do Vimieiro, com a entrega da bandeira de certifica\u00e7\u00e3o ao presidente da C\u00e2mara, Jos\u00e9 Ver\u00edssimo.<\/li>\n<li>A distin\u00e7\u00e3o \u00e9 vista como uma honra para o munic\u00edpio, integrando um projeto regional que valoriza os recursos naturais e promove uma oferta tur\u00edstica sustent\u00e1vel ligada ao rio e ao mar.<\/li>\n<li>A iniciativa, promovida pela Comunidade Intermunicipal da Regi\u00e3o de Coimbra, junta dezenove munic\u00edpios e cento e trinta e dois parceiros de v\u00e1rias \u00e1reas, com governan\u00e7a polinucleada destacada como fator diferenciador.<\/li>\n<li>Certificada pelo F\u00f3rum Oceano, a Esta\u00e7\u00e3o N\u00e1utica da Regi\u00e3o de Coimbra passa a integrar a Rede de Esta\u00e7\u00f5es N\u00e1uticas de Portugal, oferecendo atividades como canoagem, surf, passeios de barco, percursos pedestres ribeirinhos e observa\u00e7\u00e3o de natureza.<\/li>\n<li>O reconhecimento refor\u00e7a o potencial da regi\u00e3o para pr\u00e1ticas n\u00e1uticas e o compromisso com a preserva\u00e7\u00e3o ambiental e o turismo sustent\u00e1vel, com benef\u00edcios para residentes e visitantes; entre presentes estiveram o secret\u00e1rio de Estado das Pescas e do Mar, e presidentes de v\u00e1rias entidades regionais.<\/li>\n<\/ul>\n","protected":false},"author":2,"featured_media":126967,"comment_status":"closed","ping_status":"closed","sticky":false,"template":"","format":"standard","meta":{"footnotes":""},"categories":[1],"tags":[167,1132,1070,152,2077,169],"class_list":["post-126948","post","type-post","status-publish","format-standard","has-post-thumbnail","hentry","category-noticias","tag-ambiente","tag-canoagem","tag-coimbra","tag-desporto","tag-penacova","tag-turismo"],"yoast_head":"<!-- This site is optimized with the Yoast SEO plugin v27.2 - https:\/\/yoast.com\/product\/yoast-seo-wordpress\/ -->\n<title>Montemor-o-Velho passa a integrar a Esta\u00e7\u00e3o N\u00e1utica da Regi\u00e3o de Coimbra - Portal Tela Portugal<\/title>\n<meta name=\"robots\" content=\"index, follow, max-snippet:-1, max-image-preview:large, max-video-preview:-1\" \/>\n<meta property=\"og:locale\" content=\"pt_PT\" \/>\n<meta property=\"og:type\" content=\"article\" \/>\n<meta property=\"og:title\" content=\"Montemor-o-Velho passa a integrar a Esta\u00e7\u00e3o N\u00e1utica da Regi\u00e3o de Coimbra - Portal Tela Portugal\" \/>\n<meta property=\"og:description\" content=\"Montemor-o-Velho integrou oficialmente a Esta\u00e7\u00e3o N\u00e1utica da Regi\u00e3o de Coimbra, numa cerim\u00f3nia a 8 de janeiro na Praia Fluvial do Vimieiro, com a entrega da bandeira de certifica\u00e7\u00e3o ao presidente da C\u00e2mara, Jos\u00e9 Ver\u00edssimo. A distin\u00e7\u00e3o \u00e9 vista como uma honra para o munic\u00edpio, integrando um projeto regional que valoriza os recursos naturais e promove uma oferta tur\u00edstica sustent\u00e1vel ligada ao rio e ao mar. A iniciativa, promovida pela Comunidade Intermunicipal da Regi\u00e3o de Coimbra, junta dezenove munic\u00edpios e cento e trinta e dois parceiros de v\u00e1rias \u00e1reas, com governan\u00e7a polinucleada destacada como fator diferenciador. Certificada pelo F\u00f3rum Oceano, a Esta\u00e7\u00e3o N\u00e1utica da Regi\u00e3o de Coimbra passa a integrar a Rede de Esta\u00e7\u00f5es N\u00e1uticas de Portugal, oferecendo atividades como canoagem, surf, passeios de barco, percursos pedestres ribeirinhos e observa\u00e7\u00e3o de natureza. O reconhecimento refor\u00e7a o potencial da regi\u00e3o para pr\u00e1ticas n\u00e1uticas e o compromisso com a preserva\u00e7\u00e3o ambiental e o turismo sustent\u00e1vel, com benef\u00edcios para residentes e visitantes; entre presentes estiveram o secret\u00e1rio de Estado das Pescas e do Mar, e presidentes de v\u00e1rias entidades regionais.\" \/>\n<meta property=\"og:url\" content=\"https:\/\/portaltela.pt\/noticias\/2026\/01\/08\/montemor-o-velho-passa-a-integrar-a-estacao-nautica-da-regiao-de-coimbra\/\" \/>\n<meta property=\"og:site_name\" content=\"Portal Tela Portugal\" \/>\n<meta property=\"article:published_time\" content=\"2026-01-08T21:51:51+00:00\" \/>\n<meta name=\"author\" content=\"Telinha\" \/>\n<meta name=\"twitter:card\" content=\"summary_large_image\" \/>\n<meta name=\"twitter:label1\" content=\"Escrito por\" \/>\n\t<meta name=\"twitter:data1\" content=\"Telinha\" \/>\n\t<meta name=\"twitter:label2\" content=\"Tempo estimado de leitura\" \/>\n\t<meta name=\"twitter:data2\" content=\"1 minuto\" \/>\n<script type=\"application\/ld+json\" class=\"yoast-schema-graph\">{\"@context\":\"https:\/\/schema.org\",\"@graph\":[{\"@type\":\"Article\",\"@id\":\"https:\/\/portaltela.pt\/noticias\/2026\/01\/08\/montemor-o-velho-passa-a-integrar-a-estacao-nautica-da-regiao-de-coimbra\/#article\",\"isPartOf\":{\"@id\":\"https:\/\/portaltela.pt\/noticias\/2026\/01\/08\/montemor-o-velho-passa-a-integrar-a-estacao-nautica-da-regiao-de-coimbra\/\"},\"author\":{\"name\":\"Telinha\",\"@id\":\"https:\/\/portaltela.pt\/#\/schema\/person\/c4278d4a6028830caff9ee44b42d32ed\"},\"headline\":\"Montemor-o-Velho passa a integrar a Esta\u00e7\u00e3o N\u00e1utica da Regi\u00e3o de Coimbra\",\"datePublished\":\"2026-01-08T21:51:51+00:00\",\"mainEntityOfPage\":{\"@id\":\"https:\/\/portaltela.pt\/noticias\/2026\/01\/08\/montemor-o-velho-passa-a-integrar-a-estacao-nautica-da-regiao-de-coimbra\/\"},\"wordCount\":248,\"image\":{\"@id\":\"https:\/\/portaltela.pt\/noticias\/2026\/01\/08\/montemor-o-velho-passa-a-integrar-a-estacao-nautica-da-regiao-de-coimbra\/#primaryimage\"},\"thumbnailUrl\":\"https:\/\/portaltela.pt\/s.01k8rhncp4jt1\/2026\/01\/unnamed-file-1701.jpg\",\"keywords\":[\"ambiente\",\"canoagem\",\"Coimbra\",\"desporto\",\"Penacova\",\"turismo\"],\"articleSection\":[\"Not\u00edcias\"],\"inLanguage\":\"pt-PT\"},{\"@type\":\"WebPage\",\"@id\":\"https:\/\/portaltela.pt\/noticias\/2026\/01\/08\/montemor-o-velho-passa-a-integrar-a-estacao-nautica-da-regiao-de-coimbra\/\",\"url\":\"https:\/\/portaltela.pt\/noticias\/2026\/01\/08\/montemor-o-velho-passa-a-integrar-a-estacao-nautica-da-regiao-de-coimbra\/\",\"name\":\"Montemor-o-Velho passa a integrar a Esta\u00e7\u00e3o N\u00e1utica da Regi\u00e3o de Coimbra - Portal Tela Portugal\",\"isPartOf\":{\"@id\":\"https:\/\/portaltela.pt\/#website\"},\"primaryImageOfPage\":{\"@id\":\"https:\/\/portaltela.pt\/noticias\/2026\/01\/08\/montemor-o-velho-passa-a-integrar-a-estacao-nautica-da-regiao-de-coimbra\/#primaryimage\"},\"image\":{\"@id\":\"https:\/\/portaltela.pt\/noticias\/2026\/01\/08\/montemor-o-velho-passa-a-integrar-a-estacao-nautica-da-regiao-de-coimbra\/#primaryimage\"},\"thumbnailUrl\":\"https:\/\/portaltela.pt\/s.01k8rhncp4jt1\/2026\/01\/unnamed-file-1701.jpg\",\"datePublished\":\"2026-01-08T21:51:51+00:00\",\"author\":{\"@id\":\"https:\/\/portaltela.pt\/#\/schema\/person\/c4278d4a6028830caff9ee44b42d32ed\"},\"breadcrumb\":{\"@id\":\"https:\/\/portaltela.pt\/noticias\/2026\/01\/08\/montemor-o-velho-passa-a-integrar-a-estacao-nautica-da-regiao-de-coimbra\/#breadcrumb\"},\"inLanguage\":\"pt-PT\",\"potentialAction\":[{\"@type\":\"ReadAction\",\"target\":[\"https:\/\/portaltela.pt\/noticias\/2026\/01\/08\/montemor-o-velho-passa-a-integrar-a-estacao-nautica-da-regiao-de-coimbra\/\"]}]},{\"@type\":\"ImageObject\",\"inLanguage\":\"pt-PT\",\"@id\":\"https:\/\/portaltela.pt\/noticias\/2026\/01\/08\/montemor-o-velho-passa-a-integrar-a-estacao-nautica-da-regiao-de-coimbra\/#primaryimage\",\"url\":\"https:\/\/portaltela.pt\/s.01k8rhncp4jt1\/2026\/01\/unnamed-file-1701.jpg\",\"contentUrl\":\"https:\/\/portaltela.pt\/s.01k8rhncp4jt1\/2026\/01\/unnamed-file-1701.jpg\",\"width\":796,\"height\":448,\"caption\":\"Montemor-o-Velho integra a Esta\u00e7\u00e3o N\u00e1utica da Regi\u00e3o de Coimbra\"},{\"@type\":\"BreadcrumbList\",\"@id\":\"https:\/\/portaltela.pt\/noticias\/2026\/01\/08\/montemor-o-velho-passa-a-integrar-a-estacao-nautica-da-regiao-de-coimbra\/#breadcrumb\",\"itemListElement\":[{\"@type\":\"ListItem\",\"position\":1,\"name\":\"In\u00edcio\",\"item\":\"https:\/\/portaltela.pt\/\"},{\"@type\":\"ListItem\",\"position\":2,\"name\":\"Montemor-o-Velho passa a integrar a Esta\u00e7\u00e3o N\u00e1utica da Regi\u00e3o de Coimbra\"}]},{\"@type\":\"WebSite\",\"@id\":\"https:\/\/portaltela.pt\/#website\",\"url\":\"https:\/\/portaltela.pt\/\",\"name\":\"Portal Tela Portugal\",\"description\":\"\",\"potentialAction\":[{\"@type\":\"SearchAction\",\"target\":{\"@type\":\"EntryPoint\",\"urlTemplate\":\"https:\/\/portaltela.pt\/?s={search_term_string}\"},\"query-input\":{\"@type\":\"PropertyValueSpecification\",\"valueRequired\":true,\"valueName\":\"search_term_string\"}}],\"inLanguage\":\"pt-PT\"},{\"@type\":\"Person\",\"@id\":\"https:\/\/portaltela.pt\/#\/schema\/person\/c4278d4a6028830caff9ee44b42d32ed\",\"name\":\"Telinha\",\"image\":{\"@type\":\"ImageObject\",\"inLanguage\":\"pt-PT\",\"@id\":\"https:\/\/portaltela.pt\/s.01k8rhncp4jt1\/2025\/11\/talking-bot-125x125.png\",\"url\":\"https:\/\/portaltela.pt\/s.01k8rhncp4jt1\/2025\/11\/talking-bot-125x125.png\",\"contentUrl\":\"https:\/\/portaltela.pt\/s.01k8rhncp4jt1\/2025\/11\/talking-bot-125x125.png\",\"caption\":\"Telinha\"},\"sameAs\":[\"https:\/\/portaltela.pt\/\"],\"url\":\"https:\/\/portaltela.pt\/por\/367410592786\/\"}]}<\/script>\n<!-- \/ Yoast SEO plugin. -->","yoast_head_json":{"title":"Montemor-o-Velho passa a integrar a Esta\u00e7\u00e3o N\u00e1utica da Regi\u00e3o de Coimbra - Portal Tela Portugal","robots":{"index":"index","follow":"follow","max-snippet":"max-snippet:-1","max-image-preview":"max-image-preview:large","max-video-preview":"max-video-preview:-1"},"og_locale":"pt_PT","og_type":"article","og_title":"Montemor-o-Velho passa a integrar a Esta\u00e7\u00e3o N\u00e1utica da Regi\u00e3o de Coimbra - Portal Tela Portugal","og_description":"Montemor-o-Velho integrou oficialmente a Esta\u00e7\u00e3o N\u00e1utica da Regi\u00e3o de Coimbra, numa cerim\u00f3nia a 8 de janeiro na Praia Fluvial do Vimieiro, com a entrega da bandeira de certifica\u00e7\u00e3o ao presidente da C\u00e2mara, Jos\u00e9 Ver\u00edssimo. A distin\u00e7\u00e3o \u00e9 vista como uma honra para o munic\u00edpio, integrando um projeto regional que valoriza os recursos naturais e promove uma oferta tur\u00edstica sustent\u00e1vel ligada ao rio e ao mar. A iniciativa, promovida pela Comunidade Intermunicipal da Regi\u00e3o de Coimbra, junta dezenove munic\u00edpios e cento e trinta e dois parceiros de v\u00e1rias \u00e1reas, com governan\u00e7a polinucleada destacada como fator diferenciador. Certificada pelo F\u00f3rum Oceano, a Esta\u00e7\u00e3o N\u00e1utica da Regi\u00e3o de Coimbra passa a integrar a Rede de Esta\u00e7\u00f5es N\u00e1uticas de Portugal, oferecendo atividades como canoagem, surf, passeios de barco, percursos pedestres ribeirinhos e observa\u00e7\u00e3o de natureza. O reconhecimento refor\u00e7a o potencial da regi\u00e3o para pr\u00e1ticas n\u00e1uticas e o compromisso com a preserva\u00e7\u00e3o ambiental e o turismo sustent\u00e1vel, com benef\u00edcios para residentes e visitantes; entre presentes estiveram o secret\u00e1rio de Estado das Pescas e do Mar, e presidentes de v\u00e1rias entidades regionais.","og_url":"https:\/\/portaltela.pt\/noticias\/2026\/01\/08\/montemor-o-velho-passa-a-integrar-a-estacao-nautica-da-regiao-de-coimbra\/","og_site_name":"Portal Tela Portugal","article_published_time":"2026-01-08T21:51:51+00:00","author":"Telinha","twitter_card":"summary_large_image","twitter_misc":{"Escrito por":"Telinha","Tempo estimado de leitura":"1 minuto"},"schema":{"@context":"https:\/\/schema.org","@graph":[{"@type":"Article","@id":"https:\/\/portaltela.pt\/noticias\/2026\/01\/08\/montemor-o-velho-passa-a-integrar-a-estacao-nautica-da-regiao-de-coimbra\/#article","isPartOf":{"@id":"https:\/\/portaltela.pt\/noticias\/2026\/01\/08\/montemor-o-velho-passa-a-integrar-a-estacao-nautica-da-regiao-de-coimbra\/"},"author":{"name":"Telinha","@id":"https:\/\/portaltela.pt\/#\/schema\/person\/c4278d4a6028830caff9ee44b42d32ed"},"headline":"Montemor-o-Velho passa a integrar a Esta\u00e7\u00e3o N\u00e1utica da Regi\u00e3o de Coimbra","datePublished":"2026-01-08T21:51:51+00:00","mainEntityOfPage":{"@id":"https:\/\/portaltela.pt\/noticias\/2026\/01\/08\/montemor-o-velho-passa-a-integrar-a-estacao-nautica-da-regiao-de-coimbra\/"},"wordCount":248,"image":{"@id":"https:\/\/portaltela.pt\/noticias\/2026\/01\/08\/montemor-o-velho-passa-a-integrar-a-estacao-nautica-da-regiao-de-coimbra\/#primaryimage"},"thumbnailUrl":"https:\/\/portaltela.pt\/s.01k8rhncp4jt1\/2026\/01\/unnamed-file-1701.jpg","keywords":["ambiente","canoagem","Coimbra","desporto","Penacova","turismo"],"articleSection":["Not\u00edcias"],"inLanguage":"pt-PT"},{"@type":"WebPage","@id":"https:\/\/portaltela.pt\/noticias\/2026\/01\/08\/montemor-o-velho-passa-a-integrar-a-estacao-nautica-da-regiao-de-coimbra\/","url":"https:\/\/portaltela.pt\/noticias\/2026\/01\/08\/montemor-o-velho-passa-a-integrar-a-estacao-nautica-da-regiao-de-coimbra\/","name":"Montemor-o-Velho passa a integrar a Esta\u00e7\u00e3o N\u00e1utica da Regi\u00e3o de Coimbra - Portal Tela Portugal","isPartOf":{"@id":"https:\/\/portaltela.pt\/#website"},"primaryImageOfPage":{"@id":"https:\/\/portaltela.pt\/noticias\/2026\/01\/08\/montemor-o-velho-passa-a-integrar-a-estacao-nautica-da-regiao-de-coimbra\/#primaryimage"},"image":{"@id":"https:\/\/portaltela.pt\/noticias\/2026\/01\/08\/montemor-o-velho-passa-a-integrar-a-estacao-nautica-da-regiao-de-coimbra\/#primaryimage"},"thumbnailUrl":"https:\/\/portaltela.pt\/s.01k8rhncp4jt1\/2026\/01\/unnamed-file-1701.jpg","datePublished":"2026-01-08T21:51:51+00:00","author":{"@id":"https:\/\/portaltela.pt\/#\/schema\/person\/c4278d4a6028830caff9ee44b42d32ed"},"breadcrumb":{"@id":"https:\/\/portaltela.pt\/noticias\/2026\/01\/08\/montemor-o-velho-passa-a-integrar-a-estacao-nautica-da-regiao-de-coimbra\/#breadcrumb"},"inLanguage":"pt-PT","potentialAction":[{"@type":"ReadAction","target":["https:\/\/portaltela.pt\/noticias\/2026\/01\/08\/montemor-o-velho-passa-a-integrar-a-estacao-nautica-da-regiao-de-coimbra\/"]}]},{"@type":"ImageObject","inLanguage":"pt-PT","@id":"https:\/\/portaltela.pt\/noticias\/2026\/01\/08\/montemor-o-velho-passa-a-integrar-a-estacao-nautica-da-regiao-de-coimbra\/#primaryimage","url":"https:\/\/portaltela.pt\/s.01k8rhncp4jt1\/2026\/01\/unnamed-file-1701.jpg","contentUrl":"https:\/\/portaltela.pt\/s.01k8rhncp4jt1\/2026\/01\/unnamed-file-1701.jpg","width":796,"height":448,"caption":"Montemor-o-Velho integra a Esta\u00e7\u00e3o N\u00e1utica da Regi\u00e3o de Coimbra"},{"@type":"BreadcrumbList","@id":"https:\/\/portaltela.pt\/noticias\/2026\/01\/08\/montemor-o-velho-passa-a-integrar-a-estacao-nautica-da-regiao-de-coimbra\/#breadcrumb","itemListElement":[{"@type":"ListItem","position":1,"name":"In\u00edcio","item":"https:\/\/portaltela.pt\/"},{"@type":"ListItem","position":2,"name":"Montemor-o-Velho passa a integrar a Esta\u00e7\u00e3o N\u00e1utica da Regi\u00e3o de Coimbra"}]},{"@type":"WebSite","@id":"https:\/\/portaltela.pt\/#website","url":"https:\/\/portaltela.pt\/","name":"Portal Tela Portugal","description":"","potentialAction":[{"@type":"SearchAction","target":{"@type":"EntryPoint","urlTemplate":"https:\/\/portaltela.pt\/?s={search_term_string}"},"query-input":{"@type":"PropertyValueSpecification","valueRequired":true,"valueName":"search_term_string"}}],"inLanguage":"pt-PT"},{"@type":"Person","@id":"https:\/\/portaltela.pt\/#\/schema\/person\/c4278d4a6028830caff9ee44b42d32ed","name":"Telinha","image":{"@type":"ImageObject","inLanguage":"pt-PT","@id":"https:\/\/portaltela.pt\/s.01k8rhncp4jt1\/2025\/11\/talking-bot-125x125.png","url":"https:\/\/portaltela.pt\/s.01k8rhncp4jt1\/2025\/11\/talking-bot-125x125.png","contentUrl":"https:\/\/portaltela.pt\/s.01k8rhncp4jt1\/2025\/11\/talking-bot-125x125.png","caption":"Telinha"},"sameAs":["https:\/\/portaltela.pt\/"],"url":"https:\/\/portaltela.pt\/por\/367410592786\/"}]}},"_links":{"self":[{"href":"https:\/\/portaltela.pt\/api\/wp\/v2\/posts\/126948","targetHints":{"allow":["GET"]}}],"collection":[{"href":"https:\/\/portaltela.pt\/api\/wp\/v2\/posts"}],"about":[{"href":"https:\/\/portaltela.pt\/api\/wp\/v2\/types\/post"}],"author":[{"embeddable":true,"href":"https:\/\/portaltela.pt\/api\/wp\/v2\/users\/2"}],"replies":[{"embeddable":true,"href":"https:\/\/portaltela.pt\/api\/wp\/v2\/comments?post=126948"}],"version-history":[{"count":0,"href":"https:\/\/portaltela.pt\/api\/wp\/v2\/posts\/126948\/revisions"}],"wp:featuredmedia":[{"embeddable":true,"href":"https:\/\/portaltela.pt\/api\/wp\/v2\/media\/126967"}],"wp:attachment":[{"href":"https:\/\/portaltela.pt\/api\/wp\/v2\/media?parent=126948"}],"wp:term":[{"taxonomy":"category","embeddable":true,"href":"https:\/\/portaltela.pt\/api\/wp\/v2\/categories?post=126948"},{"taxonomy":"post_tag","embeddable":true,"href":"https:\/\/portaltela.pt\/api\/wp\/v2\/tags?post=126948"}],"curies":[{"name":"wp","href":"https:\/\/api.w.org\/{rel}","templated":true}]}}