{"id":126876,"date":"2026-01-08T18:33:00","date_gmt":"2026-01-08T21:33:00","guid":{"rendered":"https:\/\/portaltela.pt\/noticias\/2026\/01\/08\/gripe-em-portugal-mortalidade-acima-do-normal-entre-maiores-de-45\/"},"modified":"2026-01-08T18:33:00","modified_gmt":"2026-01-08T21:33:00","slug":"gripe-em-portugal-mortalidade-acima-do-normal-entre-maiores-de-45","status":"publish","type":"post","link":"https:\/\/portaltela.pt\/noticias\/2026\/01\/08\/gripe-em-portugal-mortalidade-acima-do-normal-entre-maiores-de-45\/","title":{"rendered":"Gripe em Portugal: mortalidade acima do normal entre maiores de 45"},"content":{"rendered":"<p>Desde o in\u00edcio de Dezembro, Portugal regista um excesso de mortalidade de cerca de 22% associado ao frio e \u00e0 gripe, com aumento das mortes por doen\u00e7as respirat\u00f3rias. A primeira semana de Janeiro mostra mortalidade elevada em todas as regi\u00f5es de Portugal continental e em todos os grupos acima dos 45 anos.<\/p>\n<p>Segundo o boletim do Instituto Nacional de Sa\u00fade Doutor Ricardo Jorge (Insa), relativo a 29 de Dezembro a 4 de Janeiro, foram diagnosticados 1340 casos de gripe, ligeiramente acima das duas semanas anteriores. Ap\u00f3s o pico no final de Dezembro, a atividade gripal mant\u00e9m-se est\u00e1vel, segundo o Subdiretor-Geral da Sa\u00fade.<\/p>\n<p>A maioria dos casos \u00e9 do tipo A (1331), com subtipos A(H3N2) em 162 casos e A(H1N1)pdm09 em 134. Observa-se tamb\u00e9m um ligeiro aumento das mortes por doen\u00e7as cardiovasculares e metab\u00f3licas, associadas ao frio prolongado, especialmente entre idosos com doen\u00e7as cr\u00f3nicas.<\/p>\n<h3>Excesso de mortalidade e distribui\u00e7\u00e3o geogr\u00e1fica<\/h3>\n<p>O excesso de mortalidade ocorreu em todas as regi\u00f5es de Portugal continental e atingiu todos os grupos et\u00e1rios acima dos 45 anos. Diferen\u00e7as regionais mostram maior peso relativo no Alentejo e no Algarve, possivelmente associadas a fatores como hesita\u00e7\u00e3o vacinal e quest\u00f5es sociodemogr\u00e1ficas.<\/p>\n<p>Durante a \u00faltima semana, 27 casos de gripe foram reportados por 16 unidades de cuidados intensivos, com 22 internados com doen\u00e7a cr\u00f3nica. Deste total, apenas seis estavam vacinados contra a gripe sazonal, e tr\u00eas tinham entre 35 e 44 anos.<\/p>\n<h3>Situa\u00e7\u00e3o e perspetivas<\/h3>\n<p>Desde o in\u00edcio da \u00e9poca gripal, a 29 de Setembro, os laborat\u00f3rios notificaram 59.135 casos de infe\u00e7\u00e3o respirat\u00f3ria e identificaram 11.795 casos de gripe. A Dire\u00e7\u00e3o-Geral da Sa\u00fade tem insistido na vacina\u00e7\u00e3o de grupos de risco e em medidas de preven\u00e7\u00e3o, como m\u00e1scara, higiene das m\u00e3os e etiqueta respirat\u00f3ria.<\/p>\n<p>A autoridade de sa\u00fade p\u00fablica continua a acompanhar a evolu\u00e7\u00e3o da temporada gripal, sem sinais de fatores extraordin\u00e1rios at\u00e9 ao momento, mantendo a alerta para poss\u00edveis novos aumentos nas pr\u00f3ximas semanas.<\/p>\n","protected":false},"excerpt":{"rendered":"<ul>\n<li>Excesso de mortalidade em Portugal desde o in\u00edcio de Dezembro \u00e9 de cerca de 22%, associado ao frio e \u00e0 epidemia de gripe, com aumento das mortes por doen\u00e7as respirat\u00f3rias em todos os grupos acima dos 45 anos na primeira semana de Janeiro.<\/li>\n<li>Nesta semana, entre 29 de Dezembro e 4 de Janeiro, foram diagnosticados 1340 casos positivos de gripe, aumentando levemente face \u00e0s duas semanas anteriores; o pico ocorreu no final de Dezembro e a evolu\u00e7\u00e3o situa-se num plano est\u00e1vel.<\/li>\n<li>Quase todos os casos identificados s\u00e3o do tipo A (1331), com subtipos A(H3N2) em 162 casos e A(H1N1)pdm09 em 134 casos.<\/li>\n<li>Houve aumento da mortalidade por doen\u00e7as cardiovasculares e metab\u00f3licas associadas \u00e0 exposi\u00e7\u00e3o ao frio; o excesso de mortalidade \u00e9 mais elevado no Alentejo e no Algarve, refletindo fatores demogr\u00e1ficos e de vacina\u00e7\u00e3o.<\/li>\n<li>Em termos hospitalares, registaram-se 27 casos de gripe em unidades de cuidados intensivos na \u00faltima semana, com maior parte dos internados tendo doen\u00e7a cr\u00f3nica; apenas seis estavam vacinados. Desde o in\u00edcio da \u00e9poca gripal, j\u00e1 foram notificados 11.795 casos de gripe e 59.135 de infec\u00e7\u00e3o respirat\u00f3ria.<\/li>\n<\/ul>\n","protected":false},"author":2,"featured_media":126883,"comment_status":"closed","ping_status":"closed","sticky":false,"template":"","format":"standard","meta":{"footnotes":""},"categories":[1],"tags":[883,928,61,2394,1014,271],"class_list":["post-126876","post","type-post","status-publish","format-standard","has-post-thumbnail","hentry","category-noticias","tag-alentejo","tag-algarve","tag-doencas","tag-infeccoes-respiratorias-agudas","tag-portugal","tag-saude-publica"],"yoast_head":"<!-- This site is optimized with the Yoast SEO plugin v27.2 - https:\/\/yoast.com\/product\/yoast-seo-wordpress\/ -->\n<title>Gripe em Portugal: mortalidade acima do normal entre maiores de 45 - Portal Tela Portugal<\/title>\n<meta name=\"robots\" content=\"index, follow, max-snippet:-1, max-image-preview:large, max-video-preview:-1\" \/>\n<meta property=\"og:locale\" content=\"pt_PT\" \/>\n<meta property=\"og:type\" content=\"article\" \/>\n<meta property=\"og:title\" content=\"Gripe em Portugal: mortalidade acima do normal entre maiores de 45 - Portal Tela Portugal\" \/>\n<meta property=\"og:description\" content=\"Excesso de mortalidade em Portugal desde o in\u00edcio de Dezembro \u00e9 de cerca de 22%, associado ao frio e \u00e0 epidemia de gripe, com aumento das mortes por doen\u00e7as respirat\u00f3rias em todos os grupos acima dos 45 anos na primeira semana de Janeiro. Nesta semana, entre 29 de Dezembro e 4 de Janeiro, foram diagnosticados 1340 casos positivos de gripe, aumentando levemente face \u00e0s duas semanas anteriores; o pico ocorreu no final de Dezembro e a evolu\u00e7\u00e3o situa-se num plano est\u00e1vel. Quase todos os casos identificados s\u00e3o do tipo A (1331), com subtipos A(H3N2) em 162 casos e A(H1N1)pdm09 em 134 casos. Houve aumento da mortalidade por doen\u00e7as cardiovasculares e metab\u00f3licas associadas \u00e0 exposi\u00e7\u00e3o ao frio; o excesso de mortalidade \u00e9 mais elevado no Alentejo e no Algarve, refletindo fatores demogr\u00e1ficos e de vacina\u00e7\u00e3o. Em termos hospitalares, registaram-se 27 casos de gripe em unidades de cuidados intensivos na \u00faltima semana, com maior parte dos internados tendo doen\u00e7a cr\u00f3nica; apenas seis estavam vacinados. Desde o in\u00edcio da \u00e9poca gripal, j\u00e1 foram notificados 11.795 casos de gripe e 59.135 de infec\u00e7\u00e3o respirat\u00f3ria.\" \/>\n<meta property=\"og:url\" content=\"https:\/\/portaltela.pt\/noticias\/2026\/01\/08\/gripe-em-portugal-mortalidade-acima-do-normal-entre-maiores-de-45\/\" \/>\n<meta property=\"og:site_name\" content=\"Portal Tela Portugal\" \/>\n<meta property=\"article:published_time\" content=\"2026-01-08T21:33:00+00:00\" \/>\n<meta name=\"author\" content=\"Telinha\" \/>\n<meta name=\"twitter:card\" content=\"summary_large_image\" \/>\n<meta name=\"twitter:label1\" content=\"Escrito por\" \/>\n\t<meta name=\"twitter:data1\" content=\"Telinha\" \/>\n\t<meta name=\"twitter:label2\" content=\"Tempo estimado de leitura\" \/>\n\t<meta name=\"twitter:data2\" content=\"2 minutos\" \/>\n<script type=\"application\/ld+json\" class=\"yoast-schema-graph\">{\"@context\":\"https:\/\/schema.org\",\"@graph\":[{\"@type\":\"Article\",\"@id\":\"https:\/\/portaltela.pt\/noticias\/2026\/01\/08\/gripe-em-portugal-mortalidade-acima-do-normal-entre-maiores-de-45\/#article\",\"isPartOf\":{\"@id\":\"https:\/\/portaltela.pt\/noticias\/2026\/01\/08\/gripe-em-portugal-mortalidade-acima-do-normal-entre-maiores-de-45\/\"},\"author\":{\"name\":\"Telinha\",\"@id\":\"https:\/\/portaltela.pt\/#\/schema\/person\/c4278d4a6028830caff9ee44b42d32ed\"},\"headline\":\"Gripe em Portugal: mortalidade acima do normal entre maiores de 45\",\"datePublished\":\"2026-01-08T21:33:00+00:00\",\"mainEntityOfPage\":{\"@id\":\"https:\/\/portaltela.pt\/noticias\/2026\/01\/08\/gripe-em-portugal-mortalidade-acima-do-normal-entre-maiores-de-45\/\"},\"wordCount\":354,\"image\":{\"@id\":\"https:\/\/portaltela.pt\/noticias\/2026\/01\/08\/gripe-em-portugal-mortalidade-acima-do-normal-entre-maiores-de-45\/#primaryimage\"},\"thumbnailUrl\":\"https:\/\/portaltela.pt\/s.01k8rhncp4jt1\/2026\/01\/2057706.jpg\",\"keywords\":[\"Alentejo\",\"Algarve\",\"doen\u00e7as\",\"infec\u00e7\u00f5es respirat\u00f3rias agudas\",\"Portugal\",\"sa\u00fade p\u00fablica\"],\"articleSection\":[\"Not\u00edcias\"],\"inLanguage\":\"pt-PT\"},{\"@type\":\"WebPage\",\"@id\":\"https:\/\/portaltela.pt\/noticias\/2026\/01\/08\/gripe-em-portugal-mortalidade-acima-do-normal-entre-maiores-de-45\/\",\"url\":\"https:\/\/portaltela.pt\/noticias\/2026\/01\/08\/gripe-em-portugal-mortalidade-acima-do-normal-entre-maiores-de-45\/\",\"name\":\"Gripe em Portugal: mortalidade acima do normal entre maiores de 45 - Portal Tela Portugal\",\"isPartOf\":{\"@id\":\"https:\/\/portaltela.pt\/#website\"},\"primaryImageOfPage\":{\"@id\":\"https:\/\/portaltela.pt\/noticias\/2026\/01\/08\/gripe-em-portugal-mortalidade-acima-do-normal-entre-maiores-de-45\/#primaryimage\"},\"image\":{\"@id\":\"https:\/\/portaltela.pt\/noticias\/2026\/01\/08\/gripe-em-portugal-mortalidade-acima-do-normal-entre-maiores-de-45\/#primaryimage\"},\"thumbnailUrl\":\"https:\/\/portaltela.pt\/s.01k8rhncp4jt1\/2026\/01\/2057706.jpg\",\"datePublished\":\"2026-01-08T21:33:00+00:00\",\"author\":{\"@id\":\"https:\/\/portaltela.pt\/#\/schema\/person\/c4278d4a6028830caff9ee44b42d32ed\"},\"breadcrumb\":{\"@id\":\"https:\/\/portaltela.pt\/noticias\/2026\/01\/08\/gripe-em-portugal-mortalidade-acima-do-normal-entre-maiores-de-45\/#breadcrumb\"},\"inLanguage\":\"pt-PT\",\"potentialAction\":[{\"@type\":\"ReadAction\",\"target\":[\"https:\/\/portaltela.pt\/noticias\/2026\/01\/08\/gripe-em-portugal-mortalidade-acima-do-normal-entre-maiores-de-45\/\"]}]},{\"@type\":\"ImageObject\",\"inLanguage\":\"pt-PT\",\"@id\":\"https:\/\/portaltela.pt\/noticias\/2026\/01\/08\/gripe-em-portugal-mortalidade-acima-do-normal-entre-maiores-de-45\/#primaryimage\",\"url\":\"https:\/\/portaltela.pt\/s.01k8rhncp4jt1\/2026\/01\/2057706.jpg\",\"contentUrl\":\"https:\/\/portaltela.pt\/s.01k8rhncp4jt1\/2026\/01\/2057706.jpg\",\"width\":796,\"height\":448,\"caption\":\"Autoridades de sa\u00fade continuam a apelar \u00e0 vacina\u00e7\u00e3o contra a gripe\"},{\"@type\":\"BreadcrumbList\",\"@id\":\"https:\/\/portaltela.pt\/noticias\/2026\/01\/08\/gripe-em-portugal-mortalidade-acima-do-normal-entre-maiores-de-45\/#breadcrumb\",\"itemListElement\":[{\"@type\":\"ListItem\",\"position\":1,\"name\":\"In\u00edcio\",\"item\":\"https:\/\/portaltela.pt\/\"},{\"@type\":\"ListItem\",\"position\":2,\"name\":\"Gripe em Portugal: mortalidade acima do normal entre maiores de 45\"}]},{\"@type\":\"WebSite\",\"@id\":\"https:\/\/portaltela.pt\/#website\",\"url\":\"https:\/\/portaltela.pt\/\",\"name\":\"Portal Tela Portugal\",\"description\":\"\",\"potentialAction\":[{\"@type\":\"SearchAction\",\"target\":{\"@type\":\"EntryPoint\",\"urlTemplate\":\"https:\/\/portaltela.pt\/?s={search_term_string}\"},\"query-input\":{\"@type\":\"PropertyValueSpecification\",\"valueRequired\":true,\"valueName\":\"search_term_string\"}}],\"inLanguage\":\"pt-PT\"},{\"@type\":\"Person\",\"@id\":\"https:\/\/portaltela.pt\/#\/schema\/person\/c4278d4a6028830caff9ee44b42d32ed\",\"name\":\"Telinha\",\"image\":{\"@type\":\"ImageObject\",\"inLanguage\":\"pt-PT\",\"@id\":\"https:\/\/portaltela.pt\/s.01k8rhncp4jt1\/2025\/11\/talking-bot-125x125.png\",\"url\":\"https:\/\/portaltela.pt\/s.01k8rhncp4jt1\/2025\/11\/talking-bot-125x125.png\",\"contentUrl\":\"https:\/\/portaltela.pt\/s.01k8rhncp4jt1\/2025\/11\/talking-bot-125x125.png\",\"caption\":\"Telinha\"},\"sameAs\":[\"https:\/\/portaltela.pt\/\"],\"url\":\"https:\/\/portaltela.pt\/por\/367410592786\/\"}]}<\/script>\n<!-- \/ Yoast SEO plugin. -->","yoast_head_json":{"title":"Gripe em Portugal: mortalidade acima do normal entre maiores de 45 - Portal Tela Portugal","robots":{"index":"index","follow":"follow","max-snippet":"max-snippet:-1","max-image-preview":"max-image-preview:large","max-video-preview":"max-video-preview:-1"},"og_locale":"pt_PT","og_type":"article","og_title":"Gripe em Portugal: mortalidade acima do normal entre maiores de 45 - Portal Tela Portugal","og_description":"Excesso de mortalidade em Portugal desde o in\u00edcio de Dezembro \u00e9 de cerca de 22%, associado ao frio e \u00e0 epidemia de gripe, com aumento das mortes por doen\u00e7as respirat\u00f3rias em todos os grupos acima dos 45 anos na primeira semana de Janeiro. Nesta semana, entre 29 de Dezembro e 4 de Janeiro, foram diagnosticados 1340 casos positivos de gripe, aumentando levemente face \u00e0s duas semanas anteriores; o pico ocorreu no final de Dezembro e a evolu\u00e7\u00e3o situa-se num plano est\u00e1vel. Quase todos os casos identificados s\u00e3o do tipo A (1331), com subtipos A(H3N2) em 162 casos e A(H1N1)pdm09 em 134 casos. Houve aumento da mortalidade por doen\u00e7as cardiovasculares e metab\u00f3licas associadas \u00e0 exposi\u00e7\u00e3o ao frio; o excesso de mortalidade \u00e9 mais elevado no Alentejo e no Algarve, refletindo fatores demogr\u00e1ficos e de vacina\u00e7\u00e3o. Em termos hospitalares, registaram-se 27 casos de gripe em unidades de cuidados intensivos na \u00faltima semana, com maior parte dos internados tendo doen\u00e7a cr\u00f3nica; apenas seis estavam vacinados. Desde o in\u00edcio da \u00e9poca gripal, j\u00e1 foram notificados 11.795 casos de gripe e 59.135 de infec\u00e7\u00e3o respirat\u00f3ria.","og_url":"https:\/\/portaltela.pt\/noticias\/2026\/01\/08\/gripe-em-portugal-mortalidade-acima-do-normal-entre-maiores-de-45\/","og_site_name":"Portal Tela Portugal","article_published_time":"2026-01-08T21:33:00+00:00","author":"Telinha","twitter_card":"summary_large_image","twitter_misc":{"Escrito por":"Telinha","Tempo estimado de leitura":"2 minutos"},"schema":{"@context":"https:\/\/schema.org","@graph":[{"@type":"Article","@id":"https:\/\/portaltela.pt\/noticias\/2026\/01\/08\/gripe-em-portugal-mortalidade-acima-do-normal-entre-maiores-de-45\/#article","isPartOf":{"@id":"https:\/\/portaltela.pt\/noticias\/2026\/01\/08\/gripe-em-portugal-mortalidade-acima-do-normal-entre-maiores-de-45\/"},"author":{"name":"Telinha","@id":"https:\/\/portaltela.pt\/#\/schema\/person\/c4278d4a6028830caff9ee44b42d32ed"},"headline":"Gripe em Portugal: mortalidade acima do normal entre maiores de 45","datePublished":"2026-01-08T21:33:00+00:00","mainEntityOfPage":{"@id":"https:\/\/portaltela.pt\/noticias\/2026\/01\/08\/gripe-em-portugal-mortalidade-acima-do-normal-entre-maiores-de-45\/"},"wordCount":354,"image":{"@id":"https:\/\/portaltela.pt\/noticias\/2026\/01\/08\/gripe-em-portugal-mortalidade-acima-do-normal-entre-maiores-de-45\/#primaryimage"},"thumbnailUrl":"https:\/\/portaltela.pt\/s.01k8rhncp4jt1\/2026\/01\/2057706.jpg","keywords":["Alentejo","Algarve","doen\u00e7as","infec\u00e7\u00f5es respirat\u00f3rias agudas","Portugal","sa\u00fade p\u00fablica"],"articleSection":["Not\u00edcias"],"inLanguage":"pt-PT"},{"@type":"WebPage","@id":"https:\/\/portaltela.pt\/noticias\/2026\/01\/08\/gripe-em-portugal-mortalidade-acima-do-normal-entre-maiores-de-45\/","url":"https:\/\/portaltela.pt\/noticias\/2026\/01\/08\/gripe-em-portugal-mortalidade-acima-do-normal-entre-maiores-de-45\/","name":"Gripe em Portugal: mortalidade acima do normal entre maiores de 45 - Portal Tela Portugal","isPartOf":{"@id":"https:\/\/portaltela.pt\/#website"},"primaryImageOfPage":{"@id":"https:\/\/portaltela.pt\/noticias\/2026\/01\/08\/gripe-em-portugal-mortalidade-acima-do-normal-entre-maiores-de-45\/#primaryimage"},"image":{"@id":"https:\/\/portaltela.pt\/noticias\/2026\/01\/08\/gripe-em-portugal-mortalidade-acima-do-normal-entre-maiores-de-45\/#primaryimage"},"thumbnailUrl":"https:\/\/portaltela.pt\/s.01k8rhncp4jt1\/2026\/01\/2057706.jpg","datePublished":"2026-01-08T21:33:00+00:00","author":{"@id":"https:\/\/portaltela.pt\/#\/schema\/person\/c4278d4a6028830caff9ee44b42d32ed"},"breadcrumb":{"@id":"https:\/\/portaltela.pt\/noticias\/2026\/01\/08\/gripe-em-portugal-mortalidade-acima-do-normal-entre-maiores-de-45\/#breadcrumb"},"inLanguage":"pt-PT","potentialAction":[{"@type":"ReadAction","target":["https:\/\/portaltela.pt\/noticias\/2026\/01\/08\/gripe-em-portugal-mortalidade-acima-do-normal-entre-maiores-de-45\/"]}]},{"@type":"ImageObject","inLanguage":"pt-PT","@id":"https:\/\/portaltela.pt\/noticias\/2026\/01\/08\/gripe-em-portugal-mortalidade-acima-do-normal-entre-maiores-de-45\/#primaryimage","url":"https:\/\/portaltela.pt\/s.01k8rhncp4jt1\/2026\/01\/2057706.jpg","contentUrl":"https:\/\/portaltela.pt\/s.01k8rhncp4jt1\/2026\/01\/2057706.jpg","width":796,"height":448,"caption":"Autoridades de sa\u00fade continuam a apelar \u00e0 vacina\u00e7\u00e3o contra a gripe"},{"@type":"BreadcrumbList","@id":"https:\/\/portaltela.pt\/noticias\/2026\/01\/08\/gripe-em-portugal-mortalidade-acima-do-normal-entre-maiores-de-45\/#breadcrumb","itemListElement":[{"@type":"ListItem","position":1,"name":"In\u00edcio","item":"https:\/\/portaltela.pt\/"},{"@type":"ListItem","position":2,"name":"Gripe em Portugal: mortalidade acima do normal entre maiores de 45"}]},{"@type":"WebSite","@id":"https:\/\/portaltela.pt\/#website","url":"https:\/\/portaltela.pt\/","name":"Portal Tela Portugal","description":"","potentialAction":[{"@type":"SearchAction","target":{"@type":"EntryPoint","urlTemplate":"https:\/\/portaltela.pt\/?s={search_term_string}"},"query-input":{"@type":"PropertyValueSpecification","valueRequired":true,"valueName":"search_term_string"}}],"inLanguage":"pt-PT"},{"@type":"Person","@id":"https:\/\/portaltela.pt\/#\/schema\/person\/c4278d4a6028830caff9ee44b42d32ed","name":"Telinha","image":{"@type":"ImageObject","inLanguage":"pt-PT","@id":"https:\/\/portaltela.pt\/s.01k8rhncp4jt1\/2025\/11\/talking-bot-125x125.png","url":"https:\/\/portaltela.pt\/s.01k8rhncp4jt1\/2025\/11\/talking-bot-125x125.png","contentUrl":"https:\/\/portaltela.pt\/s.01k8rhncp4jt1\/2025\/11\/talking-bot-125x125.png","caption":"Telinha"},"sameAs":["https:\/\/portaltela.pt\/"],"url":"https:\/\/portaltela.pt\/por\/367410592786\/"}]}},"_links":{"self":[{"href":"https:\/\/portaltela.pt\/api\/wp\/v2\/posts\/126876","targetHints":{"allow":["GET"]}}],"collection":[{"href":"https:\/\/portaltela.pt\/api\/wp\/v2\/posts"}],"about":[{"href":"https:\/\/portaltela.pt\/api\/wp\/v2\/types\/post"}],"author":[{"embeddable":true,"href":"https:\/\/portaltela.pt\/api\/wp\/v2\/users\/2"}],"replies":[{"embeddable":true,"href":"https:\/\/portaltela.pt\/api\/wp\/v2\/comments?post=126876"}],"version-history":[{"count":0,"href":"https:\/\/portaltela.pt\/api\/wp\/v2\/posts\/126876\/revisions"}],"wp:featuredmedia":[{"embeddable":true,"href":"https:\/\/portaltela.pt\/api\/wp\/v2\/media\/126883"}],"wp:attachment":[{"href":"https:\/\/portaltela.pt\/api\/wp\/v2\/media?parent=126876"}],"wp:term":[{"taxonomy":"category","embeddable":true,"href":"https:\/\/portaltela.pt\/api\/wp\/v2\/categories?post=126876"},{"taxonomy":"post_tag","embeddable":true,"href":"https:\/\/portaltela.pt\/api\/wp\/v2\/tags?post=126876"}],"curies":[{"name":"wp","href":"https:\/\/api.w.org\/{rel}","templated":true}]}}