{"id":126811,"date":"2026-01-08T17:45:00","date_gmt":"2026-01-08T20:45:00","guid":{"rendered":"https:\/\/portaltela.pt\/noticias\/2026\/01\/08\/camara-de-serpa-reduz-derrama-e-irs-em-2026-para-apoiar-empresas-e-familias\/"},"modified":"2026-01-08T17:45:00","modified_gmt":"2026-01-08T20:45:00","slug":"camara-de-serpa-reduz-derrama-e-irs-em-2026-para-apoiar-empresas-e-familias","status":"publish","type":"post","link":"https:\/\/portaltela.pt\/noticias\/economia\/2026\/01\/08\/camara-de-serpa-reduz-derrama-e-irs-em-2026-para-apoiar-empresas-e-familias\/","title":{"rendered":"C\u00e2mara de Serpa reduz Derrama e IRS em 2026 para apoiar empresas e fam\u00edlias"},"content":{"rendered":"<p>A C\u00e2mara Municipal de Serpa anunciou, no final de dezembro, a redu\u00e7\u00e3o das taxas de Derrama e da participa\u00e7\u00e3o vari\u00e1vel no IRS para 2026, com o objetivo de apoiar empresas e fam\u00edlias do concelho. A medida foi aprovada pela Assembleia Municipal e enquadra-se num esfor\u00e7o de atra\u00e7\u00e3o de investimento e de fixa\u00e7\u00e3o da popula\u00e7\u00e3o.<\/p>\n<p>A autarquia descreve a medida como parte de um \u201cnovo ciclo na gest\u00e3o fiscal local\u201d, que passa a ser uma ferramenta de est\u00edmulo econ\u00f3mico e de competitividade do munic\u00edpio. O munic\u00edpio sublinha que as decis\u00f5es abrem caminho a um pacote gradual de apoios para fam\u00edlias e empresas.<\/p>\n<p>Segundo a C\u00e2mara, a op\u00e7\u00e3o representa uma transforma\u00e7\u00e3o estrutural na governa\u00e7\u00e3o do munic\u00edpio, com maior express\u00e3o or\u00e7amental no or\u00e7amento que ser\u00e1 apresentado no final de janeiro pelo novo executivo liderado por Francisco Picareta.<\/p>\n<p>No que toca aos n\u00fameros, a Derrama para 2026 ficar\u00e1 em 1,25% para sujeitos passivos com volume de neg\u00f3cios superior a 150 mil euros. J\u00e1 a participa\u00e7\u00e3o vari\u00e1vel no IRS foi aprovada em 4,5%.<\/p>\n","protected":false},"excerpt":{"rendered":"<ul>\n<li>A C\u00e2mara Municipal de Serpa vai reduzir, em 2026, as taxas de Derrama e de participa\u00e7\u00e3o vari\u00e1vel no IRS para apoiar empresas e fam\u00edlias.<\/li>\n<li>A Derrama, para sujeitos passivos com volume de neg\u00f3cios superior a 150 mil euros, fica em 1,25%.<\/li>\n<li>A participa\u00e7\u00e3o vari\u00e1vel do IRS do munic\u00edpio \u00e9 reduzida para 4,5%.<\/li>\n<li>As propostas foram aprovadas pela Assembleia Municipal no final de dezembro, inseridas no novo ciclo de gest\u00e3o fiscal local.<\/li>\n<li>O grupo municipal, liderado por Francisco Picareta, aponta um pacote gradual de apoios \u00e0s fam\u00edlias e \u00e0s empresas e uma aposta na atratividade, fixa\u00e7\u00e3o de popula\u00e7\u00e3o e investimento.<\/li>\n<\/ul>\n","protected":false},"author":2,"featured_media":126821,"comment_status":"closed","ping_status":"closed","sticky":false,"template":"","format":"standard","meta":{"footnotes":""},"categories":[2],"tags":[703,1209,190,28,34,1769],"class_list":["post-126811","post","type-post","status-publish","format-standard","has-post-thumbnail","hentry","category-economia","tag-camara","tag-derrama","tag-desenvolvimento-economico","tag-economia","tag-governo","tag-orcamento-territorio"],"yoast_head":"<!-- This site is optimized with the Yoast SEO plugin v27.2 - https:\/\/yoast.com\/product\/yoast-seo-wordpress\/ -->\n<title>C\u00e2mara de Serpa reduz Derrama e IRS em 2026 para apoiar empresas e fam\u00edlias - Portal Tela Portugal<\/title>\n<meta name=\"robots\" content=\"index, follow, max-snippet:-1, max-image-preview:large, max-video-preview:-1\" \/>\n<meta property=\"og:locale\" content=\"pt_PT\" \/>\n<meta property=\"og:type\" content=\"article\" \/>\n<meta property=\"og:title\" content=\"C\u00e2mara de Serpa reduz Derrama e IRS em 2026 para apoiar empresas e fam\u00edlias - Portal Tela Portugal\" \/>\n<meta property=\"og:description\" content=\"A C\u00e2mara Municipal de Serpa vai reduzir, em 2026, as taxas de Derrama e de participa\u00e7\u00e3o vari\u00e1vel no IRS para apoiar empresas e fam\u00edlias. A Derrama, para sujeitos passivos com volume de neg\u00f3cios superior a 150 mil euros, fica em 1,25%. A participa\u00e7\u00e3o vari\u00e1vel do IRS do munic\u00edpio \u00e9 reduzida para 4,5%. As propostas foram aprovadas pela Assembleia Municipal no final de dezembro, inseridas no novo ciclo de gest\u00e3o fiscal local. O grupo municipal, liderado por Francisco Picareta, aponta um pacote gradual de apoios \u00e0s fam\u00edlias e \u00e0s empresas e uma aposta na atratividade, fixa\u00e7\u00e3o de popula\u00e7\u00e3o e investimento.\" \/>\n<meta property=\"og:url\" content=\"https:\/\/portaltela.pt\/noticias\/2026\/01\/08\/camara-de-serpa-reduz-derrama-e-irs-em-2026-para-apoiar-empresas-e-familias\/\" \/>\n<meta property=\"og:site_name\" content=\"Portal Tela Portugal\" \/>\n<meta property=\"article:published_time\" content=\"2026-01-08T20:45:00+00:00\" \/>\n<meta name=\"author\" content=\"Telinha\" \/>\n<meta name=\"twitter:card\" content=\"summary_large_image\" \/>\n<meta name=\"twitter:label1\" content=\"Escrito por\" \/>\n\t<meta name=\"twitter:data1\" content=\"Telinha\" \/>\n\t<meta name=\"twitter:label2\" content=\"Tempo estimado de leitura\" \/>\n\t<meta name=\"twitter:data2\" content=\"1 minuto\" \/>\n<script type=\"application\/ld+json\" class=\"yoast-schema-graph\">{\"@context\":\"https:\/\/schema.org\",\"@graph\":[{\"@type\":\"Article\",\"@id\":\"https:\/\/portaltela.pt\/noticias\/2026\/01\/08\/camara-de-serpa-reduz-derrama-e-irs-em-2026-para-apoiar-empresas-e-familias\/#article\",\"isPartOf\":{\"@id\":\"https:\/\/portaltela.pt\/noticias\/2026\/01\/08\/camara-de-serpa-reduz-derrama-e-irs-em-2026-para-apoiar-empresas-e-familias\/\"},\"author\":{\"name\":\"Telinha\",\"@id\":\"https:\/\/portaltela.pt\/#\/schema\/person\/c4278d4a6028830caff9ee44b42d32ed\"},\"headline\":\"C\u00e2mara de Serpa reduz Derrama e IRS em 2026 para apoiar empresas e fam\u00edlias\",\"datePublished\":\"2026-01-08T20:45:00+00:00\",\"mainEntityOfPage\":{\"@id\":\"https:\/\/portaltela.pt\/noticias\/2026\/01\/08\/camara-de-serpa-reduz-derrama-e-irs-em-2026-para-apoiar-empresas-e-familias\/\"},\"wordCount\":206,\"image\":{\"@id\":\"https:\/\/portaltela.pt\/noticias\/2026\/01\/08\/camara-de-serpa-reduz-derrama-e-irs-em-2026-para-apoiar-empresas-e-familias\/#primaryimage\"},\"thumbnailUrl\":\"https:\/\/portaltela.pt\/s.01k8rhncp4jt1\/2026\/01\/unnamed-file-1690.jpg\",\"keywords\":[\"c\u00e2mara\",\"Derrama\",\"Desenvolvimento econ\u00f3mico\",\"economia\",\"governo\",\"Or\u00e7amento\/Territ\u00f3rio\"],\"articleSection\":[\"Economia\"],\"inLanguage\":\"pt-PT\"},{\"@type\":\"WebPage\",\"@id\":\"https:\/\/portaltela.pt\/noticias\/2026\/01\/08\/camara-de-serpa-reduz-derrama-e-irs-em-2026-para-apoiar-empresas-e-familias\/\",\"url\":\"https:\/\/portaltela.pt\/noticias\/2026\/01\/08\/camara-de-serpa-reduz-derrama-e-irs-em-2026-para-apoiar-empresas-e-familias\/\",\"name\":\"C\u00e2mara de Serpa reduz Derrama e IRS em 2026 para apoiar empresas e fam\u00edlias - Portal Tela Portugal\",\"isPartOf\":{\"@id\":\"https:\/\/portaltela.pt\/#website\"},\"primaryImageOfPage\":{\"@id\":\"https:\/\/portaltela.pt\/noticias\/2026\/01\/08\/camara-de-serpa-reduz-derrama-e-irs-em-2026-para-apoiar-empresas-e-familias\/#primaryimage\"},\"image\":{\"@id\":\"https:\/\/portaltela.pt\/noticias\/2026\/01\/08\/camara-de-serpa-reduz-derrama-e-irs-em-2026-para-apoiar-empresas-e-familias\/#primaryimage\"},\"thumbnailUrl\":\"https:\/\/portaltela.pt\/s.01k8rhncp4jt1\/2026\/01\/unnamed-file-1690.jpg\",\"datePublished\":\"2026-01-08T20:45:00+00:00\",\"author\":{\"@id\":\"https:\/\/portaltela.pt\/#\/schema\/person\/c4278d4a6028830caff9ee44b42d32ed\"},\"breadcrumb\":{\"@id\":\"https:\/\/portaltela.pt\/noticias\/2026\/01\/08\/camara-de-serpa-reduz-derrama-e-irs-em-2026-para-apoiar-empresas-e-familias\/#breadcrumb\"},\"inLanguage\":\"pt-PT\",\"potentialAction\":[{\"@type\":\"ReadAction\",\"target\":[\"https:\/\/portaltela.pt\/noticias\/2026\/01\/08\/camara-de-serpa-reduz-derrama-e-irs-em-2026-para-apoiar-empresas-e-familias\/\"]}]},{\"@type\":\"ImageObject\",\"inLanguage\":\"pt-PT\",\"@id\":\"https:\/\/portaltela.pt\/noticias\/2026\/01\/08\/camara-de-serpa-reduz-derrama-e-irs-em-2026-para-apoiar-empresas-e-familias\/#primaryimage\",\"url\":\"https:\/\/portaltela.pt\/s.01k8rhncp4jt1\/2026\/01\/unnamed-file-1690.jpg\",\"contentUrl\":\"https:\/\/portaltela.pt\/s.01k8rhncp4jt1\/2026\/01\/unnamed-file-1690.jpg\",\"width\":796,\"height\":448,\"caption\":\"C\u00e2mara de Serpa reduz Derrama e IRS em 2026 para apoiar empresas e fam\u00edlias\"},{\"@type\":\"BreadcrumbList\",\"@id\":\"https:\/\/portaltela.pt\/noticias\/2026\/01\/08\/camara-de-serpa-reduz-derrama-e-irs-em-2026-para-apoiar-empresas-e-familias\/#breadcrumb\",\"itemListElement\":[{\"@type\":\"ListItem\",\"position\":1,\"name\":\"In\u00edcio\",\"item\":\"https:\/\/portaltela.pt\/\"},{\"@type\":\"ListItem\",\"position\":2,\"name\":\"C\u00e2mara de Serpa reduz Derrama e IRS em 2026 para apoiar empresas e fam\u00edlias\"}]},{\"@type\":\"WebSite\",\"@id\":\"https:\/\/portaltela.pt\/#website\",\"url\":\"https:\/\/portaltela.pt\/\",\"name\":\"Portal Tela Portugal\",\"description\":\"\",\"potentialAction\":[{\"@type\":\"SearchAction\",\"target\":{\"@type\":\"EntryPoint\",\"urlTemplate\":\"https:\/\/portaltela.pt\/?s={search_term_string}\"},\"query-input\":{\"@type\":\"PropertyValueSpecification\",\"valueRequired\":true,\"valueName\":\"search_term_string\"}}],\"inLanguage\":\"pt-PT\"},{\"@type\":\"Person\",\"@id\":\"https:\/\/portaltela.pt\/#\/schema\/person\/c4278d4a6028830caff9ee44b42d32ed\",\"name\":\"Telinha\",\"image\":{\"@type\":\"ImageObject\",\"inLanguage\":\"pt-PT\",\"@id\":\"https:\/\/portaltela.pt\/s.01k8rhncp4jt1\/2025\/11\/talking-bot-125x125.png\",\"url\":\"https:\/\/portaltela.pt\/s.01k8rhncp4jt1\/2025\/11\/talking-bot-125x125.png\",\"contentUrl\":\"https:\/\/portaltela.pt\/s.01k8rhncp4jt1\/2025\/11\/talking-bot-125x125.png\",\"caption\":\"Telinha\"},\"sameAs\":[\"https:\/\/portaltela.pt\/\"],\"url\":\"https:\/\/portaltela.pt\/por\/367410592786\/\"}]}<\/script>\n<!-- \/ Yoast SEO plugin. -->","yoast_head_json":{"title":"C\u00e2mara de Serpa reduz Derrama e IRS em 2026 para apoiar empresas e fam\u00edlias - Portal Tela Portugal","robots":{"index":"index","follow":"follow","max-snippet":"max-snippet:-1","max-image-preview":"max-image-preview:large","max-video-preview":"max-video-preview:-1"},"og_locale":"pt_PT","og_type":"article","og_title":"C\u00e2mara de Serpa reduz Derrama e IRS em 2026 para apoiar empresas e fam\u00edlias - Portal Tela Portugal","og_description":"A C\u00e2mara Municipal de Serpa vai reduzir, em 2026, as taxas de Derrama e de participa\u00e7\u00e3o vari\u00e1vel no IRS para apoiar empresas e fam\u00edlias. A Derrama, para sujeitos passivos com volume de neg\u00f3cios superior a 150 mil euros, fica em 1,25%. A participa\u00e7\u00e3o vari\u00e1vel do IRS do munic\u00edpio \u00e9 reduzida para 4,5%. As propostas foram aprovadas pela Assembleia Municipal no final de dezembro, inseridas no novo ciclo de gest\u00e3o fiscal local. O grupo municipal, liderado por Francisco Picareta, aponta um pacote gradual de apoios \u00e0s fam\u00edlias e \u00e0s empresas e uma aposta na atratividade, fixa\u00e7\u00e3o de popula\u00e7\u00e3o e investimento.","og_url":"https:\/\/portaltela.pt\/noticias\/2026\/01\/08\/camara-de-serpa-reduz-derrama-e-irs-em-2026-para-apoiar-empresas-e-familias\/","og_site_name":"Portal Tela Portugal","article_published_time":"2026-01-08T20:45:00+00:00","author":"Telinha","twitter_card":"summary_large_image","twitter_misc":{"Escrito por":"Telinha","Tempo estimado de leitura":"1 minuto"},"schema":{"@context":"https:\/\/schema.org","@graph":[{"@type":"Article","@id":"https:\/\/portaltela.pt\/noticias\/2026\/01\/08\/camara-de-serpa-reduz-derrama-e-irs-em-2026-para-apoiar-empresas-e-familias\/#article","isPartOf":{"@id":"https:\/\/portaltela.pt\/noticias\/2026\/01\/08\/camara-de-serpa-reduz-derrama-e-irs-em-2026-para-apoiar-empresas-e-familias\/"},"author":{"name":"Telinha","@id":"https:\/\/portaltela.pt\/#\/schema\/person\/c4278d4a6028830caff9ee44b42d32ed"},"headline":"C\u00e2mara de Serpa reduz Derrama e IRS em 2026 para apoiar empresas e fam\u00edlias","datePublished":"2026-01-08T20:45:00+00:00","mainEntityOfPage":{"@id":"https:\/\/portaltela.pt\/noticias\/2026\/01\/08\/camara-de-serpa-reduz-derrama-e-irs-em-2026-para-apoiar-empresas-e-familias\/"},"wordCount":206,"image":{"@id":"https:\/\/portaltela.pt\/noticias\/2026\/01\/08\/camara-de-serpa-reduz-derrama-e-irs-em-2026-para-apoiar-empresas-e-familias\/#primaryimage"},"thumbnailUrl":"https:\/\/portaltela.pt\/s.01k8rhncp4jt1\/2026\/01\/unnamed-file-1690.jpg","keywords":["c\u00e2mara","Derrama","Desenvolvimento econ\u00f3mico","economia","governo","Or\u00e7amento\/Territ\u00f3rio"],"articleSection":["Economia"],"inLanguage":"pt-PT"},{"@type":"WebPage","@id":"https:\/\/portaltela.pt\/noticias\/2026\/01\/08\/camara-de-serpa-reduz-derrama-e-irs-em-2026-para-apoiar-empresas-e-familias\/","url":"https:\/\/portaltela.pt\/noticias\/2026\/01\/08\/camara-de-serpa-reduz-derrama-e-irs-em-2026-para-apoiar-empresas-e-familias\/","name":"C\u00e2mara de Serpa reduz Derrama e IRS em 2026 para apoiar empresas e fam\u00edlias - Portal Tela Portugal","isPartOf":{"@id":"https:\/\/portaltela.pt\/#website"},"primaryImageOfPage":{"@id":"https:\/\/portaltela.pt\/noticias\/2026\/01\/08\/camara-de-serpa-reduz-derrama-e-irs-em-2026-para-apoiar-empresas-e-familias\/#primaryimage"},"image":{"@id":"https:\/\/portaltela.pt\/noticias\/2026\/01\/08\/camara-de-serpa-reduz-derrama-e-irs-em-2026-para-apoiar-empresas-e-familias\/#primaryimage"},"thumbnailUrl":"https:\/\/portaltela.pt\/s.01k8rhncp4jt1\/2026\/01\/unnamed-file-1690.jpg","datePublished":"2026-01-08T20:45:00+00:00","author":{"@id":"https:\/\/portaltela.pt\/#\/schema\/person\/c4278d4a6028830caff9ee44b42d32ed"},"breadcrumb":{"@id":"https:\/\/portaltela.pt\/noticias\/2026\/01\/08\/camara-de-serpa-reduz-derrama-e-irs-em-2026-para-apoiar-empresas-e-familias\/#breadcrumb"},"inLanguage":"pt-PT","potentialAction":[{"@type":"ReadAction","target":["https:\/\/portaltela.pt\/noticias\/2026\/01\/08\/camara-de-serpa-reduz-derrama-e-irs-em-2026-para-apoiar-empresas-e-familias\/"]}]},{"@type":"ImageObject","inLanguage":"pt-PT","@id":"https:\/\/portaltela.pt\/noticias\/2026\/01\/08\/camara-de-serpa-reduz-derrama-e-irs-em-2026-para-apoiar-empresas-e-familias\/#primaryimage","url":"https:\/\/portaltela.pt\/s.01k8rhncp4jt1\/2026\/01\/unnamed-file-1690.jpg","contentUrl":"https:\/\/portaltela.pt\/s.01k8rhncp4jt1\/2026\/01\/unnamed-file-1690.jpg","width":796,"height":448,"caption":"C\u00e2mara de Serpa reduz Derrama e IRS em 2026 para apoiar empresas e fam\u00edlias"},{"@type":"BreadcrumbList","@id":"https:\/\/portaltela.pt\/noticias\/2026\/01\/08\/camara-de-serpa-reduz-derrama-e-irs-em-2026-para-apoiar-empresas-e-familias\/#breadcrumb","itemListElement":[{"@type":"ListItem","position":1,"name":"In\u00edcio","item":"https:\/\/portaltela.pt\/"},{"@type":"ListItem","position":2,"name":"C\u00e2mara de Serpa reduz Derrama e IRS em 2026 para apoiar empresas e fam\u00edlias"}]},{"@type":"WebSite","@id":"https:\/\/portaltela.pt\/#website","url":"https:\/\/portaltela.pt\/","name":"Portal Tela Portugal","description":"","potentialAction":[{"@type":"SearchAction","target":{"@type":"EntryPoint","urlTemplate":"https:\/\/portaltela.pt\/?s={search_term_string}"},"query-input":{"@type":"PropertyValueSpecification","valueRequired":true,"valueName":"search_term_string"}}],"inLanguage":"pt-PT"},{"@type":"Person","@id":"https:\/\/portaltela.pt\/#\/schema\/person\/c4278d4a6028830caff9ee44b42d32ed","name":"Telinha","image":{"@type":"ImageObject","inLanguage":"pt-PT","@id":"https:\/\/portaltela.pt\/s.01k8rhncp4jt1\/2025\/11\/talking-bot-125x125.png","url":"https:\/\/portaltela.pt\/s.01k8rhncp4jt1\/2025\/11\/talking-bot-125x125.png","contentUrl":"https:\/\/portaltela.pt\/s.01k8rhncp4jt1\/2025\/11\/talking-bot-125x125.png","caption":"Telinha"},"sameAs":["https:\/\/portaltela.pt\/"],"url":"https:\/\/portaltela.pt\/por\/367410592786\/"}]}},"_links":{"self":[{"href":"https:\/\/portaltela.pt\/api\/wp\/v2\/posts\/126811","targetHints":{"allow":["GET"]}}],"collection":[{"href":"https:\/\/portaltela.pt\/api\/wp\/v2\/posts"}],"about":[{"href":"https:\/\/portaltela.pt\/api\/wp\/v2\/types\/post"}],"author":[{"embeddable":true,"href":"https:\/\/portaltela.pt\/api\/wp\/v2\/users\/2"}],"replies":[{"embeddable":true,"href":"https:\/\/portaltela.pt\/api\/wp\/v2\/comments?post=126811"}],"version-history":[{"count":0,"href":"https:\/\/portaltela.pt\/api\/wp\/v2\/posts\/126811\/revisions"}],"wp:featuredmedia":[{"embeddable":true,"href":"https:\/\/portaltela.pt\/api\/wp\/v2\/media\/126821"}],"wp:attachment":[{"href":"https:\/\/portaltela.pt\/api\/wp\/v2\/media?parent=126811"}],"wp:term":[{"taxonomy":"category","embeddable":true,"href":"https:\/\/portaltela.pt\/api\/wp\/v2\/categories?post=126811"},{"taxonomy":"post_tag","embeddable":true,"href":"https:\/\/portaltela.pt\/api\/wp\/v2\/tags?post=126811"}],"curies":[{"name":"wp","href":"https:\/\/api.w.org\/{rel}","templated":true}]}}