{"id":126783,"date":"2026-01-08T17:23:00","date_gmt":"2026-01-08T20:23:00","guid":{"rendered":"https:\/\/portaltela.pt\/noticias\/2026\/01\/08\/montenegro-mantem-ministra-e-anuncia-275-viaturas-para-o-inem\/"},"modified":"2026-01-08T17:23:00","modified_gmt":"2026-01-08T20:23:00","slug":"montenegro-mantem-ministra-e-anuncia-275-viaturas-para-o-inem","status":"publish","type":"post","link":"https:\/\/portaltela.pt\/noticias\/politica\/2026\/01\/08\/montenegro-mantem-ministra-e-anuncia-275-viaturas-para-o-inem\/","title":{"rendered":"Montenegro mant\u00e9m ministra e anuncia 275 viaturas para o INEM"},"content":{"rendered":"<p>O primeiro-ministro Lu\u00eds Montenegro segurou a ministra da Sa\u00fade, Ana Paula Martins, no decorrer do debate quinzenal de 2026. A medida foi acompanhada pela confirma\u00e7\u00e3o de um refor\u00e7o de meios para o INEM, incluindo a aquisi\u00e7\u00e3o de 275 viaturas. O objetivo \u00e9 melhorar a resposta em situa\u00e7\u00f5es de emerg\u00eancia.<\/p>\n<p>A sess\u00e3o decorreu numa semana marcada por cr\u00edticas relacionadas com mortes de cidad\u00e3os enquanto aguardavam socorro. O tema da sa\u00fade dominou o debate, com Montenegro a responder a perguntas sobre a gest\u00e3o da pasta. O Governo garantiu continuidade da ministra.<\/p>\n<p>O an\u00fancio de 275 viaturas para o INEM foi apresentado como parte de uma estrat\u00e9gia de melhoria da resposta a emerg\u00eancias. A discuss\u00e3o incluiu acusa\u00e7\u00f5es de inconsist\u00eancias na gest\u00e3o, mas o primeiro-ministro manteve o foco na transforma\u00e7\u00e3o institucional para obter resultados.<\/p>\n<h3>Debate e respostas<\/h3>\n<p>Montenegro afirmou v\u00e1rias vezes que a demiss\u00e3o n\u00e3o \u00e9 solu\u00e7\u00e3o, sublinhando que a responsabilidade prim\u00e1ria \u00e9 dele. Garantiu que a lideran\u00e7a pol\u00edtica persiste com a ministra e com a equipa. Reiterou que a oposi\u00e7\u00e3o tem, por vezes, feito cr\u00edticas sem fundamenta\u00e7\u00e3o.<\/p>\n<h3>Papel do Governo<\/h3>\n<p>A autoridade manteve que est\u00e1 empenhada em refor\u00e7ar recursos operacionais do INEM. A ministra da Sa\u00fade continua no cargo, segundo o Governo, com a responsabilidade de implementar as medidas anunciadas e assegurar a continuidade da presta\u00e7\u00e3o de servi\u00e7os.<\/p>\n","protected":false},"excerpt":{"rendered":"<ul>\n<li>O primeiro-ministro Lu\u00eds Montenegro assegurou a continuidade da ministra da Sa\u00fade, Ana Paula Martins, no Governo.<\/li>\n<li>Montenegro anunciou o refor\u00e7o de meios para o INEM, incluindo a disponibiliza\u00e7\u00e3o de 275 viaturas.<\/li>\n<li>O debate quinzenal de 2026 ficou marcado pela crise na sa\u00fade, com mortes de cidad\u00e3os que aguardavam socorro do INEM.<\/li>\n<li>O Governo rejeitou demiss\u00f5es como solu\u00e7\u00e3o, defendendo que as mudan\u00e7as devem ocorrer para obter resultados.<\/li>\n<li>O chefe do Governo assumiu a responsabilidade pol\u00edtica e afirmou estar dispon\u00edvel para responder por toda a Administra\u00e7\u00e3o e pelos que a operacionalizam.<\/li>\n<\/ul>\n","protected":false},"author":2,"featured_media":126788,"comment_status":"closed","ping_status":"closed","sticky":false,"template":"","format":"standard","meta":{"footnotes":""},"categories":[1,5],"tags":[2209,1935,34,1922,1014,172],"class_list":["post-126783","post","type-post","status-publish","format-standard","has-post-thumbnail","hentry","category-noticias","category-politica","tag-ana-paula-martins","tag-emergencias","tag-governo","tag-inem","tag-portugal","tag-saude"],"yoast_head":"<!-- This site is optimized with the Yoast SEO plugin v27.2 - https:\/\/yoast.com\/product\/yoast-seo-wordpress\/ -->\n<title>Montenegro mant\u00e9m ministra e anuncia 275 viaturas para o INEM - Portal Tela Portugal<\/title>\n<meta name=\"robots\" content=\"index, follow, max-snippet:-1, max-image-preview:large, max-video-preview:-1\" \/>\n<meta property=\"og:locale\" content=\"pt_PT\" \/>\n<meta property=\"og:type\" content=\"article\" \/>\n<meta property=\"og:title\" content=\"Montenegro mant\u00e9m ministra e anuncia 275 viaturas para o INEM - Portal Tela Portugal\" \/>\n<meta property=\"og:description\" content=\"O primeiro-ministro Lu\u00eds Montenegro assegurou a continuidade da ministra da Sa\u00fade, Ana Paula Martins, no Governo. Montenegro anunciou o refor\u00e7o de meios para o INEM, incluindo a disponibiliza\u00e7\u00e3o de 275 viaturas. O debate quinzenal de 2026 ficou marcado pela crise na sa\u00fade, com mortes de cidad\u00e3os que aguardavam socorro do INEM. O Governo rejeitou demiss\u00f5es como solu\u00e7\u00e3o, defendendo que as mudan\u00e7as devem ocorrer para obter resultados. O chefe do Governo assumiu a responsabilidade pol\u00edtica e afirmou estar dispon\u00edvel para responder por toda a Administra\u00e7\u00e3o e pelos que a operacionalizam.\" \/>\n<meta property=\"og:url\" content=\"https:\/\/portaltela.pt\/noticias\/2026\/01\/08\/montenegro-mantem-ministra-e-anuncia-275-viaturas-para-o-inem\/\" \/>\n<meta property=\"og:site_name\" content=\"Portal Tela Portugal\" \/>\n<meta property=\"article:published_time\" content=\"2026-01-08T20:23:00+00:00\" \/>\n<meta name=\"author\" content=\"Telinha\" \/>\n<meta name=\"twitter:card\" content=\"summary_large_image\" \/>\n<meta name=\"twitter:label1\" content=\"Escrito por\" \/>\n\t<meta name=\"twitter:data1\" content=\"Telinha\" \/>\n\t<meta name=\"twitter:label2\" content=\"Tempo estimado de leitura\" \/>\n\t<meta name=\"twitter:data2\" content=\"1 minuto\" \/>\n<script type=\"application\/ld+json\" class=\"yoast-schema-graph\">{\"@context\":\"https:\/\/schema.org\",\"@graph\":[{\"@type\":\"Article\",\"@id\":\"https:\/\/portaltela.pt\/noticias\/2026\/01\/08\/montenegro-mantem-ministra-e-anuncia-275-viaturas-para-o-inem\/#article\",\"isPartOf\":{\"@id\":\"https:\/\/portaltela.pt\/noticias\/2026\/01\/08\/montenegro-mantem-ministra-e-anuncia-275-viaturas-para-o-inem\/\"},\"author\":{\"name\":\"Telinha\",\"@id\":\"https:\/\/portaltela.pt\/#\/schema\/person\/c4278d4a6028830caff9ee44b42d32ed\"},\"headline\":\"Montenegro mant\u00e9m ministra e anuncia 275 viaturas para o INEM\",\"datePublished\":\"2026-01-08T20:23:00+00:00\",\"mainEntityOfPage\":{\"@id\":\"https:\/\/portaltela.pt\/noticias\/2026\/01\/08\/montenegro-mantem-ministra-e-anuncia-275-viaturas-para-o-inem\/\"},\"wordCount\":253,\"image\":{\"@id\":\"https:\/\/portaltela.pt\/noticias\/2026\/01\/08\/montenegro-mantem-ministra-e-anuncia-275-viaturas-para-o-inem\/#primaryimage\"},\"thumbnailUrl\":\"https:\/\/portaltela.pt\/s.01k8rhncp4jt1\/2026\/01\/unnamed-file-1686.jpg\",\"keywords\":[\"Ana Paula Martins\",\"emerg\u00eancias\",\"governo\",\"INEM\",\"Portugal\",\"sa\u00fade\"],\"articleSection\":[\"Not\u00edcias\",\"Pol\u00edtica\"],\"inLanguage\":\"pt-PT\"},{\"@type\":\"WebPage\",\"@id\":\"https:\/\/portaltela.pt\/noticias\/2026\/01\/08\/montenegro-mantem-ministra-e-anuncia-275-viaturas-para-o-inem\/\",\"url\":\"https:\/\/portaltela.pt\/noticias\/2026\/01\/08\/montenegro-mantem-ministra-e-anuncia-275-viaturas-para-o-inem\/\",\"name\":\"Montenegro mant\u00e9m ministra e anuncia 275 viaturas para o INEM - Portal Tela Portugal\",\"isPartOf\":{\"@id\":\"https:\/\/portaltela.pt\/#website\"},\"primaryImageOfPage\":{\"@id\":\"https:\/\/portaltela.pt\/noticias\/2026\/01\/08\/montenegro-mantem-ministra-e-anuncia-275-viaturas-para-o-inem\/#primaryimage\"},\"image\":{\"@id\":\"https:\/\/portaltela.pt\/noticias\/2026\/01\/08\/montenegro-mantem-ministra-e-anuncia-275-viaturas-para-o-inem\/#primaryimage\"},\"thumbnailUrl\":\"https:\/\/portaltela.pt\/s.01k8rhncp4jt1\/2026\/01\/unnamed-file-1686.jpg\",\"datePublished\":\"2026-01-08T20:23:00+00:00\",\"author\":{\"@id\":\"https:\/\/portaltela.pt\/#\/schema\/person\/c4278d4a6028830caff9ee44b42d32ed\"},\"breadcrumb\":{\"@id\":\"https:\/\/portaltela.pt\/noticias\/2026\/01\/08\/montenegro-mantem-ministra-e-anuncia-275-viaturas-para-o-inem\/#breadcrumb\"},\"inLanguage\":\"pt-PT\",\"potentialAction\":[{\"@type\":\"ReadAction\",\"target\":[\"https:\/\/portaltela.pt\/noticias\/2026\/01\/08\/montenegro-mantem-ministra-e-anuncia-275-viaturas-para-o-inem\/\"]}]},{\"@type\":\"ImageObject\",\"inLanguage\":\"pt-PT\",\"@id\":\"https:\/\/portaltela.pt\/noticias\/2026\/01\/08\/montenegro-mantem-ministra-e-anuncia-275-viaturas-para-o-inem\/#primaryimage\",\"url\":\"https:\/\/portaltela.pt\/s.01k8rhncp4jt1\/2026\/01\/unnamed-file-1686.jpg\",\"contentUrl\":\"https:\/\/portaltela.pt\/s.01k8rhncp4jt1\/2026\/01\/unnamed-file-1686.jpg\",\"width\":796,\"height\":448,\"caption\":\"Montenegro segura ministra e anuncia 275 viaturas para INEM\"},{\"@type\":\"BreadcrumbList\",\"@id\":\"https:\/\/portaltela.pt\/noticias\/2026\/01\/08\/montenegro-mantem-ministra-e-anuncia-275-viaturas-para-o-inem\/#breadcrumb\",\"itemListElement\":[{\"@type\":\"ListItem\",\"position\":1,\"name\":\"In\u00edcio\",\"item\":\"https:\/\/portaltela.pt\/\"},{\"@type\":\"ListItem\",\"position\":2,\"name\":\"Montenegro mant\u00e9m ministra e anuncia 275 viaturas para o INEM\"}]},{\"@type\":\"WebSite\",\"@id\":\"https:\/\/portaltela.pt\/#website\",\"url\":\"https:\/\/portaltela.pt\/\",\"name\":\"Portal Tela Portugal\",\"description\":\"\",\"potentialAction\":[{\"@type\":\"SearchAction\",\"target\":{\"@type\":\"EntryPoint\",\"urlTemplate\":\"https:\/\/portaltela.pt\/?s={search_term_string}\"},\"query-input\":{\"@type\":\"PropertyValueSpecification\",\"valueRequired\":true,\"valueName\":\"search_term_string\"}}],\"inLanguage\":\"pt-PT\"},{\"@type\":\"Person\",\"@id\":\"https:\/\/portaltela.pt\/#\/schema\/person\/c4278d4a6028830caff9ee44b42d32ed\",\"name\":\"Telinha\",\"image\":{\"@type\":\"ImageObject\",\"inLanguage\":\"pt-PT\",\"@id\":\"https:\/\/portaltela.pt\/s.01k8rhncp4jt1\/2025\/11\/talking-bot-125x125.png\",\"url\":\"https:\/\/portaltela.pt\/s.01k8rhncp4jt1\/2025\/11\/talking-bot-125x125.png\",\"contentUrl\":\"https:\/\/portaltela.pt\/s.01k8rhncp4jt1\/2025\/11\/talking-bot-125x125.png\",\"caption\":\"Telinha\"},\"sameAs\":[\"https:\/\/portaltela.pt\/\"],\"url\":\"https:\/\/portaltela.pt\/por\/367410592786\/\"}]}<\/script>\n<!-- \/ Yoast SEO plugin. -->","yoast_head_json":{"title":"Montenegro mant\u00e9m ministra e anuncia 275 viaturas para o INEM - Portal Tela Portugal","robots":{"index":"index","follow":"follow","max-snippet":"max-snippet:-1","max-image-preview":"max-image-preview:large","max-video-preview":"max-video-preview:-1"},"og_locale":"pt_PT","og_type":"article","og_title":"Montenegro mant\u00e9m ministra e anuncia 275 viaturas para o INEM - Portal Tela Portugal","og_description":"O primeiro-ministro Lu\u00eds Montenegro assegurou a continuidade da ministra da Sa\u00fade, Ana Paula Martins, no Governo. Montenegro anunciou o refor\u00e7o de meios para o INEM, incluindo a disponibiliza\u00e7\u00e3o de 275 viaturas. O debate quinzenal de 2026 ficou marcado pela crise na sa\u00fade, com mortes de cidad\u00e3os que aguardavam socorro do INEM. O Governo rejeitou demiss\u00f5es como solu\u00e7\u00e3o, defendendo que as mudan\u00e7as devem ocorrer para obter resultados. O chefe do Governo assumiu a responsabilidade pol\u00edtica e afirmou estar dispon\u00edvel para responder por toda a Administra\u00e7\u00e3o e pelos que a operacionalizam.","og_url":"https:\/\/portaltela.pt\/noticias\/2026\/01\/08\/montenegro-mantem-ministra-e-anuncia-275-viaturas-para-o-inem\/","og_site_name":"Portal Tela Portugal","article_published_time":"2026-01-08T20:23:00+00:00","author":"Telinha","twitter_card":"summary_large_image","twitter_misc":{"Escrito por":"Telinha","Tempo estimado de leitura":"1 minuto"},"schema":{"@context":"https:\/\/schema.org","@graph":[{"@type":"Article","@id":"https:\/\/portaltela.pt\/noticias\/2026\/01\/08\/montenegro-mantem-ministra-e-anuncia-275-viaturas-para-o-inem\/#article","isPartOf":{"@id":"https:\/\/portaltela.pt\/noticias\/2026\/01\/08\/montenegro-mantem-ministra-e-anuncia-275-viaturas-para-o-inem\/"},"author":{"name":"Telinha","@id":"https:\/\/portaltela.pt\/#\/schema\/person\/c4278d4a6028830caff9ee44b42d32ed"},"headline":"Montenegro mant\u00e9m ministra e anuncia 275 viaturas para o INEM","datePublished":"2026-01-08T20:23:00+00:00","mainEntityOfPage":{"@id":"https:\/\/portaltela.pt\/noticias\/2026\/01\/08\/montenegro-mantem-ministra-e-anuncia-275-viaturas-para-o-inem\/"},"wordCount":253,"image":{"@id":"https:\/\/portaltela.pt\/noticias\/2026\/01\/08\/montenegro-mantem-ministra-e-anuncia-275-viaturas-para-o-inem\/#primaryimage"},"thumbnailUrl":"https:\/\/portaltela.pt\/s.01k8rhncp4jt1\/2026\/01\/unnamed-file-1686.jpg","keywords":["Ana Paula Martins","emerg\u00eancias","governo","INEM","Portugal","sa\u00fade"],"articleSection":["Not\u00edcias","Pol\u00edtica"],"inLanguage":"pt-PT"},{"@type":"WebPage","@id":"https:\/\/portaltela.pt\/noticias\/2026\/01\/08\/montenegro-mantem-ministra-e-anuncia-275-viaturas-para-o-inem\/","url":"https:\/\/portaltela.pt\/noticias\/2026\/01\/08\/montenegro-mantem-ministra-e-anuncia-275-viaturas-para-o-inem\/","name":"Montenegro mant\u00e9m ministra e anuncia 275 viaturas para o INEM - Portal Tela Portugal","isPartOf":{"@id":"https:\/\/portaltela.pt\/#website"},"primaryImageOfPage":{"@id":"https:\/\/portaltela.pt\/noticias\/2026\/01\/08\/montenegro-mantem-ministra-e-anuncia-275-viaturas-para-o-inem\/#primaryimage"},"image":{"@id":"https:\/\/portaltela.pt\/noticias\/2026\/01\/08\/montenegro-mantem-ministra-e-anuncia-275-viaturas-para-o-inem\/#primaryimage"},"thumbnailUrl":"https:\/\/portaltela.pt\/s.01k8rhncp4jt1\/2026\/01\/unnamed-file-1686.jpg","datePublished":"2026-01-08T20:23:00+00:00","author":{"@id":"https:\/\/portaltela.pt\/#\/schema\/person\/c4278d4a6028830caff9ee44b42d32ed"},"breadcrumb":{"@id":"https:\/\/portaltela.pt\/noticias\/2026\/01\/08\/montenegro-mantem-ministra-e-anuncia-275-viaturas-para-o-inem\/#breadcrumb"},"inLanguage":"pt-PT","potentialAction":[{"@type":"ReadAction","target":["https:\/\/portaltela.pt\/noticias\/2026\/01\/08\/montenegro-mantem-ministra-e-anuncia-275-viaturas-para-o-inem\/"]}]},{"@type":"ImageObject","inLanguage":"pt-PT","@id":"https:\/\/portaltela.pt\/noticias\/2026\/01\/08\/montenegro-mantem-ministra-e-anuncia-275-viaturas-para-o-inem\/#primaryimage","url":"https:\/\/portaltela.pt\/s.01k8rhncp4jt1\/2026\/01\/unnamed-file-1686.jpg","contentUrl":"https:\/\/portaltela.pt\/s.01k8rhncp4jt1\/2026\/01\/unnamed-file-1686.jpg","width":796,"height":448,"caption":"Montenegro segura ministra e anuncia 275 viaturas para INEM"},{"@type":"BreadcrumbList","@id":"https:\/\/portaltela.pt\/noticias\/2026\/01\/08\/montenegro-mantem-ministra-e-anuncia-275-viaturas-para-o-inem\/#breadcrumb","itemListElement":[{"@type":"ListItem","position":1,"name":"In\u00edcio","item":"https:\/\/portaltela.pt\/"},{"@type":"ListItem","position":2,"name":"Montenegro mant\u00e9m ministra e anuncia 275 viaturas para o INEM"}]},{"@type":"WebSite","@id":"https:\/\/portaltela.pt\/#website","url":"https:\/\/portaltela.pt\/","name":"Portal Tela Portugal","description":"","potentialAction":[{"@type":"SearchAction","target":{"@type":"EntryPoint","urlTemplate":"https:\/\/portaltela.pt\/?s={search_term_string}"},"query-input":{"@type":"PropertyValueSpecification","valueRequired":true,"valueName":"search_term_string"}}],"inLanguage":"pt-PT"},{"@type":"Person","@id":"https:\/\/portaltela.pt\/#\/schema\/person\/c4278d4a6028830caff9ee44b42d32ed","name":"Telinha","image":{"@type":"ImageObject","inLanguage":"pt-PT","@id":"https:\/\/portaltela.pt\/s.01k8rhncp4jt1\/2025\/11\/talking-bot-125x125.png","url":"https:\/\/portaltela.pt\/s.01k8rhncp4jt1\/2025\/11\/talking-bot-125x125.png","contentUrl":"https:\/\/portaltela.pt\/s.01k8rhncp4jt1\/2025\/11\/talking-bot-125x125.png","caption":"Telinha"},"sameAs":["https:\/\/portaltela.pt\/"],"url":"https:\/\/portaltela.pt\/por\/367410592786\/"}]}},"_links":{"self":[{"href":"https:\/\/portaltela.pt\/api\/wp\/v2\/posts\/126783","targetHints":{"allow":["GET"]}}],"collection":[{"href":"https:\/\/portaltela.pt\/api\/wp\/v2\/posts"}],"about":[{"href":"https:\/\/portaltela.pt\/api\/wp\/v2\/types\/post"}],"author":[{"embeddable":true,"href":"https:\/\/portaltela.pt\/api\/wp\/v2\/users\/2"}],"replies":[{"embeddable":true,"href":"https:\/\/portaltela.pt\/api\/wp\/v2\/comments?post=126783"}],"version-history":[{"count":0,"href":"https:\/\/portaltela.pt\/api\/wp\/v2\/posts\/126783\/revisions"}],"wp:featuredmedia":[{"embeddable":true,"href":"https:\/\/portaltela.pt\/api\/wp\/v2\/media\/126788"}],"wp:attachment":[{"href":"https:\/\/portaltela.pt\/api\/wp\/v2\/media?parent=126783"}],"wp:term":[{"taxonomy":"category","embeddable":true,"href":"https:\/\/portaltela.pt\/api\/wp\/v2\/categories?post=126783"},{"taxonomy":"post_tag","embeddable":true,"href":"https:\/\/portaltela.pt\/api\/wp\/v2\/tags?post=126783"}],"curies":[{"name":"wp","href":"https:\/\/api.w.org\/{rel}","templated":true}]}}