{"id":126707,"date":"2026-01-08T17:08:27","date_gmt":"2026-01-08T20:08:27","guid":{"rendered":"https:\/\/portaltela.pt\/noticias\/2026\/01\/08\/tradicao-do-cantar-dos-reis-mantem-se-viva-em-carregal-do-sal\/"},"modified":"2026-01-08T17:08:27","modified_gmt":"2026-01-08T20:08:27","slug":"tradicao-do-cantar-dos-reis-mantem-se-viva-em-carregal-do-sal","status":"publish","type":"post","link":"https:\/\/portaltela.pt\/noticias\/2026\/01\/08\/tradicao-do-cantar-dos-reis-mantem-se-viva-em-carregal-do-sal\/","title":{"rendered":"Tradi\u00e7\u00e3o do Cantar dos Reis mant\u00e9m-se viva em Carregal do Sal"},"content":{"rendered":"<p>O Cantar dos Reis voltou a colorir as ruas de Carregal do Sal, com a participa\u00e7\u00e3o de crian\u00e7as do ensino pr\u00e9-escolar do Agrupamento de Escolas de Carregal do Sal. A a\u00e7\u00e3o ocorreu a 6 de janeiro, pelos locais do concelho, com c\u00e2nticos tradicionais para preservar a cerim\u00f3nia.<\/p>\n<p>A Escola B\u00e1sica Nuno \u00c1lvares visitou os Pa\u00e7os do Concelho, encantando familiares, trabalhadores da C\u00e2mara Municipal e mun\u00edcipes com os tradicionais reizinhos, num ambiente de partilha.<\/p>\n<p>Em Cabanas de Viriato, a celebra\u00e7\u00e3o estendeu-se por v\u00e1rios dias, com as crian\u00e7as a percorrer ruas, servi\u00e7os e estabelecimentos p\u00fablicos, incluindo uma desloca\u00e7\u00e3o \u00e0 localidade de Beij\u00f3s.<\/p>\n<h3>Participa\u00e7\u00e3o de institui\u00e7\u00f5es e impacto cultural<\/h3>\n<p>A C\u00e2mara Municipal de Carregal do Sal associou-se \u00e0s iniciativas, oferecendo os reizinhos \u00e0s crian\u00e7as como forma de incentivo \u00e0 continuidade da pr\u00e1tica.<\/p>\n<p>A APCV Oliveira do Conde manteve a tradi\u00e7\u00e3o, realizando uma visita \u00e0 C\u00e2mara Municipal e partilhando os reizinhos num momento de conv\u00edvio, m\u00fasica e esp\u00edrito comunit\u00e1rio.<\/p>\n<p>Estas a\u00e7\u00f5es refor\u00e7am a preserva\u00e7\u00e3o da tradi\u00e7\u00e3o local, fortalecem la\u00e7os entre gera\u00e7\u00f5es e valorizam a identidade cultural do concelho.<\/p>\n","protected":false},"excerpt":{"rendered":"<ul>\n<li>A tradi\u00e7\u00e3o do Cantar dos Reis manteve-se viva no concelho de Carregal do Sal, envolvendo crian\u00e7as do ensino pr\u00e9-escolar do Agrupamento de Escolas de Carregal do Sal.<\/li>\n<li>No dia 6 de janeiro, os pequenos cantores da Escola B\u00e1sica Nuno \u00c1lvares visitaram os Pa\u00e7os do Concelho, apresentando os reizinhos a familiares, trabalhadores da C\u00e2mara Municipal e mun\u00edcipes.<\/li>\n<li>Em Cabanas de Viriato, a celebra\u00e7\u00e3o prolongou-se por v\u00e1rios dias, com as crian\u00e7as a percorrer ruas, servi\u00e7os e estabelecimentos p\u00fablicos, incluindo Beij\u00f3s.<\/li>\n<li>A C\u00e2mara Municipal associou-se, oferecendo os reizinhos \u00e0s crian\u00e7as como incentivo \u00e0 continuidade da pr\u00e1tica cultural.<\/li>\n<li>A APCV Oliveira do Conde tamb\u00e9m manteve a tradi\u00e7\u00e3o, visitando a C\u00e2mara Municipal e partilhando os seus reizinhos num momento de conv\u00edvio comunit\u00e1rio.<\/li>\n<\/ul>\n","protected":false},"author":2,"featured_media":126713,"comment_status":"closed","ping_status":"closed","sticky":false,"template":"","format":"standard","meta":{"footnotes":""},"categories":[1],"tags":[1798,145,2093,122,1175,146],"class_list":["post-126707","post","type-post","status-publish","format-standard","has-post-thumbnail","hentry","category-noticias","tag-carregal-do-sal","tag-cultura","tag-municipios","tag-musica","tag-patrimonio-cultural","tag-tradicoes"],"yoast_head":"<!-- This site is optimized with the Yoast SEO plugin v27.2 - https:\/\/yoast.com\/product\/yoast-seo-wordpress\/ -->\n<title>Tradi\u00e7\u00e3o do Cantar dos Reis mant\u00e9m-se viva em Carregal do Sal - Portal Tela Portugal<\/title>\n<meta name=\"robots\" content=\"index, follow, max-snippet:-1, max-image-preview:large, max-video-preview:-1\" \/>\n<meta property=\"og:locale\" content=\"pt_PT\" \/>\n<meta property=\"og:type\" content=\"article\" \/>\n<meta property=\"og:title\" content=\"Tradi\u00e7\u00e3o do Cantar dos Reis mant\u00e9m-se viva em Carregal do Sal - Portal Tela Portugal\" \/>\n<meta property=\"og:description\" content=\"A tradi\u00e7\u00e3o do Cantar dos Reis manteve-se viva no concelho de Carregal do Sal, envolvendo crian\u00e7as do ensino pr\u00e9-escolar do Agrupamento de Escolas de Carregal do Sal. No dia 6 de janeiro, os pequenos cantores da Escola B\u00e1sica Nuno \u00c1lvares visitaram os Pa\u00e7os do Concelho, apresentando os reizinhos a familiares, trabalhadores da C\u00e2mara Municipal e mun\u00edcipes. Em Cabanas de Viriato, a celebra\u00e7\u00e3o prolongou-se por v\u00e1rios dias, com as crian\u00e7as a percorrer ruas, servi\u00e7os e estabelecimentos p\u00fablicos, incluindo Beij\u00f3s. A C\u00e2mara Municipal associou-se, oferecendo os reizinhos \u00e0s crian\u00e7as como incentivo \u00e0 continuidade da pr\u00e1tica cultural. A APCV Oliveira do Conde tamb\u00e9m manteve a tradi\u00e7\u00e3o, visitando a C\u00e2mara Municipal e partilhando os seus reizinhos num momento de conv\u00edvio comunit\u00e1rio.\" \/>\n<meta property=\"og:url\" content=\"https:\/\/portaltela.pt\/noticias\/2026\/01\/08\/tradicao-do-cantar-dos-reis-mantem-se-viva-em-carregal-do-sal\/\" \/>\n<meta property=\"og:site_name\" content=\"Portal Tela Portugal\" \/>\n<meta property=\"article:published_time\" content=\"2026-01-08T20:08:27+00:00\" \/>\n<meta name=\"author\" content=\"Telinha\" \/>\n<meta name=\"twitter:card\" content=\"summary_large_image\" \/>\n<meta name=\"twitter:label1\" content=\"Escrito por\" \/>\n\t<meta name=\"twitter:data1\" content=\"Telinha\" \/>\n\t<meta name=\"twitter:label2\" content=\"Tempo estimado de leitura\" \/>\n\t<meta name=\"twitter:data2\" content=\"1 minuto\" \/>\n<script type=\"application\/ld+json\" class=\"yoast-schema-graph\">{\"@context\":\"https:\/\/schema.org\",\"@graph\":[{\"@type\":\"Article\",\"@id\":\"https:\/\/portaltela.pt\/noticias\/2026\/01\/08\/tradicao-do-cantar-dos-reis-mantem-se-viva-em-carregal-do-sal\/#article\",\"isPartOf\":{\"@id\":\"https:\/\/portaltela.pt\/noticias\/2026\/01\/08\/tradicao-do-cantar-dos-reis-mantem-se-viva-em-carregal-do-sal\/\"},\"author\":{\"name\":\"Telinha\",\"@id\":\"https:\/\/portaltela.pt\/#\/schema\/person\/c4278d4a6028830caff9ee44b42d32ed\"},\"headline\":\"Tradi\u00e7\u00e3o do Cantar dos Reis mant\u00e9m-se viva em Carregal do Sal\",\"datePublished\":\"2026-01-08T20:08:27+00:00\",\"mainEntityOfPage\":{\"@id\":\"https:\/\/portaltela.pt\/noticias\/2026\/01\/08\/tradicao-do-cantar-dos-reis-mantem-se-viva-em-carregal-do-sal\/\"},\"wordCount\":217,\"image\":{\"@id\":\"https:\/\/portaltela.pt\/noticias\/2026\/01\/08\/tradicao-do-cantar-dos-reis-mantem-se-viva-em-carregal-do-sal\/#primaryimage\"},\"thumbnailUrl\":\"https:\/\/portaltela.pt\/s.01k8rhncp4jt1\/2026\/01\/unnamed-file-1682.jpg\",\"keywords\":[\"Carregal do Sal\",\"cultura\",\"munic\u00edpios\",\"m\u00fasica\",\"Patrim\u00f3nio Cultural\",\"tradi\u00e7\u00f5es\"],\"articleSection\":[\"Not\u00edcias\"],\"inLanguage\":\"pt-PT\"},{\"@type\":\"WebPage\",\"@id\":\"https:\/\/portaltela.pt\/noticias\/2026\/01\/08\/tradicao-do-cantar-dos-reis-mantem-se-viva-em-carregal-do-sal\/\",\"url\":\"https:\/\/portaltela.pt\/noticias\/2026\/01\/08\/tradicao-do-cantar-dos-reis-mantem-se-viva-em-carregal-do-sal\/\",\"name\":\"Tradi\u00e7\u00e3o do Cantar dos Reis mant\u00e9m-se viva em Carregal do Sal - Portal Tela Portugal\",\"isPartOf\":{\"@id\":\"https:\/\/portaltela.pt\/#website\"},\"primaryImageOfPage\":{\"@id\":\"https:\/\/portaltela.pt\/noticias\/2026\/01\/08\/tradicao-do-cantar-dos-reis-mantem-se-viva-em-carregal-do-sal\/#primaryimage\"},\"image\":{\"@id\":\"https:\/\/portaltela.pt\/noticias\/2026\/01\/08\/tradicao-do-cantar-dos-reis-mantem-se-viva-em-carregal-do-sal\/#primaryimage\"},\"thumbnailUrl\":\"https:\/\/portaltela.pt\/s.01k8rhncp4jt1\/2026\/01\/unnamed-file-1682.jpg\",\"datePublished\":\"2026-01-08T20:08:27+00:00\",\"author\":{\"@id\":\"https:\/\/portaltela.pt\/#\/schema\/person\/c4278d4a6028830caff9ee44b42d32ed\"},\"breadcrumb\":{\"@id\":\"https:\/\/portaltela.pt\/noticias\/2026\/01\/08\/tradicao-do-cantar-dos-reis-mantem-se-viva-em-carregal-do-sal\/#breadcrumb\"},\"inLanguage\":\"pt-PT\",\"potentialAction\":[{\"@type\":\"ReadAction\",\"target\":[\"https:\/\/portaltela.pt\/noticias\/2026\/01\/08\/tradicao-do-cantar-dos-reis-mantem-se-viva-em-carregal-do-sal\/\"]}]},{\"@type\":\"ImageObject\",\"inLanguage\":\"pt-PT\",\"@id\":\"https:\/\/portaltela.pt\/noticias\/2026\/01\/08\/tradicao-do-cantar-dos-reis-mantem-se-viva-em-carregal-do-sal\/#primaryimage\",\"url\":\"https:\/\/portaltela.pt\/s.01k8rhncp4jt1\/2026\/01\/unnamed-file-1682.jpg\",\"contentUrl\":\"https:\/\/portaltela.pt\/s.01k8rhncp4jt1\/2026\/01\/unnamed-file-1682.jpg\",\"width\":796,\"height\":448,\"caption\":\"Tradi\u00e7\u00e3o do Cantar dos Reis mant\u00e9m-se viva em Carregal do Sal\"},{\"@type\":\"BreadcrumbList\",\"@id\":\"https:\/\/portaltela.pt\/noticias\/2026\/01\/08\/tradicao-do-cantar-dos-reis-mantem-se-viva-em-carregal-do-sal\/#breadcrumb\",\"itemListElement\":[{\"@type\":\"ListItem\",\"position\":1,\"name\":\"In\u00edcio\",\"item\":\"https:\/\/portaltela.pt\/\"},{\"@type\":\"ListItem\",\"position\":2,\"name\":\"Tradi\u00e7\u00e3o do Cantar dos Reis mant\u00e9m-se viva em Carregal do Sal\"}]},{\"@type\":\"WebSite\",\"@id\":\"https:\/\/portaltela.pt\/#website\",\"url\":\"https:\/\/portaltela.pt\/\",\"name\":\"Portal Tela Portugal\",\"description\":\"\",\"potentialAction\":[{\"@type\":\"SearchAction\",\"target\":{\"@type\":\"EntryPoint\",\"urlTemplate\":\"https:\/\/portaltela.pt\/?s={search_term_string}\"},\"query-input\":{\"@type\":\"PropertyValueSpecification\",\"valueRequired\":true,\"valueName\":\"search_term_string\"}}],\"inLanguage\":\"pt-PT\"},{\"@type\":\"Person\",\"@id\":\"https:\/\/portaltela.pt\/#\/schema\/person\/c4278d4a6028830caff9ee44b42d32ed\",\"name\":\"Telinha\",\"image\":{\"@type\":\"ImageObject\",\"inLanguage\":\"pt-PT\",\"@id\":\"https:\/\/portaltela.pt\/s.01k8rhncp4jt1\/2025\/11\/talking-bot-125x125.png\",\"url\":\"https:\/\/portaltela.pt\/s.01k8rhncp4jt1\/2025\/11\/talking-bot-125x125.png\",\"contentUrl\":\"https:\/\/portaltela.pt\/s.01k8rhncp4jt1\/2025\/11\/talking-bot-125x125.png\",\"caption\":\"Telinha\"},\"sameAs\":[\"https:\/\/portaltela.pt\/\"],\"url\":\"https:\/\/portaltela.pt\/por\/367410592786\/\"}]}<\/script>\n<!-- \/ Yoast SEO plugin. -->","yoast_head_json":{"title":"Tradi\u00e7\u00e3o do Cantar dos Reis mant\u00e9m-se viva em Carregal do Sal - Portal Tela Portugal","robots":{"index":"index","follow":"follow","max-snippet":"max-snippet:-1","max-image-preview":"max-image-preview:large","max-video-preview":"max-video-preview:-1"},"og_locale":"pt_PT","og_type":"article","og_title":"Tradi\u00e7\u00e3o do Cantar dos Reis mant\u00e9m-se viva em Carregal do Sal - Portal Tela Portugal","og_description":"A tradi\u00e7\u00e3o do Cantar dos Reis manteve-se viva no concelho de Carregal do Sal, envolvendo crian\u00e7as do ensino pr\u00e9-escolar do Agrupamento de Escolas de Carregal do Sal. No dia 6 de janeiro, os pequenos cantores da Escola B\u00e1sica Nuno \u00c1lvares visitaram os Pa\u00e7os do Concelho, apresentando os reizinhos a familiares, trabalhadores da C\u00e2mara Municipal e mun\u00edcipes. Em Cabanas de Viriato, a celebra\u00e7\u00e3o prolongou-se por v\u00e1rios dias, com as crian\u00e7as a percorrer ruas, servi\u00e7os e estabelecimentos p\u00fablicos, incluindo Beij\u00f3s. A C\u00e2mara Municipal associou-se, oferecendo os reizinhos \u00e0s crian\u00e7as como incentivo \u00e0 continuidade da pr\u00e1tica cultural. A APCV Oliveira do Conde tamb\u00e9m manteve a tradi\u00e7\u00e3o, visitando a C\u00e2mara Municipal e partilhando os seus reizinhos num momento de conv\u00edvio comunit\u00e1rio.","og_url":"https:\/\/portaltela.pt\/noticias\/2026\/01\/08\/tradicao-do-cantar-dos-reis-mantem-se-viva-em-carregal-do-sal\/","og_site_name":"Portal Tela Portugal","article_published_time":"2026-01-08T20:08:27+00:00","author":"Telinha","twitter_card":"summary_large_image","twitter_misc":{"Escrito por":"Telinha","Tempo estimado de leitura":"1 minuto"},"schema":{"@context":"https:\/\/schema.org","@graph":[{"@type":"Article","@id":"https:\/\/portaltela.pt\/noticias\/2026\/01\/08\/tradicao-do-cantar-dos-reis-mantem-se-viva-em-carregal-do-sal\/#article","isPartOf":{"@id":"https:\/\/portaltela.pt\/noticias\/2026\/01\/08\/tradicao-do-cantar-dos-reis-mantem-se-viva-em-carregal-do-sal\/"},"author":{"name":"Telinha","@id":"https:\/\/portaltela.pt\/#\/schema\/person\/c4278d4a6028830caff9ee44b42d32ed"},"headline":"Tradi\u00e7\u00e3o do Cantar dos Reis mant\u00e9m-se viva em Carregal do Sal","datePublished":"2026-01-08T20:08:27+00:00","mainEntityOfPage":{"@id":"https:\/\/portaltela.pt\/noticias\/2026\/01\/08\/tradicao-do-cantar-dos-reis-mantem-se-viva-em-carregal-do-sal\/"},"wordCount":217,"image":{"@id":"https:\/\/portaltela.pt\/noticias\/2026\/01\/08\/tradicao-do-cantar-dos-reis-mantem-se-viva-em-carregal-do-sal\/#primaryimage"},"thumbnailUrl":"https:\/\/portaltela.pt\/s.01k8rhncp4jt1\/2026\/01\/unnamed-file-1682.jpg","keywords":["Carregal do Sal","cultura","munic\u00edpios","m\u00fasica","Patrim\u00f3nio Cultural","tradi\u00e7\u00f5es"],"articleSection":["Not\u00edcias"],"inLanguage":"pt-PT"},{"@type":"WebPage","@id":"https:\/\/portaltela.pt\/noticias\/2026\/01\/08\/tradicao-do-cantar-dos-reis-mantem-se-viva-em-carregal-do-sal\/","url":"https:\/\/portaltela.pt\/noticias\/2026\/01\/08\/tradicao-do-cantar-dos-reis-mantem-se-viva-em-carregal-do-sal\/","name":"Tradi\u00e7\u00e3o do Cantar dos Reis mant\u00e9m-se viva em Carregal do Sal - Portal Tela Portugal","isPartOf":{"@id":"https:\/\/portaltela.pt\/#website"},"primaryImageOfPage":{"@id":"https:\/\/portaltela.pt\/noticias\/2026\/01\/08\/tradicao-do-cantar-dos-reis-mantem-se-viva-em-carregal-do-sal\/#primaryimage"},"image":{"@id":"https:\/\/portaltela.pt\/noticias\/2026\/01\/08\/tradicao-do-cantar-dos-reis-mantem-se-viva-em-carregal-do-sal\/#primaryimage"},"thumbnailUrl":"https:\/\/portaltela.pt\/s.01k8rhncp4jt1\/2026\/01\/unnamed-file-1682.jpg","datePublished":"2026-01-08T20:08:27+00:00","author":{"@id":"https:\/\/portaltela.pt\/#\/schema\/person\/c4278d4a6028830caff9ee44b42d32ed"},"breadcrumb":{"@id":"https:\/\/portaltela.pt\/noticias\/2026\/01\/08\/tradicao-do-cantar-dos-reis-mantem-se-viva-em-carregal-do-sal\/#breadcrumb"},"inLanguage":"pt-PT","potentialAction":[{"@type":"ReadAction","target":["https:\/\/portaltela.pt\/noticias\/2026\/01\/08\/tradicao-do-cantar-dos-reis-mantem-se-viva-em-carregal-do-sal\/"]}]},{"@type":"ImageObject","inLanguage":"pt-PT","@id":"https:\/\/portaltela.pt\/noticias\/2026\/01\/08\/tradicao-do-cantar-dos-reis-mantem-se-viva-em-carregal-do-sal\/#primaryimage","url":"https:\/\/portaltela.pt\/s.01k8rhncp4jt1\/2026\/01\/unnamed-file-1682.jpg","contentUrl":"https:\/\/portaltela.pt\/s.01k8rhncp4jt1\/2026\/01\/unnamed-file-1682.jpg","width":796,"height":448,"caption":"Tradi\u00e7\u00e3o do Cantar dos Reis mant\u00e9m-se viva em Carregal do Sal"},{"@type":"BreadcrumbList","@id":"https:\/\/portaltela.pt\/noticias\/2026\/01\/08\/tradicao-do-cantar-dos-reis-mantem-se-viva-em-carregal-do-sal\/#breadcrumb","itemListElement":[{"@type":"ListItem","position":1,"name":"In\u00edcio","item":"https:\/\/portaltela.pt\/"},{"@type":"ListItem","position":2,"name":"Tradi\u00e7\u00e3o do Cantar dos Reis mant\u00e9m-se viva em Carregal do Sal"}]},{"@type":"WebSite","@id":"https:\/\/portaltela.pt\/#website","url":"https:\/\/portaltela.pt\/","name":"Portal Tela Portugal","description":"","potentialAction":[{"@type":"SearchAction","target":{"@type":"EntryPoint","urlTemplate":"https:\/\/portaltela.pt\/?s={search_term_string}"},"query-input":{"@type":"PropertyValueSpecification","valueRequired":true,"valueName":"search_term_string"}}],"inLanguage":"pt-PT"},{"@type":"Person","@id":"https:\/\/portaltela.pt\/#\/schema\/person\/c4278d4a6028830caff9ee44b42d32ed","name":"Telinha","image":{"@type":"ImageObject","inLanguage":"pt-PT","@id":"https:\/\/portaltela.pt\/s.01k8rhncp4jt1\/2025\/11\/talking-bot-125x125.png","url":"https:\/\/portaltela.pt\/s.01k8rhncp4jt1\/2025\/11\/talking-bot-125x125.png","contentUrl":"https:\/\/portaltela.pt\/s.01k8rhncp4jt1\/2025\/11\/talking-bot-125x125.png","caption":"Telinha"},"sameAs":["https:\/\/portaltela.pt\/"],"url":"https:\/\/portaltela.pt\/por\/367410592786\/"}]}},"_links":{"self":[{"href":"https:\/\/portaltela.pt\/api\/wp\/v2\/posts\/126707","targetHints":{"allow":["GET"]}}],"collection":[{"href":"https:\/\/portaltela.pt\/api\/wp\/v2\/posts"}],"about":[{"href":"https:\/\/portaltela.pt\/api\/wp\/v2\/types\/post"}],"author":[{"embeddable":true,"href":"https:\/\/portaltela.pt\/api\/wp\/v2\/users\/2"}],"replies":[{"embeddable":true,"href":"https:\/\/portaltela.pt\/api\/wp\/v2\/comments?post=126707"}],"version-history":[{"count":0,"href":"https:\/\/portaltela.pt\/api\/wp\/v2\/posts\/126707\/revisions"}],"wp:featuredmedia":[{"embeddable":true,"href":"https:\/\/portaltela.pt\/api\/wp\/v2\/media\/126713"}],"wp:attachment":[{"href":"https:\/\/portaltela.pt\/api\/wp\/v2\/media?parent=126707"}],"wp:term":[{"taxonomy":"category","embeddable":true,"href":"https:\/\/portaltela.pt\/api\/wp\/v2\/categories?post=126707"},{"taxonomy":"post_tag","embeddable":true,"href":"https:\/\/portaltela.pt\/api\/wp\/v2\/tags?post=126707"}],"curies":[{"name":"wp","href":"https:\/\/api.w.org\/{rel}","templated":true}]}}