{"id":126599,"date":"2026-01-08T11:58:00","date_gmt":"2026-01-08T14:58:00","guid":{"rendered":"https:\/\/portaltela.pt\/noticias\/2026\/01\/08\/da-ida-fechada-ao-inter-ao-papel-de-mendes-no-regresso-de-cancelo-ao-barcelona\/"},"modified":"2026-01-08T11:58:00","modified_gmt":"2026-01-08T14:58:00","slug":"da-ida-fechada-ao-inter-ao-papel-de-mendes-no-regresso-de-cancelo-ao-barcelona","status":"publish","type":"post","link":"https:\/\/portaltela.pt\/desporto\/futebol\/2026\/01\/08\/da-ida-fechada-ao-inter-ao-papel-de-mendes-no-regresso-de-cancelo-ao-barcelona\/","title":{"rendered":"Da ida fechada ao Inter ao papel de Mendes no regresso de Cancelo ao Barcelona"},"content":{"rendered":"<p>Dizem as informa\u00e7\u00f5es avan\u00e7adas pelo jornal As que Jo\u00e3o Cancelo est\u00e1 perto de regressar ao Barcelona por empr\u00e9stimo do Al Hilal. O neg\u00f3cio ainda n\u00e3o est\u00e1 oficializado, mas Deco, diretor desportivo blaugrana, assegurou que o internacional portugu\u00eas vai viajar em breve para a cidade espanhola.<\/p>\n<p>A opera\u00e7\u00e3o, de acordo com o di\u00e1rio espanhol, teve in\u00edcio no Dubai, durante os Globe Soccer Awards. O empres\u00e1rio de Cancelo, Jorge Mendes, ter\u00e1 convencido o presidente do Barcelona, Joan Laporta, a explorar a opera\u00e7\u00e3o. Na altura, o Inter de Mil\u00e3o seria visto como op\u00e7\u00e3o ainda mais pr\u00f3xima de conclus\u00e3o.<\/p>\n<p>Segundo a mesma fonte, a contrata\u00e7\u00e3o n\u00e3o teve consenso no clube, mas ficou selada quando a comitiva do Barcelona seguia para a Ar\u00e1bia Saudita para competir na Superta\u00e7a espanhola. A ideia central passou a ser uma mudan\u00e7a de rumo para Cancelo.<\/p>\n<h3>Detalhes do processo<\/h3>\n<p>A not\u00edcia sugere que a decis\u00e3o final depende de etapas administrativas e de confirma\u00e7\u00e3o entre as partes envolvidas. O Barcelona procurar\u00e1, assim, formalizar o empr\u00e9stimo junto do Al Hilal e alinhar eventuais condi\u00e7\u00f5es contratuais.<\/p>\n<p>A SAD blaugrana n\u00e3o confirmou publicamente o acordo at\u00e9 ao momento, mantendo o foco em prepara\u00e7\u00e3o para competi\u00e7\u00f5es futuras. A participa\u00e7\u00e3o de Cancelo ainda n\u00e3o foi anunciada pela equipa espanhola, nem pela forma\u00e7\u00e3o saudita.<\/p>\n","protected":false},"excerpt":{"rendered":"<ul>\n<li>O regresso de Jo\u00e3o Cancelo ao Barcelona, por empr\u00e9stimo do Al Hilal, ainda n\u00e3o est\u00e1 oficializado, mas j\u00e1 tem garantida a viagem do jogador \u00e0 cidade espanhola.<\/li>\n<li>O neg\u00f3cio tem origens no Dubai, onde Jorge Mendes convenceu o presidente do Barcelona, Joan Laporta, durante os Globe Soccer Awards.<\/li>\n<li>Segundo o jornal As, a contrata\u00e7\u00e3o pelo Inter j\u00e1 estaria fechada na altura, mas o representante venceu a op\u00e7\u00e3o pelo Barcelona.<\/li>\n<li>A ida a Barcelona foi descrita como um \u201cpedido expresso\u201d do lateral, apontando para um desfecho favor\u00e1vel ao clube espanhol.<\/li>\n<li>A decis\u00e3o ficou tomada quando a comitiva do Barcelona viajava para a Ar\u00e1bia Saudita disputar a Superta\u00e7a espanhola e havia resist\u00eancia interna ao acordo.<\/li>\n<\/ul>\n","protected":false},"author":2,"featured_media":126611,"comment_status":"closed","ping_status":"closed","sticky":false,"template":"","format":"standard","meta":{"footnotes":""},"categories":[21,24],"tags":[2587,2331,2457,32,2119,2041],"class_list":["post-126599","post","type-post","status-publish","format-standard","has-post-thumbnail","hentry","category-desporto","category-futebol","tag-barcelona","tag-cancelo","tag-emprestimos","tag-futebol","tag-inter-de-milao","tag-jorge-mendes"],"yoast_head":"<!-- This site is optimized with the Yoast SEO plugin v27.2 - https:\/\/yoast.com\/product\/yoast-seo-wordpress\/ -->\n<title>Da ida fechada ao Inter ao papel de Mendes no regresso de Cancelo ao Barcelona - Portal Tela Portugal<\/title>\n<meta name=\"robots\" content=\"index, follow, max-snippet:-1, max-image-preview:large, max-video-preview:-1\" \/>\n<meta property=\"og:locale\" content=\"pt_PT\" \/>\n<meta property=\"og:type\" content=\"article\" \/>\n<meta property=\"og:title\" content=\"Da ida fechada ao Inter ao papel de Mendes no regresso de Cancelo ao Barcelona - Portal Tela Portugal\" \/>\n<meta property=\"og:description\" content=\"O regresso de Jo\u00e3o Cancelo ao Barcelona, por empr\u00e9stimo do Al Hilal, ainda n\u00e3o est\u00e1 oficializado, mas j\u00e1 tem garantida a viagem do jogador \u00e0 cidade espanhola. O neg\u00f3cio tem origens no Dubai, onde Jorge Mendes convenceu o presidente do Barcelona, Joan Laporta, durante os Globe Soccer Awards. Segundo o jornal As, a contrata\u00e7\u00e3o pelo Inter j\u00e1 estaria fechada na altura, mas o representante venceu a op\u00e7\u00e3o pelo Barcelona. A ida a Barcelona foi descrita como um \u201cpedido expresso\u201d do lateral, apontando para um desfecho favor\u00e1vel ao clube espanhol. A decis\u00e3o ficou tomada quando a comitiva do Barcelona viajava para a Ar\u00e1bia Saudita disputar a Superta\u00e7a espanhola e havia resist\u00eancia interna ao acordo.\" \/>\n<meta property=\"og:url\" content=\"https:\/\/portaltela.pt\/noticias\/2026\/01\/08\/da-ida-fechada-ao-inter-ao-papel-de-mendes-no-regresso-de-cancelo-ao-barcelona\/\" \/>\n<meta property=\"og:site_name\" content=\"Portal Tela Portugal\" \/>\n<meta property=\"article:published_time\" content=\"2026-01-08T14:58:00+00:00\" \/>\n<meta name=\"author\" content=\"Telinha\" \/>\n<meta name=\"twitter:card\" content=\"summary_large_image\" \/>\n<meta name=\"twitter:label1\" content=\"Escrito por\" \/>\n\t<meta name=\"twitter:data1\" content=\"Telinha\" \/>\n\t<meta name=\"twitter:label2\" content=\"Tempo estimado de leitura\" \/>\n\t<meta name=\"twitter:data2\" content=\"1 minuto\" \/>\n<script type=\"application\/ld+json\" class=\"yoast-schema-graph\">{\"@context\":\"https:\/\/schema.org\",\"@graph\":[{\"@type\":\"Article\",\"@id\":\"https:\/\/portaltela.pt\/noticias\/2026\/01\/08\/da-ida-fechada-ao-inter-ao-papel-de-mendes-no-regresso-de-cancelo-ao-barcelona\/#article\",\"isPartOf\":{\"@id\":\"https:\/\/portaltela.pt\/noticias\/2026\/01\/08\/da-ida-fechada-ao-inter-ao-papel-de-mendes-no-regresso-de-cancelo-ao-barcelona\/\"},\"author\":{\"name\":\"Telinha\",\"@id\":\"https:\/\/portaltela.pt\/#\/schema\/person\/c4278d4a6028830caff9ee44b42d32ed\"},\"headline\":\"Da ida fechada ao Inter ao papel de Mendes no regresso de Cancelo ao Barcelona\",\"datePublished\":\"2026-01-08T14:58:00+00:00\",\"mainEntityOfPage\":{\"@id\":\"https:\/\/portaltela.pt\/noticias\/2026\/01\/08\/da-ida-fechada-ao-inter-ao-papel-de-mendes-no-regresso-de-cancelo-ao-barcelona\/\"},\"wordCount\":254,\"image\":{\"@id\":\"https:\/\/portaltela.pt\/noticias\/2026\/01\/08\/da-ida-fechada-ao-inter-ao-papel-de-mendes-no-regresso-de-cancelo-ao-barcelona\/#primaryimage\"},\"thumbnailUrl\":\"https:\/\/portaltela.pt\/s.01k8rhncp4jt1\/2026\/01\/img_920x518uu2026-01-07-18-41-02-2413367-im-639034811178687711.jpg\",\"keywords\":[\"Barcelona\",\"Cancelo\",\"empr\u00e9stimos\",\"futebol\",\"Inter de Mil\u00e3o\",\"Jorge Mendes\"],\"articleSection\":[\"Desporto\",\"Futebol\"],\"inLanguage\":\"pt-PT\"},{\"@type\":\"WebPage\",\"@id\":\"https:\/\/portaltela.pt\/noticias\/2026\/01\/08\/da-ida-fechada-ao-inter-ao-papel-de-mendes-no-regresso-de-cancelo-ao-barcelona\/\",\"url\":\"https:\/\/portaltela.pt\/noticias\/2026\/01\/08\/da-ida-fechada-ao-inter-ao-papel-de-mendes-no-regresso-de-cancelo-ao-barcelona\/\",\"name\":\"Da ida fechada ao Inter ao papel de Mendes no regresso de Cancelo ao Barcelona - Portal Tela Portugal\",\"isPartOf\":{\"@id\":\"https:\/\/portaltela.pt\/#website\"},\"primaryImageOfPage\":{\"@id\":\"https:\/\/portaltela.pt\/noticias\/2026\/01\/08\/da-ida-fechada-ao-inter-ao-papel-de-mendes-no-regresso-de-cancelo-ao-barcelona\/#primaryimage\"},\"image\":{\"@id\":\"https:\/\/portaltela.pt\/noticias\/2026\/01\/08\/da-ida-fechada-ao-inter-ao-papel-de-mendes-no-regresso-de-cancelo-ao-barcelona\/#primaryimage\"},\"thumbnailUrl\":\"https:\/\/portaltela.pt\/s.01k8rhncp4jt1\/2026\/01\/img_920x518uu2026-01-07-18-41-02-2413367-im-639034811178687711.jpg\",\"datePublished\":\"2026-01-08T14:58:00+00:00\",\"author\":{\"@id\":\"https:\/\/portaltela.pt\/#\/schema\/person\/c4278d4a6028830caff9ee44b42d32ed\"},\"breadcrumb\":{\"@id\":\"https:\/\/portaltela.pt\/noticias\/2026\/01\/08\/da-ida-fechada-ao-inter-ao-papel-de-mendes-no-regresso-de-cancelo-ao-barcelona\/#breadcrumb\"},\"inLanguage\":\"pt-PT\",\"potentialAction\":[{\"@type\":\"ReadAction\",\"target\":[\"https:\/\/portaltela.pt\/noticias\/2026\/01\/08\/da-ida-fechada-ao-inter-ao-papel-de-mendes-no-regresso-de-cancelo-ao-barcelona\/\"]}]},{\"@type\":\"ImageObject\",\"inLanguage\":\"pt-PT\",\"@id\":\"https:\/\/portaltela.pt\/noticias\/2026\/01\/08\/da-ida-fechada-ao-inter-ao-papel-de-mendes-no-regresso-de-cancelo-ao-barcelona\/#primaryimage\",\"url\":\"https:\/\/portaltela.pt\/s.01k8rhncp4jt1\/2026\/01\/img_920x518uu2026-01-07-18-41-02-2413367-im-639034811178687711.jpg\",\"contentUrl\":\"https:\/\/portaltela.pt\/s.01k8rhncp4jt1\/2026\/01\/img_920x518uu2026-01-07-18-41-02-2413367-im-639034811178687711.jpg\",\"width\":796,\"height\":448,\"caption\":\"Jo\u00e3o Cancelo\"},{\"@type\":\"BreadcrumbList\",\"@id\":\"https:\/\/portaltela.pt\/noticias\/2026\/01\/08\/da-ida-fechada-ao-inter-ao-papel-de-mendes-no-regresso-de-cancelo-ao-barcelona\/#breadcrumb\",\"itemListElement\":[{\"@type\":\"ListItem\",\"position\":1,\"name\":\"In\u00edcio\",\"item\":\"https:\/\/portaltela.pt\/\"},{\"@type\":\"ListItem\",\"position\":2,\"name\":\"Da ida fechada ao Inter ao papel de Mendes no regresso de Cancelo ao Barcelona\"}]},{\"@type\":\"WebSite\",\"@id\":\"https:\/\/portaltela.pt\/#website\",\"url\":\"https:\/\/portaltela.pt\/\",\"name\":\"Portal Tela Portugal\",\"description\":\"\",\"potentialAction\":[{\"@type\":\"SearchAction\",\"target\":{\"@type\":\"EntryPoint\",\"urlTemplate\":\"https:\/\/portaltela.pt\/?s={search_term_string}\"},\"query-input\":{\"@type\":\"PropertyValueSpecification\",\"valueRequired\":true,\"valueName\":\"search_term_string\"}}],\"inLanguage\":\"pt-PT\"},{\"@type\":\"Person\",\"@id\":\"https:\/\/portaltela.pt\/#\/schema\/person\/c4278d4a6028830caff9ee44b42d32ed\",\"name\":\"Telinha\",\"image\":{\"@type\":\"ImageObject\",\"inLanguage\":\"pt-PT\",\"@id\":\"https:\/\/portaltela.pt\/s.01k8rhncp4jt1\/2025\/11\/talking-bot-125x125.png\",\"url\":\"https:\/\/portaltela.pt\/s.01k8rhncp4jt1\/2025\/11\/talking-bot-125x125.png\",\"contentUrl\":\"https:\/\/portaltela.pt\/s.01k8rhncp4jt1\/2025\/11\/talking-bot-125x125.png\",\"caption\":\"Telinha\"},\"sameAs\":[\"https:\/\/portaltela.pt\/\"],\"url\":\"https:\/\/portaltela.pt\/por\/367410592786\/\"}]}<\/script>\n<!-- \/ Yoast SEO plugin. -->","yoast_head_json":{"title":"Da ida fechada ao Inter ao papel de Mendes no regresso de Cancelo ao Barcelona - Portal Tela Portugal","robots":{"index":"index","follow":"follow","max-snippet":"max-snippet:-1","max-image-preview":"max-image-preview:large","max-video-preview":"max-video-preview:-1"},"og_locale":"pt_PT","og_type":"article","og_title":"Da ida fechada ao Inter ao papel de Mendes no regresso de Cancelo ao Barcelona - Portal Tela Portugal","og_description":"O regresso de Jo\u00e3o Cancelo ao Barcelona, por empr\u00e9stimo do Al Hilal, ainda n\u00e3o est\u00e1 oficializado, mas j\u00e1 tem garantida a viagem do jogador \u00e0 cidade espanhola. O neg\u00f3cio tem origens no Dubai, onde Jorge Mendes convenceu o presidente do Barcelona, Joan Laporta, durante os Globe Soccer Awards. Segundo o jornal As, a contrata\u00e7\u00e3o pelo Inter j\u00e1 estaria fechada na altura, mas o representante venceu a op\u00e7\u00e3o pelo Barcelona. A ida a Barcelona foi descrita como um \u201cpedido expresso\u201d do lateral, apontando para um desfecho favor\u00e1vel ao clube espanhol. A decis\u00e3o ficou tomada quando a comitiva do Barcelona viajava para a Ar\u00e1bia Saudita disputar a Superta\u00e7a espanhola e havia resist\u00eancia interna ao acordo.","og_url":"https:\/\/portaltela.pt\/noticias\/2026\/01\/08\/da-ida-fechada-ao-inter-ao-papel-de-mendes-no-regresso-de-cancelo-ao-barcelona\/","og_site_name":"Portal Tela Portugal","article_published_time":"2026-01-08T14:58:00+00:00","author":"Telinha","twitter_card":"summary_large_image","twitter_misc":{"Escrito por":"Telinha","Tempo estimado de leitura":"1 minuto"},"schema":{"@context":"https:\/\/schema.org","@graph":[{"@type":"Article","@id":"https:\/\/portaltela.pt\/noticias\/2026\/01\/08\/da-ida-fechada-ao-inter-ao-papel-de-mendes-no-regresso-de-cancelo-ao-barcelona\/#article","isPartOf":{"@id":"https:\/\/portaltela.pt\/noticias\/2026\/01\/08\/da-ida-fechada-ao-inter-ao-papel-de-mendes-no-regresso-de-cancelo-ao-barcelona\/"},"author":{"name":"Telinha","@id":"https:\/\/portaltela.pt\/#\/schema\/person\/c4278d4a6028830caff9ee44b42d32ed"},"headline":"Da ida fechada ao Inter ao papel de Mendes no regresso de Cancelo ao Barcelona","datePublished":"2026-01-08T14:58:00+00:00","mainEntityOfPage":{"@id":"https:\/\/portaltela.pt\/noticias\/2026\/01\/08\/da-ida-fechada-ao-inter-ao-papel-de-mendes-no-regresso-de-cancelo-ao-barcelona\/"},"wordCount":254,"image":{"@id":"https:\/\/portaltela.pt\/noticias\/2026\/01\/08\/da-ida-fechada-ao-inter-ao-papel-de-mendes-no-regresso-de-cancelo-ao-barcelona\/#primaryimage"},"thumbnailUrl":"https:\/\/portaltela.pt\/s.01k8rhncp4jt1\/2026\/01\/img_920x518uu2026-01-07-18-41-02-2413367-im-639034811178687711.jpg","keywords":["Barcelona","Cancelo","empr\u00e9stimos","futebol","Inter de Mil\u00e3o","Jorge Mendes"],"articleSection":["Desporto","Futebol"],"inLanguage":"pt-PT"},{"@type":"WebPage","@id":"https:\/\/portaltela.pt\/noticias\/2026\/01\/08\/da-ida-fechada-ao-inter-ao-papel-de-mendes-no-regresso-de-cancelo-ao-barcelona\/","url":"https:\/\/portaltela.pt\/noticias\/2026\/01\/08\/da-ida-fechada-ao-inter-ao-papel-de-mendes-no-regresso-de-cancelo-ao-barcelona\/","name":"Da ida fechada ao Inter ao papel de Mendes no regresso de Cancelo ao Barcelona - Portal Tela Portugal","isPartOf":{"@id":"https:\/\/portaltela.pt\/#website"},"primaryImageOfPage":{"@id":"https:\/\/portaltela.pt\/noticias\/2026\/01\/08\/da-ida-fechada-ao-inter-ao-papel-de-mendes-no-regresso-de-cancelo-ao-barcelona\/#primaryimage"},"image":{"@id":"https:\/\/portaltela.pt\/noticias\/2026\/01\/08\/da-ida-fechada-ao-inter-ao-papel-de-mendes-no-regresso-de-cancelo-ao-barcelona\/#primaryimage"},"thumbnailUrl":"https:\/\/portaltela.pt\/s.01k8rhncp4jt1\/2026\/01\/img_920x518uu2026-01-07-18-41-02-2413367-im-639034811178687711.jpg","datePublished":"2026-01-08T14:58:00+00:00","author":{"@id":"https:\/\/portaltela.pt\/#\/schema\/person\/c4278d4a6028830caff9ee44b42d32ed"},"breadcrumb":{"@id":"https:\/\/portaltela.pt\/noticias\/2026\/01\/08\/da-ida-fechada-ao-inter-ao-papel-de-mendes-no-regresso-de-cancelo-ao-barcelona\/#breadcrumb"},"inLanguage":"pt-PT","potentialAction":[{"@type":"ReadAction","target":["https:\/\/portaltela.pt\/noticias\/2026\/01\/08\/da-ida-fechada-ao-inter-ao-papel-de-mendes-no-regresso-de-cancelo-ao-barcelona\/"]}]},{"@type":"ImageObject","inLanguage":"pt-PT","@id":"https:\/\/portaltela.pt\/noticias\/2026\/01\/08\/da-ida-fechada-ao-inter-ao-papel-de-mendes-no-regresso-de-cancelo-ao-barcelona\/#primaryimage","url":"https:\/\/portaltela.pt\/s.01k8rhncp4jt1\/2026\/01\/img_920x518uu2026-01-07-18-41-02-2413367-im-639034811178687711.jpg","contentUrl":"https:\/\/portaltela.pt\/s.01k8rhncp4jt1\/2026\/01\/img_920x518uu2026-01-07-18-41-02-2413367-im-639034811178687711.jpg","width":796,"height":448,"caption":"Jo\u00e3o Cancelo"},{"@type":"BreadcrumbList","@id":"https:\/\/portaltela.pt\/noticias\/2026\/01\/08\/da-ida-fechada-ao-inter-ao-papel-de-mendes-no-regresso-de-cancelo-ao-barcelona\/#breadcrumb","itemListElement":[{"@type":"ListItem","position":1,"name":"In\u00edcio","item":"https:\/\/portaltela.pt\/"},{"@type":"ListItem","position":2,"name":"Da ida fechada ao Inter ao papel de Mendes no regresso de Cancelo ao Barcelona"}]},{"@type":"WebSite","@id":"https:\/\/portaltela.pt\/#website","url":"https:\/\/portaltela.pt\/","name":"Portal Tela Portugal","description":"","potentialAction":[{"@type":"SearchAction","target":{"@type":"EntryPoint","urlTemplate":"https:\/\/portaltela.pt\/?s={search_term_string}"},"query-input":{"@type":"PropertyValueSpecification","valueRequired":true,"valueName":"search_term_string"}}],"inLanguage":"pt-PT"},{"@type":"Person","@id":"https:\/\/portaltela.pt\/#\/schema\/person\/c4278d4a6028830caff9ee44b42d32ed","name":"Telinha","image":{"@type":"ImageObject","inLanguage":"pt-PT","@id":"https:\/\/portaltela.pt\/s.01k8rhncp4jt1\/2025\/11\/talking-bot-125x125.png","url":"https:\/\/portaltela.pt\/s.01k8rhncp4jt1\/2025\/11\/talking-bot-125x125.png","contentUrl":"https:\/\/portaltela.pt\/s.01k8rhncp4jt1\/2025\/11\/talking-bot-125x125.png","caption":"Telinha"},"sameAs":["https:\/\/portaltela.pt\/"],"url":"https:\/\/portaltela.pt\/por\/367410592786\/"}]}},"_links":{"self":[{"href":"https:\/\/portaltela.pt\/api\/wp\/v2\/posts\/126599","targetHints":{"allow":["GET"]}}],"collection":[{"href":"https:\/\/portaltela.pt\/api\/wp\/v2\/posts"}],"about":[{"href":"https:\/\/portaltela.pt\/api\/wp\/v2\/types\/post"}],"author":[{"embeddable":true,"href":"https:\/\/portaltela.pt\/api\/wp\/v2\/users\/2"}],"replies":[{"embeddable":true,"href":"https:\/\/portaltela.pt\/api\/wp\/v2\/comments?post=126599"}],"version-history":[{"count":0,"href":"https:\/\/portaltela.pt\/api\/wp\/v2\/posts\/126599\/revisions"}],"wp:featuredmedia":[{"embeddable":true,"href":"https:\/\/portaltela.pt\/api\/wp\/v2\/media\/126611"}],"wp:attachment":[{"href":"https:\/\/portaltela.pt\/api\/wp\/v2\/media?parent=126599"}],"wp:term":[{"taxonomy":"category","embeddable":true,"href":"https:\/\/portaltela.pt\/api\/wp\/v2\/categories?post=126599"},{"taxonomy":"post_tag","embeddable":true,"href":"https:\/\/portaltela.pt\/api\/wp\/v2\/tags?post=126599"}],"curies":[{"name":"wp","href":"https:\/\/api.w.org\/{rel}","templated":true}]}}