{"id":126396,"date":"2026-01-08T11:07:15","date_gmt":"2026-01-08T14:07:15","guid":{"rendered":"https:\/\/portaltela.pt\/noticias\/2026\/01\/08\/portugal-regista-excesso-de-mortalidade-de-cerca-de-22-desde-inicio-de-dezembro\/"},"modified":"2026-01-08T11:07:15","modified_gmt":"2026-01-08T14:07:15","slug":"portugal-regista-excesso-de-mortalidade-de-cerca-de-22-desde-inicio-de-dezembro","status":"publish","type":"post","link":"https:\/\/portaltela.pt\/noticias\/2026\/01\/08\/portugal-regista-excesso-de-mortalidade-de-cerca-de-22-desde-inicio-de-dezembro\/","title":{"rendered":"Portugal regista excesso de mortalidade de cerca de 22% desde in\u00edcio de dezembro"},"content":{"rendered":"<p>O excesso de mortalidade em Portugal desde o in\u00edcio de dezembro gira em torno de 22%, associado ao frio e \u00e0 epidemia de gripe. A informa\u00e7\u00e3o procede de uma an\u00e1lise preliminar conjunta da Dire\u00e7\u00e3o-Geral da Sa\u00fade (DGS) e do Instituto Nacional de Sa\u00fade Doutor Ricardo Jorge (Insa).<\/p>\n<p>A mortalidade elevada foi identificada em todo o territ\u00f3rio continental, com maior impacto inicial nas regi\u00f5es Norte, Centro e Algarve. O padr\u00e3o \u00e9 compat\u00edvel com a fase epid\u00e9mica da gripe sazonal, incidindo sobretudo em pessoas com 65 anos ou mais, em especial 85 anos ou mais.<\/p>\n<p>Al\u00e9m das mortes por doen\u00e7as respirat\u00f3rias, observa-se ligeiro aumento das \u00f3bitos por doen\u00e7as cardiovasculares e metab\u00f3licas, t\u00edpicos do frio prolongado. N\u00e3o h\u00e1 ind\u00edcios de fatores extraordin\u00e1rios, segundo as autoridades de sa\u00fade.<\/p>\n<h3>Padr\u00f5es de evolu\u00e7\u00e3o da gripe e do frio<\/h3>\n<p>O estudo mostra o aumento da mortalidade por doen\u00e7as do aparelho respirat\u00f3rio, passando de 9,7% para 17% entre o in\u00edcio da \u00e9poca gripal e o per\u00edodo recente. O comportamento geogr\u00e1fico aponta dissemina\u00e7\u00e3o norte-sul ao longo deste inverno.<\/p>\n<p>O padr\u00e3o temporal acompanha o crescimento de consultas por s\u00edndrome gripal, refor\u00e7ando a ideia de transmiss\u00e3o da gripe. No Alentejo e Algarve, o excesso foi ligeiramente superior, possivelmente ligado a n\u00edveis de vacina\u00e7\u00e3o, demografia e fatores socioecon\u00f3micos locais.<\/p>\n<h3>Contexto climat\u00e9rico e v\u00edrus circulante<\/h3>\n<p>Antes do pico de mortalidade houve um aumento epid\u00e9mico da atividade gripal, j\u00e1 na \u00faltima semana de novembro. A circula\u00e7\u00e3o de um subtipo de gripe, H3N1, est\u00e1 associada a maior mortalidade. Portugal tamb\u00e9m registou temperaturas mais baixas que favorecem descompensa\u00e7\u00e3o de doen\u00e7as cr\u00f3nicas.<\/p>\n<p>A DGS e o Insa destacam que o conjunto de dados \u00e9 compat\u00edvel com per\u00edodos de alta circula\u00e7\u00e3o de v\u00edrus respirat\u00f3rios e condi\u00e7\u00f5es clim\u00e1ticas adversas. Mant\u00eam a monitoriza\u00e7\u00e3o cont\u00ednua e a comunica\u00e7\u00e3o de orienta\u00e7\u00f5es de vacina\u00e7\u00e3o para grupos de risco.<\/p>\n<h3>Medidas e recomenda\u00e7\u00f5es<\/h3>\n<p>Desde o in\u00edcio da atividade epid\u00e9mica, as autoridades reiteram o incentivo \u00e0 vacina\u00e7\u00e3o dos grupos de risco. Tamb\u00e9m s\u00e3o promovidas medidas de etiqueta respirat\u00f3ria e higiene das m\u00e3os para reduzir o risco de gripe.<\/p>\n","protected":false},"excerpt":{"rendered":"<ul>\n<li>Portugal regista desde o in\u00edcio de dezembro um excesso de mortalidade de cerca de 22%, associado ao frio e \u00e0 gripe.<\/li>\n<li>O excesso de mortalidade ocorreu em todo o territ\u00f3rio continental, com maior impacto inicial nas regi\u00f5es Norte, Centro e Algarve.<\/li>\n<li>As mortes por doen\u00e7as respirat\u00f3rias passaram de 9,7% (semana de 29 setembro a 5 outubro de 2025) para 17% (semana de 22 a 28 de dezembro), com maior incid\u00eancia em pessoas a partir dos 65 anos, especialmente 85 e mais.<\/li>\n<li>O conjunto de dados aponta um padr\u00e3o compat\u00edvel com a fase epid\u00e9mica da gripe sazonal, com circula\u00e7\u00e3o de um subtipo H3N1 e associa\u00e7\u00e3o ao frio prolongado que aumenta a descompensa\u00e7\u00e3o de doen\u00e7as cr\u00f3nicas.<\/li>\n<li>As autoridades refor\u00e7am a vacina\u00e7\u00e3o para grupos de risco e medidas de etiqueta respirat\u00f3ria e higiene das m\u00e3os para reduzir o risco de gripe.<\/li>\n<\/ul>\n","protected":false},"author":2,"featured_media":126401,"comment_status":"closed","ping_status":"closed","sticky":false,"template":"","format":"standard","meta":{"footnotes":""},"categories":[1],"tags":[928,1309,1905,2394,1014,271],"class_list":["post-126396","post","type-post","status-publish","format-standard","has-post-thumbnail","hentry","category-noticias","tag-algarve","tag-centro","tag-gripe","tag-infeccoes-respiratorias-agudas","tag-portugal","tag-saude-publica"],"yoast_head":"<!-- This site is optimized with the Yoast SEO plugin v27.2 - https:\/\/yoast.com\/product\/yoast-seo-wordpress\/ -->\n<title>Portugal regista excesso de mortalidade de cerca de 22% desde in\u00edcio de dezembro - Portal Tela Portugal<\/title>\n<meta name=\"robots\" content=\"index, follow, max-snippet:-1, max-image-preview:large, max-video-preview:-1\" \/>\n<meta property=\"og:locale\" content=\"pt_PT\" \/>\n<meta property=\"og:type\" content=\"article\" \/>\n<meta property=\"og:title\" content=\"Portugal regista excesso de mortalidade de cerca de 22% desde in\u00edcio de dezembro - Portal Tela Portugal\" \/>\n<meta property=\"og:description\" content=\"Portugal regista desde o in\u00edcio de dezembro um excesso de mortalidade de cerca de 22%, associado ao frio e \u00e0 gripe. O excesso de mortalidade ocorreu em todo o territ\u00f3rio continental, com maior impacto inicial nas regi\u00f5es Norte, Centro e Algarve. As mortes por doen\u00e7as respirat\u00f3rias passaram de 9,7% (semana de 29 setembro a 5 outubro de 2025) para 17% (semana de 22 a 28 de dezembro), com maior incid\u00eancia em pessoas a partir dos 65 anos, especialmente 85 e mais. O conjunto de dados aponta um padr\u00e3o compat\u00edvel com a fase epid\u00e9mica da gripe sazonal, com circula\u00e7\u00e3o de um subtipo H3N1 e associa\u00e7\u00e3o ao frio prolongado que aumenta a descompensa\u00e7\u00e3o de doen\u00e7as cr\u00f3nicas. As autoridades refor\u00e7am a vacina\u00e7\u00e3o para grupos de risco e medidas de etiqueta respirat\u00f3ria e higiene das m\u00e3os para reduzir o risco de gripe.\" \/>\n<meta property=\"og:url\" content=\"https:\/\/portaltela.pt\/noticias\/2026\/01\/08\/portugal-regista-excesso-de-mortalidade-de-cerca-de-22-desde-inicio-de-dezembro\/\" \/>\n<meta property=\"og:site_name\" content=\"Portal Tela Portugal\" \/>\n<meta property=\"article:published_time\" content=\"2026-01-08T14:07:15+00:00\" \/>\n<meta name=\"author\" content=\"Telinha\" \/>\n<meta name=\"twitter:card\" content=\"summary_large_image\" \/>\n<meta name=\"twitter:label1\" content=\"Escrito por\" \/>\n\t<meta name=\"twitter:data1\" content=\"Telinha\" \/>\n\t<meta name=\"twitter:label2\" content=\"Tempo estimado de leitura\" \/>\n\t<meta name=\"twitter:data2\" content=\"2 minutos\" \/>\n<script type=\"application\/ld+json\" class=\"yoast-schema-graph\">{\"@context\":\"https:\/\/schema.org\",\"@graph\":[{\"@type\":\"Article\",\"@id\":\"https:\/\/portaltela.pt\/noticias\/2026\/01\/08\/portugal-regista-excesso-de-mortalidade-de-cerca-de-22-desde-inicio-de-dezembro\/#article\",\"isPartOf\":{\"@id\":\"https:\/\/portaltela.pt\/noticias\/2026\/01\/08\/portugal-regista-excesso-de-mortalidade-de-cerca-de-22-desde-inicio-de-dezembro\/\"},\"author\":{\"name\":\"Telinha\",\"@id\":\"https:\/\/portaltela.pt\/#\/schema\/person\/c4278d4a6028830caff9ee44b42d32ed\"},\"headline\":\"Portugal regista excesso de mortalidade de cerca de 22% desde in\u00edcio de dezembro\",\"datePublished\":\"2026-01-08T14:07:15+00:00\",\"mainEntityOfPage\":{\"@id\":\"https:\/\/portaltela.pt\/noticias\/2026\/01\/08\/portugal-regista-excesso-de-mortalidade-de-cerca-de-22-desde-inicio-de-dezembro\/\"},\"wordCount\":402,\"image\":{\"@id\":\"https:\/\/portaltela.pt\/noticias\/2026\/01\/08\/portugal-regista-excesso-de-mortalidade-de-cerca-de-22-desde-inicio-de-dezembro\/#primaryimage\"},\"thumbnailUrl\":\"https:\/\/portaltela.pt\/s.01k8rhncp4jt1\/2026\/01\/img_1280x721uu2025-12-01-09-52-34-2251702.jpg\",\"keywords\":[\"Algarve\",\"Centro\",\"gripe\",\"infec\u00e7\u00f5es respirat\u00f3rias agudas\",\"Portugal\",\"sa\u00fade p\u00fablica\"],\"articleSection\":[\"Not\u00edcias\"],\"inLanguage\":\"pt-PT\"},{\"@type\":\"WebPage\",\"@id\":\"https:\/\/portaltela.pt\/noticias\/2026\/01\/08\/portugal-regista-excesso-de-mortalidade-de-cerca-de-22-desde-inicio-de-dezembro\/\",\"url\":\"https:\/\/portaltela.pt\/noticias\/2026\/01\/08\/portugal-regista-excesso-de-mortalidade-de-cerca-de-22-desde-inicio-de-dezembro\/\",\"name\":\"Portugal regista excesso de mortalidade de cerca de 22% desde in\u00edcio de dezembro - Portal Tela Portugal\",\"isPartOf\":{\"@id\":\"https:\/\/portaltela.pt\/#website\"},\"primaryImageOfPage\":{\"@id\":\"https:\/\/portaltela.pt\/noticias\/2026\/01\/08\/portugal-regista-excesso-de-mortalidade-de-cerca-de-22-desde-inicio-de-dezembro\/#primaryimage\"},\"image\":{\"@id\":\"https:\/\/portaltela.pt\/noticias\/2026\/01\/08\/portugal-regista-excesso-de-mortalidade-de-cerca-de-22-desde-inicio-de-dezembro\/#primaryimage\"},\"thumbnailUrl\":\"https:\/\/portaltela.pt\/s.01k8rhncp4jt1\/2026\/01\/img_1280x721uu2025-12-01-09-52-34-2251702.jpg\",\"datePublished\":\"2026-01-08T14:07:15+00:00\",\"author\":{\"@id\":\"https:\/\/portaltela.pt\/#\/schema\/person\/c4278d4a6028830caff9ee44b42d32ed\"},\"breadcrumb\":{\"@id\":\"https:\/\/portaltela.pt\/noticias\/2026\/01\/08\/portugal-regista-excesso-de-mortalidade-de-cerca-de-22-desde-inicio-de-dezembro\/#breadcrumb\"},\"inLanguage\":\"pt-PT\",\"potentialAction\":[{\"@type\":\"ReadAction\",\"target\":[\"https:\/\/portaltela.pt\/noticias\/2026\/01\/08\/portugal-regista-excesso-de-mortalidade-de-cerca-de-22-desde-inicio-de-dezembro\/\"]}]},{\"@type\":\"ImageObject\",\"inLanguage\":\"pt-PT\",\"@id\":\"https:\/\/portaltela.pt\/noticias\/2026\/01\/08\/portugal-regista-excesso-de-mortalidade-de-cerca-de-22-desde-inicio-de-dezembro\/#primaryimage\",\"url\":\"https:\/\/portaltela.pt\/s.01k8rhncp4jt1\/2026\/01\/img_1280x721uu2025-12-01-09-52-34-2251702.jpg\",\"contentUrl\":\"https:\/\/portaltela.pt\/s.01k8rhncp4jt1\/2026\/01\/img_1280x721uu2025-12-01-09-52-34-2251702.jpg\",\"width\":796,\"height\":448,\"caption\":\"DGS refor\u00e7a recomenda\u00e7\u00f5es para a sa\u00fade devido ao frio\"},{\"@type\":\"BreadcrumbList\",\"@id\":\"https:\/\/portaltela.pt\/noticias\/2026\/01\/08\/portugal-regista-excesso-de-mortalidade-de-cerca-de-22-desde-inicio-de-dezembro\/#breadcrumb\",\"itemListElement\":[{\"@type\":\"ListItem\",\"position\":1,\"name\":\"In\u00edcio\",\"item\":\"https:\/\/portaltela.pt\/\"},{\"@type\":\"ListItem\",\"position\":2,\"name\":\"Portugal regista excesso de mortalidade de cerca de 22% desde in\u00edcio de dezembro\"}]},{\"@type\":\"WebSite\",\"@id\":\"https:\/\/portaltela.pt\/#website\",\"url\":\"https:\/\/portaltela.pt\/\",\"name\":\"Portal Tela Portugal\",\"description\":\"\",\"potentialAction\":[{\"@type\":\"SearchAction\",\"target\":{\"@type\":\"EntryPoint\",\"urlTemplate\":\"https:\/\/portaltela.pt\/?s={search_term_string}\"},\"query-input\":{\"@type\":\"PropertyValueSpecification\",\"valueRequired\":true,\"valueName\":\"search_term_string\"}}],\"inLanguage\":\"pt-PT\"},{\"@type\":\"Person\",\"@id\":\"https:\/\/portaltela.pt\/#\/schema\/person\/c4278d4a6028830caff9ee44b42d32ed\",\"name\":\"Telinha\",\"image\":{\"@type\":\"ImageObject\",\"inLanguage\":\"pt-PT\",\"@id\":\"https:\/\/portaltela.pt\/s.01k8rhncp4jt1\/2025\/11\/talking-bot-125x125.png\",\"url\":\"https:\/\/portaltela.pt\/s.01k8rhncp4jt1\/2025\/11\/talking-bot-125x125.png\",\"contentUrl\":\"https:\/\/portaltela.pt\/s.01k8rhncp4jt1\/2025\/11\/talking-bot-125x125.png\",\"caption\":\"Telinha\"},\"sameAs\":[\"https:\/\/portaltela.pt\/\"],\"url\":\"https:\/\/portaltela.pt\/por\/367410592786\/\"}]}<\/script>\n<!-- \/ Yoast SEO plugin. -->","yoast_head_json":{"title":"Portugal regista excesso de mortalidade de cerca de 22% desde in\u00edcio de dezembro - Portal Tela Portugal","robots":{"index":"index","follow":"follow","max-snippet":"max-snippet:-1","max-image-preview":"max-image-preview:large","max-video-preview":"max-video-preview:-1"},"og_locale":"pt_PT","og_type":"article","og_title":"Portugal regista excesso de mortalidade de cerca de 22% desde in\u00edcio de dezembro - Portal Tela Portugal","og_description":"Portugal regista desde o in\u00edcio de dezembro um excesso de mortalidade de cerca de 22%, associado ao frio e \u00e0 gripe. O excesso de mortalidade ocorreu em todo o territ\u00f3rio continental, com maior impacto inicial nas regi\u00f5es Norte, Centro e Algarve. As mortes por doen\u00e7as respirat\u00f3rias passaram de 9,7% (semana de 29 setembro a 5 outubro de 2025) para 17% (semana de 22 a 28 de dezembro), com maior incid\u00eancia em pessoas a partir dos 65 anos, especialmente 85 e mais. O conjunto de dados aponta um padr\u00e3o compat\u00edvel com a fase epid\u00e9mica da gripe sazonal, com circula\u00e7\u00e3o de um subtipo H3N1 e associa\u00e7\u00e3o ao frio prolongado que aumenta a descompensa\u00e7\u00e3o de doen\u00e7as cr\u00f3nicas. As autoridades refor\u00e7am a vacina\u00e7\u00e3o para grupos de risco e medidas de etiqueta respirat\u00f3ria e higiene das m\u00e3os para reduzir o risco de gripe.","og_url":"https:\/\/portaltela.pt\/noticias\/2026\/01\/08\/portugal-regista-excesso-de-mortalidade-de-cerca-de-22-desde-inicio-de-dezembro\/","og_site_name":"Portal Tela Portugal","article_published_time":"2026-01-08T14:07:15+00:00","author":"Telinha","twitter_card":"summary_large_image","twitter_misc":{"Escrito por":"Telinha","Tempo estimado de leitura":"2 minutos"},"schema":{"@context":"https:\/\/schema.org","@graph":[{"@type":"Article","@id":"https:\/\/portaltela.pt\/noticias\/2026\/01\/08\/portugal-regista-excesso-de-mortalidade-de-cerca-de-22-desde-inicio-de-dezembro\/#article","isPartOf":{"@id":"https:\/\/portaltela.pt\/noticias\/2026\/01\/08\/portugal-regista-excesso-de-mortalidade-de-cerca-de-22-desde-inicio-de-dezembro\/"},"author":{"name":"Telinha","@id":"https:\/\/portaltela.pt\/#\/schema\/person\/c4278d4a6028830caff9ee44b42d32ed"},"headline":"Portugal regista excesso de mortalidade de cerca de 22% desde in\u00edcio de dezembro","datePublished":"2026-01-08T14:07:15+00:00","mainEntityOfPage":{"@id":"https:\/\/portaltela.pt\/noticias\/2026\/01\/08\/portugal-regista-excesso-de-mortalidade-de-cerca-de-22-desde-inicio-de-dezembro\/"},"wordCount":402,"image":{"@id":"https:\/\/portaltela.pt\/noticias\/2026\/01\/08\/portugal-regista-excesso-de-mortalidade-de-cerca-de-22-desde-inicio-de-dezembro\/#primaryimage"},"thumbnailUrl":"https:\/\/portaltela.pt\/s.01k8rhncp4jt1\/2026\/01\/img_1280x721uu2025-12-01-09-52-34-2251702.jpg","keywords":["Algarve","Centro","gripe","infec\u00e7\u00f5es respirat\u00f3rias agudas","Portugal","sa\u00fade p\u00fablica"],"articleSection":["Not\u00edcias"],"inLanguage":"pt-PT"},{"@type":"WebPage","@id":"https:\/\/portaltela.pt\/noticias\/2026\/01\/08\/portugal-regista-excesso-de-mortalidade-de-cerca-de-22-desde-inicio-de-dezembro\/","url":"https:\/\/portaltela.pt\/noticias\/2026\/01\/08\/portugal-regista-excesso-de-mortalidade-de-cerca-de-22-desde-inicio-de-dezembro\/","name":"Portugal regista excesso de mortalidade de cerca de 22% desde in\u00edcio de dezembro - Portal Tela Portugal","isPartOf":{"@id":"https:\/\/portaltela.pt\/#website"},"primaryImageOfPage":{"@id":"https:\/\/portaltela.pt\/noticias\/2026\/01\/08\/portugal-regista-excesso-de-mortalidade-de-cerca-de-22-desde-inicio-de-dezembro\/#primaryimage"},"image":{"@id":"https:\/\/portaltela.pt\/noticias\/2026\/01\/08\/portugal-regista-excesso-de-mortalidade-de-cerca-de-22-desde-inicio-de-dezembro\/#primaryimage"},"thumbnailUrl":"https:\/\/portaltela.pt\/s.01k8rhncp4jt1\/2026\/01\/img_1280x721uu2025-12-01-09-52-34-2251702.jpg","datePublished":"2026-01-08T14:07:15+00:00","author":{"@id":"https:\/\/portaltela.pt\/#\/schema\/person\/c4278d4a6028830caff9ee44b42d32ed"},"breadcrumb":{"@id":"https:\/\/portaltela.pt\/noticias\/2026\/01\/08\/portugal-regista-excesso-de-mortalidade-de-cerca-de-22-desde-inicio-de-dezembro\/#breadcrumb"},"inLanguage":"pt-PT","potentialAction":[{"@type":"ReadAction","target":["https:\/\/portaltela.pt\/noticias\/2026\/01\/08\/portugal-regista-excesso-de-mortalidade-de-cerca-de-22-desde-inicio-de-dezembro\/"]}]},{"@type":"ImageObject","inLanguage":"pt-PT","@id":"https:\/\/portaltela.pt\/noticias\/2026\/01\/08\/portugal-regista-excesso-de-mortalidade-de-cerca-de-22-desde-inicio-de-dezembro\/#primaryimage","url":"https:\/\/portaltela.pt\/s.01k8rhncp4jt1\/2026\/01\/img_1280x721uu2025-12-01-09-52-34-2251702.jpg","contentUrl":"https:\/\/portaltela.pt\/s.01k8rhncp4jt1\/2026\/01\/img_1280x721uu2025-12-01-09-52-34-2251702.jpg","width":796,"height":448,"caption":"DGS refor\u00e7a recomenda\u00e7\u00f5es para a sa\u00fade devido ao frio"},{"@type":"BreadcrumbList","@id":"https:\/\/portaltela.pt\/noticias\/2026\/01\/08\/portugal-regista-excesso-de-mortalidade-de-cerca-de-22-desde-inicio-de-dezembro\/#breadcrumb","itemListElement":[{"@type":"ListItem","position":1,"name":"In\u00edcio","item":"https:\/\/portaltela.pt\/"},{"@type":"ListItem","position":2,"name":"Portugal regista excesso de mortalidade de cerca de 22% desde in\u00edcio de dezembro"}]},{"@type":"WebSite","@id":"https:\/\/portaltela.pt\/#website","url":"https:\/\/portaltela.pt\/","name":"Portal Tela Portugal","description":"","potentialAction":[{"@type":"SearchAction","target":{"@type":"EntryPoint","urlTemplate":"https:\/\/portaltela.pt\/?s={search_term_string}"},"query-input":{"@type":"PropertyValueSpecification","valueRequired":true,"valueName":"search_term_string"}}],"inLanguage":"pt-PT"},{"@type":"Person","@id":"https:\/\/portaltela.pt\/#\/schema\/person\/c4278d4a6028830caff9ee44b42d32ed","name":"Telinha","image":{"@type":"ImageObject","inLanguage":"pt-PT","@id":"https:\/\/portaltela.pt\/s.01k8rhncp4jt1\/2025\/11\/talking-bot-125x125.png","url":"https:\/\/portaltela.pt\/s.01k8rhncp4jt1\/2025\/11\/talking-bot-125x125.png","contentUrl":"https:\/\/portaltela.pt\/s.01k8rhncp4jt1\/2025\/11\/talking-bot-125x125.png","caption":"Telinha"},"sameAs":["https:\/\/portaltela.pt\/"],"url":"https:\/\/portaltela.pt\/por\/367410592786\/"}]}},"_links":{"self":[{"href":"https:\/\/portaltela.pt\/api\/wp\/v2\/posts\/126396","targetHints":{"allow":["GET"]}}],"collection":[{"href":"https:\/\/portaltela.pt\/api\/wp\/v2\/posts"}],"about":[{"href":"https:\/\/portaltela.pt\/api\/wp\/v2\/types\/post"}],"author":[{"embeddable":true,"href":"https:\/\/portaltela.pt\/api\/wp\/v2\/users\/2"}],"replies":[{"embeddable":true,"href":"https:\/\/portaltela.pt\/api\/wp\/v2\/comments?post=126396"}],"version-history":[{"count":0,"href":"https:\/\/portaltela.pt\/api\/wp\/v2\/posts\/126396\/revisions"}],"wp:featuredmedia":[{"embeddable":true,"href":"https:\/\/portaltela.pt\/api\/wp\/v2\/media\/126401"}],"wp:attachment":[{"href":"https:\/\/portaltela.pt\/api\/wp\/v2\/media?parent=126396"}],"wp:term":[{"taxonomy":"category","embeddable":true,"href":"https:\/\/portaltela.pt\/api\/wp\/v2\/categories?post=126396"},{"taxonomy":"post_tag","embeddable":true,"href":"https:\/\/portaltela.pt\/api\/wp\/v2\/tags?post=126396"}],"curies":[{"name":"wp","href":"https:\/\/api.w.org\/{rel}","templated":true}]}}