{"id":126356,"date":"2026-01-08T10:47:00","date_gmt":"2026-01-08T13:47:00","guid":{"rendered":"https:\/\/portaltela.pt\/noticias\/2026\/01\/08\/caminha-preve-instalacao-da-estacao-salva-vidas-ainda-em-2026\/"},"modified":"2026-01-08T10:47:00","modified_gmt":"2026-01-08T13:47:00","slug":"caminha-preve-instalacao-da-estacao-salva-vidas-ainda-em-2026","status":"publish","type":"post","link":"https:\/\/portaltela.pt\/noticias\/2026\/01\/08\/caminha-preve-instalacao-da-estacao-salva-vidas-ainda-em-2026\/","title":{"rendered":"Caminha prev\u00ea instala\u00e7\u00e3o da esta\u00e7\u00e3o salva-vidas ainda em 2026"},"content":{"rendered":"<p>A C\u00e2mara Municipal de Caminha revelou que a instala\u00e7\u00e3o de uma Esta\u00e7\u00e3o Salva-Vidas (ESV) no concelho pode acontecer ainda em 2026. A informa\u00e7\u00e3o foi partilhada pela presidente Liliana Silva (PSD) durante a reuni\u00e3o do executivo.<\/p>\n<p>Segundo a autarca, h\u00e1 fortes perspetivas de que o equipamento fique operativo no fim deste ano ou no in\u00edcio do pr\u00f3ximo, n\u00e3o sendo ainda definida a data exata. O objetivo \u00e9 refor\u00e7ar a seguran\u00e7a das atividades mar\u00edtimas locais.<\/p>\n<p>A reabertura do debate sobre a esta\u00e7\u00e3o surgiu na sequ\u00eancia do naufr\u00e1gio de uma embarca\u00e7\u00e3o de pesca entre a ilha da \u00cdnsua e a Barra de Caminha, em dezembro, que resultou na sobreviv\u00eancia de dois tripulantes entre cinco.<\/p>\n<h3>Avan\u00e7os e prazos<\/h3>\n<p>A presidente destacou que o projeto de execu\u00e7\u00e3o j\u00e1 existe e que a C\u00e2mara est\u00e1 dispon\u00edvel para colaborar integralmente. Vai ser preparada uma minuta de protocolo entre a Dire\u00e7\u00e3o-Geral de Organiza\u00e7\u00e3o e Recursos Humanos (DGAM) e o munic\u00edpio.<\/p>\n<p>A Esta\u00e7\u00e3o Salva-Vidas corresponde \u00e0 responsabilidade da autoridade mar\u00edtima. Atualmente, a esta\u00e7\u00e3o mais pr\u00f3xima de Caminha situa-se em Viana do Castelo, servindo caminhense e Vila Praia de \u00c2ncora.<\/p>\n<h3>Contexto e pr\u00f3ximas etapas<\/h3>\n<p>No \u00e2mbito regional, h\u00e1 outra esta\u00e7\u00e3o que serve a \u00e1rea de P\u00f3voa de Varzim\/Vila do Conde, para al\u00e9m da existente em Viana do Castelo. A C\u00e2mara pretende assegurar a integra\u00e7\u00e3o da ESV no territ\u00f3rio de forma coordenada.<\/p>\n<p>O munic\u00edpio refor\u00e7a a import\u00e2ncia de reduzir tempos de resposta e de apoiar as comunidades piscat\u00f3rias locais, sobretudo nas \u00e1reas de Caminha e Vila Praia de \u00c2ncora.<\/p>\n","protected":false},"excerpt":{"rendered":"<ul>\n<li>A C\u00e2mara de Caminha prev\u00ea instalar uma Esta\u00e7\u00e3o Salva-Vidas ainda em 2026, com a possibilidade de ficar pronta no final deste ano ou in\u00edcio do pr\u00f3ximo.<\/li>\n<li>A lideran\u00e7a municipal informou a expectativa durante a reuni\u00e3o do executivo, destacando que o projeto j\u00e1 existe.<\/li>\n<li>A necessidade de uma esta\u00e7\u00e3o na regi\u00e3o ganhou relev\u00e2ncia ap\u00f3s o naufr\u00e1gio, em dezembro, entre a ilha da \u00cdnsua e a Barra de Caminha, que deixou cinco tripulantes, dos quais dois sobreviveram.<\/li>\n<li>Vai responder pela infraestrutura a autoridade mar\u00edtima, com a DGAM e a C\u00e2mara a preparar uma minuta de protocolo para facilitar a instala\u00e7\u00e3o.<\/li>\n<li>No momento, a Esta\u00e7\u00e3o Salva-Vidas mais pr\u00f3xima de Caminha fica em Viana do Castelo, existindo outra a sul, entre P\u00f3voa do Varzim e Vila do Conde, e Caminha tem duas comunidades piscat\u00f3rias.<\/li>\n<\/ul>\n","protected":false},"author":2,"featured_media":126362,"comment_status":"closed","ping_status":"closed","sticky":false,"template":"","format":"standard","meta":{"footnotes":""},"categories":[1],"tags":[2598,1525,1409,250,1530,2658],"class_list":["post-126356","post","type-post","status-publish","format-standard","has-post-thumbnail","hentry","category-noticias","tag-autoridade-maritima-nacional","tag-caminha","tag-desenvolvimento-regional","tag-seguranca-publica","tag-viana-do-castelo","tag-vila-praia-de-ancora"],"yoast_head":"<!-- This site is optimized with the Yoast SEO plugin v27.2 - https:\/\/yoast.com\/product\/yoast-seo-wordpress\/ -->\n<title>Caminha prev\u00ea instala\u00e7\u00e3o da esta\u00e7\u00e3o salva-vidas ainda em 2026 - Portal Tela Portugal<\/title>\n<meta name=\"robots\" content=\"index, follow, max-snippet:-1, max-image-preview:large, max-video-preview:-1\" \/>\n<meta property=\"og:locale\" content=\"pt_PT\" \/>\n<meta property=\"og:type\" content=\"article\" \/>\n<meta property=\"og:title\" content=\"Caminha prev\u00ea instala\u00e7\u00e3o da esta\u00e7\u00e3o salva-vidas ainda em 2026 - Portal Tela Portugal\" \/>\n<meta property=\"og:description\" content=\"A C\u00e2mara de Caminha prev\u00ea instalar uma Esta\u00e7\u00e3o Salva-Vidas ainda em 2026, com a possibilidade de ficar pronta no final deste ano ou in\u00edcio do pr\u00f3ximo. A lideran\u00e7a municipal informou a expectativa durante a reuni\u00e3o do executivo, destacando que o projeto j\u00e1 existe. A necessidade de uma esta\u00e7\u00e3o na regi\u00e3o ganhou relev\u00e2ncia ap\u00f3s o naufr\u00e1gio, em dezembro, entre a ilha da \u00cdnsua e a Barra de Caminha, que deixou cinco tripulantes, dos quais dois sobreviveram. Vai responder pela infraestrutura a autoridade mar\u00edtima, com a DGAM e a C\u00e2mara a preparar uma minuta de protocolo para facilitar a instala\u00e7\u00e3o. No momento, a Esta\u00e7\u00e3o Salva-Vidas mais pr\u00f3xima de Caminha fica em Viana do Castelo, existindo outra a sul, entre P\u00f3voa do Varzim e Vila do Conde, e Caminha tem duas comunidades piscat\u00f3rias.\" \/>\n<meta property=\"og:url\" content=\"https:\/\/portaltela.pt\/noticias\/2026\/01\/08\/caminha-preve-instalacao-da-estacao-salva-vidas-ainda-em-2026\/\" \/>\n<meta property=\"og:site_name\" content=\"Portal Tela Portugal\" \/>\n<meta property=\"article:published_time\" content=\"2026-01-08T13:47:00+00:00\" \/>\n<meta name=\"author\" content=\"Telinha\" \/>\n<meta name=\"twitter:card\" content=\"summary_large_image\" \/>\n<meta name=\"twitter:label1\" content=\"Escrito por\" \/>\n\t<meta name=\"twitter:data1\" content=\"Telinha\" \/>\n\t<meta name=\"twitter:label2\" content=\"Tempo estimado de leitura\" \/>\n\t<meta name=\"twitter:data2\" content=\"1 minuto\" \/>\n<script type=\"application\/ld+json\" class=\"yoast-schema-graph\">{\"@context\":\"https:\/\/schema.org\",\"@graph\":[{\"@type\":\"Article\",\"@id\":\"https:\/\/portaltela.pt\/noticias\/2026\/01\/08\/caminha-preve-instalacao-da-estacao-salva-vidas-ainda-em-2026\/#article\",\"isPartOf\":{\"@id\":\"https:\/\/portaltela.pt\/noticias\/2026\/01\/08\/caminha-preve-instalacao-da-estacao-salva-vidas-ainda-em-2026\/\"},\"author\":{\"name\":\"Telinha\",\"@id\":\"https:\/\/portaltela.pt\/#\/schema\/person\/c4278d4a6028830caff9ee44b42d32ed\"},\"headline\":\"Caminha prev\u00ea instala\u00e7\u00e3o da esta\u00e7\u00e3o salva-vidas ainda em 2026\",\"datePublished\":\"2026-01-08T13:47:00+00:00\",\"mainEntityOfPage\":{\"@id\":\"https:\/\/portaltela.pt\/noticias\/2026\/01\/08\/caminha-preve-instalacao-da-estacao-salva-vidas-ainda-em-2026\/\"},\"wordCount\":294,\"image\":{\"@id\":\"https:\/\/portaltela.pt\/noticias\/2026\/01\/08\/caminha-preve-instalacao-da-estacao-salva-vidas-ainda-em-2026\/#primaryimage\"},\"thumbnailUrl\":\"https:\/\/portaltela.pt\/s.01k8rhncp4jt1\/2026\/01\/image-443.jpg\",\"keywords\":[\"Autoridade Mar\u00edtima Nacional\",\"Caminha\",\"desenvolvimento regional\",\"seguran\u00e7a p\u00fablica\",\"Viana do Castelo\",\"Vila Praia de \u00c2ncora\"],\"articleSection\":[\"Not\u00edcias\"],\"inLanguage\":\"pt-PT\"},{\"@type\":\"WebPage\",\"@id\":\"https:\/\/portaltela.pt\/noticias\/2026\/01\/08\/caminha-preve-instalacao-da-estacao-salva-vidas-ainda-em-2026\/\",\"url\":\"https:\/\/portaltela.pt\/noticias\/2026\/01\/08\/caminha-preve-instalacao-da-estacao-salva-vidas-ainda-em-2026\/\",\"name\":\"Caminha prev\u00ea instala\u00e7\u00e3o da esta\u00e7\u00e3o salva-vidas ainda em 2026 - Portal Tela Portugal\",\"isPartOf\":{\"@id\":\"https:\/\/portaltela.pt\/#website\"},\"primaryImageOfPage\":{\"@id\":\"https:\/\/portaltela.pt\/noticias\/2026\/01\/08\/caminha-preve-instalacao-da-estacao-salva-vidas-ainda-em-2026\/#primaryimage\"},\"image\":{\"@id\":\"https:\/\/portaltela.pt\/noticias\/2026\/01\/08\/caminha-preve-instalacao-da-estacao-salva-vidas-ainda-em-2026\/#primaryimage\"},\"thumbnailUrl\":\"https:\/\/portaltela.pt\/s.01k8rhncp4jt1\/2026\/01\/image-443.jpg\",\"datePublished\":\"2026-01-08T13:47:00+00:00\",\"author\":{\"@id\":\"https:\/\/portaltela.pt\/#\/schema\/person\/c4278d4a6028830caff9ee44b42d32ed\"},\"breadcrumb\":{\"@id\":\"https:\/\/portaltela.pt\/noticias\/2026\/01\/08\/caminha-preve-instalacao-da-estacao-salva-vidas-ainda-em-2026\/#breadcrumb\"},\"inLanguage\":\"pt-PT\",\"potentialAction\":[{\"@type\":\"ReadAction\",\"target\":[\"https:\/\/portaltela.pt\/noticias\/2026\/01\/08\/caminha-preve-instalacao-da-estacao-salva-vidas-ainda-em-2026\/\"]}]},{\"@type\":\"ImageObject\",\"inLanguage\":\"pt-PT\",\"@id\":\"https:\/\/portaltela.pt\/noticias\/2026\/01\/08\/caminha-preve-instalacao-da-estacao-salva-vidas-ainda-em-2026\/#primaryimage\",\"url\":\"https:\/\/portaltela.pt\/s.01k8rhncp4jt1\/2026\/01\/image-443.jpg\",\"contentUrl\":\"https:\/\/portaltela.pt\/s.01k8rhncp4jt1\/2026\/01\/image-443.jpg\",\"width\":796,\"height\":448,\"caption\":\"A Esta\u00e7\u00e3o Salva-Vidas mais pr\u00f3xima do concelho de Caminha est\u00e1 instalada em Viana do Castelo\"},{\"@type\":\"BreadcrumbList\",\"@id\":\"https:\/\/portaltela.pt\/noticias\/2026\/01\/08\/caminha-preve-instalacao-da-estacao-salva-vidas-ainda-em-2026\/#breadcrumb\",\"itemListElement\":[{\"@type\":\"ListItem\",\"position\":1,\"name\":\"In\u00edcio\",\"item\":\"https:\/\/portaltela.pt\/\"},{\"@type\":\"ListItem\",\"position\":2,\"name\":\"Caminha prev\u00ea instala\u00e7\u00e3o da esta\u00e7\u00e3o salva-vidas ainda em 2026\"}]},{\"@type\":\"WebSite\",\"@id\":\"https:\/\/portaltela.pt\/#website\",\"url\":\"https:\/\/portaltela.pt\/\",\"name\":\"Portal Tela Portugal\",\"description\":\"\",\"potentialAction\":[{\"@type\":\"SearchAction\",\"target\":{\"@type\":\"EntryPoint\",\"urlTemplate\":\"https:\/\/portaltela.pt\/?s={search_term_string}\"},\"query-input\":{\"@type\":\"PropertyValueSpecification\",\"valueRequired\":true,\"valueName\":\"search_term_string\"}}],\"inLanguage\":\"pt-PT\"},{\"@type\":\"Person\",\"@id\":\"https:\/\/portaltela.pt\/#\/schema\/person\/c4278d4a6028830caff9ee44b42d32ed\",\"name\":\"Telinha\",\"image\":{\"@type\":\"ImageObject\",\"inLanguage\":\"pt-PT\",\"@id\":\"https:\/\/portaltela.pt\/s.01k8rhncp4jt1\/2025\/11\/talking-bot-125x125.png\",\"url\":\"https:\/\/portaltela.pt\/s.01k8rhncp4jt1\/2025\/11\/talking-bot-125x125.png\",\"contentUrl\":\"https:\/\/portaltela.pt\/s.01k8rhncp4jt1\/2025\/11\/talking-bot-125x125.png\",\"caption\":\"Telinha\"},\"sameAs\":[\"https:\/\/portaltela.pt\/\"],\"url\":\"https:\/\/portaltela.pt\/por\/367410592786\/\"}]}<\/script>\n<!-- \/ Yoast SEO plugin. -->","yoast_head_json":{"title":"Caminha prev\u00ea instala\u00e7\u00e3o da esta\u00e7\u00e3o salva-vidas ainda em 2026 - Portal Tela Portugal","robots":{"index":"index","follow":"follow","max-snippet":"max-snippet:-1","max-image-preview":"max-image-preview:large","max-video-preview":"max-video-preview:-1"},"og_locale":"pt_PT","og_type":"article","og_title":"Caminha prev\u00ea instala\u00e7\u00e3o da esta\u00e7\u00e3o salva-vidas ainda em 2026 - Portal Tela Portugal","og_description":"A C\u00e2mara de Caminha prev\u00ea instalar uma Esta\u00e7\u00e3o Salva-Vidas ainda em 2026, com a possibilidade de ficar pronta no final deste ano ou in\u00edcio do pr\u00f3ximo. A lideran\u00e7a municipal informou a expectativa durante a reuni\u00e3o do executivo, destacando que o projeto j\u00e1 existe. A necessidade de uma esta\u00e7\u00e3o na regi\u00e3o ganhou relev\u00e2ncia ap\u00f3s o naufr\u00e1gio, em dezembro, entre a ilha da \u00cdnsua e a Barra de Caminha, que deixou cinco tripulantes, dos quais dois sobreviveram. Vai responder pela infraestrutura a autoridade mar\u00edtima, com a DGAM e a C\u00e2mara a preparar uma minuta de protocolo para facilitar a instala\u00e7\u00e3o. No momento, a Esta\u00e7\u00e3o Salva-Vidas mais pr\u00f3xima de Caminha fica em Viana do Castelo, existindo outra a sul, entre P\u00f3voa do Varzim e Vila do Conde, e Caminha tem duas comunidades piscat\u00f3rias.","og_url":"https:\/\/portaltela.pt\/noticias\/2026\/01\/08\/caminha-preve-instalacao-da-estacao-salva-vidas-ainda-em-2026\/","og_site_name":"Portal Tela Portugal","article_published_time":"2026-01-08T13:47:00+00:00","author":"Telinha","twitter_card":"summary_large_image","twitter_misc":{"Escrito por":"Telinha","Tempo estimado de leitura":"1 minuto"},"schema":{"@context":"https:\/\/schema.org","@graph":[{"@type":"Article","@id":"https:\/\/portaltela.pt\/noticias\/2026\/01\/08\/caminha-preve-instalacao-da-estacao-salva-vidas-ainda-em-2026\/#article","isPartOf":{"@id":"https:\/\/portaltela.pt\/noticias\/2026\/01\/08\/caminha-preve-instalacao-da-estacao-salva-vidas-ainda-em-2026\/"},"author":{"name":"Telinha","@id":"https:\/\/portaltela.pt\/#\/schema\/person\/c4278d4a6028830caff9ee44b42d32ed"},"headline":"Caminha prev\u00ea instala\u00e7\u00e3o da esta\u00e7\u00e3o salva-vidas ainda em 2026","datePublished":"2026-01-08T13:47:00+00:00","mainEntityOfPage":{"@id":"https:\/\/portaltela.pt\/noticias\/2026\/01\/08\/caminha-preve-instalacao-da-estacao-salva-vidas-ainda-em-2026\/"},"wordCount":294,"image":{"@id":"https:\/\/portaltela.pt\/noticias\/2026\/01\/08\/caminha-preve-instalacao-da-estacao-salva-vidas-ainda-em-2026\/#primaryimage"},"thumbnailUrl":"https:\/\/portaltela.pt\/s.01k8rhncp4jt1\/2026\/01\/image-443.jpg","keywords":["Autoridade Mar\u00edtima Nacional","Caminha","desenvolvimento regional","seguran\u00e7a p\u00fablica","Viana do Castelo","Vila Praia de \u00c2ncora"],"articleSection":["Not\u00edcias"],"inLanguage":"pt-PT"},{"@type":"WebPage","@id":"https:\/\/portaltela.pt\/noticias\/2026\/01\/08\/caminha-preve-instalacao-da-estacao-salva-vidas-ainda-em-2026\/","url":"https:\/\/portaltela.pt\/noticias\/2026\/01\/08\/caminha-preve-instalacao-da-estacao-salva-vidas-ainda-em-2026\/","name":"Caminha prev\u00ea instala\u00e7\u00e3o da esta\u00e7\u00e3o salva-vidas ainda em 2026 - Portal Tela Portugal","isPartOf":{"@id":"https:\/\/portaltela.pt\/#website"},"primaryImageOfPage":{"@id":"https:\/\/portaltela.pt\/noticias\/2026\/01\/08\/caminha-preve-instalacao-da-estacao-salva-vidas-ainda-em-2026\/#primaryimage"},"image":{"@id":"https:\/\/portaltela.pt\/noticias\/2026\/01\/08\/caminha-preve-instalacao-da-estacao-salva-vidas-ainda-em-2026\/#primaryimage"},"thumbnailUrl":"https:\/\/portaltela.pt\/s.01k8rhncp4jt1\/2026\/01\/image-443.jpg","datePublished":"2026-01-08T13:47:00+00:00","author":{"@id":"https:\/\/portaltela.pt\/#\/schema\/person\/c4278d4a6028830caff9ee44b42d32ed"},"breadcrumb":{"@id":"https:\/\/portaltela.pt\/noticias\/2026\/01\/08\/caminha-preve-instalacao-da-estacao-salva-vidas-ainda-em-2026\/#breadcrumb"},"inLanguage":"pt-PT","potentialAction":[{"@type":"ReadAction","target":["https:\/\/portaltela.pt\/noticias\/2026\/01\/08\/caminha-preve-instalacao-da-estacao-salva-vidas-ainda-em-2026\/"]}]},{"@type":"ImageObject","inLanguage":"pt-PT","@id":"https:\/\/portaltela.pt\/noticias\/2026\/01\/08\/caminha-preve-instalacao-da-estacao-salva-vidas-ainda-em-2026\/#primaryimage","url":"https:\/\/portaltela.pt\/s.01k8rhncp4jt1\/2026\/01\/image-443.jpg","contentUrl":"https:\/\/portaltela.pt\/s.01k8rhncp4jt1\/2026\/01\/image-443.jpg","width":796,"height":448,"caption":"A Esta\u00e7\u00e3o Salva-Vidas mais pr\u00f3xima do concelho de Caminha est\u00e1 instalada em Viana do Castelo"},{"@type":"BreadcrumbList","@id":"https:\/\/portaltela.pt\/noticias\/2026\/01\/08\/caminha-preve-instalacao-da-estacao-salva-vidas-ainda-em-2026\/#breadcrumb","itemListElement":[{"@type":"ListItem","position":1,"name":"In\u00edcio","item":"https:\/\/portaltela.pt\/"},{"@type":"ListItem","position":2,"name":"Caminha prev\u00ea instala\u00e7\u00e3o da esta\u00e7\u00e3o salva-vidas ainda em 2026"}]},{"@type":"WebSite","@id":"https:\/\/portaltela.pt\/#website","url":"https:\/\/portaltela.pt\/","name":"Portal Tela Portugal","description":"","potentialAction":[{"@type":"SearchAction","target":{"@type":"EntryPoint","urlTemplate":"https:\/\/portaltela.pt\/?s={search_term_string}"},"query-input":{"@type":"PropertyValueSpecification","valueRequired":true,"valueName":"search_term_string"}}],"inLanguage":"pt-PT"},{"@type":"Person","@id":"https:\/\/portaltela.pt\/#\/schema\/person\/c4278d4a6028830caff9ee44b42d32ed","name":"Telinha","image":{"@type":"ImageObject","inLanguage":"pt-PT","@id":"https:\/\/portaltela.pt\/s.01k8rhncp4jt1\/2025\/11\/talking-bot-125x125.png","url":"https:\/\/portaltela.pt\/s.01k8rhncp4jt1\/2025\/11\/talking-bot-125x125.png","contentUrl":"https:\/\/portaltela.pt\/s.01k8rhncp4jt1\/2025\/11\/talking-bot-125x125.png","caption":"Telinha"},"sameAs":["https:\/\/portaltela.pt\/"],"url":"https:\/\/portaltela.pt\/por\/367410592786\/"}]}},"_links":{"self":[{"href":"https:\/\/portaltela.pt\/api\/wp\/v2\/posts\/126356","targetHints":{"allow":["GET"]}}],"collection":[{"href":"https:\/\/portaltela.pt\/api\/wp\/v2\/posts"}],"about":[{"href":"https:\/\/portaltela.pt\/api\/wp\/v2\/types\/post"}],"author":[{"embeddable":true,"href":"https:\/\/portaltela.pt\/api\/wp\/v2\/users\/2"}],"replies":[{"embeddable":true,"href":"https:\/\/portaltela.pt\/api\/wp\/v2\/comments?post=126356"}],"version-history":[{"count":0,"href":"https:\/\/portaltela.pt\/api\/wp\/v2\/posts\/126356\/revisions"}],"wp:featuredmedia":[{"embeddable":true,"href":"https:\/\/portaltela.pt\/api\/wp\/v2\/media\/126362"}],"wp:attachment":[{"href":"https:\/\/portaltela.pt\/api\/wp\/v2\/media?parent=126356"}],"wp:term":[{"taxonomy":"category","embeddable":true,"href":"https:\/\/portaltela.pt\/api\/wp\/v2\/categories?post=126356"},{"taxonomy":"post_tag","embeddable":true,"href":"https:\/\/portaltela.pt\/api\/wp\/v2\/tags?post=126356"}],"curies":[{"name":"wp","href":"https:\/\/api.w.org\/{rel}","templated":true}]}}