{"id":126316,"date":"2026-01-08T10:27:00","date_gmt":"2026-01-08T13:27:00","guid":{"rendered":"https:\/\/portaltela.pt\/noticias\/2026\/01\/08\/gerente-de-bar-suico-que-ardeu-saiu-com-dinheiro-e-apagou-redes\/"},"modified":"2026-01-08T10:27:00","modified_gmt":"2026-01-08T13:27:00","slug":"gerente-de-bar-suico-que-ardeu-saiu-com-dinheiro-e-apagou-redes","status":"publish","type":"post","link":"https:\/\/portaltela.pt\/noticias\/2026\/01\/08\/gerente-de-bar-suico-que-ardeu-saiu-com-dinheiro-e-apagou-redes\/","title":{"rendered":"Gerente de bar su\u00ed\u00e7o que ardeu saiu com dinheiro e apagou redes"},"content":{"rendered":"<p>O inc\u00eandio que vitimou 40 pessoas e feriu 116 na passagem de Ano Novo ocorreu no bar Le Constellation, em Crans-Montana, Su\u00ed\u00e7a. A investiga\u00e7\u00e3o aponta para poss\u00edveis irregularidades de seguran\u00e7a e aponta responsabilidades prov\u00e1veis de gest\u00e3o do espa\u00e7o.<\/p>\n<p>Jessica Moretti, propriet\u00e1ria e gerente do bar, e o marido Jacques, que n\u00e3o estava presente na noite do incidente, est\u00e3o sob investiga\u00e7\u00e3o por homic\u00eddio involunt\u00e1rio, neglig\u00eancia e ofensas aos clientes feridos. O casal tamb\u00e9m \u00e9 alvo de averigua\u00e7\u00f5es sobre o uso de recursos da caixa do estabelecimento.<\/p>\n<p>Segundo o Times of London, citando o advogado de algumas das v\u00edtimas, Romais Jordan, as redes sociais do bar teriam sido apagadas na noite do inc\u00eandio, quando ainda havia emerg\u00eancias em curso. V\u00eddeos dispon\u00edveis nesses canais podem integrar a investiga\u00e7\u00e3o.<\/p>\n<h3>Investiga\u00e7\u00f5es e fa\u00e7\u00f5es t\u00e9cnicas<\/h3>\n<p>As autoridades reconstituem, com v\u00eddeos de clientes e imagens de videovigil\u00e2ncia, os passos de como o fogo se propagou naquela noite. O foco est\u00e1 em normas de seguran\u00e7a, obras de 2015 e acesso \u00e0s sa\u00eddas de emerg\u00eancia e extintores.<\/p>\n<p>Os bombeiros e peritos analisam se houve falhas de inspe\u00e7\u00e3o desde 2019, conforme reconhecido pela C\u00e2mara Municipal de Crans-Montana. A investiga\u00e7\u00e3o considera ainda causas prov\u00e1veis ligadas ao uso de champanhe com foguetes de festa e \u00e0 espuma de isolamento no teto.<\/p>\n<h3>V\u00edtima confirmada<\/h3>\n<p>A \u00fanica v\u00edtima mortal foi a portuguesa Fany Pinheiro Magalh\u00e3es, 22 anos, natural de Santa Maria da Feira. Professora rec\u00e9m-formada, residia em Crans-Montana. O carro da jovem ficou destru\u00eddo pelo fogo junto ao bar, e o telem\u00f3vel permanece incontact\u00e1vel.<\/p>\n","protected":false},"excerpt":{"rendered":"<ul>\n<li>O inc\u00eandio no bar Le Constellation, em Crans-Montana, deixou quarenta mortos e 116 feridos; a investiga\u00e7\u00e3o foca nos propriet\u00e1rios, Jessica Moretti e Jacques Moretti, por homic\u00eddio involunt\u00e1rio, neglig\u00eancia e ofensas aos clientes.<\/li>\n<li>Jessica Moretti ter\u00e1 sa\u00eddo do bar com o dinheiro da caixa e apagou as contas de redes sociais na noite do sinistro, segundo oTimes of London.<\/li>\n<li>V\u00eddeos de clientes e imagens de videovigil\u00e2ncia est\u00e3o a ser usados para tentar reconstruir o sucedido e apurar responsabilidades do casal franc\u00eas, propriet\u00e1rio do espa\u00e7o.<\/li>\n<li>As autoridades verificam se as normas de seguran\u00e7a foram cumpridas nas obras de 2015 e se havia acessos a sa\u00eddas de emerg\u00eancia e extintores; inspe\u00e7\u00f5es de seguran\u00e7a n\u00e3o ocorreram desde 2019.<\/li>\n<li>Uma simula\u00e7\u00e3o aponta que o fogo atingiu 1.200 graus e, sem oxig\u00e9nio, desceu para 600 graus; estima-se que tenham sido 140 segundos at\u00e9 ser poss\u00edvel evacuar. A \u00fanica v\u00edtima mortal foi a portuguesa Fany Pinheiro Magalh\u00e3es, de 22 anos.<\/li>\n<\/ul>\n","protected":false},"author":2,"featured_media":126322,"comment_status":"closed","ping_status":"closed","sticky":false,"template":"","format":"standard","meta":{"footnotes":""},"categories":[1],"tags":[2395,1438,215,1014,250,2234],"class_list":["post-126316","post","type-post","status-publish","format-standard","has-post-thumbnail","hentry","category-noticias","tag-homicidio-involuntario","tag-incendio","tag-investigacao","tag-portugal","tag-seguranca-publica","tag-videovigilancia"],"yoast_head":"<!-- This site is optimized with the Yoast SEO plugin v27.2 - https:\/\/yoast.com\/product\/yoast-seo-wordpress\/ -->\n<title>Gerente de bar su\u00ed\u00e7o que ardeu saiu com dinheiro e apagou redes - Portal Tela Portugal<\/title>\n<meta name=\"robots\" content=\"index, follow, max-snippet:-1, max-image-preview:large, max-video-preview:-1\" \/>\n<meta property=\"og:locale\" content=\"pt_PT\" \/>\n<meta property=\"og:type\" content=\"article\" \/>\n<meta property=\"og:title\" content=\"Gerente de bar su\u00ed\u00e7o que ardeu saiu com dinheiro e apagou redes - Portal Tela Portugal\" \/>\n<meta property=\"og:description\" content=\"O inc\u00eandio no bar Le Constellation, em Crans-Montana, deixou quarenta mortos e 116 feridos; a investiga\u00e7\u00e3o foca nos propriet\u00e1rios, Jessica Moretti e Jacques Moretti, por homic\u00eddio involunt\u00e1rio, neglig\u00eancia e ofensas aos clientes. Jessica Moretti ter\u00e1 sa\u00eddo do bar com o dinheiro da caixa e apagou as contas de redes sociais na noite do sinistro, segundo oTimes of London. V\u00eddeos de clientes e imagens de videovigil\u00e2ncia est\u00e3o a ser usados para tentar reconstruir o sucedido e apurar responsabilidades do casal franc\u00eas, propriet\u00e1rio do espa\u00e7o. As autoridades verificam se as normas de seguran\u00e7a foram cumpridas nas obras de 2015 e se havia acessos a sa\u00eddas de emerg\u00eancia e extintores; inspe\u00e7\u00f5es de seguran\u00e7a n\u00e3o ocorreram desde 2019. Uma simula\u00e7\u00e3o aponta que o fogo atingiu 1.200 graus e, sem oxig\u00e9nio, desceu para 600 graus; estima-se que tenham sido 140 segundos at\u00e9 ser poss\u00edvel evacuar. A \u00fanica v\u00edtima mortal foi a portuguesa Fany Pinheiro Magalh\u00e3es, de 22 anos.\" \/>\n<meta property=\"og:url\" content=\"https:\/\/portaltela.pt\/noticias\/2026\/01\/08\/gerente-de-bar-suico-que-ardeu-saiu-com-dinheiro-e-apagou-redes\/\" \/>\n<meta property=\"og:site_name\" content=\"Portal Tela Portugal\" \/>\n<meta property=\"article:published_time\" content=\"2026-01-08T13:27:00+00:00\" \/>\n<meta name=\"author\" content=\"Telinha\" \/>\n<meta name=\"twitter:card\" content=\"summary_large_image\" \/>\n<meta name=\"twitter:label1\" content=\"Escrito por\" \/>\n\t<meta name=\"twitter:data1\" content=\"Telinha\" \/>\n\t<meta name=\"twitter:label2\" content=\"Tempo estimado de leitura\" \/>\n\t<meta name=\"twitter:data2\" content=\"1 minuto\" \/>\n<script type=\"application\/ld+json\" class=\"yoast-schema-graph\">{\"@context\":\"https:\/\/schema.org\",\"@graph\":[{\"@type\":\"Article\",\"@id\":\"https:\/\/portaltela.pt\/noticias\/2026\/01\/08\/gerente-de-bar-suico-que-ardeu-saiu-com-dinheiro-e-apagou-redes\/#article\",\"isPartOf\":{\"@id\":\"https:\/\/portaltela.pt\/noticias\/2026\/01\/08\/gerente-de-bar-suico-que-ardeu-saiu-com-dinheiro-e-apagou-redes\/\"},\"author\":{\"name\":\"Telinha\",\"@id\":\"https:\/\/portaltela.pt\/#\/schema\/person\/c4278d4a6028830caff9ee44b42d32ed\"},\"headline\":\"Gerente de bar su\u00ed\u00e7o que ardeu saiu com dinheiro e apagou redes\",\"datePublished\":\"2026-01-08T13:27:00+00:00\",\"mainEntityOfPage\":{\"@id\":\"https:\/\/portaltela.pt\/noticias\/2026\/01\/08\/gerente-de-bar-suico-que-ardeu-saiu-com-dinheiro-e-apagou-redes\/\"},\"wordCount\":298,\"image\":{\"@id\":\"https:\/\/portaltela.pt\/noticias\/2026\/01\/08\/gerente-de-bar-suico-que-ardeu-saiu-com-dinheiro-e-apagou-redes\/#primaryimage\"},\"thumbnailUrl\":\"https:\/\/portaltela.pt\/s.01k8rhncp4jt1\/2026\/01\/144dad05-1581-44d5-a578-e0ab26126fff_1200x675.jpg\",\"keywords\":[\"homic\u00eddio involunt\u00e1rio\",\"inc\u00eandio\",\"investiga\u00e7\u00e3o\",\"Portugal\",\"seguran\u00e7a p\u00fablica\",\"videovigil\u00e2ncia\"],\"articleSection\":[\"Not\u00edcias\"],\"inLanguage\":\"pt-PT\"},{\"@type\":\"WebPage\",\"@id\":\"https:\/\/portaltela.pt\/noticias\/2026\/01\/08\/gerente-de-bar-suico-que-ardeu-saiu-com-dinheiro-e-apagou-redes\/\",\"url\":\"https:\/\/portaltela.pt\/noticias\/2026\/01\/08\/gerente-de-bar-suico-que-ardeu-saiu-com-dinheiro-e-apagou-redes\/\",\"name\":\"Gerente de bar su\u00ed\u00e7o que ardeu saiu com dinheiro e apagou redes - Portal Tela Portugal\",\"isPartOf\":{\"@id\":\"https:\/\/portaltela.pt\/#website\"},\"primaryImageOfPage\":{\"@id\":\"https:\/\/portaltela.pt\/noticias\/2026\/01\/08\/gerente-de-bar-suico-que-ardeu-saiu-com-dinheiro-e-apagou-redes\/#primaryimage\"},\"image\":{\"@id\":\"https:\/\/portaltela.pt\/noticias\/2026\/01\/08\/gerente-de-bar-suico-que-ardeu-saiu-com-dinheiro-e-apagou-redes\/#primaryimage\"},\"thumbnailUrl\":\"https:\/\/portaltela.pt\/s.01k8rhncp4jt1\/2026\/01\/144dad05-1581-44d5-a578-e0ab26126fff_1200x675.jpg\",\"datePublished\":\"2026-01-08T13:27:00+00:00\",\"author\":{\"@id\":\"https:\/\/portaltela.pt\/#\/schema\/person\/c4278d4a6028830caff9ee44b42d32ed\"},\"breadcrumb\":{\"@id\":\"https:\/\/portaltela.pt\/noticias\/2026\/01\/08\/gerente-de-bar-suico-que-ardeu-saiu-com-dinheiro-e-apagou-redes\/#breadcrumb\"},\"inLanguage\":\"pt-PT\",\"potentialAction\":[{\"@type\":\"ReadAction\",\"target\":[\"https:\/\/portaltela.pt\/noticias\/2026\/01\/08\/gerente-de-bar-suico-que-ardeu-saiu-com-dinheiro-e-apagou-redes\/\"]}]},{\"@type\":\"ImageObject\",\"inLanguage\":\"pt-PT\",\"@id\":\"https:\/\/portaltela.pt\/noticias\/2026\/01\/08\/gerente-de-bar-suico-que-ardeu-saiu-com-dinheiro-e-apagou-redes\/#primaryimage\",\"url\":\"https:\/\/portaltela.pt\/s.01k8rhncp4jt1\/2026\/01\/144dad05-1581-44d5-a578-e0ab26126fff_1200x675.jpg\",\"contentUrl\":\"https:\/\/portaltela.pt\/s.01k8rhncp4jt1\/2026\/01\/144dad05-1581-44d5-a578-e0ab26126fff_1200x675.jpg\",\"width\":796,\"height\":448,\"caption\":\"Os procuradores acreditam que o inc\u00eandio come\u00e7ou quando as pessoas que festejavam o Ano Novo levantaram garrafas de champanhe com pequenos foguetes\"},{\"@type\":\"BreadcrumbList\",\"@id\":\"https:\/\/portaltela.pt\/noticias\/2026\/01\/08\/gerente-de-bar-suico-que-ardeu-saiu-com-dinheiro-e-apagou-redes\/#breadcrumb\",\"itemListElement\":[{\"@type\":\"ListItem\",\"position\":1,\"name\":\"In\u00edcio\",\"item\":\"https:\/\/portaltela.pt\/\"},{\"@type\":\"ListItem\",\"position\":2,\"name\":\"Gerente de bar su\u00ed\u00e7o que ardeu saiu com dinheiro e apagou redes\"}]},{\"@type\":\"WebSite\",\"@id\":\"https:\/\/portaltela.pt\/#website\",\"url\":\"https:\/\/portaltela.pt\/\",\"name\":\"Portal Tela Portugal\",\"description\":\"\",\"potentialAction\":[{\"@type\":\"SearchAction\",\"target\":{\"@type\":\"EntryPoint\",\"urlTemplate\":\"https:\/\/portaltela.pt\/?s={search_term_string}\"},\"query-input\":{\"@type\":\"PropertyValueSpecification\",\"valueRequired\":true,\"valueName\":\"search_term_string\"}}],\"inLanguage\":\"pt-PT\"},{\"@type\":\"Person\",\"@id\":\"https:\/\/portaltela.pt\/#\/schema\/person\/c4278d4a6028830caff9ee44b42d32ed\",\"name\":\"Telinha\",\"image\":{\"@type\":\"ImageObject\",\"inLanguage\":\"pt-PT\",\"@id\":\"https:\/\/portaltela.pt\/s.01k8rhncp4jt1\/2025\/11\/talking-bot-125x125.png\",\"url\":\"https:\/\/portaltela.pt\/s.01k8rhncp4jt1\/2025\/11\/talking-bot-125x125.png\",\"contentUrl\":\"https:\/\/portaltela.pt\/s.01k8rhncp4jt1\/2025\/11\/talking-bot-125x125.png\",\"caption\":\"Telinha\"},\"sameAs\":[\"https:\/\/portaltela.pt\/\"],\"url\":\"https:\/\/portaltela.pt\/por\/367410592786\/\"}]}<\/script>\n<!-- \/ Yoast SEO plugin. -->","yoast_head_json":{"title":"Gerente de bar su\u00ed\u00e7o que ardeu saiu com dinheiro e apagou redes - Portal Tela Portugal","robots":{"index":"index","follow":"follow","max-snippet":"max-snippet:-1","max-image-preview":"max-image-preview:large","max-video-preview":"max-video-preview:-1"},"og_locale":"pt_PT","og_type":"article","og_title":"Gerente de bar su\u00ed\u00e7o que ardeu saiu com dinheiro e apagou redes - Portal Tela Portugal","og_description":"O inc\u00eandio no bar Le Constellation, em Crans-Montana, deixou quarenta mortos e 116 feridos; a investiga\u00e7\u00e3o foca nos propriet\u00e1rios, Jessica Moretti e Jacques Moretti, por homic\u00eddio involunt\u00e1rio, neglig\u00eancia e ofensas aos clientes. Jessica Moretti ter\u00e1 sa\u00eddo do bar com o dinheiro da caixa e apagou as contas de redes sociais na noite do sinistro, segundo oTimes of London. V\u00eddeos de clientes e imagens de videovigil\u00e2ncia est\u00e3o a ser usados para tentar reconstruir o sucedido e apurar responsabilidades do casal franc\u00eas, propriet\u00e1rio do espa\u00e7o. As autoridades verificam se as normas de seguran\u00e7a foram cumpridas nas obras de 2015 e se havia acessos a sa\u00eddas de emerg\u00eancia e extintores; inspe\u00e7\u00f5es de seguran\u00e7a n\u00e3o ocorreram desde 2019. Uma simula\u00e7\u00e3o aponta que o fogo atingiu 1.200 graus e, sem oxig\u00e9nio, desceu para 600 graus; estima-se que tenham sido 140 segundos at\u00e9 ser poss\u00edvel evacuar. A \u00fanica v\u00edtima mortal foi a portuguesa Fany Pinheiro Magalh\u00e3es, de 22 anos.","og_url":"https:\/\/portaltela.pt\/noticias\/2026\/01\/08\/gerente-de-bar-suico-que-ardeu-saiu-com-dinheiro-e-apagou-redes\/","og_site_name":"Portal Tela Portugal","article_published_time":"2026-01-08T13:27:00+00:00","author":"Telinha","twitter_card":"summary_large_image","twitter_misc":{"Escrito por":"Telinha","Tempo estimado de leitura":"1 minuto"},"schema":{"@context":"https:\/\/schema.org","@graph":[{"@type":"Article","@id":"https:\/\/portaltela.pt\/noticias\/2026\/01\/08\/gerente-de-bar-suico-que-ardeu-saiu-com-dinheiro-e-apagou-redes\/#article","isPartOf":{"@id":"https:\/\/portaltela.pt\/noticias\/2026\/01\/08\/gerente-de-bar-suico-que-ardeu-saiu-com-dinheiro-e-apagou-redes\/"},"author":{"name":"Telinha","@id":"https:\/\/portaltela.pt\/#\/schema\/person\/c4278d4a6028830caff9ee44b42d32ed"},"headline":"Gerente de bar su\u00ed\u00e7o que ardeu saiu com dinheiro e apagou redes","datePublished":"2026-01-08T13:27:00+00:00","mainEntityOfPage":{"@id":"https:\/\/portaltela.pt\/noticias\/2026\/01\/08\/gerente-de-bar-suico-que-ardeu-saiu-com-dinheiro-e-apagou-redes\/"},"wordCount":298,"image":{"@id":"https:\/\/portaltela.pt\/noticias\/2026\/01\/08\/gerente-de-bar-suico-que-ardeu-saiu-com-dinheiro-e-apagou-redes\/#primaryimage"},"thumbnailUrl":"https:\/\/portaltela.pt\/s.01k8rhncp4jt1\/2026\/01\/144dad05-1581-44d5-a578-e0ab26126fff_1200x675.jpg","keywords":["homic\u00eddio involunt\u00e1rio","inc\u00eandio","investiga\u00e7\u00e3o","Portugal","seguran\u00e7a p\u00fablica","videovigil\u00e2ncia"],"articleSection":["Not\u00edcias"],"inLanguage":"pt-PT"},{"@type":"WebPage","@id":"https:\/\/portaltela.pt\/noticias\/2026\/01\/08\/gerente-de-bar-suico-que-ardeu-saiu-com-dinheiro-e-apagou-redes\/","url":"https:\/\/portaltela.pt\/noticias\/2026\/01\/08\/gerente-de-bar-suico-que-ardeu-saiu-com-dinheiro-e-apagou-redes\/","name":"Gerente de bar su\u00ed\u00e7o que ardeu saiu com dinheiro e apagou redes - Portal Tela Portugal","isPartOf":{"@id":"https:\/\/portaltela.pt\/#website"},"primaryImageOfPage":{"@id":"https:\/\/portaltela.pt\/noticias\/2026\/01\/08\/gerente-de-bar-suico-que-ardeu-saiu-com-dinheiro-e-apagou-redes\/#primaryimage"},"image":{"@id":"https:\/\/portaltela.pt\/noticias\/2026\/01\/08\/gerente-de-bar-suico-que-ardeu-saiu-com-dinheiro-e-apagou-redes\/#primaryimage"},"thumbnailUrl":"https:\/\/portaltela.pt\/s.01k8rhncp4jt1\/2026\/01\/144dad05-1581-44d5-a578-e0ab26126fff_1200x675.jpg","datePublished":"2026-01-08T13:27:00+00:00","author":{"@id":"https:\/\/portaltela.pt\/#\/schema\/person\/c4278d4a6028830caff9ee44b42d32ed"},"breadcrumb":{"@id":"https:\/\/portaltela.pt\/noticias\/2026\/01\/08\/gerente-de-bar-suico-que-ardeu-saiu-com-dinheiro-e-apagou-redes\/#breadcrumb"},"inLanguage":"pt-PT","potentialAction":[{"@type":"ReadAction","target":["https:\/\/portaltela.pt\/noticias\/2026\/01\/08\/gerente-de-bar-suico-que-ardeu-saiu-com-dinheiro-e-apagou-redes\/"]}]},{"@type":"ImageObject","inLanguage":"pt-PT","@id":"https:\/\/portaltela.pt\/noticias\/2026\/01\/08\/gerente-de-bar-suico-que-ardeu-saiu-com-dinheiro-e-apagou-redes\/#primaryimage","url":"https:\/\/portaltela.pt\/s.01k8rhncp4jt1\/2026\/01\/144dad05-1581-44d5-a578-e0ab26126fff_1200x675.jpg","contentUrl":"https:\/\/portaltela.pt\/s.01k8rhncp4jt1\/2026\/01\/144dad05-1581-44d5-a578-e0ab26126fff_1200x675.jpg","width":796,"height":448,"caption":"Os procuradores acreditam que o inc\u00eandio come\u00e7ou quando as pessoas que festejavam o Ano Novo levantaram garrafas de champanhe com pequenos foguetes"},{"@type":"BreadcrumbList","@id":"https:\/\/portaltela.pt\/noticias\/2026\/01\/08\/gerente-de-bar-suico-que-ardeu-saiu-com-dinheiro-e-apagou-redes\/#breadcrumb","itemListElement":[{"@type":"ListItem","position":1,"name":"In\u00edcio","item":"https:\/\/portaltela.pt\/"},{"@type":"ListItem","position":2,"name":"Gerente de bar su\u00ed\u00e7o que ardeu saiu com dinheiro e apagou redes"}]},{"@type":"WebSite","@id":"https:\/\/portaltela.pt\/#website","url":"https:\/\/portaltela.pt\/","name":"Portal Tela Portugal","description":"","potentialAction":[{"@type":"SearchAction","target":{"@type":"EntryPoint","urlTemplate":"https:\/\/portaltela.pt\/?s={search_term_string}"},"query-input":{"@type":"PropertyValueSpecification","valueRequired":true,"valueName":"search_term_string"}}],"inLanguage":"pt-PT"},{"@type":"Person","@id":"https:\/\/portaltela.pt\/#\/schema\/person\/c4278d4a6028830caff9ee44b42d32ed","name":"Telinha","image":{"@type":"ImageObject","inLanguage":"pt-PT","@id":"https:\/\/portaltela.pt\/s.01k8rhncp4jt1\/2025\/11\/talking-bot-125x125.png","url":"https:\/\/portaltela.pt\/s.01k8rhncp4jt1\/2025\/11\/talking-bot-125x125.png","contentUrl":"https:\/\/portaltela.pt\/s.01k8rhncp4jt1\/2025\/11\/talking-bot-125x125.png","caption":"Telinha"},"sameAs":["https:\/\/portaltela.pt\/"],"url":"https:\/\/portaltela.pt\/por\/367410592786\/"}]}},"_links":{"self":[{"href":"https:\/\/portaltela.pt\/api\/wp\/v2\/posts\/126316","targetHints":{"allow":["GET"]}}],"collection":[{"href":"https:\/\/portaltela.pt\/api\/wp\/v2\/posts"}],"about":[{"href":"https:\/\/portaltela.pt\/api\/wp\/v2\/types\/post"}],"author":[{"embeddable":true,"href":"https:\/\/portaltela.pt\/api\/wp\/v2\/users\/2"}],"replies":[{"embeddable":true,"href":"https:\/\/portaltela.pt\/api\/wp\/v2\/comments?post=126316"}],"version-history":[{"count":0,"href":"https:\/\/portaltela.pt\/api\/wp\/v2\/posts\/126316\/revisions"}],"wp:featuredmedia":[{"embeddable":true,"href":"https:\/\/portaltela.pt\/api\/wp\/v2\/media\/126322"}],"wp:attachment":[{"href":"https:\/\/portaltela.pt\/api\/wp\/v2\/media?parent=126316"}],"wp:term":[{"taxonomy":"category","embeddable":true,"href":"https:\/\/portaltela.pt\/api\/wp\/v2\/categories?post=126316"},{"taxonomy":"post_tag","embeddable":true,"href":"https:\/\/portaltela.pt\/api\/wp\/v2\/tags?post=126316"}],"curies":[{"name":"wp","href":"https:\/\/api.w.org\/{rel}","templated":true}]}}