{"id":126221,"date":"2026-01-08T10:00:58","date_gmt":"2026-01-08T13:00:58","guid":{"rendered":"https:\/\/portaltela.pt\/noticias\/2026\/01\/08\/enviado-especial-afirma-que-milicias-venezuelanas-sao-estrategia-do-governo\/"},"modified":"2026-01-08T10:00:58","modified_gmt":"2026-01-08T13:00:58","slug":"enviado-especial-afirma-que-milicias-venezuelanas-sao-estrategia-do-governo","status":"publish","type":"post","link":"https:\/\/portaltela.pt\/noticias\/internacional\/2026\/01\/08\/enviado-especial-afirma-que-milicias-venezuelanas-sao-estrategia-do-governo\/","title":{"rendered":"Enviado especial afirma que mil\u00edcias venezuelanas s\u00e3o estrat\u00e9gia do governo"},"content":{"rendered":"<p>O correspondente do Correio da Manh\u00e3, Alfredo Leite, est\u00e1 a caminho da ponte internacional Sim\u00f3n Bol\u00edvar, entre a Col\u00f4mbia e a Venezuela, para acompanhar relatos de moradores e viajantes. Testemunhos descrevem situa\u00e7\u00f5es graves nas zonas lim\u00edtrofes, com dificuldades de comunica\u00e7\u00e3o entre indiv\u00edduos e frequentes abordagens por grupos armados.<\/p>\n<p>O jornalista, em miss\u00e3o para o CM, reporta informa\u00e7\u00f5es recolhidas junto de pessoas que cruzam a fronteira ou que aguardam passagem. As pessoas entrevistadas referem sentir-se amea\u00e7adas e sem liberdade de falar abertamente nas ruas.<\/p>\n<p>As informa\u00e7\u00f5es recolhidas apontam para a presen\u00e7a de mil\u00edcias nas \u00e1reas fronteiri\u00e7as. N\u00e3o foi poss\u00edvel de imediato confirmar a veracidade de todos os depoimentos, mas o material indica a exist\u00eancia de controlo de espa\u00e7os p\u00fablicos por atores armados, gerando preocupa\u00e7\u00e3o entre residentes e trabalhadores na fronteira.<\/p>\n<p>O objetivo do deslocamento \u00e9 compreender o alcance dessa presen\u00e7a nas ruas e as poss\u00edveis consequ\u00eancias para quem transita na fronteira entre Col\u00f4mbia e Venezuela. A cobertura continua em desenvolvimento, com novas informa\u00e7\u00f5es a serem apuradas pela equipa do CM.<\/p>\n","protected":false},"excerpt":{"rendered":"<ul>\n<li>O enviado especial do Correio da Manh\u00e3, Alfredo Leite, est\u00e1 na ponte internacional Sim\u00f3n Bol\u00edvar, na Col\u00f4mbia.<\/li>\n<li>Relatos recebidos apontam situa\u00e7\u00f5es \u201cprofundamente assustadoras\u201d vividas por pessoas na regi\u00e3o.<\/li>\n<li>Segundo a mat\u00e9ria, h\u00e1 relatos de que n\u00e3o \u00e9 permitido falar entre si e de abordagens constantes por grupos armados nas ruas.<\/li>\n<li>A reportagem sustenta que as mil\u00edcias nas ruas da Venezuela seriam, segundo o CM, uma estratagem do governo venezuelano.<\/li>\n<\/ul>\n","protected":false},"author":2,"featured_media":126224,"comment_status":"closed","ping_status":"closed","sticky":false,"template":"","format":"standard","meta":{"footnotes":""},"categories":[4,1],"tags":[182,2469,2198,1573,195,250],"class_list":["post-126221","post","type-post","status-publish","format-standard","has-post-thumbnail","hentry","category-internacional","category-noticias","tag-armas","tag-colombia","tag-conflitos-internacionais","tag-fiscalizacao-de-fronteiras","tag-informacao","tag-seguranca-publica"],"yoast_head":"<!-- This site is optimized with the Yoast SEO plugin v27.2 - https:\/\/yoast.com\/product\/yoast-seo-wordpress\/ -->\n<title>Enviado especial afirma que mil\u00edcias venezuelanas s\u00e3o estrat\u00e9gia do governo - Portal Tela Portugal<\/title>\n<meta name=\"robots\" content=\"index, follow, max-snippet:-1, max-image-preview:large, max-video-preview:-1\" \/>\n<meta property=\"og:locale\" content=\"pt_PT\" \/>\n<meta property=\"og:type\" content=\"article\" \/>\n<meta property=\"og:title\" content=\"Enviado especial afirma que mil\u00edcias venezuelanas s\u00e3o estrat\u00e9gia do governo - Portal Tela Portugal\" \/>\n<meta property=\"og:description\" content=\"O enviado especial do Correio da Manh\u00e3, Alfredo Leite, est\u00e1 na ponte internacional Sim\u00f3n Bol\u00edvar, na Col\u00f4mbia. Relatos recebidos apontam situa\u00e7\u00f5es \u201cprofundamente assustadoras\u201d vividas por pessoas na regi\u00e3o. Segundo a mat\u00e9ria, h\u00e1 relatos de que n\u00e3o \u00e9 permitido falar entre si e de abordagens constantes por grupos armados nas ruas. A reportagem sustenta que as mil\u00edcias nas ruas da Venezuela seriam, segundo o CM, uma estratagem do governo venezuelano.\" \/>\n<meta property=\"og:url\" content=\"https:\/\/portaltela.pt\/noticias\/2026\/01\/08\/enviado-especial-afirma-que-milicias-venezuelanas-sao-estrategia-do-governo\/\" \/>\n<meta property=\"og:site_name\" content=\"Portal Tela Portugal\" \/>\n<meta property=\"article:published_time\" content=\"2026-01-08T13:00:58+00:00\" \/>\n<meta name=\"author\" content=\"Telinha\" \/>\n<meta name=\"twitter:card\" content=\"summary_large_image\" \/>\n<meta name=\"twitter:label1\" content=\"Escrito por\" \/>\n\t<meta name=\"twitter:data1\" content=\"Telinha\" \/>\n\t<meta name=\"twitter:label2\" content=\"Tempo estimado de leitura\" \/>\n\t<meta name=\"twitter:data2\" content=\"1 minuto\" \/>\n<script type=\"application\/ld+json\" class=\"yoast-schema-graph\">{\"@context\":\"https:\/\/schema.org\",\"@graph\":[{\"@type\":\"Article\",\"@id\":\"https:\/\/portaltela.pt\/noticias\/2026\/01\/08\/enviado-especial-afirma-que-milicias-venezuelanas-sao-estrategia-do-governo\/#article\",\"isPartOf\":{\"@id\":\"https:\/\/portaltela.pt\/noticias\/2026\/01\/08\/enviado-especial-afirma-que-milicias-venezuelanas-sao-estrategia-do-governo\/\"},\"author\":{\"name\":\"Telinha\",\"@id\":\"https:\/\/portaltela.pt\/#\/schema\/person\/c4278d4a6028830caff9ee44b42d32ed\"},\"headline\":\"Enviado especial afirma que mil\u00edcias venezuelanas s\u00e3o estrat\u00e9gia do governo\",\"datePublished\":\"2026-01-08T13:00:58+00:00\",\"mainEntityOfPage\":{\"@id\":\"https:\/\/portaltela.pt\/noticias\/2026\/01\/08\/enviado-especial-afirma-que-milicias-venezuelanas-sao-estrategia-do-governo\/\"},\"wordCount\":206,\"image\":{\"@id\":\"https:\/\/portaltela.pt\/noticias\/2026\/01\/08\/enviado-especial-afirma-que-milicias-venezuelanas-sao-estrategia-do-governo\/#primaryimage\"},\"thumbnailUrl\":\"https:\/\/portaltela.pt\/s.01k8rhncp4jt1\/2026\/01\/img_1280x722uu2026-01-08-13-00-18-2258812.jpg\",\"keywords\":[\"armas\",\"Col\u00f4mbia\",\"conflitos internacionais\",\"fiscaliza\u00e7\u00e3o de fronteiras\",\"informa\u00e7\u00e3o\",\"seguran\u00e7a p\u00fablica\"],\"articleSection\":[\"Internacional\",\"Not\u00edcias\"],\"inLanguage\":\"pt-PT\"},{\"@type\":\"WebPage\",\"@id\":\"https:\/\/portaltela.pt\/noticias\/2026\/01\/08\/enviado-especial-afirma-que-milicias-venezuelanas-sao-estrategia-do-governo\/\",\"url\":\"https:\/\/portaltela.pt\/noticias\/2026\/01\/08\/enviado-especial-afirma-que-milicias-venezuelanas-sao-estrategia-do-governo\/\",\"name\":\"Enviado especial afirma que mil\u00edcias venezuelanas s\u00e3o estrat\u00e9gia do governo - Portal Tela Portugal\",\"isPartOf\":{\"@id\":\"https:\/\/portaltela.pt\/#website\"},\"primaryImageOfPage\":{\"@id\":\"https:\/\/portaltela.pt\/noticias\/2026\/01\/08\/enviado-especial-afirma-que-milicias-venezuelanas-sao-estrategia-do-governo\/#primaryimage\"},\"image\":{\"@id\":\"https:\/\/portaltela.pt\/noticias\/2026\/01\/08\/enviado-especial-afirma-que-milicias-venezuelanas-sao-estrategia-do-governo\/#primaryimage\"},\"thumbnailUrl\":\"https:\/\/portaltela.pt\/s.01k8rhncp4jt1\/2026\/01\/img_1280x722uu2026-01-08-13-00-18-2258812.jpg\",\"datePublished\":\"2026-01-08T13:00:58+00:00\",\"author\":{\"@id\":\"https:\/\/portaltela.pt\/#\/schema\/person\/c4278d4a6028830caff9ee44b42d32ed\"},\"breadcrumb\":{\"@id\":\"https:\/\/portaltela.pt\/noticias\/2026\/01\/08\/enviado-especial-afirma-que-milicias-venezuelanas-sao-estrategia-do-governo\/#breadcrumb\"},\"inLanguage\":\"pt-PT\",\"potentialAction\":[{\"@type\":\"ReadAction\",\"target\":[\"https:\/\/portaltela.pt\/noticias\/2026\/01\/08\/enviado-especial-afirma-que-milicias-venezuelanas-sao-estrategia-do-governo\/\"]}]},{\"@type\":\"ImageObject\",\"inLanguage\":\"pt-PT\",\"@id\":\"https:\/\/portaltela.pt\/noticias\/2026\/01\/08\/enviado-especial-afirma-que-milicias-venezuelanas-sao-estrategia-do-governo\/#primaryimage\",\"url\":\"https:\/\/portaltela.pt\/s.01k8rhncp4jt1\/2026\/01\/img_1280x722uu2026-01-08-13-00-18-2258812.jpg\",\"contentUrl\":\"https:\/\/portaltela.pt\/s.01k8rhncp4jt1\/2026\/01\/img_1280x722uu2026-01-08-13-00-18-2258812.jpg\",\"width\":796,\"height\":448,\"caption\":\"Photo\"},{\"@type\":\"BreadcrumbList\",\"@id\":\"https:\/\/portaltela.pt\/noticias\/2026\/01\/08\/enviado-especial-afirma-que-milicias-venezuelanas-sao-estrategia-do-governo\/#breadcrumb\",\"itemListElement\":[{\"@type\":\"ListItem\",\"position\":1,\"name\":\"In\u00edcio\",\"item\":\"https:\/\/portaltela.pt\/\"},{\"@type\":\"ListItem\",\"position\":2,\"name\":\"Enviado especial afirma que mil\u00edcias venezuelanas s\u00e3o estrat\u00e9gia do governo\"}]},{\"@type\":\"WebSite\",\"@id\":\"https:\/\/portaltela.pt\/#website\",\"url\":\"https:\/\/portaltela.pt\/\",\"name\":\"Portal Tela Portugal\",\"description\":\"\",\"potentialAction\":[{\"@type\":\"SearchAction\",\"target\":{\"@type\":\"EntryPoint\",\"urlTemplate\":\"https:\/\/portaltela.pt\/?s={search_term_string}\"},\"query-input\":{\"@type\":\"PropertyValueSpecification\",\"valueRequired\":true,\"valueName\":\"search_term_string\"}}],\"inLanguage\":\"pt-PT\"},{\"@type\":\"Person\",\"@id\":\"https:\/\/portaltela.pt\/#\/schema\/person\/c4278d4a6028830caff9ee44b42d32ed\",\"name\":\"Telinha\",\"image\":{\"@type\":\"ImageObject\",\"inLanguage\":\"pt-PT\",\"@id\":\"https:\/\/portaltela.pt\/s.01k8rhncp4jt1\/2025\/11\/talking-bot-125x125.png\",\"url\":\"https:\/\/portaltela.pt\/s.01k8rhncp4jt1\/2025\/11\/talking-bot-125x125.png\",\"contentUrl\":\"https:\/\/portaltela.pt\/s.01k8rhncp4jt1\/2025\/11\/talking-bot-125x125.png\",\"caption\":\"Telinha\"},\"sameAs\":[\"https:\/\/portaltela.pt\/\"],\"url\":\"https:\/\/portaltela.pt\/por\/367410592786\/\"}]}<\/script>\n<!-- \/ Yoast SEO plugin. -->","yoast_head_json":{"title":"Enviado especial afirma que mil\u00edcias venezuelanas s\u00e3o estrat\u00e9gia do governo - Portal Tela Portugal","robots":{"index":"index","follow":"follow","max-snippet":"max-snippet:-1","max-image-preview":"max-image-preview:large","max-video-preview":"max-video-preview:-1"},"og_locale":"pt_PT","og_type":"article","og_title":"Enviado especial afirma que mil\u00edcias venezuelanas s\u00e3o estrat\u00e9gia do governo - Portal Tela Portugal","og_description":"O enviado especial do Correio da Manh\u00e3, Alfredo Leite, est\u00e1 na ponte internacional Sim\u00f3n Bol\u00edvar, na Col\u00f4mbia. Relatos recebidos apontam situa\u00e7\u00f5es \u201cprofundamente assustadoras\u201d vividas por pessoas na regi\u00e3o. Segundo a mat\u00e9ria, h\u00e1 relatos de que n\u00e3o \u00e9 permitido falar entre si e de abordagens constantes por grupos armados nas ruas. A reportagem sustenta que as mil\u00edcias nas ruas da Venezuela seriam, segundo o CM, uma estratagem do governo venezuelano.","og_url":"https:\/\/portaltela.pt\/noticias\/2026\/01\/08\/enviado-especial-afirma-que-milicias-venezuelanas-sao-estrategia-do-governo\/","og_site_name":"Portal Tela Portugal","article_published_time":"2026-01-08T13:00:58+00:00","author":"Telinha","twitter_card":"summary_large_image","twitter_misc":{"Escrito por":"Telinha","Tempo estimado de leitura":"1 minuto"},"schema":{"@context":"https:\/\/schema.org","@graph":[{"@type":"Article","@id":"https:\/\/portaltela.pt\/noticias\/2026\/01\/08\/enviado-especial-afirma-que-milicias-venezuelanas-sao-estrategia-do-governo\/#article","isPartOf":{"@id":"https:\/\/portaltela.pt\/noticias\/2026\/01\/08\/enviado-especial-afirma-que-milicias-venezuelanas-sao-estrategia-do-governo\/"},"author":{"name":"Telinha","@id":"https:\/\/portaltela.pt\/#\/schema\/person\/c4278d4a6028830caff9ee44b42d32ed"},"headline":"Enviado especial afirma que mil\u00edcias venezuelanas s\u00e3o estrat\u00e9gia do governo","datePublished":"2026-01-08T13:00:58+00:00","mainEntityOfPage":{"@id":"https:\/\/portaltela.pt\/noticias\/2026\/01\/08\/enviado-especial-afirma-que-milicias-venezuelanas-sao-estrategia-do-governo\/"},"wordCount":206,"image":{"@id":"https:\/\/portaltela.pt\/noticias\/2026\/01\/08\/enviado-especial-afirma-que-milicias-venezuelanas-sao-estrategia-do-governo\/#primaryimage"},"thumbnailUrl":"https:\/\/portaltela.pt\/s.01k8rhncp4jt1\/2026\/01\/img_1280x722uu2026-01-08-13-00-18-2258812.jpg","keywords":["armas","Col\u00f4mbia","conflitos internacionais","fiscaliza\u00e7\u00e3o de fronteiras","informa\u00e7\u00e3o","seguran\u00e7a p\u00fablica"],"articleSection":["Internacional","Not\u00edcias"],"inLanguage":"pt-PT"},{"@type":"WebPage","@id":"https:\/\/portaltela.pt\/noticias\/2026\/01\/08\/enviado-especial-afirma-que-milicias-venezuelanas-sao-estrategia-do-governo\/","url":"https:\/\/portaltela.pt\/noticias\/2026\/01\/08\/enviado-especial-afirma-que-milicias-venezuelanas-sao-estrategia-do-governo\/","name":"Enviado especial afirma que mil\u00edcias venezuelanas s\u00e3o estrat\u00e9gia do governo - Portal Tela Portugal","isPartOf":{"@id":"https:\/\/portaltela.pt\/#website"},"primaryImageOfPage":{"@id":"https:\/\/portaltela.pt\/noticias\/2026\/01\/08\/enviado-especial-afirma-que-milicias-venezuelanas-sao-estrategia-do-governo\/#primaryimage"},"image":{"@id":"https:\/\/portaltela.pt\/noticias\/2026\/01\/08\/enviado-especial-afirma-que-milicias-venezuelanas-sao-estrategia-do-governo\/#primaryimage"},"thumbnailUrl":"https:\/\/portaltela.pt\/s.01k8rhncp4jt1\/2026\/01\/img_1280x722uu2026-01-08-13-00-18-2258812.jpg","datePublished":"2026-01-08T13:00:58+00:00","author":{"@id":"https:\/\/portaltela.pt\/#\/schema\/person\/c4278d4a6028830caff9ee44b42d32ed"},"breadcrumb":{"@id":"https:\/\/portaltela.pt\/noticias\/2026\/01\/08\/enviado-especial-afirma-que-milicias-venezuelanas-sao-estrategia-do-governo\/#breadcrumb"},"inLanguage":"pt-PT","potentialAction":[{"@type":"ReadAction","target":["https:\/\/portaltela.pt\/noticias\/2026\/01\/08\/enviado-especial-afirma-que-milicias-venezuelanas-sao-estrategia-do-governo\/"]}]},{"@type":"ImageObject","inLanguage":"pt-PT","@id":"https:\/\/portaltela.pt\/noticias\/2026\/01\/08\/enviado-especial-afirma-que-milicias-venezuelanas-sao-estrategia-do-governo\/#primaryimage","url":"https:\/\/portaltela.pt\/s.01k8rhncp4jt1\/2026\/01\/img_1280x722uu2026-01-08-13-00-18-2258812.jpg","contentUrl":"https:\/\/portaltela.pt\/s.01k8rhncp4jt1\/2026\/01\/img_1280x722uu2026-01-08-13-00-18-2258812.jpg","width":796,"height":448,"caption":"Photo"},{"@type":"BreadcrumbList","@id":"https:\/\/portaltela.pt\/noticias\/2026\/01\/08\/enviado-especial-afirma-que-milicias-venezuelanas-sao-estrategia-do-governo\/#breadcrumb","itemListElement":[{"@type":"ListItem","position":1,"name":"In\u00edcio","item":"https:\/\/portaltela.pt\/"},{"@type":"ListItem","position":2,"name":"Enviado especial afirma que mil\u00edcias venezuelanas s\u00e3o estrat\u00e9gia do governo"}]},{"@type":"WebSite","@id":"https:\/\/portaltela.pt\/#website","url":"https:\/\/portaltela.pt\/","name":"Portal Tela Portugal","description":"","potentialAction":[{"@type":"SearchAction","target":{"@type":"EntryPoint","urlTemplate":"https:\/\/portaltela.pt\/?s={search_term_string}"},"query-input":{"@type":"PropertyValueSpecification","valueRequired":true,"valueName":"search_term_string"}}],"inLanguage":"pt-PT"},{"@type":"Person","@id":"https:\/\/portaltela.pt\/#\/schema\/person\/c4278d4a6028830caff9ee44b42d32ed","name":"Telinha","image":{"@type":"ImageObject","inLanguage":"pt-PT","@id":"https:\/\/portaltela.pt\/s.01k8rhncp4jt1\/2025\/11\/talking-bot-125x125.png","url":"https:\/\/portaltela.pt\/s.01k8rhncp4jt1\/2025\/11\/talking-bot-125x125.png","contentUrl":"https:\/\/portaltela.pt\/s.01k8rhncp4jt1\/2025\/11\/talking-bot-125x125.png","caption":"Telinha"},"sameAs":["https:\/\/portaltela.pt\/"],"url":"https:\/\/portaltela.pt\/por\/367410592786\/"}]}},"_links":{"self":[{"href":"https:\/\/portaltela.pt\/api\/wp\/v2\/posts\/126221","targetHints":{"allow":["GET"]}}],"collection":[{"href":"https:\/\/portaltela.pt\/api\/wp\/v2\/posts"}],"about":[{"href":"https:\/\/portaltela.pt\/api\/wp\/v2\/types\/post"}],"author":[{"embeddable":true,"href":"https:\/\/portaltela.pt\/api\/wp\/v2\/users\/2"}],"replies":[{"embeddable":true,"href":"https:\/\/portaltela.pt\/api\/wp\/v2\/comments?post=126221"}],"version-history":[{"count":0,"href":"https:\/\/portaltela.pt\/api\/wp\/v2\/posts\/126221\/revisions"}],"wp:featuredmedia":[{"embeddable":true,"href":"https:\/\/portaltela.pt\/api\/wp\/v2\/media\/126224"}],"wp:attachment":[{"href":"https:\/\/portaltela.pt\/api\/wp\/v2\/media?parent=126221"}],"wp:term":[{"taxonomy":"category","embeddable":true,"href":"https:\/\/portaltela.pt\/api\/wp\/v2\/categories?post=126221"},{"taxonomy":"post_tag","embeddable":true,"href":"https:\/\/portaltela.pt\/api\/wp\/v2\/tags?post=126221"}],"curies":[{"name":"wp","href":"https:\/\/api.w.org\/{rel}","templated":true}]}}