{"id":126049,"date":"2026-01-08T09:00:00","date_gmt":"2026-01-08T12:00:00","guid":{"rendered":"https:\/\/portaltela.pt\/noticias\/2026\/01\/08\/do-bonfim-ao-lagamecas-o-percurso-de-ayrton-lima-em-busca-da-felicidade\/"},"modified":"2026-01-08T09:00:00","modified_gmt":"2026-01-08T12:00:00","slug":"do-bonfim-ao-lagamecas-o-percurso-de-ayrton-lima-em-busca-da-felicidade","status":"publish","type":"post","link":"https:\/\/portaltela.pt\/desporto\/futebol\/2026\/01\/08\/do-bonfim-ao-lagamecas-o-percurso-de-ayrton-lima-em-busca-da-felicidade\/","title":{"rendered":"Do Bonfim ao Lagame\u00e7as: o percurso de Ayrton Lima em busca da felicidade"},"content":{"rendered":"<p>Ayrton Lima, jogador luso-angolano de 31 anos, vive um dos melhores momentos da carreira no GD Lagame\u00e7as. Em janeiro de 2026, soma 26 golos na temporada 2025\/26, ultrapassando a melhor marca pessoal de 23 golos, registada na \u00e9poca 2022\/23 ao servi\u00e7o do Pinhalnovense. O avan\u00e7o feliz \u00e9 creditado ao treino disciplinado e ao trabalho individual.<\/p>\n<p>O ponta-de-lan\u00e7a revela que a consist\u00eancia tem origem no equil\u00edbrio entre treino de equipa e prepara\u00e7\u00e3o individual. Destaca a import\u00e2ncia de manter o foco t\u00e9cnico e f\u00edsico, especialmente durante per\u00edodos de maior exig\u00eancia ao longo da \u00e9poca.<\/p>\n<p>Desde a juventude, o futebol \u00e9 visto como uma paix\u00e3o central, que acompanha Ayrton desde os primeiros toques na bola com o pai. Mesmo n\u00e3o sendo jogador profissional, equilibra o trabalho com o futebol, revelando que per\u00edodos sem jogar foram dur\u00edssimos, mas motivadores para regressar.<\/p>\n<h3>Desempenho atual e metas<\/h3>\n<p>Em Lagame\u00e7as, Lima pretende elevar ainda mais o rendimento coletivo, com ambi\u00e7\u00f5es de subir de divis\u00e3o e, quem sabe, lutar pela conquista da Ta\u00e7a da AF de Set\u00fabal. O jogador assinala que a confian\u00e7a do treinador Carlos Neves foi determinante para o seu rendimento.<\/p>\n<p>No passado, o avan\u00e7ado integrou o Vit\u00f3ria de Set\u00fabal, onde viveu um per\u00edodo de menos utiliza\u00e7\u00e3o que o desejado, depois de ter at\u00e9 marcado com regularidade. O tempo no Bonfim ficou marcado por elogios aos adeptos e pela experi\u00eancia profissional que o clube proporcionou.<\/p>\n<h3>Passado recente e influ\u00eancia no presente<\/h3>\n<p>Entre 2021\/22 e 2023\/24, Ayrton enfrentou temporadas com oscila\u00e7\u00f5es de forma e de import\u00e2ncia na equipa. Em Vit\u00f3rias anteriores, destacou-se pela subida de divis\u00e3o ao servi\u00e7o do Botafogo Cabanas, experi\u00eancia que o ajudou a cultivar nova vis\u00e3o de jogo e motiva\u00e7\u00e3o.<\/p>\n<p>Ao falar do que o motiva, o jogador aponta o apoio do treinador e a manuten\u00e7\u00e3o de uma mentalidade ganhadora. A confian\u00e7a recebida durante a primeira conversa com o t\u00e9cnico foi apontada como fator decisivo para o comprometimento com cada jogo.<\/p>\n<h3>Perspetivas futuras<\/h3>\n<p>Os objetivos para a \u00e9poca passam pela subida de divis\u00e3o e, se poss\u00edvel, o t\u00edtulo na Ta\u00e7a da AF de Set\u00fabal. O atleta mant\u00e9m-se focado na evolu\u00e7\u00e3o pessoal e no contributo para uma campanha ambiciosa do Lagame\u00e7as, com a bola como principal aliado.<\/p>\n","protected":false},"excerpt":{"rendered":"<ul>\n<li>Ayrton Lima, luso-angolano de trinta e um anos, est\u00e1 a marcar quase sem compara\u00e7\u00e3o pelo GD Lagame\u00e7as, somando vinte e seis golos na \u00e9poca 2025\/26, j\u00e1 superando a melhor marca anterior de 23 golos no Pinhalnovense em 2022\/23.<\/li>\n<li>O jogador atribui o momento de boa forma ao trabalho nos treinos, tanto no clube como de forma individual, e \u00e0 confian\u00e7a desenvolvida pelo treinador Carlos Neves.<\/li>\n<li>Vem de um percurso marcado por altos e baixos, incluindo um regresso dif\u00edcil ao futebol ap\u00f3s algum tempo afastado, e uma passagem pelo Vit\u00f3ria de Set\u00fabal onde tamb\u00e9m enfrentou momentos de menos utiliza\u00e7\u00e3o.<\/li>\n<li>As suas refer\u00eancias para o estilo resultam do jogo a\u00e9reo, do timing de salto e da capacidade de segurar a bola; cita Lewandowski, Ronaldo e Cristiano Ronaldo como inspira\u00e7\u00f5es.<\/li>\n<li>Os objetivos no Lagame\u00e7as passam por subir de divis\u00e3o e, no futuro, tornar-se campe\u00e3o; h\u00e1 ainda perspetivas de jogar na Ta\u00e7a da AF Set\u00fabal, colocando o Lagame\u00e7as numa posi\u00e7\u00e3o competitiva para chegar longe.<\/li>\n<\/ul>\n","protected":false},"author":2,"featured_media":126057,"comment_status":"closed","ping_status":"closed","sticky":false,"template":"","format":"standard","meta":{"footnotes":""},"categories":[21,24],"tags":[477,152,32,40,994,1737],"class_list":["post-126049","post","type-post","status-publish","format-standard","has-post-thumbnail","hentry","category-desporto","category-futebol","tag-desempenho","tag-desporto","tag-futebol","tag-pessoas","tag-setubal","tag-vitoria-de-setubal"],"yoast_head":"<!-- This site is optimized with the Yoast SEO plugin v27.2 - https:\/\/yoast.com\/product\/yoast-seo-wordpress\/ -->\n<title>Do Bonfim ao Lagame\u00e7as: o percurso de Ayrton Lima em busca da felicidade - Portal Tela Portugal<\/title>\n<meta name=\"robots\" content=\"index, follow, max-snippet:-1, max-image-preview:large, max-video-preview:-1\" \/>\n<meta property=\"og:locale\" content=\"pt_PT\" \/>\n<meta property=\"og:type\" content=\"article\" \/>\n<meta property=\"og:title\" content=\"Do Bonfim ao Lagame\u00e7as: o percurso de Ayrton Lima em busca da felicidade - Portal Tela Portugal\" \/>\n<meta property=\"og:description\" content=\"Ayrton Lima, luso-angolano de trinta e um anos, est\u00e1 a marcar quase sem compara\u00e7\u00e3o pelo GD Lagame\u00e7as, somando vinte e seis golos na \u00e9poca 2025\/26, j\u00e1 superando a melhor marca anterior de 23 golos no Pinhalnovense em 2022\/23. O jogador atribui o momento de boa forma ao trabalho nos treinos, tanto no clube como de forma individual, e \u00e0 confian\u00e7a desenvolvida pelo treinador Carlos Neves. Vem de um percurso marcado por altos e baixos, incluindo um regresso dif\u00edcil ao futebol ap\u00f3s algum tempo afastado, e uma passagem pelo Vit\u00f3ria de Set\u00fabal onde tamb\u00e9m enfrentou momentos de menos utiliza\u00e7\u00e3o. As suas refer\u00eancias para o estilo resultam do jogo a\u00e9reo, do timing de salto e da capacidade de segurar a bola; cita Lewandowski, Ronaldo e Cristiano Ronaldo como inspira\u00e7\u00f5es. Os objetivos no Lagame\u00e7as passam por subir de divis\u00e3o e, no futuro, tornar-se campe\u00e3o; h\u00e1 ainda perspetivas de jogar na Ta\u00e7a da AF Set\u00fabal, colocando o Lagame\u00e7as numa posi\u00e7\u00e3o competitiva para chegar longe.\" \/>\n<meta property=\"og:url\" content=\"https:\/\/portaltela.pt\/noticias\/2026\/01\/08\/do-bonfim-ao-lagamecas-o-percurso-de-ayrton-lima-em-busca-da-felicidade\/\" \/>\n<meta property=\"og:site_name\" content=\"Portal Tela Portugal\" \/>\n<meta property=\"article:published_time\" content=\"2026-01-08T12:00:00+00:00\" \/>\n<meta name=\"author\" content=\"Telinha\" \/>\n<meta name=\"twitter:card\" content=\"summary_large_image\" \/>\n<meta name=\"twitter:label1\" content=\"Escrito por\" \/>\n\t<meta name=\"twitter:data1\" content=\"Telinha\" \/>\n\t<meta name=\"twitter:label2\" content=\"Tempo estimado de leitura\" \/>\n\t<meta name=\"twitter:data2\" content=\"2 minutos\" \/>\n<script type=\"application\/ld+json\" class=\"yoast-schema-graph\">{\"@context\":\"https:\/\/schema.org\",\"@graph\":[{\"@type\":\"Article\",\"@id\":\"https:\/\/portaltela.pt\/noticias\/2026\/01\/08\/do-bonfim-ao-lagamecas-o-percurso-de-ayrton-lima-em-busca-da-felicidade\/#article\",\"isPartOf\":{\"@id\":\"https:\/\/portaltela.pt\/noticias\/2026\/01\/08\/do-bonfim-ao-lagamecas-o-percurso-de-ayrton-lima-em-busca-da-felicidade\/\"},\"author\":{\"name\":\"Telinha\",\"@id\":\"https:\/\/portaltela.pt\/#\/schema\/person\/c4278d4a6028830caff9ee44b42d32ed\"},\"headline\":\"Do Bonfim ao Lagame\u00e7as: o percurso de Ayrton Lima em busca da felicidade\",\"datePublished\":\"2026-01-08T12:00:00+00:00\",\"mainEntityOfPage\":{\"@id\":\"https:\/\/portaltela.pt\/noticias\/2026\/01\/08\/do-bonfim-ao-lagamecas-o-percurso-de-ayrton-lima-em-busca-da-felicidade\/\"},\"wordCount\":414,\"image\":{\"@id\":\"https:\/\/portaltela.pt\/noticias\/2026\/01\/08\/do-bonfim-ao-lagamecas-o-percurso-de-ayrton-lima-em-busca-da-felicidade\/#primaryimage\"},\"thumbnailUrl\":\"https:\/\/portaltela.pt\/s.01k8rhncp4jt1\/2026\/01\/e25072a0-b50b-4c3c-a6bf-8cffb8f4a975.jpg\",\"keywords\":[\"desempenho\",\"desporto\",\"futebol\",\"pessoas\",\"Set\u00fabal\",\"Vit\u00f3ria de Set\u00fabal\"],\"articleSection\":[\"Desporto\",\"Futebol\"],\"inLanguage\":\"pt-PT\"},{\"@type\":\"WebPage\",\"@id\":\"https:\/\/portaltela.pt\/noticias\/2026\/01\/08\/do-bonfim-ao-lagamecas-o-percurso-de-ayrton-lima-em-busca-da-felicidade\/\",\"url\":\"https:\/\/portaltela.pt\/noticias\/2026\/01\/08\/do-bonfim-ao-lagamecas-o-percurso-de-ayrton-lima-em-busca-da-felicidade\/\",\"name\":\"Do Bonfim ao Lagame\u00e7as: o percurso de Ayrton Lima em busca da felicidade - Portal Tela Portugal\",\"isPartOf\":{\"@id\":\"https:\/\/portaltela.pt\/#website\"},\"primaryImageOfPage\":{\"@id\":\"https:\/\/portaltela.pt\/noticias\/2026\/01\/08\/do-bonfim-ao-lagamecas-o-percurso-de-ayrton-lima-em-busca-da-felicidade\/#primaryimage\"},\"image\":{\"@id\":\"https:\/\/portaltela.pt\/noticias\/2026\/01\/08\/do-bonfim-ao-lagamecas-o-percurso-de-ayrton-lima-em-busca-da-felicidade\/#primaryimage\"},\"thumbnailUrl\":\"https:\/\/portaltela.pt\/s.01k8rhncp4jt1\/2026\/01\/e25072a0-b50b-4c3c-a6bf-8cffb8f4a975.jpg\",\"datePublished\":\"2026-01-08T12:00:00+00:00\",\"author\":{\"@id\":\"https:\/\/portaltela.pt\/#\/schema\/person\/c4278d4a6028830caff9ee44b42d32ed\"},\"breadcrumb\":{\"@id\":\"https:\/\/portaltela.pt\/noticias\/2026\/01\/08\/do-bonfim-ao-lagamecas-o-percurso-de-ayrton-lima-em-busca-da-felicidade\/#breadcrumb\"},\"inLanguage\":\"pt-PT\",\"potentialAction\":[{\"@type\":\"ReadAction\",\"target\":[\"https:\/\/portaltela.pt\/noticias\/2026\/01\/08\/do-bonfim-ao-lagamecas-o-percurso-de-ayrton-lima-em-busca-da-felicidade\/\"]}]},{\"@type\":\"ImageObject\",\"inLanguage\":\"pt-PT\",\"@id\":\"https:\/\/portaltela.pt\/noticias\/2026\/01\/08\/do-bonfim-ao-lagamecas-o-percurso-de-ayrton-lima-em-busca-da-felicidade\/#primaryimage\",\"url\":\"https:\/\/portaltela.pt\/s.01k8rhncp4jt1\/2026\/01\/e25072a0-b50b-4c3c-a6bf-8cffb8f4a975.jpg\",\"contentUrl\":\"https:\/\/portaltela.pt\/s.01k8rhncp4jt1\/2026\/01\/e25072a0-b50b-4c3c-a6bf-8cffb8f4a975.jpg\",\"width\":796,\"height\":448,\"caption\":\"Ayrton Lima com a camisola do Lagame\u00e7as (DR)\"},{\"@type\":\"BreadcrumbList\",\"@id\":\"https:\/\/portaltela.pt\/noticias\/2026\/01\/08\/do-bonfim-ao-lagamecas-o-percurso-de-ayrton-lima-em-busca-da-felicidade\/#breadcrumb\",\"itemListElement\":[{\"@type\":\"ListItem\",\"position\":1,\"name\":\"In\u00edcio\",\"item\":\"https:\/\/portaltela.pt\/\"},{\"@type\":\"ListItem\",\"position\":2,\"name\":\"Do Bonfim ao Lagame\u00e7as: o percurso de Ayrton Lima em busca da felicidade\"}]},{\"@type\":\"WebSite\",\"@id\":\"https:\/\/portaltela.pt\/#website\",\"url\":\"https:\/\/portaltela.pt\/\",\"name\":\"Portal Tela Portugal\",\"description\":\"\",\"potentialAction\":[{\"@type\":\"SearchAction\",\"target\":{\"@type\":\"EntryPoint\",\"urlTemplate\":\"https:\/\/portaltela.pt\/?s={search_term_string}\"},\"query-input\":{\"@type\":\"PropertyValueSpecification\",\"valueRequired\":true,\"valueName\":\"search_term_string\"}}],\"inLanguage\":\"pt-PT\"},{\"@type\":\"Person\",\"@id\":\"https:\/\/portaltela.pt\/#\/schema\/person\/c4278d4a6028830caff9ee44b42d32ed\",\"name\":\"Telinha\",\"image\":{\"@type\":\"ImageObject\",\"inLanguage\":\"pt-PT\",\"@id\":\"https:\/\/portaltela.pt\/s.01k8rhncp4jt1\/2025\/11\/talking-bot-125x125.png\",\"url\":\"https:\/\/portaltela.pt\/s.01k8rhncp4jt1\/2025\/11\/talking-bot-125x125.png\",\"contentUrl\":\"https:\/\/portaltela.pt\/s.01k8rhncp4jt1\/2025\/11\/talking-bot-125x125.png\",\"caption\":\"Telinha\"},\"sameAs\":[\"https:\/\/portaltela.pt\/\"],\"url\":\"https:\/\/portaltela.pt\/por\/367410592786\/\"}]}<\/script>\n<!-- \/ Yoast SEO plugin. -->","yoast_head_json":{"title":"Do Bonfim ao Lagame\u00e7as: o percurso de Ayrton Lima em busca da felicidade - Portal Tela Portugal","robots":{"index":"index","follow":"follow","max-snippet":"max-snippet:-1","max-image-preview":"max-image-preview:large","max-video-preview":"max-video-preview:-1"},"og_locale":"pt_PT","og_type":"article","og_title":"Do Bonfim ao Lagame\u00e7as: o percurso de Ayrton Lima em busca da felicidade - Portal Tela Portugal","og_description":"Ayrton Lima, luso-angolano de trinta e um anos, est\u00e1 a marcar quase sem compara\u00e7\u00e3o pelo GD Lagame\u00e7as, somando vinte e seis golos na \u00e9poca 2025\/26, j\u00e1 superando a melhor marca anterior de 23 golos no Pinhalnovense em 2022\/23. O jogador atribui o momento de boa forma ao trabalho nos treinos, tanto no clube como de forma individual, e \u00e0 confian\u00e7a desenvolvida pelo treinador Carlos Neves. Vem de um percurso marcado por altos e baixos, incluindo um regresso dif\u00edcil ao futebol ap\u00f3s algum tempo afastado, e uma passagem pelo Vit\u00f3ria de Set\u00fabal onde tamb\u00e9m enfrentou momentos de menos utiliza\u00e7\u00e3o. As suas refer\u00eancias para o estilo resultam do jogo a\u00e9reo, do timing de salto e da capacidade de segurar a bola; cita Lewandowski, Ronaldo e Cristiano Ronaldo como inspira\u00e7\u00f5es. Os objetivos no Lagame\u00e7as passam por subir de divis\u00e3o e, no futuro, tornar-se campe\u00e3o; h\u00e1 ainda perspetivas de jogar na Ta\u00e7a da AF Set\u00fabal, colocando o Lagame\u00e7as numa posi\u00e7\u00e3o competitiva para chegar longe.","og_url":"https:\/\/portaltela.pt\/noticias\/2026\/01\/08\/do-bonfim-ao-lagamecas-o-percurso-de-ayrton-lima-em-busca-da-felicidade\/","og_site_name":"Portal Tela Portugal","article_published_time":"2026-01-08T12:00:00+00:00","author":"Telinha","twitter_card":"summary_large_image","twitter_misc":{"Escrito por":"Telinha","Tempo estimado de leitura":"2 minutos"},"schema":{"@context":"https:\/\/schema.org","@graph":[{"@type":"Article","@id":"https:\/\/portaltela.pt\/noticias\/2026\/01\/08\/do-bonfim-ao-lagamecas-o-percurso-de-ayrton-lima-em-busca-da-felicidade\/#article","isPartOf":{"@id":"https:\/\/portaltela.pt\/noticias\/2026\/01\/08\/do-bonfim-ao-lagamecas-o-percurso-de-ayrton-lima-em-busca-da-felicidade\/"},"author":{"name":"Telinha","@id":"https:\/\/portaltela.pt\/#\/schema\/person\/c4278d4a6028830caff9ee44b42d32ed"},"headline":"Do Bonfim ao Lagame\u00e7as: o percurso de Ayrton Lima em busca da felicidade","datePublished":"2026-01-08T12:00:00+00:00","mainEntityOfPage":{"@id":"https:\/\/portaltela.pt\/noticias\/2026\/01\/08\/do-bonfim-ao-lagamecas-o-percurso-de-ayrton-lima-em-busca-da-felicidade\/"},"wordCount":414,"image":{"@id":"https:\/\/portaltela.pt\/noticias\/2026\/01\/08\/do-bonfim-ao-lagamecas-o-percurso-de-ayrton-lima-em-busca-da-felicidade\/#primaryimage"},"thumbnailUrl":"https:\/\/portaltela.pt\/s.01k8rhncp4jt1\/2026\/01\/e25072a0-b50b-4c3c-a6bf-8cffb8f4a975.jpg","keywords":["desempenho","desporto","futebol","pessoas","Set\u00fabal","Vit\u00f3ria de Set\u00fabal"],"articleSection":["Desporto","Futebol"],"inLanguage":"pt-PT"},{"@type":"WebPage","@id":"https:\/\/portaltela.pt\/noticias\/2026\/01\/08\/do-bonfim-ao-lagamecas-o-percurso-de-ayrton-lima-em-busca-da-felicidade\/","url":"https:\/\/portaltela.pt\/noticias\/2026\/01\/08\/do-bonfim-ao-lagamecas-o-percurso-de-ayrton-lima-em-busca-da-felicidade\/","name":"Do Bonfim ao Lagame\u00e7as: o percurso de Ayrton Lima em busca da felicidade - Portal Tela Portugal","isPartOf":{"@id":"https:\/\/portaltela.pt\/#website"},"primaryImageOfPage":{"@id":"https:\/\/portaltela.pt\/noticias\/2026\/01\/08\/do-bonfim-ao-lagamecas-o-percurso-de-ayrton-lima-em-busca-da-felicidade\/#primaryimage"},"image":{"@id":"https:\/\/portaltela.pt\/noticias\/2026\/01\/08\/do-bonfim-ao-lagamecas-o-percurso-de-ayrton-lima-em-busca-da-felicidade\/#primaryimage"},"thumbnailUrl":"https:\/\/portaltela.pt\/s.01k8rhncp4jt1\/2026\/01\/e25072a0-b50b-4c3c-a6bf-8cffb8f4a975.jpg","datePublished":"2026-01-08T12:00:00+00:00","author":{"@id":"https:\/\/portaltela.pt\/#\/schema\/person\/c4278d4a6028830caff9ee44b42d32ed"},"breadcrumb":{"@id":"https:\/\/portaltela.pt\/noticias\/2026\/01\/08\/do-bonfim-ao-lagamecas-o-percurso-de-ayrton-lima-em-busca-da-felicidade\/#breadcrumb"},"inLanguage":"pt-PT","potentialAction":[{"@type":"ReadAction","target":["https:\/\/portaltela.pt\/noticias\/2026\/01\/08\/do-bonfim-ao-lagamecas-o-percurso-de-ayrton-lima-em-busca-da-felicidade\/"]}]},{"@type":"ImageObject","inLanguage":"pt-PT","@id":"https:\/\/portaltela.pt\/noticias\/2026\/01\/08\/do-bonfim-ao-lagamecas-o-percurso-de-ayrton-lima-em-busca-da-felicidade\/#primaryimage","url":"https:\/\/portaltela.pt\/s.01k8rhncp4jt1\/2026\/01\/e25072a0-b50b-4c3c-a6bf-8cffb8f4a975.jpg","contentUrl":"https:\/\/portaltela.pt\/s.01k8rhncp4jt1\/2026\/01\/e25072a0-b50b-4c3c-a6bf-8cffb8f4a975.jpg","width":796,"height":448,"caption":"Ayrton Lima com a camisola do Lagame\u00e7as (DR)"},{"@type":"BreadcrumbList","@id":"https:\/\/portaltela.pt\/noticias\/2026\/01\/08\/do-bonfim-ao-lagamecas-o-percurso-de-ayrton-lima-em-busca-da-felicidade\/#breadcrumb","itemListElement":[{"@type":"ListItem","position":1,"name":"In\u00edcio","item":"https:\/\/portaltela.pt\/"},{"@type":"ListItem","position":2,"name":"Do Bonfim ao Lagame\u00e7as: o percurso de Ayrton Lima em busca da felicidade"}]},{"@type":"WebSite","@id":"https:\/\/portaltela.pt\/#website","url":"https:\/\/portaltela.pt\/","name":"Portal Tela Portugal","description":"","potentialAction":[{"@type":"SearchAction","target":{"@type":"EntryPoint","urlTemplate":"https:\/\/portaltela.pt\/?s={search_term_string}"},"query-input":{"@type":"PropertyValueSpecification","valueRequired":true,"valueName":"search_term_string"}}],"inLanguage":"pt-PT"},{"@type":"Person","@id":"https:\/\/portaltela.pt\/#\/schema\/person\/c4278d4a6028830caff9ee44b42d32ed","name":"Telinha","image":{"@type":"ImageObject","inLanguage":"pt-PT","@id":"https:\/\/portaltela.pt\/s.01k8rhncp4jt1\/2025\/11\/talking-bot-125x125.png","url":"https:\/\/portaltela.pt\/s.01k8rhncp4jt1\/2025\/11\/talking-bot-125x125.png","contentUrl":"https:\/\/portaltela.pt\/s.01k8rhncp4jt1\/2025\/11\/talking-bot-125x125.png","caption":"Telinha"},"sameAs":["https:\/\/portaltela.pt\/"],"url":"https:\/\/portaltela.pt\/por\/367410592786\/"}]}},"_links":{"self":[{"href":"https:\/\/portaltela.pt\/api\/wp\/v2\/posts\/126049","targetHints":{"allow":["GET"]}}],"collection":[{"href":"https:\/\/portaltela.pt\/api\/wp\/v2\/posts"}],"about":[{"href":"https:\/\/portaltela.pt\/api\/wp\/v2\/types\/post"}],"author":[{"embeddable":true,"href":"https:\/\/portaltela.pt\/api\/wp\/v2\/users\/2"}],"replies":[{"embeddable":true,"href":"https:\/\/portaltela.pt\/api\/wp\/v2\/comments?post=126049"}],"version-history":[{"count":0,"href":"https:\/\/portaltela.pt\/api\/wp\/v2\/posts\/126049\/revisions"}],"wp:featuredmedia":[{"embeddable":true,"href":"https:\/\/portaltela.pt\/api\/wp\/v2\/media\/126057"}],"wp:attachment":[{"href":"https:\/\/portaltela.pt\/api\/wp\/v2\/media?parent=126049"}],"wp:term":[{"taxonomy":"category","embeddable":true,"href":"https:\/\/portaltela.pt\/api\/wp\/v2\/categories?post=126049"},{"taxonomy":"post_tag","embeddable":true,"href":"https:\/\/portaltela.pt\/api\/wp\/v2\/tags?post=126049"}],"curies":[{"name":"wp","href":"https:\/\/api.w.org\/{rel}","templated":true}]}}