{"id":125891,"date":"2026-01-08T07:34:00","date_gmt":"2026-01-08T10:34:00","guid":{"rendered":"https:\/\/portaltela.pt\/noticias\/2026\/01\/08\/fornos-de-algodres-acareis-fortalece-tradicao-fe-e-comunidade-no-casal-vasco\/"},"modified":"2026-01-08T07:34:00","modified_gmt":"2026-01-08T10:34:00","slug":"fornos-de-algodres-acareis-fortalece-tradicao-fe-e-comunidade-no-casal-vasco","status":"publish","type":"post","link":"https:\/\/portaltela.pt\/noticias\/2026\/01\/08\/fornos-de-algodres-acareis-fortalece-tradicao-fe-e-comunidade-no-casal-vasco\/","title":{"rendered":"Fornos de Algodres: ACAREIS fortalece tradi\u00e7\u00e3o, f\u00e9 e comunidade no Casal Vasco"},"content":{"rendered":"<p>Os Escuteiros de Fornos de Algodres realizaram neste fim de semana o ACAREIS no Casal Vasco. No s\u00e1bado decorreu o jantar tradicional com a participa\u00e7\u00e3o da fam\u00edlia 1393, e no domingo levaram o Menino aos doentes com uma mensagem de esperan\u00e7a.<\/p>\n<p>A iniciativa associa tradi\u00e7\u00e3o, f\u00e9 e comunidade, reunindo jovens, familiares e residentes locais em atividades de servi\u00e7o e de partilha de uma mensagem de encorajamento.<\/p>\n<p>Em tom de gratid\u00e3o, o grupo enviou uma palavra especial \u00e0 Junta de Freguesia do Casal Vasco, em nome do presidente, pela disponibilidade e pelas condi\u00e7\u00f5es proporcionadas para a plena concretiza\u00e7\u00e3o da atividade.<\/p>\n<h3>Apoio da Junta de Freguesia<\/h3>\n<p>A Junta de Freguesia foi reconhecida pela robusta colabora\u00e7\u00e3o que permitiu a organiza\u00e7\u00e3o do ACAREIS no Casal Vasco, destacando a proximidade entre institui\u00e7\u00f5es e comunidade.<\/p>\n<p>A coopera\u00e7\u00e3o entre a Junta e os Escuteiros \u00e9 apresentada como fundamental para manter a tradi\u00e7\u00e3o do evento e fortalecer o envolvimento comunit\u00e1rio local.<\/p>\n<p>N\u00e3o foram mencionados incidentes relevantes durante o fim de semana, e a organiza\u00e7\u00e3o concentra-se na continuidade do ACAREIS nos pr\u00f3ximos anos.<\/p>\n","protected":false},"excerpt":{"rendered":"<ul>\n<li>Escuteiros de Fornos de Algodres realizaram o ACAREIS no Casal Vasco, neste fim de semana.<\/li>\n<li>No s\u00e1bado decorreu o jantar tradicional com toda a fam\u00edlia 1393.<\/li>\n<li>No domingo, os Escuteiros levaram o Menino aos doentes acompanhados por uma mensagem de esperan\u00e7a.<\/li>\n<li>A organiza\u00e7\u00e3o agradeceu \u00e0 Junta de Freguesia do Casal Vasco, na pessoa do seu Presidente, pela disponibilidade e pelas condi\u00e7\u00f5es proporcionadas.<\/li>\n<\/ul>\n","protected":false},"author":2,"featured_media":125900,"comment_status":"closed","ping_status":"closed","sticky":false,"template":"","format":"standard","meta":{"footnotes":""},"categories":[1],"tags":[903,2527,126,1113,727,146],"class_list":["post-125891","post","type-post","status-publish","format-standard","has-post-thumbnail","hentry","category-noticias","tag-comunidades","tag-escuteiros","tag-fe","tag-guarda","tag-servicos","tag-tradicoes"],"yoast_head":"<!-- This site is optimized with the Yoast SEO plugin v27.2 - https:\/\/yoast.com\/product\/yoast-seo-wordpress\/ -->\n<title>Fornos de Algodres: ACAREIS fortalece tradi\u00e7\u00e3o, f\u00e9 e comunidade no Casal Vasco - Portal Tela Portugal<\/title>\n<meta name=\"robots\" content=\"index, follow, max-snippet:-1, max-image-preview:large, max-video-preview:-1\" \/>\n<meta property=\"og:locale\" content=\"pt_PT\" \/>\n<meta property=\"og:type\" content=\"article\" \/>\n<meta property=\"og:title\" content=\"Fornos de Algodres: ACAREIS fortalece tradi\u00e7\u00e3o, f\u00e9 e comunidade no Casal Vasco - Portal Tela Portugal\" \/>\n<meta property=\"og:description\" content=\"Escuteiros de Fornos de Algodres realizaram o ACAREIS no Casal Vasco, neste fim de semana. No s\u00e1bado decorreu o jantar tradicional com toda a fam\u00edlia 1393. No domingo, os Escuteiros levaram o Menino aos doentes acompanhados por uma mensagem de esperan\u00e7a. A organiza\u00e7\u00e3o agradeceu \u00e0 Junta de Freguesia do Casal Vasco, na pessoa do seu Presidente, pela disponibilidade e pelas condi\u00e7\u00f5es proporcionadas.\" \/>\n<meta property=\"og:url\" content=\"https:\/\/portaltela.pt\/noticias\/2026\/01\/08\/fornos-de-algodres-acareis-fortalece-tradicao-fe-e-comunidade-no-casal-vasco\/\" \/>\n<meta property=\"og:site_name\" content=\"Portal Tela Portugal\" \/>\n<meta property=\"article:published_time\" content=\"2026-01-08T10:34:00+00:00\" \/>\n<meta name=\"author\" content=\"Telinha\" \/>\n<meta name=\"twitter:card\" content=\"summary_large_image\" \/>\n<meta name=\"twitter:label1\" content=\"Escrito por\" \/>\n\t<meta name=\"twitter:data1\" content=\"Telinha\" \/>\n\t<meta name=\"twitter:label2\" content=\"Tempo estimado de leitura\" \/>\n\t<meta name=\"twitter:data2\" content=\"1 minuto\" \/>\n<script type=\"application\/ld+json\" class=\"yoast-schema-graph\">{\"@context\":\"https:\/\/schema.org\",\"@graph\":[{\"@type\":\"Article\",\"@id\":\"https:\/\/portaltela.pt\/noticias\/2026\/01\/08\/fornos-de-algodres-acareis-fortalece-tradicao-fe-e-comunidade-no-casal-vasco\/#article\",\"isPartOf\":{\"@id\":\"https:\/\/portaltela.pt\/noticias\/2026\/01\/08\/fornos-de-algodres-acareis-fortalece-tradicao-fe-e-comunidade-no-casal-vasco\/\"},\"author\":{\"name\":\"Telinha\",\"@id\":\"https:\/\/portaltela.pt\/#\/schema\/person\/c4278d4a6028830caff9ee44b42d32ed\"},\"headline\":\"Fornos de Algodres: ACAREIS fortalece tradi\u00e7\u00e3o, f\u00e9 e comunidade no Casal Vasco\",\"datePublished\":\"2026-01-08T10:34:00+00:00\",\"mainEntityOfPage\":{\"@id\":\"https:\/\/portaltela.pt\/noticias\/2026\/01\/08\/fornos-de-algodres-acareis-fortalece-tradicao-fe-e-comunidade-no-casal-vasco\/\"},\"wordCount\":202,\"image\":{\"@id\":\"https:\/\/portaltela.pt\/noticias\/2026\/01\/08\/fornos-de-algodres-acareis-fortalece-tradicao-fe-e-comunidade-no-casal-vasco\/#primaryimage\"},\"thumbnailUrl\":\"https:\/\/portaltela.pt\/s.01k8rhncp4jt1\/2026\/01\/unnamed-file-1599.jpg\",\"keywords\":[\"comunidades\",\"Escuteiros\",\"f\u00e9\",\"Guarda\",\"servi\u00e7os\",\"tradi\u00e7\u00f5es\"],\"articleSection\":[\"Not\u00edcias\"],\"inLanguage\":\"pt-PT\"},{\"@type\":\"WebPage\",\"@id\":\"https:\/\/portaltela.pt\/noticias\/2026\/01\/08\/fornos-de-algodres-acareis-fortalece-tradicao-fe-e-comunidade-no-casal-vasco\/\",\"url\":\"https:\/\/portaltela.pt\/noticias\/2026\/01\/08\/fornos-de-algodres-acareis-fortalece-tradicao-fe-e-comunidade-no-casal-vasco\/\",\"name\":\"Fornos de Algodres: ACAREIS fortalece tradi\u00e7\u00e3o, f\u00e9 e comunidade no Casal Vasco - Portal Tela Portugal\",\"isPartOf\":{\"@id\":\"https:\/\/portaltela.pt\/#website\"},\"primaryImageOfPage\":{\"@id\":\"https:\/\/portaltela.pt\/noticias\/2026\/01\/08\/fornos-de-algodres-acareis-fortalece-tradicao-fe-e-comunidade-no-casal-vasco\/#primaryimage\"},\"image\":{\"@id\":\"https:\/\/portaltela.pt\/noticias\/2026\/01\/08\/fornos-de-algodres-acareis-fortalece-tradicao-fe-e-comunidade-no-casal-vasco\/#primaryimage\"},\"thumbnailUrl\":\"https:\/\/portaltela.pt\/s.01k8rhncp4jt1\/2026\/01\/unnamed-file-1599.jpg\",\"datePublished\":\"2026-01-08T10:34:00+00:00\",\"author\":{\"@id\":\"https:\/\/portaltela.pt\/#\/schema\/person\/c4278d4a6028830caff9ee44b42d32ed\"},\"breadcrumb\":{\"@id\":\"https:\/\/portaltela.pt\/noticias\/2026\/01\/08\/fornos-de-algodres-acareis-fortalece-tradicao-fe-e-comunidade-no-casal-vasco\/#breadcrumb\"},\"inLanguage\":\"pt-PT\",\"potentialAction\":[{\"@type\":\"ReadAction\",\"target\":[\"https:\/\/portaltela.pt\/noticias\/2026\/01\/08\/fornos-de-algodres-acareis-fortalece-tradicao-fe-e-comunidade-no-casal-vasco\/\"]}]},{\"@type\":\"ImageObject\",\"inLanguage\":\"pt-PT\",\"@id\":\"https:\/\/portaltela.pt\/noticias\/2026\/01\/08\/fornos-de-algodres-acareis-fortalece-tradicao-fe-e-comunidade-no-casal-vasco\/#primaryimage\",\"url\":\"https:\/\/portaltela.pt\/s.01k8rhncp4jt1\/2026\/01\/unnamed-file-1599.jpg\",\"contentUrl\":\"https:\/\/portaltela.pt\/s.01k8rhncp4jt1\/2026\/01\/unnamed-file-1599.jpg\",\"width\":796,\"height\":448,\"caption\":\"Fornos de Algodres: ACAREIS no Casal Vasco \u2013 Tradi\u00e7\u00e3o, F\u00e9 e Comunidade\"},{\"@type\":\"BreadcrumbList\",\"@id\":\"https:\/\/portaltela.pt\/noticias\/2026\/01\/08\/fornos-de-algodres-acareis-fortalece-tradicao-fe-e-comunidade-no-casal-vasco\/#breadcrumb\",\"itemListElement\":[{\"@type\":\"ListItem\",\"position\":1,\"name\":\"In\u00edcio\",\"item\":\"https:\/\/portaltela.pt\/\"},{\"@type\":\"ListItem\",\"position\":2,\"name\":\"Fornos de Algodres: ACAREIS fortalece tradi\u00e7\u00e3o, f\u00e9 e comunidade no Casal Vasco\"}]},{\"@type\":\"WebSite\",\"@id\":\"https:\/\/portaltela.pt\/#website\",\"url\":\"https:\/\/portaltela.pt\/\",\"name\":\"Portal Tela Portugal\",\"description\":\"\",\"potentialAction\":[{\"@type\":\"SearchAction\",\"target\":{\"@type\":\"EntryPoint\",\"urlTemplate\":\"https:\/\/portaltela.pt\/?s={search_term_string}\"},\"query-input\":{\"@type\":\"PropertyValueSpecification\",\"valueRequired\":true,\"valueName\":\"search_term_string\"}}],\"inLanguage\":\"pt-PT\"},{\"@type\":\"Person\",\"@id\":\"https:\/\/portaltela.pt\/#\/schema\/person\/c4278d4a6028830caff9ee44b42d32ed\",\"name\":\"Telinha\",\"image\":{\"@type\":\"ImageObject\",\"inLanguage\":\"pt-PT\",\"@id\":\"https:\/\/portaltela.pt\/s.01k8rhncp4jt1\/2025\/11\/talking-bot-125x125.png\",\"url\":\"https:\/\/portaltela.pt\/s.01k8rhncp4jt1\/2025\/11\/talking-bot-125x125.png\",\"contentUrl\":\"https:\/\/portaltela.pt\/s.01k8rhncp4jt1\/2025\/11\/talking-bot-125x125.png\",\"caption\":\"Telinha\"},\"sameAs\":[\"https:\/\/portaltela.pt\/\"],\"url\":\"https:\/\/portaltela.pt\/por\/367410592786\/\"}]}<\/script>\n<!-- \/ Yoast SEO plugin. -->","yoast_head_json":{"title":"Fornos de Algodres: ACAREIS fortalece tradi\u00e7\u00e3o, f\u00e9 e comunidade no Casal Vasco - Portal Tela Portugal","robots":{"index":"index","follow":"follow","max-snippet":"max-snippet:-1","max-image-preview":"max-image-preview:large","max-video-preview":"max-video-preview:-1"},"og_locale":"pt_PT","og_type":"article","og_title":"Fornos de Algodres: ACAREIS fortalece tradi\u00e7\u00e3o, f\u00e9 e comunidade no Casal Vasco - Portal Tela Portugal","og_description":"Escuteiros de Fornos de Algodres realizaram o ACAREIS no Casal Vasco, neste fim de semana. No s\u00e1bado decorreu o jantar tradicional com toda a fam\u00edlia 1393. No domingo, os Escuteiros levaram o Menino aos doentes acompanhados por uma mensagem de esperan\u00e7a. A organiza\u00e7\u00e3o agradeceu \u00e0 Junta de Freguesia do Casal Vasco, na pessoa do seu Presidente, pela disponibilidade e pelas condi\u00e7\u00f5es proporcionadas.","og_url":"https:\/\/portaltela.pt\/noticias\/2026\/01\/08\/fornos-de-algodres-acareis-fortalece-tradicao-fe-e-comunidade-no-casal-vasco\/","og_site_name":"Portal Tela Portugal","article_published_time":"2026-01-08T10:34:00+00:00","author":"Telinha","twitter_card":"summary_large_image","twitter_misc":{"Escrito por":"Telinha","Tempo estimado de leitura":"1 minuto"},"schema":{"@context":"https:\/\/schema.org","@graph":[{"@type":"Article","@id":"https:\/\/portaltela.pt\/noticias\/2026\/01\/08\/fornos-de-algodres-acareis-fortalece-tradicao-fe-e-comunidade-no-casal-vasco\/#article","isPartOf":{"@id":"https:\/\/portaltela.pt\/noticias\/2026\/01\/08\/fornos-de-algodres-acareis-fortalece-tradicao-fe-e-comunidade-no-casal-vasco\/"},"author":{"name":"Telinha","@id":"https:\/\/portaltela.pt\/#\/schema\/person\/c4278d4a6028830caff9ee44b42d32ed"},"headline":"Fornos de Algodres: ACAREIS fortalece tradi\u00e7\u00e3o, f\u00e9 e comunidade no Casal Vasco","datePublished":"2026-01-08T10:34:00+00:00","mainEntityOfPage":{"@id":"https:\/\/portaltela.pt\/noticias\/2026\/01\/08\/fornos-de-algodres-acareis-fortalece-tradicao-fe-e-comunidade-no-casal-vasco\/"},"wordCount":202,"image":{"@id":"https:\/\/portaltela.pt\/noticias\/2026\/01\/08\/fornos-de-algodres-acareis-fortalece-tradicao-fe-e-comunidade-no-casal-vasco\/#primaryimage"},"thumbnailUrl":"https:\/\/portaltela.pt\/s.01k8rhncp4jt1\/2026\/01\/unnamed-file-1599.jpg","keywords":["comunidades","Escuteiros","f\u00e9","Guarda","servi\u00e7os","tradi\u00e7\u00f5es"],"articleSection":["Not\u00edcias"],"inLanguage":"pt-PT"},{"@type":"WebPage","@id":"https:\/\/portaltela.pt\/noticias\/2026\/01\/08\/fornos-de-algodres-acareis-fortalece-tradicao-fe-e-comunidade-no-casal-vasco\/","url":"https:\/\/portaltela.pt\/noticias\/2026\/01\/08\/fornos-de-algodres-acareis-fortalece-tradicao-fe-e-comunidade-no-casal-vasco\/","name":"Fornos de Algodres: ACAREIS fortalece tradi\u00e7\u00e3o, f\u00e9 e comunidade no Casal Vasco - Portal Tela Portugal","isPartOf":{"@id":"https:\/\/portaltela.pt\/#website"},"primaryImageOfPage":{"@id":"https:\/\/portaltela.pt\/noticias\/2026\/01\/08\/fornos-de-algodres-acareis-fortalece-tradicao-fe-e-comunidade-no-casal-vasco\/#primaryimage"},"image":{"@id":"https:\/\/portaltela.pt\/noticias\/2026\/01\/08\/fornos-de-algodres-acareis-fortalece-tradicao-fe-e-comunidade-no-casal-vasco\/#primaryimage"},"thumbnailUrl":"https:\/\/portaltela.pt\/s.01k8rhncp4jt1\/2026\/01\/unnamed-file-1599.jpg","datePublished":"2026-01-08T10:34:00+00:00","author":{"@id":"https:\/\/portaltela.pt\/#\/schema\/person\/c4278d4a6028830caff9ee44b42d32ed"},"breadcrumb":{"@id":"https:\/\/portaltela.pt\/noticias\/2026\/01\/08\/fornos-de-algodres-acareis-fortalece-tradicao-fe-e-comunidade-no-casal-vasco\/#breadcrumb"},"inLanguage":"pt-PT","potentialAction":[{"@type":"ReadAction","target":["https:\/\/portaltela.pt\/noticias\/2026\/01\/08\/fornos-de-algodres-acareis-fortalece-tradicao-fe-e-comunidade-no-casal-vasco\/"]}]},{"@type":"ImageObject","inLanguage":"pt-PT","@id":"https:\/\/portaltela.pt\/noticias\/2026\/01\/08\/fornos-de-algodres-acareis-fortalece-tradicao-fe-e-comunidade-no-casal-vasco\/#primaryimage","url":"https:\/\/portaltela.pt\/s.01k8rhncp4jt1\/2026\/01\/unnamed-file-1599.jpg","contentUrl":"https:\/\/portaltela.pt\/s.01k8rhncp4jt1\/2026\/01\/unnamed-file-1599.jpg","width":796,"height":448,"caption":"Fornos de Algodres: ACAREIS no Casal Vasco \u2013 Tradi\u00e7\u00e3o, F\u00e9 e Comunidade"},{"@type":"BreadcrumbList","@id":"https:\/\/portaltela.pt\/noticias\/2026\/01\/08\/fornos-de-algodres-acareis-fortalece-tradicao-fe-e-comunidade-no-casal-vasco\/#breadcrumb","itemListElement":[{"@type":"ListItem","position":1,"name":"In\u00edcio","item":"https:\/\/portaltela.pt\/"},{"@type":"ListItem","position":2,"name":"Fornos de Algodres: ACAREIS fortalece tradi\u00e7\u00e3o, f\u00e9 e comunidade no Casal Vasco"}]},{"@type":"WebSite","@id":"https:\/\/portaltela.pt\/#website","url":"https:\/\/portaltela.pt\/","name":"Portal Tela Portugal","description":"","potentialAction":[{"@type":"SearchAction","target":{"@type":"EntryPoint","urlTemplate":"https:\/\/portaltela.pt\/?s={search_term_string}"},"query-input":{"@type":"PropertyValueSpecification","valueRequired":true,"valueName":"search_term_string"}}],"inLanguage":"pt-PT"},{"@type":"Person","@id":"https:\/\/portaltela.pt\/#\/schema\/person\/c4278d4a6028830caff9ee44b42d32ed","name":"Telinha","image":{"@type":"ImageObject","inLanguage":"pt-PT","@id":"https:\/\/portaltela.pt\/s.01k8rhncp4jt1\/2025\/11\/talking-bot-125x125.png","url":"https:\/\/portaltela.pt\/s.01k8rhncp4jt1\/2025\/11\/talking-bot-125x125.png","contentUrl":"https:\/\/portaltela.pt\/s.01k8rhncp4jt1\/2025\/11\/talking-bot-125x125.png","caption":"Telinha"},"sameAs":["https:\/\/portaltela.pt\/"],"url":"https:\/\/portaltela.pt\/por\/367410592786\/"}]}},"_links":{"self":[{"href":"https:\/\/portaltela.pt\/api\/wp\/v2\/posts\/125891","targetHints":{"allow":["GET"]}}],"collection":[{"href":"https:\/\/portaltela.pt\/api\/wp\/v2\/posts"}],"about":[{"href":"https:\/\/portaltela.pt\/api\/wp\/v2\/types\/post"}],"author":[{"embeddable":true,"href":"https:\/\/portaltela.pt\/api\/wp\/v2\/users\/2"}],"replies":[{"embeddable":true,"href":"https:\/\/portaltela.pt\/api\/wp\/v2\/comments?post=125891"}],"version-history":[{"count":0,"href":"https:\/\/portaltela.pt\/api\/wp\/v2\/posts\/125891\/revisions"}],"wp:featuredmedia":[{"embeddable":true,"href":"https:\/\/portaltela.pt\/api\/wp\/v2\/media\/125900"}],"wp:attachment":[{"href":"https:\/\/portaltela.pt\/api\/wp\/v2\/media?parent=125891"}],"wp:term":[{"taxonomy":"category","embeddable":true,"href":"https:\/\/portaltela.pt\/api\/wp\/v2\/categories?post=125891"},{"taxonomy":"post_tag","embeddable":true,"href":"https:\/\/portaltela.pt\/api\/wp\/v2\/tags?post=125891"}],"curies":[{"name":"wp","href":"https:\/\/api.w.org\/{rel}","templated":true}]}}