{"id":125798,"date":"2026-01-08T07:08:38","date_gmt":"2026-01-08T10:08:38","guid":{"rendered":"https:\/\/portaltela.pt\/noticias\/2026\/01\/08\/publicada-agenda-nacional-de-ia-com-plano-de-acao-ate-2030\/"},"modified":"2026-01-08T07:08:38","modified_gmt":"2026-01-08T10:08:38","slug":"publicada-agenda-nacional-de-ia-com-plano-de-acao-ate-2030","status":"publish","type":"post","link":"https:\/\/portaltela.pt\/noticias\/politica\/2026\/01\/08\/publicada-agenda-nacional-de-ia-com-plano-de-acao-ate-2030\/","title":{"rendered":"Publicada Agenda Nacional de IA com plano de a\u00e7\u00e3o at\u00e9 2030"},"content":{"rendered":"<p>A Agenda Nacional de Intelig\u00eancia Artificial (ANIA) e o respetivo modelo de governa\u00e7\u00e3o foram hoje publicados em Di\u00e1rio da Rep\u00fablica. O documento apresenta um plano de a\u00e7\u00e3o para 2026-2030, com atualiza\u00e7\u00f5es quando necess\u00e1rio. O Governo indica que a ado\u00e7\u00e3o r\u00e1pida de IA pode acrescentar entre 18 e 22 mil milh\u00f5es de euros ao PIB e elevar a produtividade em at\u00e9 2,7 pontos percentuais.<\/p>\n<p>A ANIA define seis princ\u00edpios orientadores e est\u00e1 estruturada em quatro eixos de atua\u00e7\u00e3o: infraestrutura e dados; inova\u00e7\u00e3o e ado\u00e7\u00e3o; talento e compet\u00eancias; responsabilidade e \u00e9tica. O modelo de governa\u00e7\u00e3o acompanha estes eixos, articulando as pol\u00edticas p\u00fablicas.<\/p>\n<p>De forma operacional, a ANIA re\u00fane 32 iniciativas que envolvem universidades, centros de investiga\u00e7\u00e3o, empresas (incluindo startups) e a Administra\u00e7\u00e3o P\u00fablica. A ideia \u00e9 seguir todo o ciclo de valor da inova\u00e7\u00e3o e a maturidade da tecnologia.<\/p>\n<h3>Plano de a\u00e7\u00e3o 2026-2030<\/h3>\n<p>A Resolu\u00e7\u00e3o do Conselho de Ministros (RCM) n.\u00ba 2\/2026 aprova a Agenda Nacional de IA e o PAANIA para o quinqu\u00e9nio 2026-2030. O documento descreve o enquadramento institucional e as metas a alcan\u00e7ar.<\/p>\n<p>A resolu\u00e7\u00e3o entra em vigor no dia seguinte \u00e0 publica\u00e7\u00e3o, ou seja, na sexta-feira seguinte. O Governo refere que a implementa\u00e7\u00e3o dever\u00e1 ser gradual, com monitoriza\u00e7\u00e3o peri\u00f3dica.<\/p>\n<p>As autoridades destacam a import\u00e2ncia de alinhar IA com \u00e9tica, conformidade e responsabilidade, assegurando transpar\u00eancia e supervis\u00e3o ao longo de todo o ecossistema p\u00fablico-privado.<\/p>\n","protected":false},"excerpt":{"rendered":"<ul>\n<li>Publicada em Di\u00e1rio da Rep\u00fablica, a Agenda Nacional de Intelig\u00eancia Artificial (ANIA) e o plano de a\u00e7\u00e3o para 2026\u20112030 foram aprovados pela Resolu\u00e7\u00e3o do Conselho de Ministros n.\u00ba 2\/2026.<\/li>\n<li>A ado\u00e7\u00e3o r\u00e1pida de IA pode acrescentar entre 18 e 22 mil milh\u00f5es de euros ao PIB e aumentar a produtividade at\u00e9 2,7 pontos percentuais, num cen\u00e1rio de automa\u00e7\u00e3o e IA generativa.<\/li>\n<li>A ANIA desenha-se em seis princ\u00edpios orientadores e quatro eixos de atua\u00e7\u00e3o: infraestrutura e dados; inova\u00e7\u00e3o e ado\u00e7\u00e3o; talento e compet\u00eancias; responsabilidade e \u00e9tica.<\/li>\n<li>A governa\u00e7\u00e3o da ANIA \u00e9 operacionalizada atrav\u00e9s de 32 iniciativas que envolvem universidades, centros de investiga\u00e7\u00e3o, empresas (incluindo startups) e a Administra\u00e7\u00e3o P\u00fablica.<\/li>\n<li>A resolu\u00e7\u00e3o entra em vigor no dia seguinte \u00e0 publica\u00e7\u00e3o, numa sexta-feira; o PAANIA abrange o quinqu\u00e9nio 2026-2030 e pode ser atualizado quando necess\u00e1rio.<\/li>\n<\/ul>\n","protected":false},"author":2,"featured_media":125807,"comment_status":"closed","ping_status":"closed","sticky":false,"template":"","format":"standard","meta":{"footnotes":""},"categories":[1,5],"tags":[739,34,33,51,133,49],"class_list":["post-125798","post","type-post","status-publish","format-standard","has-post-thumbnail","hentry","category-noticias","category-politica","tag-agente-ia","tag-governo","tag-inovacao","tag-inteligencia-artificial","tag-politicas-publicas","tag-startups"],"yoast_head":"<!-- This site is optimized with the Yoast SEO plugin v27.2 - https:\/\/yoast.com\/product\/yoast-seo-wordpress\/ -->\n<title>Publicada Agenda Nacional de IA com plano de a\u00e7\u00e3o at\u00e9 2030 - Portal Tela Portugal<\/title>\n<meta name=\"robots\" content=\"index, follow, max-snippet:-1, max-image-preview:large, max-video-preview:-1\" \/>\n<meta property=\"og:locale\" content=\"pt_PT\" \/>\n<meta property=\"og:type\" content=\"article\" \/>\n<meta property=\"og:title\" content=\"Publicada Agenda Nacional de IA com plano de a\u00e7\u00e3o at\u00e9 2030 - Portal Tela Portugal\" \/>\n<meta property=\"og:description\" content=\"Publicada em Di\u00e1rio da Rep\u00fablica, a Agenda Nacional de Intelig\u00eancia Artificial (ANIA) e o plano de a\u00e7\u00e3o para 2026\u20112030 foram aprovados pela Resolu\u00e7\u00e3o do Conselho de Ministros n.\u00ba 2\/2026. A ado\u00e7\u00e3o r\u00e1pida de IA pode acrescentar entre 18 e 22 mil milh\u00f5es de euros ao PIB e aumentar a produtividade at\u00e9 2,7 pontos percentuais, num cen\u00e1rio de automa\u00e7\u00e3o e IA generativa. A ANIA desenha-se em seis princ\u00edpios orientadores e quatro eixos de atua\u00e7\u00e3o: infraestrutura e dados; inova\u00e7\u00e3o e ado\u00e7\u00e3o; talento e compet\u00eancias; responsabilidade e \u00e9tica. A governa\u00e7\u00e3o da ANIA \u00e9 operacionalizada atrav\u00e9s de 32 iniciativas que envolvem universidades, centros de investiga\u00e7\u00e3o, empresas (incluindo startups) e a Administra\u00e7\u00e3o P\u00fablica. A resolu\u00e7\u00e3o entra em vigor no dia seguinte \u00e0 publica\u00e7\u00e3o, numa sexta-feira; o PAANIA abrange o quinqu\u00e9nio 2026-2030 e pode ser atualizado quando necess\u00e1rio.\" \/>\n<meta property=\"og:url\" content=\"https:\/\/portaltela.pt\/noticias\/2026\/01\/08\/publicada-agenda-nacional-de-ia-com-plano-de-acao-ate-2030\/\" \/>\n<meta property=\"og:site_name\" content=\"Portal Tela Portugal\" \/>\n<meta property=\"article:published_time\" content=\"2026-01-08T10:08:38+00:00\" \/>\n<meta name=\"author\" content=\"Telinha\" \/>\n<meta name=\"twitter:card\" content=\"summary_large_image\" \/>\n<meta name=\"twitter:label1\" content=\"Escrito por\" \/>\n\t<meta name=\"twitter:data1\" content=\"Telinha\" \/>\n\t<meta name=\"twitter:label2\" content=\"Tempo estimado de leitura\" \/>\n\t<meta name=\"twitter:data2\" content=\"1 minuto\" \/>\n<script type=\"application\/ld+json\" class=\"yoast-schema-graph\">{\"@context\":\"https:\/\/schema.org\",\"@graph\":[{\"@type\":\"Article\",\"@id\":\"https:\/\/portaltela.pt\/noticias\/2026\/01\/08\/publicada-agenda-nacional-de-ia-com-plano-de-acao-ate-2030\/#article\",\"isPartOf\":{\"@id\":\"https:\/\/portaltela.pt\/noticias\/2026\/01\/08\/publicada-agenda-nacional-de-ia-com-plano-de-acao-ate-2030\/\"},\"author\":{\"name\":\"Telinha\",\"@id\":\"https:\/\/portaltela.pt\/#\/schema\/person\/c4278d4a6028830caff9ee44b42d32ed\"},\"headline\":\"Publicada Agenda Nacional de IA com plano de a\u00e7\u00e3o at\u00e9 2030\",\"datePublished\":\"2026-01-08T10:08:38+00:00\",\"mainEntityOfPage\":{\"@id\":\"https:\/\/portaltela.pt\/noticias\/2026\/01\/08\/publicada-agenda-nacional-de-ia-com-plano-de-acao-ate-2030\/\"},\"wordCount\":265,\"image\":{\"@id\":\"https:\/\/portaltela.pt\/noticias\/2026\/01\/08\/publicada-agenda-nacional-de-ia-com-plano-de-acao-ate-2030\/#primaryimage\"},\"thumbnailUrl\":\"https:\/\/portaltela.pt\/s.01k8rhncp4jt1\/2026\/01\/unnamed-file-1590.jpg\",\"keywords\":[\"Agente IA\",\"governo\",\"inova\u00e7\u00e3o\",\"intelig\u00eancia artificial\",\"pol\u00edticas p\u00fablicas\",\"startups\"],\"articleSection\":[\"Not\u00edcias\",\"Pol\u00edtica\"],\"inLanguage\":\"pt-PT\"},{\"@type\":\"WebPage\",\"@id\":\"https:\/\/portaltela.pt\/noticias\/2026\/01\/08\/publicada-agenda-nacional-de-ia-com-plano-de-acao-ate-2030\/\",\"url\":\"https:\/\/portaltela.pt\/noticias\/2026\/01\/08\/publicada-agenda-nacional-de-ia-com-plano-de-acao-ate-2030\/\",\"name\":\"Publicada Agenda Nacional de IA com plano de a\u00e7\u00e3o at\u00e9 2030 - Portal Tela Portugal\",\"isPartOf\":{\"@id\":\"https:\/\/portaltela.pt\/#website\"},\"primaryImageOfPage\":{\"@id\":\"https:\/\/portaltela.pt\/noticias\/2026\/01\/08\/publicada-agenda-nacional-de-ia-com-plano-de-acao-ate-2030\/#primaryimage\"},\"image\":{\"@id\":\"https:\/\/portaltela.pt\/noticias\/2026\/01\/08\/publicada-agenda-nacional-de-ia-com-plano-de-acao-ate-2030\/#primaryimage\"},\"thumbnailUrl\":\"https:\/\/portaltela.pt\/s.01k8rhncp4jt1\/2026\/01\/unnamed-file-1590.jpg\",\"datePublished\":\"2026-01-08T10:08:38+00:00\",\"author\":{\"@id\":\"https:\/\/portaltela.pt\/#\/schema\/person\/c4278d4a6028830caff9ee44b42d32ed\"},\"breadcrumb\":{\"@id\":\"https:\/\/portaltela.pt\/noticias\/2026\/01\/08\/publicada-agenda-nacional-de-ia-com-plano-de-acao-ate-2030\/#breadcrumb\"},\"inLanguage\":\"pt-PT\",\"potentialAction\":[{\"@type\":\"ReadAction\",\"target\":[\"https:\/\/portaltela.pt\/noticias\/2026\/01\/08\/publicada-agenda-nacional-de-ia-com-plano-de-acao-ate-2030\/\"]}]},{\"@type\":\"ImageObject\",\"inLanguage\":\"pt-PT\",\"@id\":\"https:\/\/portaltela.pt\/noticias\/2026\/01\/08\/publicada-agenda-nacional-de-ia-com-plano-de-acao-ate-2030\/#primaryimage\",\"url\":\"https:\/\/portaltela.pt\/s.01k8rhncp4jt1\/2026\/01\/unnamed-file-1590.jpg\",\"contentUrl\":\"https:\/\/portaltela.pt\/s.01k8rhncp4jt1\/2026\/01\/unnamed-file-1590.jpg\",\"width\":796,\"height\":448,\"caption\":\"Foto Shutterstock\"},{\"@type\":\"BreadcrumbList\",\"@id\":\"https:\/\/portaltela.pt\/noticias\/2026\/01\/08\/publicada-agenda-nacional-de-ia-com-plano-de-acao-ate-2030\/#breadcrumb\",\"itemListElement\":[{\"@type\":\"ListItem\",\"position\":1,\"name\":\"In\u00edcio\",\"item\":\"https:\/\/portaltela.pt\/\"},{\"@type\":\"ListItem\",\"position\":2,\"name\":\"Publicada Agenda Nacional de IA com plano de a\u00e7\u00e3o at\u00e9 2030\"}]},{\"@type\":\"WebSite\",\"@id\":\"https:\/\/portaltela.pt\/#website\",\"url\":\"https:\/\/portaltela.pt\/\",\"name\":\"Portal Tela Portugal\",\"description\":\"\",\"potentialAction\":[{\"@type\":\"SearchAction\",\"target\":{\"@type\":\"EntryPoint\",\"urlTemplate\":\"https:\/\/portaltela.pt\/?s={search_term_string}\"},\"query-input\":{\"@type\":\"PropertyValueSpecification\",\"valueRequired\":true,\"valueName\":\"search_term_string\"}}],\"inLanguage\":\"pt-PT\"},{\"@type\":\"Person\",\"@id\":\"https:\/\/portaltela.pt\/#\/schema\/person\/c4278d4a6028830caff9ee44b42d32ed\",\"name\":\"Telinha\",\"image\":{\"@type\":\"ImageObject\",\"inLanguage\":\"pt-PT\",\"@id\":\"https:\/\/portaltela.pt\/s.01k8rhncp4jt1\/2025\/11\/talking-bot-125x125.png\",\"url\":\"https:\/\/portaltela.pt\/s.01k8rhncp4jt1\/2025\/11\/talking-bot-125x125.png\",\"contentUrl\":\"https:\/\/portaltela.pt\/s.01k8rhncp4jt1\/2025\/11\/talking-bot-125x125.png\",\"caption\":\"Telinha\"},\"sameAs\":[\"https:\/\/portaltela.pt\/\"],\"url\":\"https:\/\/portaltela.pt\/por\/367410592786\/\"}]}<\/script>\n<!-- \/ Yoast SEO plugin. -->","yoast_head_json":{"title":"Publicada Agenda Nacional de IA com plano de a\u00e7\u00e3o at\u00e9 2030 - Portal Tela Portugal","robots":{"index":"index","follow":"follow","max-snippet":"max-snippet:-1","max-image-preview":"max-image-preview:large","max-video-preview":"max-video-preview:-1"},"og_locale":"pt_PT","og_type":"article","og_title":"Publicada Agenda Nacional de IA com plano de a\u00e7\u00e3o at\u00e9 2030 - Portal Tela Portugal","og_description":"Publicada em Di\u00e1rio da Rep\u00fablica, a Agenda Nacional de Intelig\u00eancia Artificial (ANIA) e o plano de a\u00e7\u00e3o para 2026\u20112030 foram aprovados pela Resolu\u00e7\u00e3o do Conselho de Ministros n.\u00ba 2\/2026. A ado\u00e7\u00e3o r\u00e1pida de IA pode acrescentar entre 18 e 22 mil milh\u00f5es de euros ao PIB e aumentar a produtividade at\u00e9 2,7 pontos percentuais, num cen\u00e1rio de automa\u00e7\u00e3o e IA generativa. A ANIA desenha-se em seis princ\u00edpios orientadores e quatro eixos de atua\u00e7\u00e3o: infraestrutura e dados; inova\u00e7\u00e3o e ado\u00e7\u00e3o; talento e compet\u00eancias; responsabilidade e \u00e9tica. A governa\u00e7\u00e3o da ANIA \u00e9 operacionalizada atrav\u00e9s de 32 iniciativas que envolvem universidades, centros de investiga\u00e7\u00e3o, empresas (incluindo startups) e a Administra\u00e7\u00e3o P\u00fablica. A resolu\u00e7\u00e3o entra em vigor no dia seguinte \u00e0 publica\u00e7\u00e3o, numa sexta-feira; o PAANIA abrange o quinqu\u00e9nio 2026-2030 e pode ser atualizado quando necess\u00e1rio.","og_url":"https:\/\/portaltela.pt\/noticias\/2026\/01\/08\/publicada-agenda-nacional-de-ia-com-plano-de-acao-ate-2030\/","og_site_name":"Portal Tela Portugal","article_published_time":"2026-01-08T10:08:38+00:00","author":"Telinha","twitter_card":"summary_large_image","twitter_misc":{"Escrito por":"Telinha","Tempo estimado de leitura":"1 minuto"},"schema":{"@context":"https:\/\/schema.org","@graph":[{"@type":"Article","@id":"https:\/\/portaltela.pt\/noticias\/2026\/01\/08\/publicada-agenda-nacional-de-ia-com-plano-de-acao-ate-2030\/#article","isPartOf":{"@id":"https:\/\/portaltela.pt\/noticias\/2026\/01\/08\/publicada-agenda-nacional-de-ia-com-plano-de-acao-ate-2030\/"},"author":{"name":"Telinha","@id":"https:\/\/portaltela.pt\/#\/schema\/person\/c4278d4a6028830caff9ee44b42d32ed"},"headline":"Publicada Agenda Nacional de IA com plano de a\u00e7\u00e3o at\u00e9 2030","datePublished":"2026-01-08T10:08:38+00:00","mainEntityOfPage":{"@id":"https:\/\/portaltela.pt\/noticias\/2026\/01\/08\/publicada-agenda-nacional-de-ia-com-plano-de-acao-ate-2030\/"},"wordCount":265,"image":{"@id":"https:\/\/portaltela.pt\/noticias\/2026\/01\/08\/publicada-agenda-nacional-de-ia-com-plano-de-acao-ate-2030\/#primaryimage"},"thumbnailUrl":"https:\/\/portaltela.pt\/s.01k8rhncp4jt1\/2026\/01\/unnamed-file-1590.jpg","keywords":["Agente IA","governo","inova\u00e7\u00e3o","intelig\u00eancia artificial","pol\u00edticas p\u00fablicas","startups"],"articleSection":["Not\u00edcias","Pol\u00edtica"],"inLanguage":"pt-PT"},{"@type":"WebPage","@id":"https:\/\/portaltela.pt\/noticias\/2026\/01\/08\/publicada-agenda-nacional-de-ia-com-plano-de-acao-ate-2030\/","url":"https:\/\/portaltela.pt\/noticias\/2026\/01\/08\/publicada-agenda-nacional-de-ia-com-plano-de-acao-ate-2030\/","name":"Publicada Agenda Nacional de IA com plano de a\u00e7\u00e3o at\u00e9 2030 - Portal Tela Portugal","isPartOf":{"@id":"https:\/\/portaltela.pt\/#website"},"primaryImageOfPage":{"@id":"https:\/\/portaltela.pt\/noticias\/2026\/01\/08\/publicada-agenda-nacional-de-ia-com-plano-de-acao-ate-2030\/#primaryimage"},"image":{"@id":"https:\/\/portaltela.pt\/noticias\/2026\/01\/08\/publicada-agenda-nacional-de-ia-com-plano-de-acao-ate-2030\/#primaryimage"},"thumbnailUrl":"https:\/\/portaltela.pt\/s.01k8rhncp4jt1\/2026\/01\/unnamed-file-1590.jpg","datePublished":"2026-01-08T10:08:38+00:00","author":{"@id":"https:\/\/portaltela.pt\/#\/schema\/person\/c4278d4a6028830caff9ee44b42d32ed"},"breadcrumb":{"@id":"https:\/\/portaltela.pt\/noticias\/2026\/01\/08\/publicada-agenda-nacional-de-ia-com-plano-de-acao-ate-2030\/#breadcrumb"},"inLanguage":"pt-PT","potentialAction":[{"@type":"ReadAction","target":["https:\/\/portaltela.pt\/noticias\/2026\/01\/08\/publicada-agenda-nacional-de-ia-com-plano-de-acao-ate-2030\/"]}]},{"@type":"ImageObject","inLanguage":"pt-PT","@id":"https:\/\/portaltela.pt\/noticias\/2026\/01\/08\/publicada-agenda-nacional-de-ia-com-plano-de-acao-ate-2030\/#primaryimage","url":"https:\/\/portaltela.pt\/s.01k8rhncp4jt1\/2026\/01\/unnamed-file-1590.jpg","contentUrl":"https:\/\/portaltela.pt\/s.01k8rhncp4jt1\/2026\/01\/unnamed-file-1590.jpg","width":796,"height":448,"caption":"Foto Shutterstock"},{"@type":"BreadcrumbList","@id":"https:\/\/portaltela.pt\/noticias\/2026\/01\/08\/publicada-agenda-nacional-de-ia-com-plano-de-acao-ate-2030\/#breadcrumb","itemListElement":[{"@type":"ListItem","position":1,"name":"In\u00edcio","item":"https:\/\/portaltela.pt\/"},{"@type":"ListItem","position":2,"name":"Publicada Agenda Nacional de IA com plano de a\u00e7\u00e3o at\u00e9 2030"}]},{"@type":"WebSite","@id":"https:\/\/portaltela.pt\/#website","url":"https:\/\/portaltela.pt\/","name":"Portal Tela Portugal","description":"","potentialAction":[{"@type":"SearchAction","target":{"@type":"EntryPoint","urlTemplate":"https:\/\/portaltela.pt\/?s={search_term_string}"},"query-input":{"@type":"PropertyValueSpecification","valueRequired":true,"valueName":"search_term_string"}}],"inLanguage":"pt-PT"},{"@type":"Person","@id":"https:\/\/portaltela.pt\/#\/schema\/person\/c4278d4a6028830caff9ee44b42d32ed","name":"Telinha","image":{"@type":"ImageObject","inLanguage":"pt-PT","@id":"https:\/\/portaltela.pt\/s.01k8rhncp4jt1\/2025\/11\/talking-bot-125x125.png","url":"https:\/\/portaltela.pt\/s.01k8rhncp4jt1\/2025\/11\/talking-bot-125x125.png","contentUrl":"https:\/\/portaltela.pt\/s.01k8rhncp4jt1\/2025\/11\/talking-bot-125x125.png","caption":"Telinha"},"sameAs":["https:\/\/portaltela.pt\/"],"url":"https:\/\/portaltela.pt\/por\/367410592786\/"}]}},"_links":{"self":[{"href":"https:\/\/portaltela.pt\/api\/wp\/v2\/posts\/125798","targetHints":{"allow":["GET"]}}],"collection":[{"href":"https:\/\/portaltela.pt\/api\/wp\/v2\/posts"}],"about":[{"href":"https:\/\/portaltela.pt\/api\/wp\/v2\/types\/post"}],"author":[{"embeddable":true,"href":"https:\/\/portaltela.pt\/api\/wp\/v2\/users\/2"}],"replies":[{"embeddable":true,"href":"https:\/\/portaltela.pt\/api\/wp\/v2\/comments?post=125798"}],"version-history":[{"count":0,"href":"https:\/\/portaltela.pt\/api\/wp\/v2\/posts\/125798\/revisions"}],"wp:featuredmedia":[{"embeddable":true,"href":"https:\/\/portaltela.pt\/api\/wp\/v2\/media\/125807"}],"wp:attachment":[{"href":"https:\/\/portaltela.pt\/api\/wp\/v2\/media?parent=125798"}],"wp:term":[{"taxonomy":"category","embeddable":true,"href":"https:\/\/portaltela.pt\/api\/wp\/v2\/categories?post=125798"},{"taxonomy":"post_tag","embeddable":true,"href":"https:\/\/portaltela.pt\/api\/wp\/v2\/tags?post=125798"}],"curies":[{"name":"wp","href":"https:\/\/api.w.org\/{rel}","templated":true}]}}