{"id":125780,"date":"2026-01-08T06:55:00","date_gmt":"2026-01-08T09:55:00","guid":{"rendered":"https:\/\/portaltela.pt\/noticias\/2026\/01\/08\/parlamento-discute-pacote-de-habitacao-em-meio-a-subida-continua-dos-precos\/"},"modified":"2026-01-08T06:55:00","modified_gmt":"2026-01-08T09:55:00","slug":"parlamento-discute-pacote-de-habitacao-em-meio-a-subida-continua-dos-precos","status":"publish","type":"post","link":"https:\/\/portaltela.pt\/noticias\/politica\/2026\/01\/08\/parlamento-discute-pacote-de-habitacao-em-meio-a-subida-continua-dos-precos\/","title":{"rendered":"Parlamento discute pacote de habita\u00e7\u00e3o em meio a subida cont\u00ednua dos pre\u00e7os"},"content":{"rendered":"<p>O parlamento discute, na sexta-feira, um conjunto de medidas do Governo para travar a crise da habita\u00e7\u00e3o, num cen\u00e1rio de subida cont\u00ednua dos pre\u00e7os. O debate acontece enquanto o INE registra aumentos desde 2024 e um novo m\u00e1ximo hist\u00f3rico do \u00edndice de pre\u00e7os da habita\u00e7\u00e3o.<\/p>\n<p>Entre julho e setembro de 2025, o mercado transacionou 42.481 habita\u00e7\u00f5es. O montante global dos im\u00f3veis vendidos ficou em 10,5 mil milh\u00f5es de euros, num valor superior ao trimestre anterior. Em m\u00e9dia, cada casa trocada de dono valeu cerca de 247 mil euros.<\/p>\n<p>Lisboa lidera os custos de venda, com valores m\u00e9dios acima dos 400 mil euros. O registo de pre\u00e7os vem acompanhado de uma cont\u00ednua subida das avalia\u00e7\u00f5es banc\u00e1rias da habita\u00e7\u00e3o, que atingiram 2.060 euros por m2 em novembro de 2025, mais 18,4% face a novembro de 2024.<\/p>\n<p>A procura de cr\u00e9dito n\u00e3o arrefece. Em novembro, os pedidos de avalia\u00e7\u00e3o para cr\u00e9dito atingiram 36.282, com uma din\u00e2mica de crescimento, apesar do aumento dos pre\u00e7os. A d\u00edvida associada ao cr\u00e9dito \u00e0 habita\u00e7\u00e3o tamb\u00e9m atingiu n\u00edveis recordes no m\u00eas anterior.<\/p>\n<p>Paralelamente, o Governo j\u00e1 implementou medidas de apoio desde agosto de 2024, incluindo a garantia p\u00fablica para financiamento de primeira habita\u00e7\u00e3o. A medida permite aos jovens acederem a 100% do financiamento, com a participa\u00e7\u00e3o do Estado como fiador.<\/p>\n<h3>Medidas em discuss\u00e3o no parlamento<\/h3>\n<p>O diploma em debate inclui altera\u00e7\u00f5es aos regimes de IVA, IRS e IMT para aumentar a oferta de habita\u00e7\u00e3o. O Governo pretende reduzir o imposto para promotores e construtores e introduzir incentivos aos arrendamentos a pre\u00e7os moderados.<\/p>\n<p>Para arrendamento, ser anunciada a redu\u00e7\u00e3o de IRS de 25% para 10% para senhorios, visando libertar mais im\u00f3veis. No caso de im\u00f3veis detidos por empresas, apenas metade dos rendimentos contar\u00e1 para IRC.<\/p>\n<p>Para propriet\u00e1rios, prop\u00f5e-se a isen\u00e7\u00e3o de mais-valias de IRS na venda de habita\u00e7\u00f5es, desde que o valor seja reinvestido em im\u00f3veis para arrendamento a pre\u00e7os moderados. A medida aplica-se at\u00e9 ao limite definido pelo Governo.<\/p>\n<h3>Impulsionar a oferta e agilizar licenciamento<\/h3>\n<p>Outro eixo centra-se na reabilita\u00e7\u00e3o urbana e urbaniza\u00e7\u00e3o, com uma altera\u00e7\u00e3o metodol\u00f3gica para reduzir prazos e custos de constru\u00e7\u00e3o. A proposta autoriza o in\u00edcio de obras com uma comunica\u00e7\u00e3o pr\u00e9via, acelerando o processo.<\/p>\n<p>As consultas t\u00e9cnicas poder\u00e3o decorrer na fase de instru\u00e7\u00e3o, evitando paralisa\u00e7\u00f5es por decis\u00f5es administrativas isoladas. O objetivo \u00e9 tornar o processo de licenciamento mais c\u00e9lere sem comprometer a qualidade.<\/p>\n<h3>Medidas por partido em foco<\/h3>\n<p>Entre as propostas, o Chega defende redu\u00e7\u00e3o de IVA em obras de constru\u00e7\u00e3o e isen\u00e7\u00e3o de IMI para habita\u00e7\u00e3o pr\u00f3pria de valor patrimonial at\u00e9 350 mil euros, com per\u00edodos de isen\u00e7\u00e3o de seis anos.<\/p>\n<p>O PS prop\u00f5e isen\u00e7\u00e3o de impostos para segundas habita\u00e7\u00f5es convertidas em arrendamento em zonas de press\u00e3o urban\u00edstica, bem como controlo mais apertado de mais-valias especulativas.<\/p>\n<p>A IL sugere redu\u00e7\u00e3o generalizada de IVA para constru\u00e7\u00e3o e aproveitamento de patrim\u00f3nio devoluto do Estado para habita\u00e7\u00e3o, incluindo redu\u00e7\u00e3o de IRS sobre rendas e isen\u00e7\u00e3o de mais-valias para menos de 65 anos.<\/p>\n<p>O Livre defende tetos de renda para novos contratos e obrigatoriedade de habita\u00e7\u00e3o p\u00fablica ou arrendamento acess\u00edvel em determinados novos projetos de constru\u00e7\u00e3o.<\/p>\n<p>Estas medidas s\u00e3o apresentadas como respostas \u00e0 crise da habita\u00e7\u00e3o, com foco em tributa\u00e7\u00e3o, financiamento e novo regime de licenciamento, enquanto o parlamento analisa os diplomas de v\u00e1rios partidos.<\/p>\n","protected":false},"excerpt":{"rendered":"<ul>\n<li>O Parlamento discute e vota na sexta-feira um pacote de medidas do Governo para a habita\u00e7\u00e3o, em meio a pre\u00e7os das casas a subir h\u00e1 seis trimestres, conforme o INE.<\/li>\n<li>No terceiro trimestre de 2025, o \u00cdndice de Pre\u00e7os da Habita\u00e7\u00e3o (INE) subiu 17,7% face ao mesmo per\u00edodo de 2024, atingindo m\u00e1ximo hist\u00f3rico; foram vendidas 42.481 habita\u00e7\u00f5es, com valor transacionado de 10,5 mil milh\u00f5es de euros.<\/li>\n<li>Em m\u00e9dia, uma casa vendida em Portugal ficou por cerca de 247 mil euros; em Lisboa, o pre\u00e7o m\u00e9dio de venda j\u00e1 ultrapassou os 400 mil euros.<\/li>\n<li>A avalia\u00e7\u00e3o banc\u00e1ria da habita\u00e7\u00e3o em novembro de 2025 atingiu 2.060 euros por metro quadrado (mediana), subindo 18,4% face a novembro de 2024, enquanto os pedidos de avalia\u00e7\u00e3o para cr\u00e9dito chegaram a 36.282.<\/li>\n<li>O governo apresenta propostas de natureza fiscal para aumentar a oferta de habita\u00e7\u00e3o, incluindo redu\u00e7\u00e3o de IVA, isen\u00e7\u00f5es e altera\u00e7\u00f5es a impostos, bem como mudan\u00e7as aos regimes urban\u00edsticos para acelerar obras.<\/li>\n<\/ul>\n","protected":false},"author":2,"featured_media":125781,"comment_status":"closed","ping_status":"closed","sticky":false,"template":"","format":"standard","meta":{"footnotes":""},"categories":[1,5],"tags":[2310,2531,150,1010,1167,2643],"class_list":["post-125780","post","type-post","status-publish","format-standard","has-post-thumbnail","hentry","category-noticias","category-politica","tag-arrendamento-apoiado","tag-arrendamentos","tag-habitacao","tag-habitacao-publica","tag-habitacao-social","tag-reabilitacao-urbana"],"yoast_head":"<!-- This site is optimized with the Yoast SEO plugin v27.2 - https:\/\/yoast.com\/product\/yoast-seo-wordpress\/ -->\n<title>Parlamento discute pacote de habita\u00e7\u00e3o em meio a subida cont\u00ednua dos pre\u00e7os - Portal Tela Portugal<\/title>\n<meta name=\"robots\" content=\"index, follow, max-snippet:-1, max-image-preview:large, max-video-preview:-1\" \/>\n<meta property=\"og:locale\" content=\"pt_PT\" \/>\n<meta property=\"og:type\" content=\"article\" \/>\n<meta property=\"og:title\" content=\"Parlamento discute pacote de habita\u00e7\u00e3o em meio a subida cont\u00ednua dos pre\u00e7os - Portal Tela Portugal\" \/>\n<meta property=\"og:description\" content=\"O Parlamento discute e vota na sexta-feira um pacote de medidas do Governo para a habita\u00e7\u00e3o, em meio a pre\u00e7os das casas a subir h\u00e1 seis trimestres, conforme o INE. No terceiro trimestre de 2025, o \u00cdndice de Pre\u00e7os da Habita\u00e7\u00e3o (INE) subiu 17,7% face ao mesmo per\u00edodo de 2024, atingindo m\u00e1ximo hist\u00f3rico; foram vendidas 42.481 habita\u00e7\u00f5es, com valor transacionado de 10,5 mil milh\u00f5es de euros. Em m\u00e9dia, uma casa vendida em Portugal ficou por cerca de 247 mil euros; em Lisboa, o pre\u00e7o m\u00e9dio de venda j\u00e1 ultrapassou os 400 mil euros. A avalia\u00e7\u00e3o banc\u00e1ria da habita\u00e7\u00e3o em novembro de 2025 atingiu 2.060 euros por metro quadrado (mediana), subindo 18,4% face a novembro de 2024, enquanto os pedidos de avalia\u00e7\u00e3o para cr\u00e9dito chegaram a 36.282. O governo apresenta propostas de natureza fiscal para aumentar a oferta de habita\u00e7\u00e3o, incluindo redu\u00e7\u00e3o de IVA, isen\u00e7\u00f5es e altera\u00e7\u00f5es a impostos, bem como mudan\u00e7as aos regimes urban\u00edsticos para acelerar obras.\" \/>\n<meta property=\"og:url\" content=\"https:\/\/portaltela.pt\/noticias\/2026\/01\/08\/parlamento-discute-pacote-de-habitacao-em-meio-a-subida-continua-dos-precos\/\" \/>\n<meta property=\"og:site_name\" content=\"Portal Tela Portugal\" \/>\n<meta property=\"article:published_time\" content=\"2026-01-08T09:55:00+00:00\" \/>\n<meta name=\"author\" content=\"Telinha\" \/>\n<meta name=\"twitter:card\" content=\"summary_large_image\" \/>\n<meta name=\"twitter:label1\" content=\"Escrito por\" \/>\n\t<meta name=\"twitter:data1\" content=\"Telinha\" \/>\n\t<meta name=\"twitter:label2\" content=\"Tempo estimado de leitura\" \/>\n\t<meta name=\"twitter:data2\" content=\"3 minutos\" \/>\n<script type=\"application\/ld+json\" class=\"yoast-schema-graph\">{\"@context\":\"https:\/\/schema.org\",\"@graph\":[{\"@type\":\"Article\",\"@id\":\"https:\/\/portaltela.pt\/noticias\/2026\/01\/08\/parlamento-discute-pacote-de-habitacao-em-meio-a-subida-continua-dos-precos\/#article\",\"isPartOf\":{\"@id\":\"https:\/\/portaltela.pt\/noticias\/2026\/01\/08\/parlamento-discute-pacote-de-habitacao-em-meio-a-subida-continua-dos-precos\/\"},\"author\":{\"name\":\"Telinha\",\"@id\":\"https:\/\/portaltela.pt\/#\/schema\/person\/c4278d4a6028830caff9ee44b42d32ed\"},\"headline\":\"Parlamento discute pacote de habita\u00e7\u00e3o em meio a subida cont\u00ednua dos pre\u00e7os\",\"datePublished\":\"2026-01-08T09:55:00+00:00\",\"mainEntityOfPage\":{\"@id\":\"https:\/\/portaltela.pt\/noticias\/2026\/01\/08\/parlamento-discute-pacote-de-habitacao-em-meio-a-subida-continua-dos-precos\/\"},\"wordCount\":619,\"image\":{\"@id\":\"https:\/\/portaltela.pt\/noticias\/2026\/01\/08\/parlamento-discute-pacote-de-habitacao-em-meio-a-subida-continua-dos-precos\/#primaryimage\"},\"thumbnailUrl\":\"https:\/\/portaltela.pt\/s.01k8rhncp4jt1\/2026\/01\/unnamed-file-1589.jpg\",\"keywords\":[\"arrendamento apoiado\",\"arrendamentos\",\"habita\u00e7\u00e3o\",\"habita\u00e7\u00e3o p\u00fablica\",\"habita\u00e7\u00e3o social\",\"reabilita\u00e7\u00e3o urbana\"],\"articleSection\":[\"Not\u00edcias\",\"Pol\u00edtica\"],\"inLanguage\":\"pt-PT\"},{\"@type\":\"WebPage\",\"@id\":\"https:\/\/portaltela.pt\/noticias\/2026\/01\/08\/parlamento-discute-pacote-de-habitacao-em-meio-a-subida-continua-dos-precos\/\",\"url\":\"https:\/\/portaltela.pt\/noticias\/2026\/01\/08\/parlamento-discute-pacote-de-habitacao-em-meio-a-subida-continua-dos-precos\/\",\"name\":\"Parlamento discute pacote de habita\u00e7\u00e3o em meio a subida cont\u00ednua dos pre\u00e7os - Portal Tela Portugal\",\"isPartOf\":{\"@id\":\"https:\/\/portaltela.pt\/#website\"},\"primaryImageOfPage\":{\"@id\":\"https:\/\/portaltela.pt\/noticias\/2026\/01\/08\/parlamento-discute-pacote-de-habitacao-em-meio-a-subida-continua-dos-precos\/#primaryimage\"},\"image\":{\"@id\":\"https:\/\/portaltela.pt\/noticias\/2026\/01\/08\/parlamento-discute-pacote-de-habitacao-em-meio-a-subida-continua-dos-precos\/#primaryimage\"},\"thumbnailUrl\":\"https:\/\/portaltela.pt\/s.01k8rhncp4jt1\/2026\/01\/unnamed-file-1589.jpg\",\"datePublished\":\"2026-01-08T09:55:00+00:00\",\"author\":{\"@id\":\"https:\/\/portaltela.pt\/#\/schema\/person\/c4278d4a6028830caff9ee44b42d32ed\"},\"breadcrumb\":{\"@id\":\"https:\/\/portaltela.pt\/noticias\/2026\/01\/08\/parlamento-discute-pacote-de-habitacao-em-meio-a-subida-continua-dos-precos\/#breadcrumb\"},\"inLanguage\":\"pt-PT\",\"potentialAction\":[{\"@type\":\"ReadAction\",\"target\":[\"https:\/\/portaltela.pt\/noticias\/2026\/01\/08\/parlamento-discute-pacote-de-habitacao-em-meio-a-subida-continua-dos-precos\/\"]}]},{\"@type\":\"ImageObject\",\"inLanguage\":\"pt-PT\",\"@id\":\"https:\/\/portaltela.pt\/noticias\/2026\/01\/08\/parlamento-discute-pacote-de-habitacao-em-meio-a-subida-continua-dos-precos\/#primaryimage\",\"url\":\"https:\/\/portaltela.pt\/s.01k8rhncp4jt1\/2026\/01\/unnamed-file-1589.jpg\",\"contentUrl\":\"https:\/\/portaltela.pt\/s.01k8rhncp4jt1\/2026\/01\/unnamed-file-1589.jpg\",\"width\":796,\"height\":448,\"caption\":\"Foto Shutterstock\"},{\"@type\":\"BreadcrumbList\",\"@id\":\"https:\/\/portaltela.pt\/noticias\/2026\/01\/08\/parlamento-discute-pacote-de-habitacao-em-meio-a-subida-continua-dos-precos\/#breadcrumb\",\"itemListElement\":[{\"@type\":\"ListItem\",\"position\":1,\"name\":\"In\u00edcio\",\"item\":\"https:\/\/portaltela.pt\/\"},{\"@type\":\"ListItem\",\"position\":2,\"name\":\"Parlamento discute pacote de habita\u00e7\u00e3o em meio a subida cont\u00ednua dos pre\u00e7os\"}]},{\"@type\":\"WebSite\",\"@id\":\"https:\/\/portaltela.pt\/#website\",\"url\":\"https:\/\/portaltela.pt\/\",\"name\":\"Portal Tela Portugal\",\"description\":\"\",\"potentialAction\":[{\"@type\":\"SearchAction\",\"target\":{\"@type\":\"EntryPoint\",\"urlTemplate\":\"https:\/\/portaltela.pt\/?s={search_term_string}\"},\"query-input\":{\"@type\":\"PropertyValueSpecification\",\"valueRequired\":true,\"valueName\":\"search_term_string\"}}],\"inLanguage\":\"pt-PT\"},{\"@type\":\"Person\",\"@id\":\"https:\/\/portaltela.pt\/#\/schema\/person\/c4278d4a6028830caff9ee44b42d32ed\",\"name\":\"Telinha\",\"image\":{\"@type\":\"ImageObject\",\"inLanguage\":\"pt-PT\",\"@id\":\"https:\/\/portaltela.pt\/s.01k8rhncp4jt1\/2025\/11\/talking-bot-125x125.png\",\"url\":\"https:\/\/portaltela.pt\/s.01k8rhncp4jt1\/2025\/11\/talking-bot-125x125.png\",\"contentUrl\":\"https:\/\/portaltela.pt\/s.01k8rhncp4jt1\/2025\/11\/talking-bot-125x125.png\",\"caption\":\"Telinha\"},\"sameAs\":[\"https:\/\/portaltela.pt\/\"],\"url\":\"https:\/\/portaltela.pt\/por\/367410592786\/\"}]}<\/script>\n<!-- \/ Yoast SEO plugin. -->","yoast_head_json":{"title":"Parlamento discute pacote de habita\u00e7\u00e3o em meio a subida cont\u00ednua dos pre\u00e7os - Portal Tela Portugal","robots":{"index":"index","follow":"follow","max-snippet":"max-snippet:-1","max-image-preview":"max-image-preview:large","max-video-preview":"max-video-preview:-1"},"og_locale":"pt_PT","og_type":"article","og_title":"Parlamento discute pacote de habita\u00e7\u00e3o em meio a subida cont\u00ednua dos pre\u00e7os - Portal Tela Portugal","og_description":"O Parlamento discute e vota na sexta-feira um pacote de medidas do Governo para a habita\u00e7\u00e3o, em meio a pre\u00e7os das casas a subir h\u00e1 seis trimestres, conforme o INE. No terceiro trimestre de 2025, o \u00cdndice de Pre\u00e7os da Habita\u00e7\u00e3o (INE) subiu 17,7% face ao mesmo per\u00edodo de 2024, atingindo m\u00e1ximo hist\u00f3rico; foram vendidas 42.481 habita\u00e7\u00f5es, com valor transacionado de 10,5 mil milh\u00f5es de euros. Em m\u00e9dia, uma casa vendida em Portugal ficou por cerca de 247 mil euros; em Lisboa, o pre\u00e7o m\u00e9dio de venda j\u00e1 ultrapassou os 400 mil euros. A avalia\u00e7\u00e3o banc\u00e1ria da habita\u00e7\u00e3o em novembro de 2025 atingiu 2.060 euros por metro quadrado (mediana), subindo 18,4% face a novembro de 2024, enquanto os pedidos de avalia\u00e7\u00e3o para cr\u00e9dito chegaram a 36.282. O governo apresenta propostas de natureza fiscal para aumentar a oferta de habita\u00e7\u00e3o, incluindo redu\u00e7\u00e3o de IVA, isen\u00e7\u00f5es e altera\u00e7\u00f5es a impostos, bem como mudan\u00e7as aos regimes urban\u00edsticos para acelerar obras.","og_url":"https:\/\/portaltela.pt\/noticias\/2026\/01\/08\/parlamento-discute-pacote-de-habitacao-em-meio-a-subida-continua-dos-precos\/","og_site_name":"Portal Tela Portugal","article_published_time":"2026-01-08T09:55:00+00:00","author":"Telinha","twitter_card":"summary_large_image","twitter_misc":{"Escrito por":"Telinha","Tempo estimado de leitura":"3 minutos"},"schema":{"@context":"https:\/\/schema.org","@graph":[{"@type":"Article","@id":"https:\/\/portaltela.pt\/noticias\/2026\/01\/08\/parlamento-discute-pacote-de-habitacao-em-meio-a-subida-continua-dos-precos\/#article","isPartOf":{"@id":"https:\/\/portaltela.pt\/noticias\/2026\/01\/08\/parlamento-discute-pacote-de-habitacao-em-meio-a-subida-continua-dos-precos\/"},"author":{"name":"Telinha","@id":"https:\/\/portaltela.pt\/#\/schema\/person\/c4278d4a6028830caff9ee44b42d32ed"},"headline":"Parlamento discute pacote de habita\u00e7\u00e3o em meio a subida cont\u00ednua dos pre\u00e7os","datePublished":"2026-01-08T09:55:00+00:00","mainEntityOfPage":{"@id":"https:\/\/portaltela.pt\/noticias\/2026\/01\/08\/parlamento-discute-pacote-de-habitacao-em-meio-a-subida-continua-dos-precos\/"},"wordCount":619,"image":{"@id":"https:\/\/portaltela.pt\/noticias\/2026\/01\/08\/parlamento-discute-pacote-de-habitacao-em-meio-a-subida-continua-dos-precos\/#primaryimage"},"thumbnailUrl":"https:\/\/portaltela.pt\/s.01k8rhncp4jt1\/2026\/01\/unnamed-file-1589.jpg","keywords":["arrendamento apoiado","arrendamentos","habita\u00e7\u00e3o","habita\u00e7\u00e3o p\u00fablica","habita\u00e7\u00e3o social","reabilita\u00e7\u00e3o urbana"],"articleSection":["Not\u00edcias","Pol\u00edtica"],"inLanguage":"pt-PT"},{"@type":"WebPage","@id":"https:\/\/portaltela.pt\/noticias\/2026\/01\/08\/parlamento-discute-pacote-de-habitacao-em-meio-a-subida-continua-dos-precos\/","url":"https:\/\/portaltela.pt\/noticias\/2026\/01\/08\/parlamento-discute-pacote-de-habitacao-em-meio-a-subida-continua-dos-precos\/","name":"Parlamento discute pacote de habita\u00e7\u00e3o em meio a subida cont\u00ednua dos pre\u00e7os - Portal Tela Portugal","isPartOf":{"@id":"https:\/\/portaltela.pt\/#website"},"primaryImageOfPage":{"@id":"https:\/\/portaltela.pt\/noticias\/2026\/01\/08\/parlamento-discute-pacote-de-habitacao-em-meio-a-subida-continua-dos-precos\/#primaryimage"},"image":{"@id":"https:\/\/portaltela.pt\/noticias\/2026\/01\/08\/parlamento-discute-pacote-de-habitacao-em-meio-a-subida-continua-dos-precos\/#primaryimage"},"thumbnailUrl":"https:\/\/portaltela.pt\/s.01k8rhncp4jt1\/2026\/01\/unnamed-file-1589.jpg","datePublished":"2026-01-08T09:55:00+00:00","author":{"@id":"https:\/\/portaltela.pt\/#\/schema\/person\/c4278d4a6028830caff9ee44b42d32ed"},"breadcrumb":{"@id":"https:\/\/portaltela.pt\/noticias\/2026\/01\/08\/parlamento-discute-pacote-de-habitacao-em-meio-a-subida-continua-dos-precos\/#breadcrumb"},"inLanguage":"pt-PT","potentialAction":[{"@type":"ReadAction","target":["https:\/\/portaltela.pt\/noticias\/2026\/01\/08\/parlamento-discute-pacote-de-habitacao-em-meio-a-subida-continua-dos-precos\/"]}]},{"@type":"ImageObject","inLanguage":"pt-PT","@id":"https:\/\/portaltela.pt\/noticias\/2026\/01\/08\/parlamento-discute-pacote-de-habitacao-em-meio-a-subida-continua-dos-precos\/#primaryimage","url":"https:\/\/portaltela.pt\/s.01k8rhncp4jt1\/2026\/01\/unnamed-file-1589.jpg","contentUrl":"https:\/\/portaltela.pt\/s.01k8rhncp4jt1\/2026\/01\/unnamed-file-1589.jpg","width":796,"height":448,"caption":"Foto Shutterstock"},{"@type":"BreadcrumbList","@id":"https:\/\/portaltela.pt\/noticias\/2026\/01\/08\/parlamento-discute-pacote-de-habitacao-em-meio-a-subida-continua-dos-precos\/#breadcrumb","itemListElement":[{"@type":"ListItem","position":1,"name":"In\u00edcio","item":"https:\/\/portaltela.pt\/"},{"@type":"ListItem","position":2,"name":"Parlamento discute pacote de habita\u00e7\u00e3o em meio a subida cont\u00ednua dos pre\u00e7os"}]},{"@type":"WebSite","@id":"https:\/\/portaltela.pt\/#website","url":"https:\/\/portaltela.pt\/","name":"Portal Tela Portugal","description":"","potentialAction":[{"@type":"SearchAction","target":{"@type":"EntryPoint","urlTemplate":"https:\/\/portaltela.pt\/?s={search_term_string}"},"query-input":{"@type":"PropertyValueSpecification","valueRequired":true,"valueName":"search_term_string"}}],"inLanguage":"pt-PT"},{"@type":"Person","@id":"https:\/\/portaltela.pt\/#\/schema\/person\/c4278d4a6028830caff9ee44b42d32ed","name":"Telinha","image":{"@type":"ImageObject","inLanguage":"pt-PT","@id":"https:\/\/portaltela.pt\/s.01k8rhncp4jt1\/2025\/11\/talking-bot-125x125.png","url":"https:\/\/portaltela.pt\/s.01k8rhncp4jt1\/2025\/11\/talking-bot-125x125.png","contentUrl":"https:\/\/portaltela.pt\/s.01k8rhncp4jt1\/2025\/11\/talking-bot-125x125.png","caption":"Telinha"},"sameAs":["https:\/\/portaltela.pt\/"],"url":"https:\/\/portaltela.pt\/por\/367410592786\/"}]}},"_links":{"self":[{"href":"https:\/\/portaltela.pt\/api\/wp\/v2\/posts\/125780","targetHints":{"allow":["GET"]}}],"collection":[{"href":"https:\/\/portaltela.pt\/api\/wp\/v2\/posts"}],"about":[{"href":"https:\/\/portaltela.pt\/api\/wp\/v2\/types\/post"}],"author":[{"embeddable":true,"href":"https:\/\/portaltela.pt\/api\/wp\/v2\/users\/2"}],"replies":[{"embeddable":true,"href":"https:\/\/portaltela.pt\/api\/wp\/v2\/comments?post=125780"}],"version-history":[{"count":0,"href":"https:\/\/portaltela.pt\/api\/wp\/v2\/posts\/125780\/revisions"}],"wp:featuredmedia":[{"embeddable":true,"href":"https:\/\/portaltela.pt\/api\/wp\/v2\/media\/125781"}],"wp:attachment":[{"href":"https:\/\/portaltela.pt\/api\/wp\/v2\/media?parent=125780"}],"wp:term":[{"taxonomy":"category","embeddable":true,"href":"https:\/\/portaltela.pt\/api\/wp\/v2\/categories?post=125780"},{"taxonomy":"post_tag","embeddable":true,"href":"https:\/\/portaltela.pt\/api\/wp\/v2\/tags?post=125780"}],"curies":[{"name":"wp","href":"https:\/\/api.w.org\/{rel}","templated":true}]}}