{"id":125687,"date":"2026-01-08T06:08:14","date_gmt":"2026-01-08T09:08:14","guid":{"rendered":"https:\/\/portaltela.pt\/noticias\/2026\/01\/08\/setien-diz-que-o-barca-lhe-devia-quatro-anos-villarreal-dois-e-meio\/"},"modified":"2026-01-08T06:08:14","modified_gmt":"2026-01-08T09:08:14","slug":"setien-diz-que-o-barca-lhe-devia-quatro-anos-villarreal-dois-e-meio","status":"publish","type":"post","link":"https:\/\/portaltela.pt\/desporto\/futebol\/2026\/01\/08\/setien-diz-que-o-barca-lhe-devia-quatro-anos-villarreal-dois-e-meio\/","title":{"rendered":"Seti\u00e9n diz que o Bar\u00e7a lhe devia quatro anos; Villarreal dois e meio"},"content":{"rendered":"<p>Quique Seti\u00e9n revelou em declara\u00e7\u00f5es ao programa El Larguero que v\u00e1rios clubes atrasaram pagamentos durante a sua carreira. Sobre o Barcelona, explicou que levou entre tr\u00eas a quatro anos para receber o que lhe deviam, mas que, no final, tudo ficou resolvido.<\/p>\n<p>O treinador espanhol, hoje sem clube, recordou ainda a passagem pela Catalunha entre janeiro e agosto de 2020, admitindo que n\u00e3o foi a altura ideal para a sua equipa nem para o ambiente interno, mas afirmou n\u00e3o se arrepender da decis\u00e3o.<\/p>\n<p>Seti\u00e9n acrescentou que mant\u00e9m um processo em tribunal com o Villarreal, clube que dirigiu entre 2022 e 2023, por falta de pagamento. Segundo o t\u00e9cnico, j\u00e1 passaram quase dois anos e est\u00e1 \u00e0 espera de uma decis\u00e3o h\u00e1 cerca de um ano e meio.<\/p>\n<h3>Processo pendente com o Villarreal<\/h3>\n<p>O que n\u00e3o recebeu do Villarreal continua em lit\u00edgio, com o caso na justi\u00e7a e sem resolu\u00e7\u00e3o at\u00e9 ao momento, segundo o pr\u00f3prio Seti\u00e9n. O treinador referiu ainda estar fora de competi\u00e7\u00e3o desde outubro do ano passado, quando deixou o Beijing Guoan, da China.<\/p>\n<p>Ao longo da carreira, o t\u00e9cnico j\u00e1 orientou equipas como Betis, Las Palmas e tamb\u00e9m a sele\u00e7\u00e3o da Guin\u00e9 Equatorial. Detalhes sobre o desfecho dos pagamentos n\u00e3o foram fornecidos pela equipa de Seti\u00e9n.<\/p>\n","protected":false},"excerpt":{"rendered":"<ul>\n<li>Quique Seti\u00e9n afirma que o Barcelona lhe pagou apenas depois de tr\u00eas a quatro anos de espera, j\u00e1 estando tudo cumprido hoje em dia.<\/li>\n<li>Recorda a passagem pelo Bar\u00e7a entre janeiro e agosto de dois mil e vinte e garante que n\u00e3o se arrepende de ter ido, apesar de o ambiente n\u00e3o ter sido o ideal.<\/li>\n<li>Diz que ainda tem um processo em tribunal contra o Villarreal, clube que dirigiu entre dois mil e vinte e dois e dois mil e vinte e tr\u00eas, por n\u00e3o receber pagamentos.<\/li>\n<li>O processo est\u00e1 na justi\u00e7a e Seti\u00e9n diz que j\u00e1 se passaram quase dois anos sem receber o que lhe devem, com uma decis\u00e3o pendente h\u00e1 um ano e meio.<\/li>\n<li>Atualmente sem clube, Seti\u00e9n deixou o Beijing Guoan em outubro. Tem no curr\u00edculo o Betis, Las Palmas e a sele\u00e7\u00e3o da Guin\u00e9 Equatorial.<\/li>\n<\/ul>\n","protected":false},"author":2,"featured_media":125692,"comment_status":"closed","ping_status":"closed","sticky":false,"template":"","format":"standard","meta":{"footnotes":""},"categories":[21,24],"tags":[2587,32,2564,215,803,2477],"class_list":["post-125687","post","type-post","status-publish","format-standard","has-post-thumbnail","hentry","category-desporto","category-futebol","tag-barcelona","tag-futebol","tag-guine-equatorial","tag-investigacao","tag-justica","tag-treinadores"],"yoast_head":"<!-- This site is optimized with the Yoast SEO plugin v27.2 - https:\/\/yoast.com\/product\/yoast-seo-wordpress\/ -->\n<title>Seti\u00e9n diz que o Bar\u00e7a lhe devia quatro anos; Villarreal dois e meio - Portal Tela Portugal<\/title>\n<meta name=\"robots\" content=\"index, follow, max-snippet:-1, max-image-preview:large, max-video-preview:-1\" \/>\n<meta property=\"og:locale\" content=\"pt_PT\" \/>\n<meta property=\"og:type\" content=\"article\" \/>\n<meta property=\"og:title\" content=\"Seti\u00e9n diz que o Bar\u00e7a lhe devia quatro anos; Villarreal dois e meio - Portal Tela Portugal\" \/>\n<meta property=\"og:description\" content=\"Quique Seti\u00e9n afirma que o Barcelona lhe pagou apenas depois de tr\u00eas a quatro anos de espera, j\u00e1 estando tudo cumprido hoje em dia. Recorda a passagem pelo Bar\u00e7a entre janeiro e agosto de dois mil e vinte e garante que n\u00e3o se arrepende de ter ido, apesar de o ambiente n\u00e3o ter sido o ideal. Diz que ainda tem um processo em tribunal contra o Villarreal, clube que dirigiu entre dois mil e vinte e dois e dois mil e vinte e tr\u00eas, por n\u00e3o receber pagamentos. O processo est\u00e1 na justi\u00e7a e Seti\u00e9n diz que j\u00e1 se passaram quase dois anos sem receber o que lhe devem, com uma decis\u00e3o pendente h\u00e1 um ano e meio. Atualmente sem clube, Seti\u00e9n deixou o Beijing Guoan em outubro. Tem no curr\u00edculo o Betis, Las Palmas e a sele\u00e7\u00e3o da Guin\u00e9 Equatorial.\" \/>\n<meta property=\"og:url\" content=\"https:\/\/portaltela.pt\/noticias\/2026\/01\/08\/setien-diz-que-o-barca-lhe-devia-quatro-anos-villarreal-dois-e-meio\/\" \/>\n<meta property=\"og:site_name\" content=\"Portal Tela Portugal\" \/>\n<meta property=\"article:published_time\" content=\"2026-01-08T09:08:14+00:00\" \/>\n<meta name=\"author\" content=\"Telinha\" \/>\n<meta name=\"twitter:card\" content=\"summary_large_image\" \/>\n<meta name=\"twitter:label1\" content=\"Escrito por\" \/>\n\t<meta name=\"twitter:data1\" content=\"Telinha\" \/>\n\t<meta name=\"twitter:label2\" content=\"Tempo estimado de leitura\" \/>\n\t<meta name=\"twitter:data2\" content=\"1 minuto\" \/>\n<script type=\"application\/ld+json\" class=\"yoast-schema-graph\">{\"@context\":\"https:\/\/schema.org\",\"@graph\":[{\"@type\":\"Article\",\"@id\":\"https:\/\/portaltela.pt\/noticias\/2026\/01\/08\/setien-diz-que-o-barca-lhe-devia-quatro-anos-villarreal-dois-e-meio\/#article\",\"isPartOf\":{\"@id\":\"https:\/\/portaltela.pt\/noticias\/2026\/01\/08\/setien-diz-que-o-barca-lhe-devia-quatro-anos-villarreal-dois-e-meio\/\"},\"author\":{\"name\":\"Telinha\",\"@id\":\"https:\/\/portaltela.pt\/#\/schema\/person\/c4278d4a6028830caff9ee44b42d32ed\"},\"headline\":\"Seti\u00e9n diz que o Bar\u00e7a lhe devia quatro anos; Villarreal dois e meio\",\"datePublished\":\"2026-01-08T09:08:14+00:00\",\"mainEntityOfPage\":{\"@id\":\"https:\/\/portaltela.pt\/noticias\/2026\/01\/08\/setien-diz-que-o-barca-lhe-devia-quatro-anos-villarreal-dois-e-meio\/\"},\"wordCount\":243,\"image\":{\"@id\":\"https:\/\/portaltela.pt\/noticias\/2026\/01\/08\/setien-diz-que-o-barca-lhe-devia-quatro-anos-villarreal-dois-e-meio\/#primaryimage\"},\"thumbnailUrl\":\"https:\/\/portaltela.pt\/s.01k8rhncp4jt1\/2026\/01\/img_920x518uu2026-01-08-09-07-58-2413477-1.jpg\",\"keywords\":[\"Barcelona\",\"futebol\",\"Guin\u00e9 Equatorial\",\"investiga\u00e7\u00e3o\",\"justi\u00e7a\",\"treinadores\"],\"articleSection\":[\"Desporto\",\"Futebol\"],\"inLanguage\":\"pt-PT\"},{\"@type\":\"WebPage\",\"@id\":\"https:\/\/portaltela.pt\/noticias\/2026\/01\/08\/setien-diz-que-o-barca-lhe-devia-quatro-anos-villarreal-dois-e-meio\/\",\"url\":\"https:\/\/portaltela.pt\/noticias\/2026\/01\/08\/setien-diz-que-o-barca-lhe-devia-quatro-anos-villarreal-dois-e-meio\/\",\"name\":\"Seti\u00e9n diz que o Bar\u00e7a lhe devia quatro anos; Villarreal dois e meio - Portal Tela Portugal\",\"isPartOf\":{\"@id\":\"https:\/\/portaltela.pt\/#website\"},\"primaryImageOfPage\":{\"@id\":\"https:\/\/portaltela.pt\/noticias\/2026\/01\/08\/setien-diz-que-o-barca-lhe-devia-quatro-anos-villarreal-dois-e-meio\/#primaryimage\"},\"image\":{\"@id\":\"https:\/\/portaltela.pt\/noticias\/2026\/01\/08\/setien-diz-que-o-barca-lhe-devia-quatro-anos-villarreal-dois-e-meio\/#primaryimage\"},\"thumbnailUrl\":\"https:\/\/portaltela.pt\/s.01k8rhncp4jt1\/2026\/01\/img_920x518uu2026-01-08-09-07-58-2413477-1.jpg\",\"datePublished\":\"2026-01-08T09:08:14+00:00\",\"author\":{\"@id\":\"https:\/\/portaltela.pt\/#\/schema\/person\/c4278d4a6028830caff9ee44b42d32ed\"},\"breadcrumb\":{\"@id\":\"https:\/\/portaltela.pt\/noticias\/2026\/01\/08\/setien-diz-que-o-barca-lhe-devia-quatro-anos-villarreal-dois-e-meio\/#breadcrumb\"},\"inLanguage\":\"pt-PT\",\"potentialAction\":[{\"@type\":\"ReadAction\",\"target\":[\"https:\/\/portaltela.pt\/noticias\/2026\/01\/08\/setien-diz-que-o-barca-lhe-devia-quatro-anos-villarreal-dois-e-meio\/\"]}]},{\"@type\":\"ImageObject\",\"inLanguage\":\"pt-PT\",\"@id\":\"https:\/\/portaltela.pt\/noticias\/2026\/01\/08\/setien-diz-que-o-barca-lhe-devia-quatro-anos-villarreal-dois-e-meio\/#primaryimage\",\"url\":\"https:\/\/portaltela.pt\/s.01k8rhncp4jt1\/2026\/01\/img_920x518uu2026-01-08-09-07-58-2413477-1.jpg\",\"contentUrl\":\"https:\/\/portaltela.pt\/s.01k8rhncp4jt1\/2026\/01\/img_920x518uu2026-01-08-09-07-58-2413477-1.jpg\",\"width\":796,\"height\":448,\"caption\":\"Quique Seti\u00e9n recorda alguns dos epis\u00f3dios menos positivos da carreira\"},{\"@type\":\"BreadcrumbList\",\"@id\":\"https:\/\/portaltela.pt\/noticias\/2026\/01\/08\/setien-diz-que-o-barca-lhe-devia-quatro-anos-villarreal-dois-e-meio\/#breadcrumb\",\"itemListElement\":[{\"@type\":\"ListItem\",\"position\":1,\"name\":\"In\u00edcio\",\"item\":\"https:\/\/portaltela.pt\/\"},{\"@type\":\"ListItem\",\"position\":2,\"name\":\"Seti\u00e9n diz que o Bar\u00e7a lhe devia quatro anos; Villarreal dois e meio\"}]},{\"@type\":\"WebSite\",\"@id\":\"https:\/\/portaltela.pt\/#website\",\"url\":\"https:\/\/portaltela.pt\/\",\"name\":\"Portal Tela Portugal\",\"description\":\"\",\"potentialAction\":[{\"@type\":\"SearchAction\",\"target\":{\"@type\":\"EntryPoint\",\"urlTemplate\":\"https:\/\/portaltela.pt\/?s={search_term_string}\"},\"query-input\":{\"@type\":\"PropertyValueSpecification\",\"valueRequired\":true,\"valueName\":\"search_term_string\"}}],\"inLanguage\":\"pt-PT\"},{\"@type\":\"Person\",\"@id\":\"https:\/\/portaltela.pt\/#\/schema\/person\/c4278d4a6028830caff9ee44b42d32ed\",\"name\":\"Telinha\",\"image\":{\"@type\":\"ImageObject\",\"inLanguage\":\"pt-PT\",\"@id\":\"https:\/\/portaltela.pt\/s.01k8rhncp4jt1\/2025\/11\/talking-bot-125x125.png\",\"url\":\"https:\/\/portaltela.pt\/s.01k8rhncp4jt1\/2025\/11\/talking-bot-125x125.png\",\"contentUrl\":\"https:\/\/portaltela.pt\/s.01k8rhncp4jt1\/2025\/11\/talking-bot-125x125.png\",\"caption\":\"Telinha\"},\"sameAs\":[\"https:\/\/portaltela.pt\/\"],\"url\":\"https:\/\/portaltela.pt\/por\/367410592786\/\"}]}<\/script>\n<!-- \/ Yoast SEO plugin. -->","yoast_head_json":{"title":"Seti\u00e9n diz que o Bar\u00e7a lhe devia quatro anos; Villarreal dois e meio - Portal Tela Portugal","robots":{"index":"index","follow":"follow","max-snippet":"max-snippet:-1","max-image-preview":"max-image-preview:large","max-video-preview":"max-video-preview:-1"},"og_locale":"pt_PT","og_type":"article","og_title":"Seti\u00e9n diz que o Bar\u00e7a lhe devia quatro anos; Villarreal dois e meio - Portal Tela Portugal","og_description":"Quique Seti\u00e9n afirma que o Barcelona lhe pagou apenas depois de tr\u00eas a quatro anos de espera, j\u00e1 estando tudo cumprido hoje em dia. Recorda a passagem pelo Bar\u00e7a entre janeiro e agosto de dois mil e vinte e garante que n\u00e3o se arrepende de ter ido, apesar de o ambiente n\u00e3o ter sido o ideal. Diz que ainda tem um processo em tribunal contra o Villarreal, clube que dirigiu entre dois mil e vinte e dois e dois mil e vinte e tr\u00eas, por n\u00e3o receber pagamentos. O processo est\u00e1 na justi\u00e7a e Seti\u00e9n diz que j\u00e1 se passaram quase dois anos sem receber o que lhe devem, com uma decis\u00e3o pendente h\u00e1 um ano e meio. Atualmente sem clube, Seti\u00e9n deixou o Beijing Guoan em outubro. Tem no curr\u00edculo o Betis, Las Palmas e a sele\u00e7\u00e3o da Guin\u00e9 Equatorial.","og_url":"https:\/\/portaltela.pt\/noticias\/2026\/01\/08\/setien-diz-que-o-barca-lhe-devia-quatro-anos-villarreal-dois-e-meio\/","og_site_name":"Portal Tela Portugal","article_published_time":"2026-01-08T09:08:14+00:00","author":"Telinha","twitter_card":"summary_large_image","twitter_misc":{"Escrito por":"Telinha","Tempo estimado de leitura":"1 minuto"},"schema":{"@context":"https:\/\/schema.org","@graph":[{"@type":"Article","@id":"https:\/\/portaltela.pt\/noticias\/2026\/01\/08\/setien-diz-que-o-barca-lhe-devia-quatro-anos-villarreal-dois-e-meio\/#article","isPartOf":{"@id":"https:\/\/portaltela.pt\/noticias\/2026\/01\/08\/setien-diz-que-o-barca-lhe-devia-quatro-anos-villarreal-dois-e-meio\/"},"author":{"name":"Telinha","@id":"https:\/\/portaltela.pt\/#\/schema\/person\/c4278d4a6028830caff9ee44b42d32ed"},"headline":"Seti\u00e9n diz que o Bar\u00e7a lhe devia quatro anos; Villarreal dois e meio","datePublished":"2026-01-08T09:08:14+00:00","mainEntityOfPage":{"@id":"https:\/\/portaltela.pt\/noticias\/2026\/01\/08\/setien-diz-que-o-barca-lhe-devia-quatro-anos-villarreal-dois-e-meio\/"},"wordCount":243,"image":{"@id":"https:\/\/portaltela.pt\/noticias\/2026\/01\/08\/setien-diz-que-o-barca-lhe-devia-quatro-anos-villarreal-dois-e-meio\/#primaryimage"},"thumbnailUrl":"https:\/\/portaltela.pt\/s.01k8rhncp4jt1\/2026\/01\/img_920x518uu2026-01-08-09-07-58-2413477-1.jpg","keywords":["Barcelona","futebol","Guin\u00e9 Equatorial","investiga\u00e7\u00e3o","justi\u00e7a","treinadores"],"articleSection":["Desporto","Futebol"],"inLanguage":"pt-PT"},{"@type":"WebPage","@id":"https:\/\/portaltela.pt\/noticias\/2026\/01\/08\/setien-diz-que-o-barca-lhe-devia-quatro-anos-villarreal-dois-e-meio\/","url":"https:\/\/portaltela.pt\/noticias\/2026\/01\/08\/setien-diz-que-o-barca-lhe-devia-quatro-anos-villarreal-dois-e-meio\/","name":"Seti\u00e9n diz que o Bar\u00e7a lhe devia quatro anos; Villarreal dois e meio - Portal Tela Portugal","isPartOf":{"@id":"https:\/\/portaltela.pt\/#website"},"primaryImageOfPage":{"@id":"https:\/\/portaltela.pt\/noticias\/2026\/01\/08\/setien-diz-que-o-barca-lhe-devia-quatro-anos-villarreal-dois-e-meio\/#primaryimage"},"image":{"@id":"https:\/\/portaltela.pt\/noticias\/2026\/01\/08\/setien-diz-que-o-barca-lhe-devia-quatro-anos-villarreal-dois-e-meio\/#primaryimage"},"thumbnailUrl":"https:\/\/portaltela.pt\/s.01k8rhncp4jt1\/2026\/01\/img_920x518uu2026-01-08-09-07-58-2413477-1.jpg","datePublished":"2026-01-08T09:08:14+00:00","author":{"@id":"https:\/\/portaltela.pt\/#\/schema\/person\/c4278d4a6028830caff9ee44b42d32ed"},"breadcrumb":{"@id":"https:\/\/portaltela.pt\/noticias\/2026\/01\/08\/setien-diz-que-o-barca-lhe-devia-quatro-anos-villarreal-dois-e-meio\/#breadcrumb"},"inLanguage":"pt-PT","potentialAction":[{"@type":"ReadAction","target":["https:\/\/portaltela.pt\/noticias\/2026\/01\/08\/setien-diz-que-o-barca-lhe-devia-quatro-anos-villarreal-dois-e-meio\/"]}]},{"@type":"ImageObject","inLanguage":"pt-PT","@id":"https:\/\/portaltela.pt\/noticias\/2026\/01\/08\/setien-diz-que-o-barca-lhe-devia-quatro-anos-villarreal-dois-e-meio\/#primaryimage","url":"https:\/\/portaltela.pt\/s.01k8rhncp4jt1\/2026\/01\/img_920x518uu2026-01-08-09-07-58-2413477-1.jpg","contentUrl":"https:\/\/portaltela.pt\/s.01k8rhncp4jt1\/2026\/01\/img_920x518uu2026-01-08-09-07-58-2413477-1.jpg","width":796,"height":448,"caption":"Quique Seti\u00e9n recorda alguns dos epis\u00f3dios menos positivos da carreira"},{"@type":"BreadcrumbList","@id":"https:\/\/portaltela.pt\/noticias\/2026\/01\/08\/setien-diz-que-o-barca-lhe-devia-quatro-anos-villarreal-dois-e-meio\/#breadcrumb","itemListElement":[{"@type":"ListItem","position":1,"name":"In\u00edcio","item":"https:\/\/portaltela.pt\/"},{"@type":"ListItem","position":2,"name":"Seti\u00e9n diz que o Bar\u00e7a lhe devia quatro anos; Villarreal dois e meio"}]},{"@type":"WebSite","@id":"https:\/\/portaltela.pt\/#website","url":"https:\/\/portaltela.pt\/","name":"Portal Tela Portugal","description":"","potentialAction":[{"@type":"SearchAction","target":{"@type":"EntryPoint","urlTemplate":"https:\/\/portaltela.pt\/?s={search_term_string}"},"query-input":{"@type":"PropertyValueSpecification","valueRequired":true,"valueName":"search_term_string"}}],"inLanguage":"pt-PT"},{"@type":"Person","@id":"https:\/\/portaltela.pt\/#\/schema\/person\/c4278d4a6028830caff9ee44b42d32ed","name":"Telinha","image":{"@type":"ImageObject","inLanguage":"pt-PT","@id":"https:\/\/portaltela.pt\/s.01k8rhncp4jt1\/2025\/11\/talking-bot-125x125.png","url":"https:\/\/portaltela.pt\/s.01k8rhncp4jt1\/2025\/11\/talking-bot-125x125.png","contentUrl":"https:\/\/portaltela.pt\/s.01k8rhncp4jt1\/2025\/11\/talking-bot-125x125.png","caption":"Telinha"},"sameAs":["https:\/\/portaltela.pt\/"],"url":"https:\/\/portaltela.pt\/por\/367410592786\/"}]}},"_links":{"self":[{"href":"https:\/\/portaltela.pt\/api\/wp\/v2\/posts\/125687","targetHints":{"allow":["GET"]}}],"collection":[{"href":"https:\/\/portaltela.pt\/api\/wp\/v2\/posts"}],"about":[{"href":"https:\/\/portaltela.pt\/api\/wp\/v2\/types\/post"}],"author":[{"embeddable":true,"href":"https:\/\/portaltela.pt\/api\/wp\/v2\/users\/2"}],"replies":[{"embeddable":true,"href":"https:\/\/portaltela.pt\/api\/wp\/v2\/comments?post=125687"}],"version-history":[{"count":0,"href":"https:\/\/portaltela.pt\/api\/wp\/v2\/posts\/125687\/revisions"}],"wp:featuredmedia":[{"embeddable":true,"href":"https:\/\/portaltela.pt\/api\/wp\/v2\/media\/125692"}],"wp:attachment":[{"href":"https:\/\/portaltela.pt\/api\/wp\/v2\/media?parent=125687"}],"wp:term":[{"taxonomy":"category","embeddable":true,"href":"https:\/\/portaltela.pt\/api\/wp\/v2\/categories?post=125687"},{"taxonomy":"post_tag","embeddable":true,"href":"https:\/\/portaltela.pt\/api\/wp\/v2\/tags?post=125687"}],"curies":[{"name":"wp","href":"https:\/\/api.w.org\/{rel}","templated":true}]}}