{"id":125616,"date":"2026-01-08T06:30:00","date_gmt":"2026-01-08T09:30:00","guid":{"rendered":"https:\/\/portaltela.pt\/noticias\/2026\/01\/08\/reducoes-de-impostos-e-teto-de-rendas-marcam-propostas-dos-partidos-para-habitacao\/"},"modified":"2026-01-08T06:30:00","modified_gmt":"2026-01-08T09:30:00","slug":"reducoes-de-impostos-e-teto-de-rendas-marcam-propostas-dos-partidos-para-habitacao","status":"publish","type":"post","link":"https:\/\/portaltela.pt\/noticias\/2026\/01\/08\/reducoes-de-impostos-e-teto-de-rendas-marcam-propostas-dos-partidos-para-habitacao\/","title":{"rendered":"Redu\u00e7\u00f5es de impostos e teto de rendas marcam propostas dos partidos para habita\u00e7\u00e3o"},"content":{"rendered":"<p>O Chega apresentou um projeto de lei que pretende isentar o IMI para habita\u00e7\u00f5es pr\u00f3prias e permanentes com valor patrimonial tribut\u00e1rio at\u00e9 350 mil euros, durante seis anos, com poss\u00edvel prorroga\u00e7\u00e3o de mais dois mediante delibera\u00e7\u00e3o municipal. A proposta contempla ainda a redu\u00e7\u00e3o de IVA em obras de constru\u00e7\u00e3o ou remodela\u00e7\u00e3o de im\u00f3veis, p\u00fablicas ou privadas, desde que afetos \u00e0 habita\u00e7\u00e3o.<\/p>\n<p>A medida surge num contexto de pol\u00edticas para habita\u00e7\u00e3o em que o PS j\u00e1 divulgou propostas associadas \u00e0 dinamiza\u00e7\u00e3o do mercado de arrendamento e a tributa\u00e7\u00e3o de segundas habita\u00e7\u00f5es, com foco em zonas de press\u00e3o urban\u00edstica. As medidas visam tamb\u00e9m incentivar o arrendamento e combater a reten\u00e7\u00e3o especulativa de im\u00f3veis.<\/p>\n<h3>Chega<\/h3>\n<p>O Chega prop\u00f5e ainda criar incentivos para obras de reabilita\u00e7\u00e3o, com IVA reduzido para o setor. O partido indica que o patrim\u00f3nio devoluto do Estado pode ser colocado \u00e0 venda para constru\u00e7\u00e3o de habita\u00e7\u00e3o. A medida pretende facilitar o acesso a im\u00f3veis em constru\u00e7\u00e3o ou reabilitados.<\/p>\n<h3>PS<\/h3>\n<p>O PS defende isentar segundas habita\u00e7\u00f5es colocadas no mercado de arrendamento em \u00e1reas com press\u00e3o urbana, desde que sejam utiliz\u00e1veis para habita\u00e7\u00e3o pr\u00f3pria. Prev\u00ea ainda tributos mais elevados sobre mais-valias de reten\u00e7\u00e3o de im\u00f3veis e aumento do IMI para im\u00f3veis devolutos. Prop\u00f5e, igualmente, elevar o IMT para im\u00f3veis detidos por n\u00e3o residentes e ampliar apoios aos arrendat\u00e1rios, com at\u00e9 1000 euros de dedu\u00e7\u00e3o \u00e0 coleta de IRS em encargos com rendas, a partir de 2027.<\/p>\n<h3>IL<\/h3>\n<p>A Iniciativa Liberal defende IVA de constru\u00e7\u00e3o de 23% para 6% e disponibilizar patrim\u00f3nio devoluto do Estado para constru\u00e7\u00e3o de habita\u00e7\u00e3o, com revoga\u00e7\u00e3o do direito de prefer\u00eancia do Estado em im\u00f3veis para habita\u00e7\u00e3o. Prop\u00f5e redu\u00e7\u00e3o do IRS sobre rendas de 25% para 10% e isen\u00e7\u00e3o de rendimentos prediais nos primeiros cinco anos para quem n\u00e3o teve rendimentos prediais. Prop\u00f5e ainda isen\u00e7\u00e3o de mais-valias na venda de im\u00f3veis n\u00e3o habitacionais para propriet\u00e1rios com menos de 65 anos.<\/p>\n<h3>Livre<\/h3>\n<p>O Livre defende limites aos novos contratos de arrendamento, com majora\u00e7\u00f5es at\u00e9 30% acima de pre\u00e7os de refer\u00eancia, por localiza\u00e7\u00e3o e tipo. Pretende obrigar uma percentagem m\u00ednima de habita\u00e7\u00e3o p\u00fablica ou de arrendamento acess\u00edvel em novos projetos. A medida aplica-se a opera\u00e7\u00f5es com \u00e1rea bruta igual ou superior a 1500 m\u00b2 ou que criem 10 ou mais fra\u00e7\u00f5es.<\/p>\n<p>PAN, IL e PS j\u00e1 apresentaram resolu\u00e7\u00f5es com recomenda\u00e7\u00f5es ao Executivo na \u00e1rea da habita\u00e7\u00e3o.<\/p>\n","protected":false},"excerpt":{"rendered":"<ul>\n<li>O Chega quer isentar o IMI de habita\u00e7\u00f5es pr\u00f3prias com valor patrimonial tribut\u00e1rio at\u00e9 350 mil euros por seis anos, com prorroga\u00e7\u00e3o de dois, e reduzir IVA em empreitadas de constru\u00e7\u00e3o ou remodela\u00e7\u00e3o para habita\u00e7\u00e3o.<\/li>\n<li>O PS prop\u00f5e isentar segundas habita\u00e7\u00f5es no mercado de arrendamento em zonas de press\u00e3o urban\u00edstica, aumentar impostos sobre mais-valias por reten\u00e7\u00e3o especulativa, penalizar im\u00f3veis devolutos com maior IMI, aumentar o IMT para n\u00e3o residentes e ampliar a dedu\u00e7\u00e3o \u00e0 coleta de IRS para rendas a partir de 2027.<\/li>\n<li>A Iniciativa Liberal (IL) defende IVA de constru\u00e7\u00e3o de 23% para 6%, disponibilizar patrim\u00f3nio devoluto para constru\u00e7\u00e3o de habita\u00e7\u00e3o, revogar o direito de prefer\u00eancia do Estado, reduzir IRS sobre rendas para 10% e isen\u00e7\u00e3o nos primeiros cinco anos, al\u00e9m de permitir que munic\u00edpios reduzam o IMT e redistribuam rendimentos prediais.<\/li>\n<li>O Livre prop\u00f5e tetos para rendas de novos contratos \u2014 at\u00e9 30% acima de valores de refer\u00eancia \u2014 e obrigatoriedade de habita\u00e7\u00e3o p\u00fablica ou arrendamento acess\u00edvel, com afeta\u00e7\u00e3o em opera\u00e7\u00f5es urban\u00edsticas acima de 1.500 metros quadrados ou com 10 fra\u00e7\u00f5es ou mais, permitida adapta\u00e7\u00e3o local pelos munic\u00edpios.<\/li>\n<li>PAN, IL e PS apresentaram projetos de resolu\u00e7\u00e3o com recomenda\u00e7\u00f5es ao Executivo na \u00e1rea da habita\u00e7\u00e3o.<\/li>\n<\/ul>\n","protected":false},"author":2,"featured_media":125618,"comment_status":"closed","ping_status":"closed","sticky":false,"template":"","format":"standard","meta":{"footnotes":""},"categories":[1],"tags":[2310,2531,150,1010,1167,1208],"class_list":["post-125616","post","type-post","status-publish","format-standard","has-post-thumbnail","hentry","category-noticias","tag-arrendamento-apoiado","tag-arrendamentos","tag-habitacao","tag-habitacao-publica","tag-habitacao-social","tag-imi"],"yoast_head":"<!-- This site is optimized with the Yoast SEO plugin v27.2 - https:\/\/yoast.com\/product\/yoast-seo-wordpress\/ -->\n<title>Redu\u00e7\u00f5es de impostos e teto de rendas marcam propostas dos partidos para habita\u00e7\u00e3o - Portal Tela Portugal<\/title>\n<meta name=\"robots\" content=\"index, follow, max-snippet:-1, max-image-preview:large, max-video-preview:-1\" \/>\n<meta property=\"og:locale\" content=\"pt_PT\" \/>\n<meta property=\"og:type\" content=\"article\" \/>\n<meta property=\"og:title\" content=\"Redu\u00e7\u00f5es de impostos e teto de rendas marcam propostas dos partidos para habita\u00e7\u00e3o - Portal Tela Portugal\" \/>\n<meta property=\"og:description\" content=\"O Chega quer isentar o IMI de habita\u00e7\u00f5es pr\u00f3prias com valor patrimonial tribut\u00e1rio at\u00e9 350 mil euros por seis anos, com prorroga\u00e7\u00e3o de dois, e reduzir IVA em empreitadas de constru\u00e7\u00e3o ou remodela\u00e7\u00e3o para habita\u00e7\u00e3o. O PS prop\u00f5e isentar segundas habita\u00e7\u00f5es no mercado de arrendamento em zonas de press\u00e3o urban\u00edstica, aumentar impostos sobre mais-valias por reten\u00e7\u00e3o especulativa, penalizar im\u00f3veis devolutos com maior IMI, aumentar o IMT para n\u00e3o residentes e ampliar a dedu\u00e7\u00e3o \u00e0 coleta de IRS para rendas a partir de 2027. A Iniciativa Liberal (IL) defende IVA de constru\u00e7\u00e3o de 23% para 6%, disponibilizar patrim\u00f3nio devoluto para constru\u00e7\u00e3o de habita\u00e7\u00e3o, revogar o direito de prefer\u00eancia do Estado, reduzir IRS sobre rendas para 10% e isen\u00e7\u00e3o nos primeiros cinco anos, al\u00e9m de permitir que munic\u00edpios reduzam o IMT e redistribuam rendimentos prediais. O Livre prop\u00f5e tetos para rendas de novos contratos \u2014 at\u00e9 30% acima de valores de refer\u00eancia \u2014 e obrigatoriedade de habita\u00e7\u00e3o p\u00fablica ou arrendamento acess\u00edvel, com afeta\u00e7\u00e3o em opera\u00e7\u00f5es urban\u00edsticas acima de 1.500 metros quadrados ou com 10 fra\u00e7\u00f5es ou mais, permitida adapta\u00e7\u00e3o local pelos munic\u00edpios. PAN, IL e PS apresentaram projetos de resolu\u00e7\u00e3o com recomenda\u00e7\u00f5es ao Executivo na \u00e1rea da habita\u00e7\u00e3o.\" \/>\n<meta property=\"og:url\" content=\"https:\/\/portaltela.pt\/noticias\/2026\/01\/08\/reducoes-de-impostos-e-teto-de-rendas-marcam-propostas-dos-partidos-para-habitacao\/\" \/>\n<meta property=\"og:site_name\" content=\"Portal Tela Portugal\" \/>\n<meta property=\"article:published_time\" content=\"2026-01-08T09:30:00+00:00\" \/>\n<meta name=\"author\" content=\"Telinha\" \/>\n<meta name=\"twitter:card\" content=\"summary_large_image\" \/>\n<meta name=\"twitter:label1\" content=\"Escrito por\" \/>\n\t<meta name=\"twitter:data1\" content=\"Telinha\" \/>\n\t<meta name=\"twitter:label2\" content=\"Tempo estimado de leitura\" \/>\n\t<meta name=\"twitter:data2\" content=\"2 minutos\" \/>\n<script type=\"application\/ld+json\" class=\"yoast-schema-graph\">{\"@context\":\"https:\/\/schema.org\",\"@graph\":[{\"@type\":\"Article\",\"@id\":\"https:\/\/portaltela.pt\/noticias\/2026\/01\/08\/reducoes-de-impostos-e-teto-de-rendas-marcam-propostas-dos-partidos-para-habitacao\/#article\",\"isPartOf\":{\"@id\":\"https:\/\/portaltela.pt\/noticias\/2026\/01\/08\/reducoes-de-impostos-e-teto-de-rendas-marcam-propostas-dos-partidos-para-habitacao\/\"},\"author\":{\"name\":\"Telinha\",\"@id\":\"https:\/\/portaltela.pt\/#\/schema\/person\/c4278d4a6028830caff9ee44b42d32ed\"},\"headline\":\"Redu\u00e7\u00f5es de impostos e teto de rendas marcam propostas dos partidos para habita\u00e7\u00e3o\",\"datePublished\":\"2026-01-08T09:30:00+00:00\",\"mainEntityOfPage\":{\"@id\":\"https:\/\/portaltela.pt\/noticias\/2026\/01\/08\/reducoes-de-impostos-e-teto-de-rendas-marcam-propostas-dos-partidos-para-habitacao\/\"},\"wordCount\":457,\"image\":{\"@id\":\"https:\/\/portaltela.pt\/noticias\/2026\/01\/08\/reducoes-de-impostos-e-teto-de-rendas-marcam-propostas-dos-partidos-para-habitacao\/#primaryimage\"},\"thumbnailUrl\":\"https:\/\/portaltela.pt\/s.01k8rhncp4jt1\/2026\/01\/image-417.jpg\",\"keywords\":[\"arrendamento apoiado\",\"arrendamentos\",\"habita\u00e7\u00e3o\",\"habita\u00e7\u00e3o p\u00fablica\",\"habita\u00e7\u00e3o social\",\"IMI\"],\"articleSection\":[\"Not\u00edcias\"],\"inLanguage\":\"pt-PT\"},{\"@type\":\"WebPage\",\"@id\":\"https:\/\/portaltela.pt\/noticias\/2026\/01\/08\/reducoes-de-impostos-e-teto-de-rendas-marcam-propostas-dos-partidos-para-habitacao\/\",\"url\":\"https:\/\/portaltela.pt\/noticias\/2026\/01\/08\/reducoes-de-impostos-e-teto-de-rendas-marcam-propostas-dos-partidos-para-habitacao\/\",\"name\":\"Redu\u00e7\u00f5es de impostos e teto de rendas marcam propostas dos partidos para habita\u00e7\u00e3o - Portal Tela Portugal\",\"isPartOf\":{\"@id\":\"https:\/\/portaltela.pt\/#website\"},\"primaryImageOfPage\":{\"@id\":\"https:\/\/portaltela.pt\/noticias\/2026\/01\/08\/reducoes-de-impostos-e-teto-de-rendas-marcam-propostas-dos-partidos-para-habitacao\/#primaryimage\"},\"image\":{\"@id\":\"https:\/\/portaltela.pt\/noticias\/2026\/01\/08\/reducoes-de-impostos-e-teto-de-rendas-marcam-propostas-dos-partidos-para-habitacao\/#primaryimage\"},\"thumbnailUrl\":\"https:\/\/portaltela.pt\/s.01k8rhncp4jt1\/2026\/01\/image-417.jpg\",\"datePublished\":\"2026-01-08T09:30:00+00:00\",\"author\":{\"@id\":\"https:\/\/portaltela.pt\/#\/schema\/person\/c4278d4a6028830caff9ee44b42d32ed\"},\"breadcrumb\":{\"@id\":\"https:\/\/portaltela.pt\/noticias\/2026\/01\/08\/reducoes-de-impostos-e-teto-de-rendas-marcam-propostas-dos-partidos-para-habitacao\/#breadcrumb\"},\"inLanguage\":\"pt-PT\",\"potentialAction\":[{\"@type\":\"ReadAction\",\"target\":[\"https:\/\/portaltela.pt\/noticias\/2026\/01\/08\/reducoes-de-impostos-e-teto-de-rendas-marcam-propostas-dos-partidos-para-habitacao\/\"]}]},{\"@type\":\"ImageObject\",\"inLanguage\":\"pt-PT\",\"@id\":\"https:\/\/portaltela.pt\/noticias\/2026\/01\/08\/reducoes-de-impostos-e-teto-de-rendas-marcam-propostas-dos-partidos-para-habitacao\/#primaryimage\",\"url\":\"https:\/\/portaltela.pt\/s.01k8rhncp4jt1\/2026\/01\/image-417.jpg\",\"contentUrl\":\"https:\/\/portaltela.pt\/s.01k8rhncp4jt1\/2026\/01\/image-417.jpg\",\"width\":796,\"height\":448,\"caption\":\"Foto: Pedro Granadeiro\"},{\"@type\":\"BreadcrumbList\",\"@id\":\"https:\/\/portaltela.pt\/noticias\/2026\/01\/08\/reducoes-de-impostos-e-teto-de-rendas-marcam-propostas-dos-partidos-para-habitacao\/#breadcrumb\",\"itemListElement\":[{\"@type\":\"ListItem\",\"position\":1,\"name\":\"In\u00edcio\",\"item\":\"https:\/\/portaltela.pt\/\"},{\"@type\":\"ListItem\",\"position\":2,\"name\":\"Redu\u00e7\u00f5es de impostos e teto de rendas marcam propostas dos partidos para habita\u00e7\u00e3o\"}]},{\"@type\":\"WebSite\",\"@id\":\"https:\/\/portaltela.pt\/#website\",\"url\":\"https:\/\/portaltela.pt\/\",\"name\":\"Portal Tela Portugal\",\"description\":\"\",\"potentialAction\":[{\"@type\":\"SearchAction\",\"target\":{\"@type\":\"EntryPoint\",\"urlTemplate\":\"https:\/\/portaltela.pt\/?s={search_term_string}\"},\"query-input\":{\"@type\":\"PropertyValueSpecification\",\"valueRequired\":true,\"valueName\":\"search_term_string\"}}],\"inLanguage\":\"pt-PT\"},{\"@type\":\"Person\",\"@id\":\"https:\/\/portaltela.pt\/#\/schema\/person\/c4278d4a6028830caff9ee44b42d32ed\",\"name\":\"Telinha\",\"image\":{\"@type\":\"ImageObject\",\"inLanguage\":\"pt-PT\",\"@id\":\"https:\/\/portaltela.pt\/s.01k8rhncp4jt1\/2025\/11\/talking-bot-125x125.png\",\"url\":\"https:\/\/portaltela.pt\/s.01k8rhncp4jt1\/2025\/11\/talking-bot-125x125.png\",\"contentUrl\":\"https:\/\/portaltela.pt\/s.01k8rhncp4jt1\/2025\/11\/talking-bot-125x125.png\",\"caption\":\"Telinha\"},\"sameAs\":[\"https:\/\/portaltela.pt\/\"],\"url\":\"https:\/\/portaltela.pt\/por\/367410592786\/\"}]}<\/script>\n<!-- \/ Yoast SEO plugin. -->","yoast_head_json":{"title":"Redu\u00e7\u00f5es de impostos e teto de rendas marcam propostas dos partidos para habita\u00e7\u00e3o - Portal Tela Portugal","robots":{"index":"index","follow":"follow","max-snippet":"max-snippet:-1","max-image-preview":"max-image-preview:large","max-video-preview":"max-video-preview:-1"},"og_locale":"pt_PT","og_type":"article","og_title":"Redu\u00e7\u00f5es de impostos e teto de rendas marcam propostas dos partidos para habita\u00e7\u00e3o - Portal Tela Portugal","og_description":"O Chega quer isentar o IMI de habita\u00e7\u00f5es pr\u00f3prias com valor patrimonial tribut\u00e1rio at\u00e9 350 mil euros por seis anos, com prorroga\u00e7\u00e3o de dois, e reduzir IVA em empreitadas de constru\u00e7\u00e3o ou remodela\u00e7\u00e3o para habita\u00e7\u00e3o. O PS prop\u00f5e isentar segundas habita\u00e7\u00f5es no mercado de arrendamento em zonas de press\u00e3o urban\u00edstica, aumentar impostos sobre mais-valias por reten\u00e7\u00e3o especulativa, penalizar im\u00f3veis devolutos com maior IMI, aumentar o IMT para n\u00e3o residentes e ampliar a dedu\u00e7\u00e3o \u00e0 coleta de IRS para rendas a partir de 2027. A Iniciativa Liberal (IL) defende IVA de constru\u00e7\u00e3o de 23% para 6%, disponibilizar patrim\u00f3nio devoluto para constru\u00e7\u00e3o de habita\u00e7\u00e3o, revogar o direito de prefer\u00eancia do Estado, reduzir IRS sobre rendas para 10% e isen\u00e7\u00e3o nos primeiros cinco anos, al\u00e9m de permitir que munic\u00edpios reduzam o IMT e redistribuam rendimentos prediais. O Livre prop\u00f5e tetos para rendas de novos contratos \u2014 at\u00e9 30% acima de valores de refer\u00eancia \u2014 e obrigatoriedade de habita\u00e7\u00e3o p\u00fablica ou arrendamento acess\u00edvel, com afeta\u00e7\u00e3o em opera\u00e7\u00f5es urban\u00edsticas acima de 1.500 metros quadrados ou com 10 fra\u00e7\u00f5es ou mais, permitida adapta\u00e7\u00e3o local pelos munic\u00edpios. PAN, IL e PS apresentaram projetos de resolu\u00e7\u00e3o com recomenda\u00e7\u00f5es ao Executivo na \u00e1rea da habita\u00e7\u00e3o.","og_url":"https:\/\/portaltela.pt\/noticias\/2026\/01\/08\/reducoes-de-impostos-e-teto-de-rendas-marcam-propostas-dos-partidos-para-habitacao\/","og_site_name":"Portal Tela Portugal","article_published_time":"2026-01-08T09:30:00+00:00","author":"Telinha","twitter_card":"summary_large_image","twitter_misc":{"Escrito por":"Telinha","Tempo estimado de leitura":"2 minutos"},"schema":{"@context":"https:\/\/schema.org","@graph":[{"@type":"Article","@id":"https:\/\/portaltela.pt\/noticias\/2026\/01\/08\/reducoes-de-impostos-e-teto-de-rendas-marcam-propostas-dos-partidos-para-habitacao\/#article","isPartOf":{"@id":"https:\/\/portaltela.pt\/noticias\/2026\/01\/08\/reducoes-de-impostos-e-teto-de-rendas-marcam-propostas-dos-partidos-para-habitacao\/"},"author":{"name":"Telinha","@id":"https:\/\/portaltela.pt\/#\/schema\/person\/c4278d4a6028830caff9ee44b42d32ed"},"headline":"Redu\u00e7\u00f5es de impostos e teto de rendas marcam propostas dos partidos para habita\u00e7\u00e3o","datePublished":"2026-01-08T09:30:00+00:00","mainEntityOfPage":{"@id":"https:\/\/portaltela.pt\/noticias\/2026\/01\/08\/reducoes-de-impostos-e-teto-de-rendas-marcam-propostas-dos-partidos-para-habitacao\/"},"wordCount":457,"image":{"@id":"https:\/\/portaltela.pt\/noticias\/2026\/01\/08\/reducoes-de-impostos-e-teto-de-rendas-marcam-propostas-dos-partidos-para-habitacao\/#primaryimage"},"thumbnailUrl":"https:\/\/portaltela.pt\/s.01k8rhncp4jt1\/2026\/01\/image-417.jpg","keywords":["arrendamento apoiado","arrendamentos","habita\u00e7\u00e3o","habita\u00e7\u00e3o p\u00fablica","habita\u00e7\u00e3o social","IMI"],"articleSection":["Not\u00edcias"],"inLanguage":"pt-PT"},{"@type":"WebPage","@id":"https:\/\/portaltela.pt\/noticias\/2026\/01\/08\/reducoes-de-impostos-e-teto-de-rendas-marcam-propostas-dos-partidos-para-habitacao\/","url":"https:\/\/portaltela.pt\/noticias\/2026\/01\/08\/reducoes-de-impostos-e-teto-de-rendas-marcam-propostas-dos-partidos-para-habitacao\/","name":"Redu\u00e7\u00f5es de impostos e teto de rendas marcam propostas dos partidos para habita\u00e7\u00e3o - Portal Tela Portugal","isPartOf":{"@id":"https:\/\/portaltela.pt\/#website"},"primaryImageOfPage":{"@id":"https:\/\/portaltela.pt\/noticias\/2026\/01\/08\/reducoes-de-impostos-e-teto-de-rendas-marcam-propostas-dos-partidos-para-habitacao\/#primaryimage"},"image":{"@id":"https:\/\/portaltela.pt\/noticias\/2026\/01\/08\/reducoes-de-impostos-e-teto-de-rendas-marcam-propostas-dos-partidos-para-habitacao\/#primaryimage"},"thumbnailUrl":"https:\/\/portaltela.pt\/s.01k8rhncp4jt1\/2026\/01\/image-417.jpg","datePublished":"2026-01-08T09:30:00+00:00","author":{"@id":"https:\/\/portaltela.pt\/#\/schema\/person\/c4278d4a6028830caff9ee44b42d32ed"},"breadcrumb":{"@id":"https:\/\/portaltela.pt\/noticias\/2026\/01\/08\/reducoes-de-impostos-e-teto-de-rendas-marcam-propostas-dos-partidos-para-habitacao\/#breadcrumb"},"inLanguage":"pt-PT","potentialAction":[{"@type":"ReadAction","target":["https:\/\/portaltela.pt\/noticias\/2026\/01\/08\/reducoes-de-impostos-e-teto-de-rendas-marcam-propostas-dos-partidos-para-habitacao\/"]}]},{"@type":"ImageObject","inLanguage":"pt-PT","@id":"https:\/\/portaltela.pt\/noticias\/2026\/01\/08\/reducoes-de-impostos-e-teto-de-rendas-marcam-propostas-dos-partidos-para-habitacao\/#primaryimage","url":"https:\/\/portaltela.pt\/s.01k8rhncp4jt1\/2026\/01\/image-417.jpg","contentUrl":"https:\/\/portaltela.pt\/s.01k8rhncp4jt1\/2026\/01\/image-417.jpg","width":796,"height":448,"caption":"Foto: Pedro Granadeiro"},{"@type":"BreadcrumbList","@id":"https:\/\/portaltela.pt\/noticias\/2026\/01\/08\/reducoes-de-impostos-e-teto-de-rendas-marcam-propostas-dos-partidos-para-habitacao\/#breadcrumb","itemListElement":[{"@type":"ListItem","position":1,"name":"In\u00edcio","item":"https:\/\/portaltela.pt\/"},{"@type":"ListItem","position":2,"name":"Redu\u00e7\u00f5es de impostos e teto de rendas marcam propostas dos partidos para habita\u00e7\u00e3o"}]},{"@type":"WebSite","@id":"https:\/\/portaltela.pt\/#website","url":"https:\/\/portaltela.pt\/","name":"Portal Tela Portugal","description":"","potentialAction":[{"@type":"SearchAction","target":{"@type":"EntryPoint","urlTemplate":"https:\/\/portaltela.pt\/?s={search_term_string}"},"query-input":{"@type":"PropertyValueSpecification","valueRequired":true,"valueName":"search_term_string"}}],"inLanguage":"pt-PT"},{"@type":"Person","@id":"https:\/\/portaltela.pt\/#\/schema\/person\/c4278d4a6028830caff9ee44b42d32ed","name":"Telinha","image":{"@type":"ImageObject","inLanguage":"pt-PT","@id":"https:\/\/portaltela.pt\/s.01k8rhncp4jt1\/2025\/11\/talking-bot-125x125.png","url":"https:\/\/portaltela.pt\/s.01k8rhncp4jt1\/2025\/11\/talking-bot-125x125.png","contentUrl":"https:\/\/portaltela.pt\/s.01k8rhncp4jt1\/2025\/11\/talking-bot-125x125.png","caption":"Telinha"},"sameAs":["https:\/\/portaltela.pt\/"],"url":"https:\/\/portaltela.pt\/por\/367410592786\/"}]}},"_links":{"self":[{"href":"https:\/\/portaltela.pt\/api\/wp\/v2\/posts\/125616","targetHints":{"allow":["GET"]}}],"collection":[{"href":"https:\/\/portaltela.pt\/api\/wp\/v2\/posts"}],"about":[{"href":"https:\/\/portaltela.pt\/api\/wp\/v2\/types\/post"}],"author":[{"embeddable":true,"href":"https:\/\/portaltela.pt\/api\/wp\/v2\/users\/2"}],"replies":[{"embeddable":true,"href":"https:\/\/portaltela.pt\/api\/wp\/v2\/comments?post=125616"}],"version-history":[{"count":0,"href":"https:\/\/portaltela.pt\/api\/wp\/v2\/posts\/125616\/revisions"}],"wp:featuredmedia":[{"embeddable":true,"href":"https:\/\/portaltela.pt\/api\/wp\/v2\/media\/125618"}],"wp:attachment":[{"href":"https:\/\/portaltela.pt\/api\/wp\/v2\/media?parent=125616"}],"wp:term":[{"taxonomy":"category","embeddable":true,"href":"https:\/\/portaltela.pt\/api\/wp\/v2\/categories?post=125616"},{"taxonomy":"post_tag","embeddable":true,"href":"https:\/\/portaltela.pt\/api\/wp\/v2\/tags?post=125616"}],"curies":[{"name":"wp","href":"https:\/\/api.w.org\/{rel}","templated":true}]}}