{"id":125605,"date":"2026-01-08T06:26:52","date_gmt":"2026-01-08T09:26:52","guid":{"rendered":"https:\/\/portaltela.pt\/noticias\/2026\/01\/08\/parlamento-discute-pacote-de-habitacao-em-meio-a-subida-de-precos\/"},"modified":"2026-01-08T06:26:52","modified_gmt":"2026-01-08T09:26:52","slug":"parlamento-discute-pacote-de-habitacao-em-meio-a-subida-de-precos","status":"publish","type":"post","link":"https:\/\/portaltela.pt\/noticias\/2026\/01\/08\/parlamento-discute-pacote-de-habitacao-em-meio-a-subida-de-precos\/","title":{"rendered":"Parlamento discute pacote de habita\u00e7\u00e3o em meio a subida de pre\u00e7os"},"content":{"rendered":"<p>O Parlamento discute na sexta-feira um novo pacote de medidas para a habita\u00e7\u00e3o, em pleno contexto de subida dos pre\u00e7os. O Governo procura respostas para a crise habitacional, com debates e vota\u00e7\u00e3o previstos no parlamento. Os dados oficiais apontam para aumentos consistentes nos pre\u00e7os.<\/p>\n<p>Entre julho e setembro de 2025, o INE apurou um aumento de 17,7% no \u00cdndice de Pre\u00e7os da Habita\u00e7\u00e3o face ao mesmo trimestre de 2024, alcan\u00e7ando m\u00e1ximo hist\u00f3rico. Foram vendidas 42.481 habita\u00e7\u00f5es, com valor total transacionado de 10,5 mil milh\u00f5es de euros. O pre\u00e7o m\u00e9dio de venda foi de cerca de 247 mil euros por casa.<\/p>\n<p>A avalia\u00e7\u00e3o banc\u00e1ria da habita\u00e7\u00e3o continua a subir, segundo o INE. Em novembro de 2025, o valor mediano por metro quadrado atingiu 2.060 euros, mais 18,4% face a novembro de 2024. O n\u00famero de pedidos de avalia\u00e7\u00e3o para cr\u00e9dito manteve-se em ascens\u00e3o, totalizando 36.282.<\/p>\n<h3>Medidas fiscais e objetivos<\/h3>\n<p>O Governo prop\u00f5e altera\u00e7\u00f5es fiscais com vista a aumentar a oferta de habita\u00e7\u00e3o e facilitar o acesso. Entre as medidas est\u00e3o mudan\u00e7as ao IVA, IRS, IMT e benef\u00edcios como a isen\u00e7\u00e3o de imposto municipal sobre transmiss\u00f5es onerosas de im\u00f3veis. O objetivo \u00e9 reduzir custos para promotores, construtores e propriet\u00e1rios.<\/p>\n<p>Para senhorios, prop\u00f5e-se reduzir o IRS de 25% para 10% nos rendimentos de arrendamento. Na aquisi\u00e7\u00e3o de habita\u00e7\u00f5es por jovens mediante a garantia p\u00fablica, o Estado poder\u00e1 assegurar at\u00e9 15% do valor. Em novembro, o uso desta garantia atingiu 52,8% do total dispon\u00edvel, conforme o montante utilizado pelos bancos.<\/p>\n<p>O pacote prev\u00ea tamb\u00e9m o IVA a 6% para im\u00f3veis novos at\u00e9 certos limites e condi\u00e7\u00f5es para arrendamento a pre\u00e7os moderados. Al\u00e9m disso, o governo discute altera\u00e7\u00f5es aos regimes urban\u00edsticos para acelerar obras, reduzindo prazos e simplificando processos de aprova\u00e7\u00e3o.<\/p>\n<p>O objetivo \u00e9 ampliar a oferta e reduzir barreiras \u00e0 constru\u00e7\u00e3o, mantendo a trajet\u00f3ria de subida dos pre\u00e7os sob controlo, com base nos dados do INE e do Banco de Portugal. O debate continua no parlamento com vota\u00e7\u00f5es j\u00e1 programadas.<\/p>\n","protected":false},"excerpt":{"rendered":"<ul>\n<li>O parlamento discute e vota, na sexta-feira, um novo pacote de medidas do Governo para a habita\u00e7\u00e3o, em contexto de subida cont\u00ednua dos pre\u00e7os, conforme o INE.<\/li>\n<li>No terceiro trimestre de 2025, o \u00edndice de pre\u00e7os da habita\u00e7\u00e3o subiu 17,7% face ao mesmo per\u00edodo de 2024, atingindo o m\u00e1ximo hist\u00f3rico da s\u00e9rie iniciada em 2009; entre julho e setembro, foram vendidas 42.481 habita\u00e7\u00f5es, com valor transacionado de 10,5 mil milh\u00f5es de euros.<\/li>\n<li>Em m\u00e9dia, cada casa vendida em Portugal ficou por cerca de 247 mil euros; em Lisboa, o custo de venda supera 400 mil euros.<\/li>\n<li>Em novembro de 2025, a avalia\u00e7\u00e3o banc\u00e1ria mediana subiu para 2.060 euros por metro quadrado (mais 18,4% vs novembro de 2024), com pedidos de avalia\u00e7\u00e3o para cr\u00e9dito a subir para 36.282.<\/li>\n<li>O governo mant\u00e9m as medidas de garantia p\u00fablica do Estado para 100% do financiamento da primeira casa, usadas por cerca de metade dos jovens at\u00e9 35 anos; as propostas em discuss\u00e3o preveem IVA de habita\u00e7\u00e3o de 23% para 6% para determinados im\u00f3veis, redu\u00e7\u00e3o de IRS para senhorios e altera\u00e7\u00f5es aos regimes urban\u00edsticos para acelerar obras, entre outras medidas.<\/li>\n<\/ul>\n","protected":false},"author":2,"featured_media":125609,"comment_status":"closed","ping_status":"closed","sticky":false,"template":"","format":"standard","meta":{"footnotes":""},"categories":[1],"tags":[2310,34,150,1010,1167,133],"class_list":["post-125605","post","type-post","status-publish","format-standard","has-post-thumbnail","hentry","category-noticias","tag-arrendamento-apoiado","tag-governo","tag-habitacao","tag-habitacao-publica","tag-habitacao-social","tag-politicas-publicas"],"yoast_head":"<!-- This site is optimized with the Yoast SEO plugin v27.2 - https:\/\/yoast.com\/product\/yoast-seo-wordpress\/ -->\n<title>Parlamento discute pacote de habita\u00e7\u00e3o em meio a subida de pre\u00e7os - Portal Tela Portugal<\/title>\n<meta name=\"robots\" content=\"index, follow, max-snippet:-1, max-image-preview:large, max-video-preview:-1\" \/>\n<meta property=\"og:locale\" content=\"pt_PT\" \/>\n<meta property=\"og:type\" content=\"article\" \/>\n<meta property=\"og:title\" content=\"Parlamento discute pacote de habita\u00e7\u00e3o em meio a subida de pre\u00e7os - Portal Tela Portugal\" \/>\n<meta property=\"og:description\" content=\"O parlamento discute e vota, na sexta-feira, um novo pacote de medidas do Governo para a habita\u00e7\u00e3o, em contexto de subida cont\u00ednua dos pre\u00e7os, conforme o INE. No terceiro trimestre de 2025, o \u00edndice de pre\u00e7os da habita\u00e7\u00e3o subiu 17,7% face ao mesmo per\u00edodo de 2024, atingindo o m\u00e1ximo hist\u00f3rico da s\u00e9rie iniciada em 2009; entre julho e setembro, foram vendidas 42.481 habita\u00e7\u00f5es, com valor transacionado de 10,5 mil milh\u00f5es de euros. Em m\u00e9dia, cada casa vendida em Portugal ficou por cerca de 247 mil euros; em Lisboa, o custo de venda supera 400 mil euros. Em novembro de 2025, a avalia\u00e7\u00e3o banc\u00e1ria mediana subiu para 2.060 euros por metro quadrado (mais 18,4% vs novembro de 2024), com pedidos de avalia\u00e7\u00e3o para cr\u00e9dito a subir para 36.282. O governo mant\u00e9m as medidas de garantia p\u00fablica do Estado para 100% do financiamento da primeira casa, usadas por cerca de metade dos jovens at\u00e9 35 anos; as propostas em discuss\u00e3o preveem IVA de habita\u00e7\u00e3o de 23% para 6% para determinados im\u00f3veis, redu\u00e7\u00e3o de IRS para senhorios e altera\u00e7\u00f5es aos regimes urban\u00edsticos para acelerar obras, entre outras medidas.\" \/>\n<meta property=\"og:url\" content=\"https:\/\/portaltela.pt\/noticias\/2026\/01\/08\/parlamento-discute-pacote-de-habitacao-em-meio-a-subida-de-precos\/\" \/>\n<meta property=\"og:site_name\" content=\"Portal Tela Portugal\" \/>\n<meta property=\"article:published_time\" content=\"2026-01-08T09:26:52+00:00\" \/>\n<meta name=\"author\" content=\"Telinha\" \/>\n<meta name=\"twitter:card\" content=\"summary_large_image\" \/>\n<meta name=\"twitter:label1\" content=\"Escrito por\" \/>\n\t<meta name=\"twitter:data1\" content=\"Telinha\" \/>\n\t<meta name=\"twitter:label2\" content=\"Tempo estimado de leitura\" \/>\n\t<meta name=\"twitter:data2\" content=\"2 minutos\" \/>\n<script type=\"application\/ld+json\" class=\"yoast-schema-graph\">{\"@context\":\"https:\/\/schema.org\",\"@graph\":[{\"@type\":\"Article\",\"@id\":\"https:\/\/portaltela.pt\/noticias\/2026\/01\/08\/parlamento-discute-pacote-de-habitacao-em-meio-a-subida-de-precos\/#article\",\"isPartOf\":{\"@id\":\"https:\/\/portaltela.pt\/noticias\/2026\/01\/08\/parlamento-discute-pacote-de-habitacao-em-meio-a-subida-de-precos\/\"},\"author\":{\"name\":\"Telinha\",\"@id\":\"https:\/\/portaltela.pt\/#\/schema\/person\/c4278d4a6028830caff9ee44b42d32ed\"},\"headline\":\"Parlamento discute pacote de habita\u00e7\u00e3o em meio a subida de pre\u00e7os\",\"datePublished\":\"2026-01-08T09:26:52+00:00\",\"mainEntityOfPage\":{\"@id\":\"https:\/\/portaltela.pt\/noticias\/2026\/01\/08\/parlamento-discute-pacote-de-habitacao-em-meio-a-subida-de-precos\/\"},\"wordCount\":367,\"image\":{\"@id\":\"https:\/\/portaltela.pt\/noticias\/2026\/01\/08\/parlamento-discute-pacote-de-habitacao-em-meio-a-subida-de-precos\/#primaryimage\"},\"thumbnailUrl\":\"https:\/\/portaltela.pt\/s.01k8rhncp4jt1\/2026\/01\/img_1500x1000uu2025-06-08-17-17-30-2214918.jpg\",\"keywords\":[\"arrendamento apoiado\",\"governo\",\"habita\u00e7\u00e3o\",\"habita\u00e7\u00e3o p\u00fablica\",\"habita\u00e7\u00e3o social\",\"pol\u00edticas p\u00fablicas\"],\"articleSection\":[\"Not\u00edcias\"],\"inLanguage\":\"pt-PT\"},{\"@type\":\"WebPage\",\"@id\":\"https:\/\/portaltela.pt\/noticias\/2026\/01\/08\/parlamento-discute-pacote-de-habitacao-em-meio-a-subida-de-precos\/\",\"url\":\"https:\/\/portaltela.pt\/noticias\/2026\/01\/08\/parlamento-discute-pacote-de-habitacao-em-meio-a-subida-de-precos\/\",\"name\":\"Parlamento discute pacote de habita\u00e7\u00e3o em meio a subida de pre\u00e7os - Portal Tela Portugal\",\"isPartOf\":{\"@id\":\"https:\/\/portaltela.pt\/#website\"},\"primaryImageOfPage\":{\"@id\":\"https:\/\/portaltela.pt\/noticias\/2026\/01\/08\/parlamento-discute-pacote-de-habitacao-em-meio-a-subida-de-precos\/#primaryimage\"},\"image\":{\"@id\":\"https:\/\/portaltela.pt\/noticias\/2026\/01\/08\/parlamento-discute-pacote-de-habitacao-em-meio-a-subida-de-precos\/#primaryimage\"},\"thumbnailUrl\":\"https:\/\/portaltela.pt\/s.01k8rhncp4jt1\/2026\/01\/img_1500x1000uu2025-06-08-17-17-30-2214918.jpg\",\"datePublished\":\"2026-01-08T09:26:52+00:00\",\"author\":{\"@id\":\"https:\/\/portaltela.pt\/#\/schema\/person\/c4278d4a6028830caff9ee44b42d32ed\"},\"breadcrumb\":{\"@id\":\"https:\/\/portaltela.pt\/noticias\/2026\/01\/08\/parlamento-discute-pacote-de-habitacao-em-meio-a-subida-de-precos\/#breadcrumb\"},\"inLanguage\":\"pt-PT\",\"potentialAction\":[{\"@type\":\"ReadAction\",\"target\":[\"https:\/\/portaltela.pt\/noticias\/2026\/01\/08\/parlamento-discute-pacote-de-habitacao-em-meio-a-subida-de-precos\/\"]}]},{\"@type\":\"ImageObject\",\"inLanguage\":\"pt-PT\",\"@id\":\"https:\/\/portaltela.pt\/noticias\/2026\/01\/08\/parlamento-discute-pacote-de-habitacao-em-meio-a-subida-de-precos\/#primaryimage\",\"url\":\"https:\/\/portaltela.pt\/s.01k8rhncp4jt1\/2026\/01\/img_1500x1000uu2025-06-08-17-17-30-2214918.jpg\",\"contentUrl\":\"https:\/\/portaltela.pt\/s.01k8rhncp4jt1\/2026\/01\/img_1500x1000uu2025-06-08-17-17-30-2214918.jpg\",\"width\":796,\"height\":448,\"caption\":\"Parlamento portugu\u00eas\"},{\"@type\":\"BreadcrumbList\",\"@id\":\"https:\/\/portaltela.pt\/noticias\/2026\/01\/08\/parlamento-discute-pacote-de-habitacao-em-meio-a-subida-de-precos\/#breadcrumb\",\"itemListElement\":[{\"@type\":\"ListItem\",\"position\":1,\"name\":\"In\u00edcio\",\"item\":\"https:\/\/portaltela.pt\/\"},{\"@type\":\"ListItem\",\"position\":2,\"name\":\"Parlamento discute pacote de habita\u00e7\u00e3o em meio a subida de pre\u00e7os\"}]},{\"@type\":\"WebSite\",\"@id\":\"https:\/\/portaltela.pt\/#website\",\"url\":\"https:\/\/portaltela.pt\/\",\"name\":\"Portal Tela Portugal\",\"description\":\"\",\"potentialAction\":[{\"@type\":\"SearchAction\",\"target\":{\"@type\":\"EntryPoint\",\"urlTemplate\":\"https:\/\/portaltela.pt\/?s={search_term_string}\"},\"query-input\":{\"@type\":\"PropertyValueSpecification\",\"valueRequired\":true,\"valueName\":\"search_term_string\"}}],\"inLanguage\":\"pt-PT\"},{\"@type\":\"Person\",\"@id\":\"https:\/\/portaltela.pt\/#\/schema\/person\/c4278d4a6028830caff9ee44b42d32ed\",\"name\":\"Telinha\",\"image\":{\"@type\":\"ImageObject\",\"inLanguage\":\"pt-PT\",\"@id\":\"https:\/\/portaltela.pt\/s.01k8rhncp4jt1\/2025\/11\/talking-bot-125x125.png\",\"url\":\"https:\/\/portaltela.pt\/s.01k8rhncp4jt1\/2025\/11\/talking-bot-125x125.png\",\"contentUrl\":\"https:\/\/portaltela.pt\/s.01k8rhncp4jt1\/2025\/11\/talking-bot-125x125.png\",\"caption\":\"Telinha\"},\"sameAs\":[\"https:\/\/portaltela.pt\/\"],\"url\":\"https:\/\/portaltela.pt\/por\/367410592786\/\"}]}<\/script>\n<!-- \/ Yoast SEO plugin. -->","yoast_head_json":{"title":"Parlamento discute pacote de habita\u00e7\u00e3o em meio a subida de pre\u00e7os - Portal Tela Portugal","robots":{"index":"index","follow":"follow","max-snippet":"max-snippet:-1","max-image-preview":"max-image-preview:large","max-video-preview":"max-video-preview:-1"},"og_locale":"pt_PT","og_type":"article","og_title":"Parlamento discute pacote de habita\u00e7\u00e3o em meio a subida de pre\u00e7os - Portal Tela Portugal","og_description":"O parlamento discute e vota, na sexta-feira, um novo pacote de medidas do Governo para a habita\u00e7\u00e3o, em contexto de subida cont\u00ednua dos pre\u00e7os, conforme o INE. No terceiro trimestre de 2025, o \u00edndice de pre\u00e7os da habita\u00e7\u00e3o subiu 17,7% face ao mesmo per\u00edodo de 2024, atingindo o m\u00e1ximo hist\u00f3rico da s\u00e9rie iniciada em 2009; entre julho e setembro, foram vendidas 42.481 habita\u00e7\u00f5es, com valor transacionado de 10,5 mil milh\u00f5es de euros. Em m\u00e9dia, cada casa vendida em Portugal ficou por cerca de 247 mil euros; em Lisboa, o custo de venda supera 400 mil euros. Em novembro de 2025, a avalia\u00e7\u00e3o banc\u00e1ria mediana subiu para 2.060 euros por metro quadrado (mais 18,4% vs novembro de 2024), com pedidos de avalia\u00e7\u00e3o para cr\u00e9dito a subir para 36.282. O governo mant\u00e9m as medidas de garantia p\u00fablica do Estado para 100% do financiamento da primeira casa, usadas por cerca de metade dos jovens at\u00e9 35 anos; as propostas em discuss\u00e3o preveem IVA de habita\u00e7\u00e3o de 23% para 6% para determinados im\u00f3veis, redu\u00e7\u00e3o de IRS para senhorios e altera\u00e7\u00f5es aos regimes urban\u00edsticos para acelerar obras, entre outras medidas.","og_url":"https:\/\/portaltela.pt\/noticias\/2026\/01\/08\/parlamento-discute-pacote-de-habitacao-em-meio-a-subida-de-precos\/","og_site_name":"Portal Tela Portugal","article_published_time":"2026-01-08T09:26:52+00:00","author":"Telinha","twitter_card":"summary_large_image","twitter_misc":{"Escrito por":"Telinha","Tempo estimado de leitura":"2 minutos"},"schema":{"@context":"https:\/\/schema.org","@graph":[{"@type":"Article","@id":"https:\/\/portaltela.pt\/noticias\/2026\/01\/08\/parlamento-discute-pacote-de-habitacao-em-meio-a-subida-de-precos\/#article","isPartOf":{"@id":"https:\/\/portaltela.pt\/noticias\/2026\/01\/08\/parlamento-discute-pacote-de-habitacao-em-meio-a-subida-de-precos\/"},"author":{"name":"Telinha","@id":"https:\/\/portaltela.pt\/#\/schema\/person\/c4278d4a6028830caff9ee44b42d32ed"},"headline":"Parlamento discute pacote de habita\u00e7\u00e3o em meio a subida de pre\u00e7os","datePublished":"2026-01-08T09:26:52+00:00","mainEntityOfPage":{"@id":"https:\/\/portaltela.pt\/noticias\/2026\/01\/08\/parlamento-discute-pacote-de-habitacao-em-meio-a-subida-de-precos\/"},"wordCount":367,"image":{"@id":"https:\/\/portaltela.pt\/noticias\/2026\/01\/08\/parlamento-discute-pacote-de-habitacao-em-meio-a-subida-de-precos\/#primaryimage"},"thumbnailUrl":"https:\/\/portaltela.pt\/s.01k8rhncp4jt1\/2026\/01\/img_1500x1000uu2025-06-08-17-17-30-2214918.jpg","keywords":["arrendamento apoiado","governo","habita\u00e7\u00e3o","habita\u00e7\u00e3o p\u00fablica","habita\u00e7\u00e3o social","pol\u00edticas p\u00fablicas"],"articleSection":["Not\u00edcias"],"inLanguage":"pt-PT"},{"@type":"WebPage","@id":"https:\/\/portaltela.pt\/noticias\/2026\/01\/08\/parlamento-discute-pacote-de-habitacao-em-meio-a-subida-de-precos\/","url":"https:\/\/portaltela.pt\/noticias\/2026\/01\/08\/parlamento-discute-pacote-de-habitacao-em-meio-a-subida-de-precos\/","name":"Parlamento discute pacote de habita\u00e7\u00e3o em meio a subida de pre\u00e7os - Portal Tela Portugal","isPartOf":{"@id":"https:\/\/portaltela.pt\/#website"},"primaryImageOfPage":{"@id":"https:\/\/portaltela.pt\/noticias\/2026\/01\/08\/parlamento-discute-pacote-de-habitacao-em-meio-a-subida-de-precos\/#primaryimage"},"image":{"@id":"https:\/\/portaltela.pt\/noticias\/2026\/01\/08\/parlamento-discute-pacote-de-habitacao-em-meio-a-subida-de-precos\/#primaryimage"},"thumbnailUrl":"https:\/\/portaltela.pt\/s.01k8rhncp4jt1\/2026\/01\/img_1500x1000uu2025-06-08-17-17-30-2214918.jpg","datePublished":"2026-01-08T09:26:52+00:00","author":{"@id":"https:\/\/portaltela.pt\/#\/schema\/person\/c4278d4a6028830caff9ee44b42d32ed"},"breadcrumb":{"@id":"https:\/\/portaltela.pt\/noticias\/2026\/01\/08\/parlamento-discute-pacote-de-habitacao-em-meio-a-subida-de-precos\/#breadcrumb"},"inLanguage":"pt-PT","potentialAction":[{"@type":"ReadAction","target":["https:\/\/portaltela.pt\/noticias\/2026\/01\/08\/parlamento-discute-pacote-de-habitacao-em-meio-a-subida-de-precos\/"]}]},{"@type":"ImageObject","inLanguage":"pt-PT","@id":"https:\/\/portaltela.pt\/noticias\/2026\/01\/08\/parlamento-discute-pacote-de-habitacao-em-meio-a-subida-de-precos\/#primaryimage","url":"https:\/\/portaltela.pt\/s.01k8rhncp4jt1\/2026\/01\/img_1500x1000uu2025-06-08-17-17-30-2214918.jpg","contentUrl":"https:\/\/portaltela.pt\/s.01k8rhncp4jt1\/2026\/01\/img_1500x1000uu2025-06-08-17-17-30-2214918.jpg","width":796,"height":448,"caption":"Parlamento portugu\u00eas"},{"@type":"BreadcrumbList","@id":"https:\/\/portaltela.pt\/noticias\/2026\/01\/08\/parlamento-discute-pacote-de-habitacao-em-meio-a-subida-de-precos\/#breadcrumb","itemListElement":[{"@type":"ListItem","position":1,"name":"In\u00edcio","item":"https:\/\/portaltela.pt\/"},{"@type":"ListItem","position":2,"name":"Parlamento discute pacote de habita\u00e7\u00e3o em meio a subida de pre\u00e7os"}]},{"@type":"WebSite","@id":"https:\/\/portaltela.pt\/#website","url":"https:\/\/portaltela.pt\/","name":"Portal Tela Portugal","description":"","potentialAction":[{"@type":"SearchAction","target":{"@type":"EntryPoint","urlTemplate":"https:\/\/portaltela.pt\/?s={search_term_string}"},"query-input":{"@type":"PropertyValueSpecification","valueRequired":true,"valueName":"search_term_string"}}],"inLanguage":"pt-PT"},{"@type":"Person","@id":"https:\/\/portaltela.pt\/#\/schema\/person\/c4278d4a6028830caff9ee44b42d32ed","name":"Telinha","image":{"@type":"ImageObject","inLanguage":"pt-PT","@id":"https:\/\/portaltela.pt\/s.01k8rhncp4jt1\/2025\/11\/talking-bot-125x125.png","url":"https:\/\/portaltela.pt\/s.01k8rhncp4jt1\/2025\/11\/talking-bot-125x125.png","contentUrl":"https:\/\/portaltela.pt\/s.01k8rhncp4jt1\/2025\/11\/talking-bot-125x125.png","caption":"Telinha"},"sameAs":["https:\/\/portaltela.pt\/"],"url":"https:\/\/portaltela.pt\/por\/367410592786\/"}]}},"_links":{"self":[{"href":"https:\/\/portaltela.pt\/api\/wp\/v2\/posts\/125605","targetHints":{"allow":["GET"]}}],"collection":[{"href":"https:\/\/portaltela.pt\/api\/wp\/v2\/posts"}],"about":[{"href":"https:\/\/portaltela.pt\/api\/wp\/v2\/types\/post"}],"author":[{"embeddable":true,"href":"https:\/\/portaltela.pt\/api\/wp\/v2\/users\/2"}],"replies":[{"embeddable":true,"href":"https:\/\/portaltela.pt\/api\/wp\/v2\/comments?post=125605"}],"version-history":[{"count":0,"href":"https:\/\/portaltela.pt\/api\/wp\/v2\/posts\/125605\/revisions"}],"wp:featuredmedia":[{"embeddable":true,"href":"https:\/\/portaltela.pt\/api\/wp\/v2\/media\/125609"}],"wp:attachment":[{"href":"https:\/\/portaltela.pt\/api\/wp\/v2\/media?parent=125605"}],"wp:term":[{"taxonomy":"category","embeddable":true,"href":"https:\/\/portaltela.pt\/api\/wp\/v2\/categories?post=125605"},{"taxonomy":"post_tag","embeddable":true,"href":"https:\/\/portaltela.pt\/api\/wp\/v2\/tags?post=125605"}],"curies":[{"name":"wp","href":"https:\/\/api.w.org\/{rel}","templated":true}]}}