{"id":125584,"date":"2026-01-08T06:29:32","date_gmt":"2026-01-08T09:29:32","guid":{"rendered":"https:\/\/portaltela.pt\/noticias\/2026\/01\/08\/incendio-em-garagem-de-urbanizacao-em-pacos-de-ferreira-desalojou-111-pessoas-3\/"},"modified":"2026-01-08T06:29:32","modified_gmt":"2026-01-08T09:29:32","slug":"incendio-em-garagem-de-urbanizacao-em-pacos-de-ferreira-desalojou-111-pessoas-3","status":"publish","type":"post","link":"https:\/\/portaltela.pt\/noticias\/2026\/01\/08\/incendio-em-garagem-de-urbanizacao-em-pacos-de-ferreira-desalojou-111-pessoas-3\/","title":{"rendered":"Inc\u00eandio em garagem de urbaniza\u00e7\u00e3o em Pa\u00e7os de Ferreira desalojou 111 pessoas"},"content":{"rendered":"<p>Inc\u00eandio na garagem de uma urbaniza\u00e7\u00e3o em Pa\u00e7os de Ferreira deixou 111 pessoas desalojadas. O fogo deflagrou na garagem subterr\u00e2nea da urbaniza\u00e7\u00e3o, com evacua\u00e7\u00e3o de nove pisos, numa ocorr\u00eancia ocorrida esta manh\u00e3 no concelho.<\/p>\n<p>As autoridades confirmaram o envolvimento de v\u00e1rias corpora\u00e7\u00f5es de bombeiros. At\u00e9 ao momento, n\u00e3o s\u00e3o avan\u00e7adas informa\u00e7\u00f5es sobre feridos graves, mantendo-se o estado de desalojamento ativo no conjunto habitacional.<\/p>\n<p>No local, 17 ve\u00edculos ficaram parcialmente queimados, entre carros, e quatro motocicletas tamb\u00e9m foram afetadas pelo fogo, cuja origem ainda n\u00e3o foi apurada. A situa\u00e7\u00e3o permanece em avalia\u00e7\u00e3o pelas autoridades competentes.<\/p>\n<h3>Desalojamento e atualiza\u00e7\u00e3o da opera\u00e7\u00e3o<\/h3>\n<p>Bombeiros mant\u00eam vigil\u00e2ncia sobre a \u00e1rea enquanto equipes trabalham na avalia\u00e7\u00e3o de danos e per\u00edcia. Os residentes permanecem fora das habita\u00e7\u00f5es, com acionamento de medidas de apoio pelas autoridades locais.<\/p>\n","protected":false},"excerpt":{"rendered":"<ul>\n<li>Inc\u00eandio numa garagem de uma urbaniza\u00e7\u00e3o em Pa\u00e7os de Ferreira deixou 111 pessoas desalojadas.<\/li>\n<li>Nove pisos do pr\u00e9dio foram evacuados.<\/li>\n<li>17 carros ficaram parcialmente queimados.<\/li>\n<li>Quatro motas ficaram parcialmente queimadas.<\/li>\n<li>N\u00e3o h\u00e1 informa\u00e7\u00f5es adicionais sobre feridos no momento.<\/li>\n<\/ul>\n","protected":false},"author":2,"featured_media":125585,"comment_status":"closed","ping_status":"closed","sticky":false,"template":"","format":"standard","meta":{"footnotes":""},"categories":[1],"tags":[971,2117,2636,150,1438,1499],"class_list":["post-125584","post","type-post","status-publish","format-standard","has-post-thumbnail","hentry","category-noticias","tag-bombeiros","tag-desalojados-internos","tag-desalojamento","tag-habitacao","tag-incendio","tag-pacos-de-ferreira"],"yoast_head":"<!-- This site is optimized with the Yoast SEO plugin v27.2 - https:\/\/yoast.com\/product\/yoast-seo-wordpress\/ -->\n<title>Inc\u00eandio em garagem de urbaniza\u00e7\u00e3o em Pa\u00e7os de Ferreira desalojou 111 pessoas - Portal Tela Portugal<\/title>\n<meta name=\"robots\" content=\"index, follow, max-snippet:-1, max-image-preview:large, max-video-preview:-1\" \/>\n<meta property=\"og:locale\" content=\"pt_PT\" \/>\n<meta property=\"og:type\" content=\"article\" \/>\n<meta property=\"og:title\" content=\"Inc\u00eandio em garagem de urbaniza\u00e7\u00e3o em Pa\u00e7os de Ferreira desalojou 111 pessoas - Portal Tela Portugal\" \/>\n<meta property=\"og:description\" content=\"Inc\u00eandio numa garagem de uma urbaniza\u00e7\u00e3o em Pa\u00e7os de Ferreira deixou 111 pessoas desalojadas. Nove pisos do pr\u00e9dio foram evacuados. 17 carros ficaram parcialmente queimados. Quatro motas ficaram parcialmente queimadas. N\u00e3o h\u00e1 informa\u00e7\u00f5es adicionais sobre feridos no momento.\" \/>\n<meta property=\"og:url\" content=\"https:\/\/portaltela.pt\/noticias\/2026\/01\/08\/incendio-em-garagem-de-urbanizacao-em-pacos-de-ferreira-desalojou-111-pessoas-3\/\" \/>\n<meta property=\"og:site_name\" content=\"Portal Tela Portugal\" \/>\n<meta property=\"article:published_time\" content=\"2026-01-08T09:29:32+00:00\" \/>\n<meta name=\"author\" content=\"Telinha\" \/>\n<meta name=\"twitter:card\" content=\"summary_large_image\" \/>\n<meta name=\"twitter:label1\" content=\"Escrito por\" \/>\n\t<meta name=\"twitter:data1\" content=\"Telinha\" \/>\n\t<meta name=\"twitter:label2\" content=\"Tempo estimado de leitura\" \/>\n\t<meta name=\"twitter:data2\" content=\"1 minuto\" \/>\n<script type=\"application\/ld+json\" class=\"yoast-schema-graph\">{\"@context\":\"https:\/\/schema.org\",\"@graph\":[{\"@type\":\"Article\",\"@id\":\"https:\/\/portaltela.pt\/noticias\/2026\/01\/08\/incendio-em-garagem-de-urbanizacao-em-pacos-de-ferreira-desalojou-111-pessoas-3\/#article\",\"isPartOf\":{\"@id\":\"https:\/\/portaltela.pt\/noticias\/2026\/01\/08\/incendio-em-garagem-de-urbanizacao-em-pacos-de-ferreira-desalojou-111-pessoas-3\/\"},\"author\":{\"name\":\"Telinha\",\"@id\":\"https:\/\/portaltela.pt\/#\/schema\/person\/c4278d4a6028830caff9ee44b42d32ed\"},\"headline\":\"Inc\u00eandio em garagem de urbaniza\u00e7\u00e3o em Pa\u00e7os de Ferreira desalojou 111 pessoas\",\"datePublished\":\"2026-01-08T09:29:32+00:00\",\"mainEntityOfPage\":{\"@id\":\"https:\/\/portaltela.pt\/noticias\/2026\/01\/08\/incendio-em-garagem-de-urbanizacao-em-pacos-de-ferreira-desalojou-111-pessoas-3\/\"},\"wordCount\":166,\"image\":{\"@id\":\"https:\/\/portaltela.pt\/noticias\/2026\/01\/08\/incendio-em-garagem-de-urbanizacao-em-pacos-de-ferreira-desalojou-111-pessoas-3\/#primaryimage\"},\"thumbnailUrl\":\"https:\/\/portaltela.pt\/s.01k8rhncp4jt1\/2026\/01\/img_1280x722uu2026-01-08-09-08-50-2258770.jpg\",\"keywords\":[\"bombeiros\",\"desalojados internos\",\"desalojamento\",\"habita\u00e7\u00e3o\",\"inc\u00eandio\",\"Pa\u00e7os de Ferreira\"],\"articleSection\":[\"Not\u00edcias\"],\"inLanguage\":\"pt-PT\"},{\"@type\":\"WebPage\",\"@id\":\"https:\/\/portaltela.pt\/noticias\/2026\/01\/08\/incendio-em-garagem-de-urbanizacao-em-pacos-de-ferreira-desalojou-111-pessoas-3\/\",\"url\":\"https:\/\/portaltela.pt\/noticias\/2026\/01\/08\/incendio-em-garagem-de-urbanizacao-em-pacos-de-ferreira-desalojou-111-pessoas-3\/\",\"name\":\"Inc\u00eandio em garagem de urbaniza\u00e7\u00e3o em Pa\u00e7os de Ferreira desalojou 111 pessoas - Portal Tela Portugal\",\"isPartOf\":{\"@id\":\"https:\/\/portaltela.pt\/#website\"},\"primaryImageOfPage\":{\"@id\":\"https:\/\/portaltela.pt\/noticias\/2026\/01\/08\/incendio-em-garagem-de-urbanizacao-em-pacos-de-ferreira-desalojou-111-pessoas-3\/#primaryimage\"},\"image\":{\"@id\":\"https:\/\/portaltela.pt\/noticias\/2026\/01\/08\/incendio-em-garagem-de-urbanizacao-em-pacos-de-ferreira-desalojou-111-pessoas-3\/#primaryimage\"},\"thumbnailUrl\":\"https:\/\/portaltela.pt\/s.01k8rhncp4jt1\/2026\/01\/img_1280x722uu2026-01-08-09-08-50-2258770.jpg\",\"datePublished\":\"2026-01-08T09:29:32+00:00\",\"author\":{\"@id\":\"https:\/\/portaltela.pt\/#\/schema\/person\/c4278d4a6028830caff9ee44b42d32ed\"},\"breadcrumb\":{\"@id\":\"https:\/\/portaltela.pt\/noticias\/2026\/01\/08\/incendio-em-garagem-de-urbanizacao-em-pacos-de-ferreira-desalojou-111-pessoas-3\/#breadcrumb\"},\"inLanguage\":\"pt-PT\",\"potentialAction\":[{\"@type\":\"ReadAction\",\"target\":[\"https:\/\/portaltela.pt\/noticias\/2026\/01\/08\/incendio-em-garagem-de-urbanizacao-em-pacos-de-ferreira-desalojou-111-pessoas-3\/\"]}]},{\"@type\":\"ImageObject\",\"inLanguage\":\"pt-PT\",\"@id\":\"https:\/\/portaltela.pt\/noticias\/2026\/01\/08\/incendio-em-garagem-de-urbanizacao-em-pacos-de-ferreira-desalojou-111-pessoas-3\/#primaryimage\",\"url\":\"https:\/\/portaltela.pt\/s.01k8rhncp4jt1\/2026\/01\/img_1280x722uu2026-01-08-09-08-50-2258770.jpg\",\"contentUrl\":\"https:\/\/portaltela.pt\/s.01k8rhncp4jt1\/2026\/01\/img_1280x722uu2026-01-08-09-08-50-2258770.jpg\",\"width\":796,\"height\":448,\"caption\":\"incendio frame\"},{\"@type\":\"BreadcrumbList\",\"@id\":\"https:\/\/portaltela.pt\/noticias\/2026\/01\/08\/incendio-em-garagem-de-urbanizacao-em-pacos-de-ferreira-desalojou-111-pessoas-3\/#breadcrumb\",\"itemListElement\":[{\"@type\":\"ListItem\",\"position\":1,\"name\":\"In\u00edcio\",\"item\":\"https:\/\/portaltela.pt\/\"},{\"@type\":\"ListItem\",\"position\":2,\"name\":\"Inc\u00eandio em garagem de urbaniza\u00e7\u00e3o em Pa\u00e7os de Ferreira desalojou 111 pessoas\"}]},{\"@type\":\"WebSite\",\"@id\":\"https:\/\/portaltela.pt\/#website\",\"url\":\"https:\/\/portaltela.pt\/\",\"name\":\"Portal Tela Portugal\",\"description\":\"\",\"potentialAction\":[{\"@type\":\"SearchAction\",\"target\":{\"@type\":\"EntryPoint\",\"urlTemplate\":\"https:\/\/portaltela.pt\/?s={search_term_string}\"},\"query-input\":{\"@type\":\"PropertyValueSpecification\",\"valueRequired\":true,\"valueName\":\"search_term_string\"}}],\"inLanguage\":\"pt-PT\"},{\"@type\":\"Person\",\"@id\":\"https:\/\/portaltela.pt\/#\/schema\/person\/c4278d4a6028830caff9ee44b42d32ed\",\"name\":\"Telinha\",\"image\":{\"@type\":\"ImageObject\",\"inLanguage\":\"pt-PT\",\"@id\":\"https:\/\/portaltela.pt\/s.01k8rhncp4jt1\/2025\/11\/talking-bot-125x125.png\",\"url\":\"https:\/\/portaltela.pt\/s.01k8rhncp4jt1\/2025\/11\/talking-bot-125x125.png\",\"contentUrl\":\"https:\/\/portaltela.pt\/s.01k8rhncp4jt1\/2025\/11\/talking-bot-125x125.png\",\"caption\":\"Telinha\"},\"sameAs\":[\"https:\/\/portaltela.pt\/\"],\"url\":\"https:\/\/portaltela.pt\/por\/367410592786\/\"}]}<\/script>\n<!-- \/ Yoast SEO plugin. -->","yoast_head_json":{"title":"Inc\u00eandio em garagem de urbaniza\u00e7\u00e3o em Pa\u00e7os de Ferreira desalojou 111 pessoas - Portal Tela Portugal","robots":{"index":"index","follow":"follow","max-snippet":"max-snippet:-1","max-image-preview":"max-image-preview:large","max-video-preview":"max-video-preview:-1"},"og_locale":"pt_PT","og_type":"article","og_title":"Inc\u00eandio em garagem de urbaniza\u00e7\u00e3o em Pa\u00e7os de Ferreira desalojou 111 pessoas - Portal Tela Portugal","og_description":"Inc\u00eandio numa garagem de uma urbaniza\u00e7\u00e3o em Pa\u00e7os de Ferreira deixou 111 pessoas desalojadas. Nove pisos do pr\u00e9dio foram evacuados. 17 carros ficaram parcialmente queimados. Quatro motas ficaram parcialmente queimadas. N\u00e3o h\u00e1 informa\u00e7\u00f5es adicionais sobre feridos no momento.","og_url":"https:\/\/portaltela.pt\/noticias\/2026\/01\/08\/incendio-em-garagem-de-urbanizacao-em-pacos-de-ferreira-desalojou-111-pessoas-3\/","og_site_name":"Portal Tela Portugal","article_published_time":"2026-01-08T09:29:32+00:00","author":"Telinha","twitter_card":"summary_large_image","twitter_misc":{"Escrito por":"Telinha","Tempo estimado de leitura":"1 minuto"},"schema":{"@context":"https:\/\/schema.org","@graph":[{"@type":"Article","@id":"https:\/\/portaltela.pt\/noticias\/2026\/01\/08\/incendio-em-garagem-de-urbanizacao-em-pacos-de-ferreira-desalojou-111-pessoas-3\/#article","isPartOf":{"@id":"https:\/\/portaltela.pt\/noticias\/2026\/01\/08\/incendio-em-garagem-de-urbanizacao-em-pacos-de-ferreira-desalojou-111-pessoas-3\/"},"author":{"name":"Telinha","@id":"https:\/\/portaltela.pt\/#\/schema\/person\/c4278d4a6028830caff9ee44b42d32ed"},"headline":"Inc\u00eandio em garagem de urbaniza\u00e7\u00e3o em Pa\u00e7os de Ferreira desalojou 111 pessoas","datePublished":"2026-01-08T09:29:32+00:00","mainEntityOfPage":{"@id":"https:\/\/portaltela.pt\/noticias\/2026\/01\/08\/incendio-em-garagem-de-urbanizacao-em-pacos-de-ferreira-desalojou-111-pessoas-3\/"},"wordCount":166,"image":{"@id":"https:\/\/portaltela.pt\/noticias\/2026\/01\/08\/incendio-em-garagem-de-urbanizacao-em-pacos-de-ferreira-desalojou-111-pessoas-3\/#primaryimage"},"thumbnailUrl":"https:\/\/portaltela.pt\/s.01k8rhncp4jt1\/2026\/01\/img_1280x722uu2026-01-08-09-08-50-2258770.jpg","keywords":["bombeiros","desalojados internos","desalojamento","habita\u00e7\u00e3o","inc\u00eandio","Pa\u00e7os de Ferreira"],"articleSection":["Not\u00edcias"],"inLanguage":"pt-PT"},{"@type":"WebPage","@id":"https:\/\/portaltela.pt\/noticias\/2026\/01\/08\/incendio-em-garagem-de-urbanizacao-em-pacos-de-ferreira-desalojou-111-pessoas-3\/","url":"https:\/\/portaltela.pt\/noticias\/2026\/01\/08\/incendio-em-garagem-de-urbanizacao-em-pacos-de-ferreira-desalojou-111-pessoas-3\/","name":"Inc\u00eandio em garagem de urbaniza\u00e7\u00e3o em Pa\u00e7os de Ferreira desalojou 111 pessoas - Portal Tela Portugal","isPartOf":{"@id":"https:\/\/portaltela.pt\/#website"},"primaryImageOfPage":{"@id":"https:\/\/portaltela.pt\/noticias\/2026\/01\/08\/incendio-em-garagem-de-urbanizacao-em-pacos-de-ferreira-desalojou-111-pessoas-3\/#primaryimage"},"image":{"@id":"https:\/\/portaltela.pt\/noticias\/2026\/01\/08\/incendio-em-garagem-de-urbanizacao-em-pacos-de-ferreira-desalojou-111-pessoas-3\/#primaryimage"},"thumbnailUrl":"https:\/\/portaltela.pt\/s.01k8rhncp4jt1\/2026\/01\/img_1280x722uu2026-01-08-09-08-50-2258770.jpg","datePublished":"2026-01-08T09:29:32+00:00","author":{"@id":"https:\/\/portaltela.pt\/#\/schema\/person\/c4278d4a6028830caff9ee44b42d32ed"},"breadcrumb":{"@id":"https:\/\/portaltela.pt\/noticias\/2026\/01\/08\/incendio-em-garagem-de-urbanizacao-em-pacos-de-ferreira-desalojou-111-pessoas-3\/#breadcrumb"},"inLanguage":"pt-PT","potentialAction":[{"@type":"ReadAction","target":["https:\/\/portaltela.pt\/noticias\/2026\/01\/08\/incendio-em-garagem-de-urbanizacao-em-pacos-de-ferreira-desalojou-111-pessoas-3\/"]}]},{"@type":"ImageObject","inLanguage":"pt-PT","@id":"https:\/\/portaltela.pt\/noticias\/2026\/01\/08\/incendio-em-garagem-de-urbanizacao-em-pacos-de-ferreira-desalojou-111-pessoas-3\/#primaryimage","url":"https:\/\/portaltela.pt\/s.01k8rhncp4jt1\/2026\/01\/img_1280x722uu2026-01-08-09-08-50-2258770.jpg","contentUrl":"https:\/\/portaltela.pt\/s.01k8rhncp4jt1\/2026\/01\/img_1280x722uu2026-01-08-09-08-50-2258770.jpg","width":796,"height":448,"caption":"incendio frame"},{"@type":"BreadcrumbList","@id":"https:\/\/portaltela.pt\/noticias\/2026\/01\/08\/incendio-em-garagem-de-urbanizacao-em-pacos-de-ferreira-desalojou-111-pessoas-3\/#breadcrumb","itemListElement":[{"@type":"ListItem","position":1,"name":"In\u00edcio","item":"https:\/\/portaltela.pt\/"},{"@type":"ListItem","position":2,"name":"Inc\u00eandio em garagem de urbaniza\u00e7\u00e3o em Pa\u00e7os de Ferreira desalojou 111 pessoas"}]},{"@type":"WebSite","@id":"https:\/\/portaltela.pt\/#website","url":"https:\/\/portaltela.pt\/","name":"Portal Tela Portugal","description":"","potentialAction":[{"@type":"SearchAction","target":{"@type":"EntryPoint","urlTemplate":"https:\/\/portaltela.pt\/?s={search_term_string}"},"query-input":{"@type":"PropertyValueSpecification","valueRequired":true,"valueName":"search_term_string"}}],"inLanguage":"pt-PT"},{"@type":"Person","@id":"https:\/\/portaltela.pt\/#\/schema\/person\/c4278d4a6028830caff9ee44b42d32ed","name":"Telinha","image":{"@type":"ImageObject","inLanguage":"pt-PT","@id":"https:\/\/portaltela.pt\/s.01k8rhncp4jt1\/2025\/11\/talking-bot-125x125.png","url":"https:\/\/portaltela.pt\/s.01k8rhncp4jt1\/2025\/11\/talking-bot-125x125.png","contentUrl":"https:\/\/portaltela.pt\/s.01k8rhncp4jt1\/2025\/11\/talking-bot-125x125.png","caption":"Telinha"},"sameAs":["https:\/\/portaltela.pt\/"],"url":"https:\/\/portaltela.pt\/por\/367410592786\/"}]}},"_links":{"self":[{"href":"https:\/\/portaltela.pt\/api\/wp\/v2\/posts\/125584","targetHints":{"allow":["GET"]}}],"collection":[{"href":"https:\/\/portaltela.pt\/api\/wp\/v2\/posts"}],"about":[{"href":"https:\/\/portaltela.pt\/api\/wp\/v2\/types\/post"}],"author":[{"embeddable":true,"href":"https:\/\/portaltela.pt\/api\/wp\/v2\/users\/2"}],"replies":[{"embeddable":true,"href":"https:\/\/portaltela.pt\/api\/wp\/v2\/comments?post=125584"}],"version-history":[{"count":0,"href":"https:\/\/portaltela.pt\/api\/wp\/v2\/posts\/125584\/revisions"}],"wp:featuredmedia":[{"embeddable":true,"href":"https:\/\/portaltela.pt\/api\/wp\/v2\/media\/125585"}],"wp:attachment":[{"href":"https:\/\/portaltela.pt\/api\/wp\/v2\/media?parent=125584"}],"wp:term":[{"taxonomy":"category","embeddable":true,"href":"https:\/\/portaltela.pt\/api\/wp\/v2\/categories?post=125584"},{"taxonomy":"post_tag","embeddable":true,"href":"https:\/\/portaltela.pt\/api\/wp\/v2\/tags?post=125584"}],"curies":[{"name":"wp","href":"https:\/\/api.w.org\/{rel}","templated":true}]}}