{"id":125490,"date":"2026-01-08T05:11:32","date_gmt":"2026-01-08T08:11:32","guid":{"rendered":"https:\/\/portaltela.pt\/noticias\/2026\/01\/08\/mais-de-100-mortos-em-acidentes-de-transito-em-timor-leste-em-2025\/"},"modified":"2026-01-08T05:11:32","modified_gmt":"2026-01-08T08:11:32","slug":"mais-de-100-mortos-em-acidentes-de-transito-em-timor-leste-em-2025","status":"publish","type":"post","link":"https:\/\/portaltela.pt\/noticias\/2026\/01\/08\/mais-de-100-mortos-em-acidentes-de-transito-em-timor-leste-em-2025\/","title":{"rendered":"Mais de 100 mortos em acidentes de tr\u00e2nsito em Timor-Leste em 2025"},"content":{"rendered":"<p>No Timor-Leste, foram registados 2.224 acidentes de via\u00e7\u00e3o em 2025, com 114 mortos e 411 feridos graves, segundo a Pol\u00edcia Nacional de Timor-Leste (PNTL).<\/p>\n<p>O comandante Domingos Sarmento Gama, chefe do departamento de Coordena\u00e7\u00e3o da Gest\u00e3o de Risco, afirmou em D\u00edli que os n\u00fameros indicam um \u00edndice elevado de acidentes no territ\u00f3rio, e que 90% das causas se devem ao desrespeito pelas regras de tr\u00e2nsito.<\/p>\n<p>Em 2024, a pol\u00edcia j\u00e1 tinha registado 90 mortes em acidentes de via\u00e7\u00e3o, indicando uma recupera\u00e7\u00e3o de n\u00fameros elevados no \u00faltimo ano. D\u00edli foi a cidade com maior incid\u00eancia, registando 1.297 acidentes e 33 \u00f3bitos.<\/p>\n<h3>Dados por \u00e1rea<\/h3>\n<p>D\u00edli foi o munic\u00edpio com mais acidentes e \u00f3bitos, destacando-se como o principal foco de ocorr\u00eancias. Autoridades destacam a necessidade de refor\u00e7ar procedimentos de sensibiliza\u00e7\u00e3o e fiscaliza\u00e7\u00e3o para reduzir o \u00edndice de incumprimento das regras de tr\u00e2nsito.<\/p>\n","protected":false},"excerpt":{"rendered":"<ul>\n<li>Em Timor-Leste, o ano de 2025 registou 2.224 acidentes de via\u00e7\u00e3o, com 114 mortos e 411 feridos graves.<\/li>\n<li>Os dados foram apresentados pela Pol\u00edcia Nacional de Timor-Leste (PNTL) em D\u00edli.<\/li>\n<li>O chefe do departamento de Coordena\u00e7\u00e3o da Gest\u00e3o de Risco afirmou que o n\u00famero de acidentes permanece elevado.<\/li>\n<li>Em 2024, a pol\u00edcia registou 90 mortos por acidentes de tr\u00e2nsito.<\/li>\n<li>O respons\u00e1vel referiu que 90% das causas est\u00e3o relacionadas com o desrespeito \u00e0s regras de tr\u00e2nsito; D\u00edli foi a zona com mais acidentes (1.297) e mais mortos (33).<\/li>\n<\/ul>\n","protected":false},"author":2,"featured_media":125502,"comment_status":"closed","ping_status":"closed","sticky":false,"template":"","format":"standard","meta":{"footnotes":""},"categories":[1],"tags":[2088,1932,2335,2507,1124,250],"class_list":["post-125490","post","type-post","status-publish","format-standard","has-post-thumbnail","hentry","category-noticias","tag-acidente-de-viacao","tag-acidentes-de-viacao","tag-acidentes-rodoviarios","tag-dili","tag-infracoes-de-transito","tag-seguranca-publica"],"yoast_head":"<!-- This site is optimized with the Yoast SEO plugin v27.2 - https:\/\/yoast.com\/product\/yoast-seo-wordpress\/ -->\n<title>Mais de 100 mortos em acidentes de tr\u00e2nsito em Timor-Leste em 2025 - Portal Tela Portugal<\/title>\n<meta name=\"robots\" content=\"index, follow, max-snippet:-1, max-image-preview:large, max-video-preview:-1\" \/>\n<meta property=\"og:locale\" content=\"pt_PT\" \/>\n<meta property=\"og:type\" content=\"article\" \/>\n<meta property=\"og:title\" content=\"Mais de 100 mortos em acidentes de tr\u00e2nsito em Timor-Leste em 2025 - Portal Tela Portugal\" \/>\n<meta property=\"og:description\" content=\"Em Timor-Leste, o ano de 2025 registou 2.224 acidentes de via\u00e7\u00e3o, com 114 mortos e 411 feridos graves. Os dados foram apresentados pela Pol\u00edcia Nacional de Timor-Leste (PNTL) em D\u00edli. O chefe do departamento de Coordena\u00e7\u00e3o da Gest\u00e3o de Risco afirmou que o n\u00famero de acidentes permanece elevado. Em 2024, a pol\u00edcia registou 90 mortos por acidentes de tr\u00e2nsito. O respons\u00e1vel referiu que 90% das causas est\u00e3o relacionadas com o desrespeito \u00e0s regras de tr\u00e2nsito; D\u00edli foi a zona com mais acidentes (1.297) e mais mortos (33).\" \/>\n<meta property=\"og:url\" content=\"https:\/\/portaltela.pt\/noticias\/2026\/01\/08\/mais-de-100-mortos-em-acidentes-de-transito-em-timor-leste-em-2025\/\" \/>\n<meta property=\"og:site_name\" content=\"Portal Tela Portugal\" \/>\n<meta property=\"article:published_time\" content=\"2026-01-08T08:11:32+00:00\" \/>\n<meta name=\"author\" content=\"Telinha\" \/>\n<meta name=\"twitter:card\" content=\"summary_large_image\" \/>\n<meta name=\"twitter:label1\" content=\"Escrito por\" \/>\n\t<meta name=\"twitter:data1\" content=\"Telinha\" \/>\n\t<meta name=\"twitter:label2\" content=\"Tempo estimado de leitura\" \/>\n\t<meta name=\"twitter:data2\" content=\"1 minuto\" \/>\n<script type=\"application\/ld+json\" class=\"yoast-schema-graph\">{\"@context\":\"https:\/\/schema.org\",\"@graph\":[{\"@type\":\"Article\",\"@id\":\"https:\/\/portaltela.pt\/noticias\/2026\/01\/08\/mais-de-100-mortos-em-acidentes-de-transito-em-timor-leste-em-2025\/#article\",\"isPartOf\":{\"@id\":\"https:\/\/portaltela.pt\/noticias\/2026\/01\/08\/mais-de-100-mortos-em-acidentes-de-transito-em-timor-leste-em-2025\/\"},\"author\":{\"name\":\"Telinha\",\"@id\":\"https:\/\/portaltela.pt\/#\/schema\/person\/c4278d4a6028830caff9ee44b42d32ed\"},\"headline\":\"Mais de 100 mortos em acidentes de tr\u00e2nsito em Timor-Leste em 2025\",\"datePublished\":\"2026-01-08T08:11:32+00:00\",\"mainEntityOfPage\":{\"@id\":\"https:\/\/portaltela.pt\/noticias\/2026\/01\/08\/mais-de-100-mortos-em-acidentes-de-transito-em-timor-leste-em-2025\/\"},\"wordCount\":163,\"image\":{\"@id\":\"https:\/\/portaltela.pt\/noticias\/2026\/01\/08\/mais-de-100-mortos-em-acidentes-de-transito-em-timor-leste-em-2025\/#primaryimage\"},\"thumbnailUrl\":\"https:\/\/portaltela.pt\/s.01k8rhncp4jt1\/2026\/01\/unnamed-file-1559.jpg\",\"keywords\":[\"acidente de via\u00e7\u00e3o\",\"acidentes de via\u00e7\u00e3o\",\"acidentes rodovi\u00e1rios\",\"D\u00edli\",\"infra\u00e7\u00f5es de tr\u00e2nsito\",\"seguran\u00e7a p\u00fablica\"],\"articleSection\":[\"Not\u00edcias\"],\"inLanguage\":\"pt-PT\"},{\"@type\":\"WebPage\",\"@id\":\"https:\/\/portaltela.pt\/noticias\/2026\/01\/08\/mais-de-100-mortos-em-acidentes-de-transito-em-timor-leste-em-2025\/\",\"url\":\"https:\/\/portaltela.pt\/noticias\/2026\/01\/08\/mais-de-100-mortos-em-acidentes-de-transito-em-timor-leste-em-2025\/\",\"name\":\"Mais de 100 mortos em acidentes de tr\u00e2nsito em Timor-Leste em 2025 - Portal Tela Portugal\",\"isPartOf\":{\"@id\":\"https:\/\/portaltela.pt\/#website\"},\"primaryImageOfPage\":{\"@id\":\"https:\/\/portaltela.pt\/noticias\/2026\/01\/08\/mais-de-100-mortos-em-acidentes-de-transito-em-timor-leste-em-2025\/#primaryimage\"},\"image\":{\"@id\":\"https:\/\/portaltela.pt\/noticias\/2026\/01\/08\/mais-de-100-mortos-em-acidentes-de-transito-em-timor-leste-em-2025\/#primaryimage\"},\"thumbnailUrl\":\"https:\/\/portaltela.pt\/s.01k8rhncp4jt1\/2026\/01\/unnamed-file-1559.jpg\",\"datePublished\":\"2026-01-08T08:11:32+00:00\",\"author\":{\"@id\":\"https:\/\/portaltela.pt\/#\/schema\/person\/c4278d4a6028830caff9ee44b42d32ed\"},\"breadcrumb\":{\"@id\":\"https:\/\/portaltela.pt\/noticias\/2026\/01\/08\/mais-de-100-mortos-em-acidentes-de-transito-em-timor-leste-em-2025\/#breadcrumb\"},\"inLanguage\":\"pt-PT\",\"potentialAction\":[{\"@type\":\"ReadAction\",\"target\":[\"https:\/\/portaltela.pt\/noticias\/2026\/01\/08\/mais-de-100-mortos-em-acidentes-de-transito-em-timor-leste-em-2025\/\"]}]},{\"@type\":\"ImageObject\",\"inLanguage\":\"pt-PT\",\"@id\":\"https:\/\/portaltela.pt\/noticias\/2026\/01\/08\/mais-de-100-mortos-em-acidentes-de-transito-em-timor-leste-em-2025\/#primaryimage\",\"url\":\"https:\/\/portaltela.pt\/s.01k8rhncp4jt1\/2026\/01\/unnamed-file-1559.jpg\",\"contentUrl\":\"https:\/\/portaltela.pt\/s.01k8rhncp4jt1\/2026\/01\/unnamed-file-1559.jpg\",\"width\":796,\"height\":448,\"caption\":\"Mais de 100 mortos em acidentes de tr\u00e2nsito em Timor-Leste em 2025\"},{\"@type\":\"BreadcrumbList\",\"@id\":\"https:\/\/portaltela.pt\/noticias\/2026\/01\/08\/mais-de-100-mortos-em-acidentes-de-transito-em-timor-leste-em-2025\/#breadcrumb\",\"itemListElement\":[{\"@type\":\"ListItem\",\"position\":1,\"name\":\"In\u00edcio\",\"item\":\"https:\/\/portaltela.pt\/\"},{\"@type\":\"ListItem\",\"position\":2,\"name\":\"Mais de 100 mortos em acidentes de tr\u00e2nsito em Timor-Leste em 2025\"}]},{\"@type\":\"WebSite\",\"@id\":\"https:\/\/portaltela.pt\/#website\",\"url\":\"https:\/\/portaltela.pt\/\",\"name\":\"Portal Tela Portugal\",\"description\":\"\",\"potentialAction\":[{\"@type\":\"SearchAction\",\"target\":{\"@type\":\"EntryPoint\",\"urlTemplate\":\"https:\/\/portaltela.pt\/?s={search_term_string}\"},\"query-input\":{\"@type\":\"PropertyValueSpecification\",\"valueRequired\":true,\"valueName\":\"search_term_string\"}}],\"inLanguage\":\"pt-PT\"},{\"@type\":\"Person\",\"@id\":\"https:\/\/portaltela.pt\/#\/schema\/person\/c4278d4a6028830caff9ee44b42d32ed\",\"name\":\"Telinha\",\"image\":{\"@type\":\"ImageObject\",\"inLanguage\":\"pt-PT\",\"@id\":\"https:\/\/portaltela.pt\/s.01k8rhncp4jt1\/2025\/11\/talking-bot-125x125.png\",\"url\":\"https:\/\/portaltela.pt\/s.01k8rhncp4jt1\/2025\/11\/talking-bot-125x125.png\",\"contentUrl\":\"https:\/\/portaltela.pt\/s.01k8rhncp4jt1\/2025\/11\/talking-bot-125x125.png\",\"caption\":\"Telinha\"},\"sameAs\":[\"https:\/\/portaltela.pt\/\"],\"url\":\"https:\/\/portaltela.pt\/por\/367410592786\/\"}]}<\/script>\n<!-- \/ Yoast SEO plugin. -->","yoast_head_json":{"title":"Mais de 100 mortos em acidentes de tr\u00e2nsito em Timor-Leste em 2025 - Portal Tela Portugal","robots":{"index":"index","follow":"follow","max-snippet":"max-snippet:-1","max-image-preview":"max-image-preview:large","max-video-preview":"max-video-preview:-1"},"og_locale":"pt_PT","og_type":"article","og_title":"Mais de 100 mortos em acidentes de tr\u00e2nsito em Timor-Leste em 2025 - Portal Tela Portugal","og_description":"Em Timor-Leste, o ano de 2025 registou 2.224 acidentes de via\u00e7\u00e3o, com 114 mortos e 411 feridos graves. Os dados foram apresentados pela Pol\u00edcia Nacional de Timor-Leste (PNTL) em D\u00edli. O chefe do departamento de Coordena\u00e7\u00e3o da Gest\u00e3o de Risco afirmou que o n\u00famero de acidentes permanece elevado. Em 2024, a pol\u00edcia registou 90 mortos por acidentes de tr\u00e2nsito. O respons\u00e1vel referiu que 90% das causas est\u00e3o relacionadas com o desrespeito \u00e0s regras de tr\u00e2nsito; D\u00edli foi a zona com mais acidentes (1.297) e mais mortos (33).","og_url":"https:\/\/portaltela.pt\/noticias\/2026\/01\/08\/mais-de-100-mortos-em-acidentes-de-transito-em-timor-leste-em-2025\/","og_site_name":"Portal Tela Portugal","article_published_time":"2026-01-08T08:11:32+00:00","author":"Telinha","twitter_card":"summary_large_image","twitter_misc":{"Escrito por":"Telinha","Tempo estimado de leitura":"1 minuto"},"schema":{"@context":"https:\/\/schema.org","@graph":[{"@type":"Article","@id":"https:\/\/portaltela.pt\/noticias\/2026\/01\/08\/mais-de-100-mortos-em-acidentes-de-transito-em-timor-leste-em-2025\/#article","isPartOf":{"@id":"https:\/\/portaltela.pt\/noticias\/2026\/01\/08\/mais-de-100-mortos-em-acidentes-de-transito-em-timor-leste-em-2025\/"},"author":{"name":"Telinha","@id":"https:\/\/portaltela.pt\/#\/schema\/person\/c4278d4a6028830caff9ee44b42d32ed"},"headline":"Mais de 100 mortos em acidentes de tr\u00e2nsito em Timor-Leste em 2025","datePublished":"2026-01-08T08:11:32+00:00","mainEntityOfPage":{"@id":"https:\/\/portaltela.pt\/noticias\/2026\/01\/08\/mais-de-100-mortos-em-acidentes-de-transito-em-timor-leste-em-2025\/"},"wordCount":163,"image":{"@id":"https:\/\/portaltela.pt\/noticias\/2026\/01\/08\/mais-de-100-mortos-em-acidentes-de-transito-em-timor-leste-em-2025\/#primaryimage"},"thumbnailUrl":"https:\/\/portaltela.pt\/s.01k8rhncp4jt1\/2026\/01\/unnamed-file-1559.jpg","keywords":["acidente de via\u00e7\u00e3o","acidentes de via\u00e7\u00e3o","acidentes rodovi\u00e1rios","D\u00edli","infra\u00e7\u00f5es de tr\u00e2nsito","seguran\u00e7a p\u00fablica"],"articleSection":["Not\u00edcias"],"inLanguage":"pt-PT"},{"@type":"WebPage","@id":"https:\/\/portaltela.pt\/noticias\/2026\/01\/08\/mais-de-100-mortos-em-acidentes-de-transito-em-timor-leste-em-2025\/","url":"https:\/\/portaltela.pt\/noticias\/2026\/01\/08\/mais-de-100-mortos-em-acidentes-de-transito-em-timor-leste-em-2025\/","name":"Mais de 100 mortos em acidentes de tr\u00e2nsito em Timor-Leste em 2025 - Portal Tela Portugal","isPartOf":{"@id":"https:\/\/portaltela.pt\/#website"},"primaryImageOfPage":{"@id":"https:\/\/portaltela.pt\/noticias\/2026\/01\/08\/mais-de-100-mortos-em-acidentes-de-transito-em-timor-leste-em-2025\/#primaryimage"},"image":{"@id":"https:\/\/portaltela.pt\/noticias\/2026\/01\/08\/mais-de-100-mortos-em-acidentes-de-transito-em-timor-leste-em-2025\/#primaryimage"},"thumbnailUrl":"https:\/\/portaltela.pt\/s.01k8rhncp4jt1\/2026\/01\/unnamed-file-1559.jpg","datePublished":"2026-01-08T08:11:32+00:00","author":{"@id":"https:\/\/portaltela.pt\/#\/schema\/person\/c4278d4a6028830caff9ee44b42d32ed"},"breadcrumb":{"@id":"https:\/\/portaltela.pt\/noticias\/2026\/01\/08\/mais-de-100-mortos-em-acidentes-de-transito-em-timor-leste-em-2025\/#breadcrumb"},"inLanguage":"pt-PT","potentialAction":[{"@type":"ReadAction","target":["https:\/\/portaltela.pt\/noticias\/2026\/01\/08\/mais-de-100-mortos-em-acidentes-de-transito-em-timor-leste-em-2025\/"]}]},{"@type":"ImageObject","inLanguage":"pt-PT","@id":"https:\/\/portaltela.pt\/noticias\/2026\/01\/08\/mais-de-100-mortos-em-acidentes-de-transito-em-timor-leste-em-2025\/#primaryimage","url":"https:\/\/portaltela.pt\/s.01k8rhncp4jt1\/2026\/01\/unnamed-file-1559.jpg","contentUrl":"https:\/\/portaltela.pt\/s.01k8rhncp4jt1\/2026\/01\/unnamed-file-1559.jpg","width":796,"height":448,"caption":"Mais de 100 mortos em acidentes de tr\u00e2nsito em Timor-Leste em 2025"},{"@type":"BreadcrumbList","@id":"https:\/\/portaltela.pt\/noticias\/2026\/01\/08\/mais-de-100-mortos-em-acidentes-de-transito-em-timor-leste-em-2025\/#breadcrumb","itemListElement":[{"@type":"ListItem","position":1,"name":"In\u00edcio","item":"https:\/\/portaltela.pt\/"},{"@type":"ListItem","position":2,"name":"Mais de 100 mortos em acidentes de tr\u00e2nsito em Timor-Leste em 2025"}]},{"@type":"WebSite","@id":"https:\/\/portaltela.pt\/#website","url":"https:\/\/portaltela.pt\/","name":"Portal Tela Portugal","description":"","potentialAction":[{"@type":"SearchAction","target":{"@type":"EntryPoint","urlTemplate":"https:\/\/portaltela.pt\/?s={search_term_string}"},"query-input":{"@type":"PropertyValueSpecification","valueRequired":true,"valueName":"search_term_string"}}],"inLanguage":"pt-PT"},{"@type":"Person","@id":"https:\/\/portaltela.pt\/#\/schema\/person\/c4278d4a6028830caff9ee44b42d32ed","name":"Telinha","image":{"@type":"ImageObject","inLanguage":"pt-PT","@id":"https:\/\/portaltela.pt\/s.01k8rhncp4jt1\/2025\/11\/talking-bot-125x125.png","url":"https:\/\/portaltela.pt\/s.01k8rhncp4jt1\/2025\/11\/talking-bot-125x125.png","contentUrl":"https:\/\/portaltela.pt\/s.01k8rhncp4jt1\/2025\/11\/talking-bot-125x125.png","caption":"Telinha"},"sameAs":["https:\/\/portaltela.pt\/"],"url":"https:\/\/portaltela.pt\/por\/367410592786\/"}]}},"_links":{"self":[{"href":"https:\/\/portaltela.pt\/api\/wp\/v2\/posts\/125490","targetHints":{"allow":["GET"]}}],"collection":[{"href":"https:\/\/portaltela.pt\/api\/wp\/v2\/posts"}],"about":[{"href":"https:\/\/portaltela.pt\/api\/wp\/v2\/types\/post"}],"author":[{"embeddable":true,"href":"https:\/\/portaltela.pt\/api\/wp\/v2\/users\/2"}],"replies":[{"embeddable":true,"href":"https:\/\/portaltela.pt\/api\/wp\/v2\/comments?post=125490"}],"version-history":[{"count":0,"href":"https:\/\/portaltela.pt\/api\/wp\/v2\/posts\/125490\/revisions"}],"wp:featuredmedia":[{"embeddable":true,"href":"https:\/\/portaltela.pt\/api\/wp\/v2\/media\/125502"}],"wp:attachment":[{"href":"https:\/\/portaltela.pt\/api\/wp\/v2\/media?parent=125490"}],"wp:term":[{"taxonomy":"category","embeddable":true,"href":"https:\/\/portaltela.pt\/api\/wp\/v2\/categories?post=125490"},{"taxonomy":"post_tag","embeddable":true,"href":"https:\/\/portaltela.pt\/api\/wp\/v2\/tags?post=125490"}],"curies":[{"name":"wp","href":"https:\/\/api.w.org\/{rel}","templated":true}]}}