{"id":125406,"date":"2026-01-08T05:06:00","date_gmt":"2026-01-08T08:06:00","guid":{"rendered":"https:\/\/portaltela.pt\/noticias\/2026\/01\/08\/biotecnologica-apoiada-por-ronaldo-dalot-e-neuer-fecha-parceria-com-unilabs\/"},"modified":"2026-01-08T05:06:00","modified_gmt":"2026-01-08T08:06:00","slug":"biotecnologica-apoiada-por-ronaldo-dalot-e-neuer-fecha-parceria-com-unilabs","status":"publish","type":"post","link":"https:\/\/portaltela.pt\/noticias\/economia\/2026\/01\/08\/biotecnologica-apoiada-por-ronaldo-dalot-e-neuer-fecha-parceria-com-unilabs\/","title":{"rendered":"Biotecnol\u00f3gica apoiada por Ronaldo, Dalot e Neuer fecha parceria com Unilabs"},"content":{"rendered":"<p>A Bioniq, biotecnol\u00f3gica brit\u00e2nica apoiada por Ronaldo, Dalot e Neuer, fechou uma parceria com a Unilabs Portugal para diagn\u00f3stico cl\u00ednico dos utilizadores em Portugal. A startup est\u00e1 avaliada em 82 milh\u00f5es de d\u00f3lares.<\/p>\n<p>A Unilabs Portugal ficar\u00e1 respons\u00e1vel por todas as an\u00e1lises laboratoriais necess\u00e1rias aos utilizadores da vers\u00e3o Pro da plataforma Bioniq em territ\u00f3rio nacional, abrangendo os testes de sangue.<\/p>\n<p>A plataforma oferece duas abordagens de suplementa\u00e7\u00e3o: uma com base gen\u00e9tica, atrav\u00e9s de question\u00e1rios, e a Bioniq Pro, que utiliza dados laboratoriais para uma personaliza\u00e7\u00e3o mais precisa.<\/p>\n<h3>Parceria estrat\u00e9gica com a Unilabs Portugal<\/h3>\n<p>As an\u00e1lises de sangue monitorizam vitaminas, minerais, marcadores inflamat\u00f3rios e indicadores metab\u00f3licos, agora dispon\u00edveis aos utilizadores da Bioniq via a rede Unilabs.<\/p>\n<p>O investimento em 2024 permitiu \u00e0 Bioniq crescer para al\u00e9m dos 82 milh\u00f5es de d\u00f3lares, com o objetivo de ampliar acesso \u00e0 suplementa\u00e7\u00e3o personalizada de precis\u00e3o.<\/p>\n<p>Entre os investidores constam personalidades do desporto, como Cristiano Ronaldo, Diogo Dalot e Manuel Neuer, refor\u00e7ando o alcance global da startup fundada em 2019.<\/p>\n","protected":false},"excerpt":{"rendered":"<ul>\n<li>A biotecnol\u00f3gica Bioniq, apoiada por Cristiano Ronaldo, Diogo Dalot e Manuel Neuer, fecha parceria com a Unilabs Portugal para diagn\u00f3sticos cl\u00ednicos dos utilizadores em Portugal, com todas as an\u00e1lises a passar a ser realizadas pela rede Unilabs, numa avalia\u00e7\u00e3o de 82 milh\u00f5es de d\u00f3lares.<\/li>\n<li>A Bioniq atua na suplementa\u00e7\u00e3o personalizada, com base em biomarcadores de sa\u00fade obtidos a partir de an\u00e1lises ao sangue e a usar at\u00e9 120 ingredientes poss\u00edveis.<\/li>\n<li>A plataforma oferece duas vias de suplementa\u00e7\u00e3o: uma mais gen\u00e9tica, atrav\u00e9s de question\u00e1rios, e a Bioniq Pro, que utiliza resultados laboratoriais para uma personaliza\u00e7\u00e3o mais precisa.<\/li>\n<li>Os dados das an\u00e1lises sangu\u00edneas medem vitaminas, minerais, marcadores inflamat\u00f3rios e indicadores metab\u00f3licos, e passam a estar acess\u00edveis aos utilizadores da Bioniq via rede Unilabs.<\/li>\n<li>Entre os investidores est\u00e3o figuras do desporto, como o jogador Cristiano Ronaldo, o jogador Diogo Dalot e o guarda-redes Manuel Neuer; a Bioniq pretende expandir o acesso \u00e0s an\u00e1lises e \u00e0 suplementa\u00e7\u00e3o de precis\u00e3o em larga escala, ap\u00f3s ter arrecadado 15 milh\u00f5es de d\u00f3lares em 2024, elevando o valor total para mais de 82 milh\u00f5es.<\/li>\n<\/ul>\n","protected":false},"author":2,"featured_media":125414,"comment_status":"closed","ping_status":"closed","sticky":false,"template":"","format":"standard","meta":{"footnotes":""},"categories":[2,1],"tags":[2554,241,1947,2536,1014,49],"class_list":["post-125406","post","type-post","status-publish","format-standard","has-post-thumbnail","hentry","category-economia","category-noticias","tag-analises-clinicas","tag-biotecnologia","tag-cristiano-ronaldo","tag-diogo-dalot","tag-portugal","tag-startups"],"yoast_head":"<!-- This site is optimized with the Yoast SEO plugin v27.2 - https:\/\/yoast.com\/product\/yoast-seo-wordpress\/ -->\n<title>Biotecnol\u00f3gica apoiada por Ronaldo, Dalot e Neuer fecha parceria com Unilabs - Portal Tela Portugal<\/title>\n<meta name=\"robots\" content=\"index, follow, max-snippet:-1, max-image-preview:large, max-video-preview:-1\" \/>\n<meta property=\"og:locale\" content=\"pt_PT\" \/>\n<meta property=\"og:type\" content=\"article\" \/>\n<meta property=\"og:title\" content=\"Biotecnol\u00f3gica apoiada por Ronaldo, Dalot e Neuer fecha parceria com Unilabs - Portal Tela Portugal\" \/>\n<meta property=\"og:description\" content=\"A biotecnol\u00f3gica Bioniq, apoiada por Cristiano Ronaldo, Diogo Dalot e Manuel Neuer, fecha parceria com a Unilabs Portugal para diagn\u00f3sticos cl\u00ednicos dos utilizadores em Portugal, com todas as an\u00e1lises a passar a ser realizadas pela rede Unilabs, numa avalia\u00e7\u00e3o de 82 milh\u00f5es de d\u00f3lares. A Bioniq atua na suplementa\u00e7\u00e3o personalizada, com base em biomarcadores de sa\u00fade obtidos a partir de an\u00e1lises ao sangue e a usar at\u00e9 120 ingredientes poss\u00edveis. A plataforma oferece duas vias de suplementa\u00e7\u00e3o: uma mais gen\u00e9tica, atrav\u00e9s de question\u00e1rios, e a Bioniq Pro, que utiliza resultados laboratoriais para uma personaliza\u00e7\u00e3o mais precisa. Os dados das an\u00e1lises sangu\u00edneas medem vitaminas, minerais, marcadores inflamat\u00f3rios e indicadores metab\u00f3licos, e passam a estar acess\u00edveis aos utilizadores da Bioniq via rede Unilabs. Entre os investidores est\u00e3o figuras do desporto, como o jogador Cristiano Ronaldo, o jogador Diogo Dalot e o guarda-redes Manuel Neuer; a Bioniq pretende expandir o acesso \u00e0s an\u00e1lises e \u00e0 suplementa\u00e7\u00e3o de precis\u00e3o em larga escala, ap\u00f3s ter arrecadado 15 milh\u00f5es de d\u00f3lares em 2024, elevando o valor total para mais de 82 milh\u00f5es.\" \/>\n<meta property=\"og:url\" content=\"https:\/\/portaltela.pt\/noticias\/2026\/01\/08\/biotecnologica-apoiada-por-ronaldo-dalot-e-neuer-fecha-parceria-com-unilabs\/\" \/>\n<meta property=\"og:site_name\" content=\"Portal Tela Portugal\" \/>\n<meta property=\"article:published_time\" content=\"2026-01-08T08:06:00+00:00\" \/>\n<meta name=\"author\" content=\"Telinha\" \/>\n<meta name=\"twitter:card\" content=\"summary_large_image\" \/>\n<meta name=\"twitter:label1\" content=\"Escrito por\" \/>\n\t<meta name=\"twitter:data1\" content=\"Telinha\" \/>\n\t<meta name=\"twitter:label2\" content=\"Tempo estimado de leitura\" \/>\n\t<meta name=\"twitter:data2\" content=\"1 minuto\" \/>\n<script type=\"application\/ld+json\" class=\"yoast-schema-graph\">{\"@context\":\"https:\/\/schema.org\",\"@graph\":[{\"@type\":\"Article\",\"@id\":\"https:\/\/portaltela.pt\/noticias\/2026\/01\/08\/biotecnologica-apoiada-por-ronaldo-dalot-e-neuer-fecha-parceria-com-unilabs\/#article\",\"isPartOf\":{\"@id\":\"https:\/\/portaltela.pt\/noticias\/2026\/01\/08\/biotecnologica-apoiada-por-ronaldo-dalot-e-neuer-fecha-parceria-com-unilabs\/\"},\"author\":{\"name\":\"Telinha\",\"@id\":\"https:\/\/portaltela.pt\/#\/schema\/person\/c4278d4a6028830caff9ee44b42d32ed\"},\"headline\":\"Biotecnol\u00f3gica apoiada por Ronaldo, Dalot e Neuer fecha parceria com Unilabs\",\"datePublished\":\"2026-01-08T08:06:00+00:00\",\"mainEntityOfPage\":{\"@id\":\"https:\/\/portaltela.pt\/noticias\/2026\/01\/08\/biotecnologica-apoiada-por-ronaldo-dalot-e-neuer-fecha-parceria-com-unilabs\/\"},\"wordCount\":198,\"image\":{\"@id\":\"https:\/\/portaltela.pt\/noticias\/2026\/01\/08\/biotecnologica-apoiada-por-ronaldo-dalot-e-neuer-fecha-parceria-com-unilabs\/#primaryimage\"},\"thumbnailUrl\":\"https:\/\/portaltela.pt\/s.01k8rhncp4jt1\/2026\/01\/img_920x518uu2026-01-08-08-03-36-2413473-im-639034562693031360-1.jpg\",\"keywords\":[\"An\u00e1lises Cl\u00ednicas\",\"biotecnologia\",\"Cristiano Ronaldo\",\"Diogo Dalot\",\"Portugal\",\"startups\"],\"articleSection\":[\"Economia\",\"Not\u00edcias\"],\"inLanguage\":\"pt-PT\"},{\"@type\":\"WebPage\",\"@id\":\"https:\/\/portaltela.pt\/noticias\/2026\/01\/08\/biotecnologica-apoiada-por-ronaldo-dalot-e-neuer-fecha-parceria-com-unilabs\/\",\"url\":\"https:\/\/portaltela.pt\/noticias\/2026\/01\/08\/biotecnologica-apoiada-por-ronaldo-dalot-e-neuer-fecha-parceria-com-unilabs\/\",\"name\":\"Biotecnol\u00f3gica apoiada por Ronaldo, Dalot e Neuer fecha parceria com Unilabs - Portal Tela Portugal\",\"isPartOf\":{\"@id\":\"https:\/\/portaltela.pt\/#website\"},\"primaryImageOfPage\":{\"@id\":\"https:\/\/portaltela.pt\/noticias\/2026\/01\/08\/biotecnologica-apoiada-por-ronaldo-dalot-e-neuer-fecha-parceria-com-unilabs\/#primaryimage\"},\"image\":{\"@id\":\"https:\/\/portaltela.pt\/noticias\/2026\/01\/08\/biotecnologica-apoiada-por-ronaldo-dalot-e-neuer-fecha-parceria-com-unilabs\/#primaryimage\"},\"thumbnailUrl\":\"https:\/\/portaltela.pt\/s.01k8rhncp4jt1\/2026\/01\/img_920x518uu2026-01-08-08-03-36-2413473-im-639034562693031360-1.jpg\",\"datePublished\":\"2026-01-08T08:06:00+00:00\",\"author\":{\"@id\":\"https:\/\/portaltela.pt\/#\/schema\/person\/c4278d4a6028830caff9ee44b42d32ed\"},\"breadcrumb\":{\"@id\":\"https:\/\/portaltela.pt\/noticias\/2026\/01\/08\/biotecnologica-apoiada-por-ronaldo-dalot-e-neuer-fecha-parceria-com-unilabs\/#breadcrumb\"},\"inLanguage\":\"pt-PT\",\"potentialAction\":[{\"@type\":\"ReadAction\",\"target\":[\"https:\/\/portaltela.pt\/noticias\/2026\/01\/08\/biotecnologica-apoiada-por-ronaldo-dalot-e-neuer-fecha-parceria-com-unilabs\/\"]}]},{\"@type\":\"ImageObject\",\"inLanguage\":\"pt-PT\",\"@id\":\"https:\/\/portaltela.pt\/noticias\/2026\/01\/08\/biotecnologica-apoiada-por-ronaldo-dalot-e-neuer-fecha-parceria-com-unilabs\/#primaryimage\",\"url\":\"https:\/\/portaltela.pt\/s.01k8rhncp4jt1\/2026\/01\/img_920x518uu2026-01-08-08-03-36-2413473-im-639034562693031360-1.jpg\",\"contentUrl\":\"https:\/\/portaltela.pt\/s.01k8rhncp4jt1\/2026\/01\/img_920x518uu2026-01-08-08-03-36-2413473-im-639034562693031360-1.jpg\",\"width\":796,\"height\":448,\"caption\":\"Cristiano Ronaldo apoia parceria da Bioniq com Unilabs Portugal\"},{\"@type\":\"BreadcrumbList\",\"@id\":\"https:\/\/portaltela.pt\/noticias\/2026\/01\/08\/biotecnologica-apoiada-por-ronaldo-dalot-e-neuer-fecha-parceria-com-unilabs\/#breadcrumb\",\"itemListElement\":[{\"@type\":\"ListItem\",\"position\":1,\"name\":\"In\u00edcio\",\"item\":\"https:\/\/portaltela.pt\/\"},{\"@type\":\"ListItem\",\"position\":2,\"name\":\"Biotecnol\u00f3gica apoiada por Ronaldo, Dalot e Neuer fecha parceria com Unilabs\"}]},{\"@type\":\"WebSite\",\"@id\":\"https:\/\/portaltela.pt\/#website\",\"url\":\"https:\/\/portaltela.pt\/\",\"name\":\"Portal Tela Portugal\",\"description\":\"\",\"potentialAction\":[{\"@type\":\"SearchAction\",\"target\":{\"@type\":\"EntryPoint\",\"urlTemplate\":\"https:\/\/portaltela.pt\/?s={search_term_string}\"},\"query-input\":{\"@type\":\"PropertyValueSpecification\",\"valueRequired\":true,\"valueName\":\"search_term_string\"}}],\"inLanguage\":\"pt-PT\"},{\"@type\":\"Person\",\"@id\":\"https:\/\/portaltela.pt\/#\/schema\/person\/c4278d4a6028830caff9ee44b42d32ed\",\"name\":\"Telinha\",\"image\":{\"@type\":\"ImageObject\",\"inLanguage\":\"pt-PT\",\"@id\":\"https:\/\/portaltela.pt\/s.01k8rhncp4jt1\/2025\/11\/talking-bot-125x125.png\",\"url\":\"https:\/\/portaltela.pt\/s.01k8rhncp4jt1\/2025\/11\/talking-bot-125x125.png\",\"contentUrl\":\"https:\/\/portaltela.pt\/s.01k8rhncp4jt1\/2025\/11\/talking-bot-125x125.png\",\"caption\":\"Telinha\"},\"sameAs\":[\"https:\/\/portaltela.pt\/\"],\"url\":\"https:\/\/portaltela.pt\/por\/367410592786\/\"}]}<\/script>\n<!-- \/ Yoast SEO plugin. -->","yoast_head_json":{"title":"Biotecnol\u00f3gica apoiada por Ronaldo, Dalot e Neuer fecha parceria com Unilabs - Portal Tela Portugal","robots":{"index":"index","follow":"follow","max-snippet":"max-snippet:-1","max-image-preview":"max-image-preview:large","max-video-preview":"max-video-preview:-1"},"og_locale":"pt_PT","og_type":"article","og_title":"Biotecnol\u00f3gica apoiada por Ronaldo, Dalot e Neuer fecha parceria com Unilabs - Portal Tela Portugal","og_description":"A biotecnol\u00f3gica Bioniq, apoiada por Cristiano Ronaldo, Diogo Dalot e Manuel Neuer, fecha parceria com a Unilabs Portugal para diagn\u00f3sticos cl\u00ednicos dos utilizadores em Portugal, com todas as an\u00e1lises a passar a ser realizadas pela rede Unilabs, numa avalia\u00e7\u00e3o de 82 milh\u00f5es de d\u00f3lares. A Bioniq atua na suplementa\u00e7\u00e3o personalizada, com base em biomarcadores de sa\u00fade obtidos a partir de an\u00e1lises ao sangue e a usar at\u00e9 120 ingredientes poss\u00edveis. A plataforma oferece duas vias de suplementa\u00e7\u00e3o: uma mais gen\u00e9tica, atrav\u00e9s de question\u00e1rios, e a Bioniq Pro, que utiliza resultados laboratoriais para uma personaliza\u00e7\u00e3o mais precisa. Os dados das an\u00e1lises sangu\u00edneas medem vitaminas, minerais, marcadores inflamat\u00f3rios e indicadores metab\u00f3licos, e passam a estar acess\u00edveis aos utilizadores da Bioniq via rede Unilabs. Entre os investidores est\u00e3o figuras do desporto, como o jogador Cristiano Ronaldo, o jogador Diogo Dalot e o guarda-redes Manuel Neuer; a Bioniq pretende expandir o acesso \u00e0s an\u00e1lises e \u00e0 suplementa\u00e7\u00e3o de precis\u00e3o em larga escala, ap\u00f3s ter arrecadado 15 milh\u00f5es de d\u00f3lares em 2024, elevando o valor total para mais de 82 milh\u00f5es.","og_url":"https:\/\/portaltela.pt\/noticias\/2026\/01\/08\/biotecnologica-apoiada-por-ronaldo-dalot-e-neuer-fecha-parceria-com-unilabs\/","og_site_name":"Portal Tela Portugal","article_published_time":"2026-01-08T08:06:00+00:00","author":"Telinha","twitter_card":"summary_large_image","twitter_misc":{"Escrito por":"Telinha","Tempo estimado de leitura":"1 minuto"},"schema":{"@context":"https:\/\/schema.org","@graph":[{"@type":"Article","@id":"https:\/\/portaltela.pt\/noticias\/2026\/01\/08\/biotecnologica-apoiada-por-ronaldo-dalot-e-neuer-fecha-parceria-com-unilabs\/#article","isPartOf":{"@id":"https:\/\/portaltela.pt\/noticias\/2026\/01\/08\/biotecnologica-apoiada-por-ronaldo-dalot-e-neuer-fecha-parceria-com-unilabs\/"},"author":{"name":"Telinha","@id":"https:\/\/portaltela.pt\/#\/schema\/person\/c4278d4a6028830caff9ee44b42d32ed"},"headline":"Biotecnol\u00f3gica apoiada por Ronaldo, Dalot e Neuer fecha parceria com Unilabs","datePublished":"2026-01-08T08:06:00+00:00","mainEntityOfPage":{"@id":"https:\/\/portaltela.pt\/noticias\/2026\/01\/08\/biotecnologica-apoiada-por-ronaldo-dalot-e-neuer-fecha-parceria-com-unilabs\/"},"wordCount":198,"image":{"@id":"https:\/\/portaltela.pt\/noticias\/2026\/01\/08\/biotecnologica-apoiada-por-ronaldo-dalot-e-neuer-fecha-parceria-com-unilabs\/#primaryimage"},"thumbnailUrl":"https:\/\/portaltela.pt\/s.01k8rhncp4jt1\/2026\/01\/img_920x518uu2026-01-08-08-03-36-2413473-im-639034562693031360-1.jpg","keywords":["An\u00e1lises Cl\u00ednicas","biotecnologia","Cristiano Ronaldo","Diogo Dalot","Portugal","startups"],"articleSection":["Economia","Not\u00edcias"],"inLanguage":"pt-PT"},{"@type":"WebPage","@id":"https:\/\/portaltela.pt\/noticias\/2026\/01\/08\/biotecnologica-apoiada-por-ronaldo-dalot-e-neuer-fecha-parceria-com-unilabs\/","url":"https:\/\/portaltela.pt\/noticias\/2026\/01\/08\/biotecnologica-apoiada-por-ronaldo-dalot-e-neuer-fecha-parceria-com-unilabs\/","name":"Biotecnol\u00f3gica apoiada por Ronaldo, Dalot e Neuer fecha parceria com Unilabs - Portal Tela Portugal","isPartOf":{"@id":"https:\/\/portaltela.pt\/#website"},"primaryImageOfPage":{"@id":"https:\/\/portaltela.pt\/noticias\/2026\/01\/08\/biotecnologica-apoiada-por-ronaldo-dalot-e-neuer-fecha-parceria-com-unilabs\/#primaryimage"},"image":{"@id":"https:\/\/portaltela.pt\/noticias\/2026\/01\/08\/biotecnologica-apoiada-por-ronaldo-dalot-e-neuer-fecha-parceria-com-unilabs\/#primaryimage"},"thumbnailUrl":"https:\/\/portaltela.pt\/s.01k8rhncp4jt1\/2026\/01\/img_920x518uu2026-01-08-08-03-36-2413473-im-639034562693031360-1.jpg","datePublished":"2026-01-08T08:06:00+00:00","author":{"@id":"https:\/\/portaltela.pt\/#\/schema\/person\/c4278d4a6028830caff9ee44b42d32ed"},"breadcrumb":{"@id":"https:\/\/portaltela.pt\/noticias\/2026\/01\/08\/biotecnologica-apoiada-por-ronaldo-dalot-e-neuer-fecha-parceria-com-unilabs\/#breadcrumb"},"inLanguage":"pt-PT","potentialAction":[{"@type":"ReadAction","target":["https:\/\/portaltela.pt\/noticias\/2026\/01\/08\/biotecnologica-apoiada-por-ronaldo-dalot-e-neuer-fecha-parceria-com-unilabs\/"]}]},{"@type":"ImageObject","inLanguage":"pt-PT","@id":"https:\/\/portaltela.pt\/noticias\/2026\/01\/08\/biotecnologica-apoiada-por-ronaldo-dalot-e-neuer-fecha-parceria-com-unilabs\/#primaryimage","url":"https:\/\/portaltela.pt\/s.01k8rhncp4jt1\/2026\/01\/img_920x518uu2026-01-08-08-03-36-2413473-im-639034562693031360-1.jpg","contentUrl":"https:\/\/portaltela.pt\/s.01k8rhncp4jt1\/2026\/01\/img_920x518uu2026-01-08-08-03-36-2413473-im-639034562693031360-1.jpg","width":796,"height":448,"caption":"Cristiano Ronaldo apoia parceria da Bioniq com Unilabs Portugal"},{"@type":"BreadcrumbList","@id":"https:\/\/portaltela.pt\/noticias\/2026\/01\/08\/biotecnologica-apoiada-por-ronaldo-dalot-e-neuer-fecha-parceria-com-unilabs\/#breadcrumb","itemListElement":[{"@type":"ListItem","position":1,"name":"In\u00edcio","item":"https:\/\/portaltela.pt\/"},{"@type":"ListItem","position":2,"name":"Biotecnol\u00f3gica apoiada por Ronaldo, Dalot e Neuer fecha parceria com Unilabs"}]},{"@type":"WebSite","@id":"https:\/\/portaltela.pt\/#website","url":"https:\/\/portaltela.pt\/","name":"Portal Tela Portugal","description":"","potentialAction":[{"@type":"SearchAction","target":{"@type":"EntryPoint","urlTemplate":"https:\/\/portaltela.pt\/?s={search_term_string}"},"query-input":{"@type":"PropertyValueSpecification","valueRequired":true,"valueName":"search_term_string"}}],"inLanguage":"pt-PT"},{"@type":"Person","@id":"https:\/\/portaltela.pt\/#\/schema\/person\/c4278d4a6028830caff9ee44b42d32ed","name":"Telinha","image":{"@type":"ImageObject","inLanguage":"pt-PT","@id":"https:\/\/portaltela.pt\/s.01k8rhncp4jt1\/2025\/11\/talking-bot-125x125.png","url":"https:\/\/portaltela.pt\/s.01k8rhncp4jt1\/2025\/11\/talking-bot-125x125.png","contentUrl":"https:\/\/portaltela.pt\/s.01k8rhncp4jt1\/2025\/11\/talking-bot-125x125.png","caption":"Telinha"},"sameAs":["https:\/\/portaltela.pt\/"],"url":"https:\/\/portaltela.pt\/por\/367410592786\/"}]}},"_links":{"self":[{"href":"https:\/\/portaltela.pt\/api\/wp\/v2\/posts\/125406","targetHints":{"allow":["GET"]}}],"collection":[{"href":"https:\/\/portaltela.pt\/api\/wp\/v2\/posts"}],"about":[{"href":"https:\/\/portaltela.pt\/api\/wp\/v2\/types\/post"}],"author":[{"embeddable":true,"href":"https:\/\/portaltela.pt\/api\/wp\/v2\/users\/2"}],"replies":[{"embeddable":true,"href":"https:\/\/portaltela.pt\/api\/wp\/v2\/comments?post=125406"}],"version-history":[{"count":0,"href":"https:\/\/portaltela.pt\/api\/wp\/v2\/posts\/125406\/revisions"}],"wp:featuredmedia":[{"embeddable":true,"href":"https:\/\/portaltela.pt\/api\/wp\/v2\/media\/125414"}],"wp:attachment":[{"href":"https:\/\/portaltela.pt\/api\/wp\/v2\/media?parent=125406"}],"wp:term":[{"taxonomy":"category","embeddable":true,"href":"https:\/\/portaltela.pt\/api\/wp\/v2\/categories?post=125406"},{"taxonomy":"post_tag","embeddable":true,"href":"https:\/\/portaltela.pt\/api\/wp\/v2\/tags?post=125406"}],"curies":[{"name":"wp","href":"https:\/\/api.w.org\/{rel}","templated":true}]}}