{"id":125324,"date":"2026-01-08T04:04:00","date_gmt":"2026-01-08T07:04:00","guid":{"rendered":"https:\/\/portaltela.pt\/noticias\/2026\/01\/08\/nova-sbe-lanca-campanha-nacional-pela-empregabilidade-inclusiva\/"},"modified":"2026-01-08T04:04:00","modified_gmt":"2026-01-08T07:04:00","slug":"nova-sbe-lanca-campanha-nacional-pela-empregabilidade-inclusiva","status":"publish","type":"post","link":"https:\/\/portaltela.pt\/noticias\/2026\/01\/08\/nova-sbe-lanca-campanha-nacional-pela-empregabilidade-inclusiva\/","title":{"rendered":"Nova SBE lan\u00e7a campanha nacional pela empregabilidade inclusiva"},"content":{"rendered":"<p>A Nova SBE lan\u00e7ou a campanha nacional Todos Inclu\u00eddos, destinada a sensibilizar para a empregabilidade inclusiva. O projeto acontece atrav\u00e9s do Inclusive Community Forum (ICF) e teve in\u00edcio no primeiro dia do ano, com o objetivo de aproximar pessoas com defici\u00eancia do mercado de trabalho e envolver empresas em pr\u00e1ticas de recrutamento mais inclusivas. A iniciativa pretende criar um ecossistema mais diversificado, justo e representativo.<\/p>\n<p>A campanha est\u00e1 ancorada numa plataforma digital que conecta pessoas com defici\u00eancia a empresas, por meio de uma rede de parceiros especializados em recrutamento inclusivo. A solu\u00e7\u00e3o visa apoiar percursos profissionais, facilitar processos de sele\u00e7\u00e3o e promover um mercado de trabalho mais equilibrado.<\/p>\n<h3>Uma plataforma que liga talento e empresas<\/h3>\n<p>A plataforma Todos Inclu\u00eddos re\u00fane quase duas dezenas de Parceiros de Recrutamento Inclusivo, incluindo empresas de recrutamento e entidades focadas na integra\u00e7\u00e3o profissional. Os parceiros apoiam tanto quem procura oportunidades como as empresas que pretendem tornar os seus processos mais acess\u00edveis.<\/p>\n<p>A iniciativa conta ainda com o envolvimento de organiza\u00e7\u00f5es sociais com projectos de empregabilidade, contribuindo para a constru\u00e7\u00e3o de uma oferta de trabalho mais inclusiva. Este conjunto de atores visa ampliar as oportunidades para candidatos com defici\u00eancia.<\/p>\n<h3>Campanha com presen\u00e7a nacional<\/h3>\n<p>Desenvolvida em parceria com o Grupo WPP, a campanha vai decorrer durante seis meses nos media tradicionais e digitais, incluindo televis\u00e3o, r\u00e1dio, imprensa, outdoors e redes sociais. Participam testemunhos de pessoas com defici\u00eancia j\u00e1 inseridas no mercado e de empresas que promovem diversidade.<\/p>\n<p>Mafalda Correia de S\u00e1, Project Manager do ICF, afirma que a campanha visa mostrar o valor da inclus\u00e3o e real\u00e7ar hist\u00f3rias reais, com sucessos e desafios, para ilustrar que o recrutamento inclusivo j\u00e1 \u00e9 uma pr\u00e1tica vi\u00e1vel em muitas organiza\u00e7\u00f5es.<\/p>\n<h3>Relev\u00e2ncia e contexto<\/h3>\n<p>Segundo o Relat\u00f3rio de 2024 do Observat\u00f3rio da Defici\u00eancia e Direitos Humanos, existe uma diferen\u00e7a de 14,7 pontos percentuais entre a taxa de emprego de pessoas com defici\u00eancia (65%) e a da popula\u00e7\u00e3o sem defici\u00eancia (79,7%). O desemprego entre pessoas com defici\u00eancia (14,7%) permanece superior ao da popula\u00e7\u00e3o sem defici\u00eancia (9,1%).<\/p>\n<p>Dados do IEFP, citados pelo ODDH, indicam que em 2024 ocorreram 1.097 coloca\u00e7\u00f5es de pessoas com defici\u00eancia desempregadas, correspondendo a cerca de 7% do total deste grupo no final do ano. O ICF, criado pela Nova SBE, continua a promover solu\u00e7\u00f5es cocriadas com empresas e institui\u00e7\u00f5es de ensino.<\/p>\n<h3>Papel do ICF e da Nova SBE<\/h3>\n<p>O Inclusive Community Forum atua na promo\u00e7\u00e3o da empregabilidade e educa\u00e7\u00e3o para pessoas com defici\u00eancia. Em 2025 organizou a primeira feira de emprego exclusiva para pessoas com defici\u00eancia em Portugal e desenvolve a Jornada para a Inclus\u00e3o, com compromissos de recrutamento por parte de empresas.<\/p>\n<p>Atualmente, o ICF acompanha 83 empresas em diferentes fases de implementa\u00e7\u00e3o de pr\u00e1ticas inclusivas. O programa Peer2Peer prepara pessoas com defici\u00eancia para o mercado de trabalho atrav\u00e9s de mentoria entre pares, envolvendo estudantes do ensino superior.<\/p>\n","protected":false},"excerpt":{"rendered":"<ul>\n<li>A Nova SBE lan\u00e7ou a campanha nacional \u201cTodos Inclu\u00eddos\u201d, promovida pelo Inclusive Community Forum (ICF), no primeiro dia do ano, com o objetivo de sensibilizar para a empregabilidade inclusiva.<\/li>\n<li>A campanha coloca uma plataforma digital que liga pessoas com defici\u00eancia a empresas, contando com quase uma d\u00fazia de Parceiros de Recrutamento Inclusivo.<\/li>\n<li>Desenvolvida em parceria com o Grupo WPP, a iniciativa vai decorrer durante seis meses e ter\u00e1 presen\u00e7a em televis\u00e3o, r\u00e1dio, imprensa, outdoors e redes sociais, incluindo testemunhos de pessoas com defici\u00eancia e de empresas que promovem inclus\u00e3o.<\/li>\n<li>Dados indicam desigualdade de emprego: 14,7 pontos percentuais de diferen\u00e7a entre taxa de emprego de pessoas com defici\u00eancia (65%) e sem defici\u00eancia (79,7%); desemprego de 14,7% versus 9,1%; em 2024 foram 1.097 coloca\u00e7\u00f5es de pessoas com defici\u00eancia inscritas como desempregadas.<\/li>\n<li>O ICF, da Nova SBE, acompanha eighty-three empresas no percurso; em 2025 realizou a primeira feira de emprego exclusiva para pessoas com defici\u00eancia e promove a Jornada para a Inclus\u00e3o, com compromissos de recrutamento.<\/li>\n<\/ul>\n","protected":false},"author":2,"featured_media":125326,"comment_status":"closed","ping_status":"closed","sticky":false,"template":"","format":"standard","meta":{"footnotes":""},"categories":[1],"tags":[1084,1006,1128,40,2318,2201],"class_list":["post-125324","post","type-post","status-publish","format-standard","has-post-thumbnail","hentry","category-noticias","tag-acao-social","tag-emprego","tag-intervencao-social","tag-pessoas","tag-sociedade","tag-trabalho"],"yoast_head":"<!-- This site is optimized with the Yoast SEO plugin v27.2 - https:\/\/yoast.com\/product\/yoast-seo-wordpress\/ -->\n<title>Nova SBE lan\u00e7a campanha nacional pela empregabilidade inclusiva - Portal Tela Portugal<\/title>\n<meta name=\"robots\" content=\"index, follow, max-snippet:-1, max-image-preview:large, max-video-preview:-1\" \/>\n<meta property=\"og:locale\" content=\"pt_PT\" \/>\n<meta property=\"og:type\" content=\"article\" \/>\n<meta property=\"og:title\" content=\"Nova SBE lan\u00e7a campanha nacional pela empregabilidade inclusiva - Portal Tela Portugal\" \/>\n<meta property=\"og:description\" content=\"A Nova SBE lan\u00e7ou a campanha nacional \u201cTodos Inclu\u00eddos\u201d, promovida pelo Inclusive Community Forum (ICF), no primeiro dia do ano, com o objetivo de sensibilizar para a empregabilidade inclusiva. A campanha coloca uma plataforma digital que liga pessoas com defici\u00eancia a empresas, contando com quase uma d\u00fazia de Parceiros de Recrutamento Inclusivo. Desenvolvida em parceria com o Grupo WPP, a iniciativa vai decorrer durante seis meses e ter\u00e1 presen\u00e7a em televis\u00e3o, r\u00e1dio, imprensa, outdoors e redes sociais, incluindo testemunhos de pessoas com defici\u00eancia e de empresas que promovem inclus\u00e3o. Dados indicam desigualdade de emprego: 14,7 pontos percentuais de diferen\u00e7a entre taxa de emprego de pessoas com defici\u00eancia (65%) e sem defici\u00eancia (79,7%); desemprego de 14,7% versus 9,1%; em 2024 foram 1.097 coloca\u00e7\u00f5es de pessoas com defici\u00eancia inscritas como desempregadas. O ICF, da Nova SBE, acompanha eighty-three empresas no percurso; em 2025 realizou a primeira feira de emprego exclusiva para pessoas com defici\u00eancia e promove a Jornada para a Inclus\u00e3o, com compromissos de recrutamento.\" \/>\n<meta property=\"og:url\" content=\"https:\/\/portaltela.pt\/noticias\/2026\/01\/08\/nova-sbe-lanca-campanha-nacional-pela-empregabilidade-inclusiva\/\" \/>\n<meta property=\"og:site_name\" content=\"Portal Tela Portugal\" \/>\n<meta property=\"article:published_time\" content=\"2026-01-08T07:04:00+00:00\" \/>\n<meta name=\"author\" content=\"Telinha\" \/>\n<meta name=\"twitter:card\" content=\"summary_large_image\" \/>\n<meta name=\"twitter:label1\" content=\"Escrito por\" \/>\n\t<meta name=\"twitter:data1\" content=\"Telinha\" \/>\n\t<meta name=\"twitter:label2\" content=\"Tempo estimado de leitura\" \/>\n\t<meta name=\"twitter:data2\" content=\"3 minutos\" \/>\n<script type=\"application\/ld+json\" class=\"yoast-schema-graph\">{\"@context\":\"https:\/\/schema.org\",\"@graph\":[{\"@type\":\"Article\",\"@id\":\"https:\/\/portaltela.pt\/noticias\/2026\/01\/08\/nova-sbe-lanca-campanha-nacional-pela-empregabilidade-inclusiva\/#article\",\"isPartOf\":{\"@id\":\"https:\/\/portaltela.pt\/noticias\/2026\/01\/08\/nova-sbe-lanca-campanha-nacional-pela-empregabilidade-inclusiva\/\"},\"author\":{\"name\":\"Telinha\",\"@id\":\"https:\/\/portaltela.pt\/#\/schema\/person\/c4278d4a6028830caff9ee44b42d32ed\"},\"headline\":\"Nova SBE lan\u00e7a campanha nacional pela empregabilidade inclusiva\",\"datePublished\":\"2026-01-08T07:04:00+00:00\",\"mainEntityOfPage\":{\"@id\":\"https:\/\/portaltela.pt\/noticias\/2026\/01\/08\/nova-sbe-lanca-campanha-nacional-pela-empregabilidade-inclusiva\/\"},\"wordCount\":518,\"image\":{\"@id\":\"https:\/\/portaltela.pt\/noticias\/2026\/01\/08\/nova-sbe-lanca-campanha-nacional-pela-empregabilidade-inclusiva\/#primaryimage\"},\"thumbnailUrl\":\"https:\/\/portaltela.pt\/s.01k8rhncp4jt1\/2026\/01\/unnamed-file-1541.jpg\",\"keywords\":[\"A\u00e7\u00e3o Social\",\"emprego\",\"Interven\u00e7\u00e3o Social\",\"pessoas\",\"sociedade\",\"trabalho\"],\"articleSection\":[\"Not\u00edcias\"],\"inLanguage\":\"pt-PT\"},{\"@type\":\"WebPage\",\"@id\":\"https:\/\/portaltela.pt\/noticias\/2026\/01\/08\/nova-sbe-lanca-campanha-nacional-pela-empregabilidade-inclusiva\/\",\"url\":\"https:\/\/portaltela.pt\/noticias\/2026\/01\/08\/nova-sbe-lanca-campanha-nacional-pela-empregabilidade-inclusiva\/\",\"name\":\"Nova SBE lan\u00e7a campanha nacional pela empregabilidade inclusiva - Portal Tela Portugal\",\"isPartOf\":{\"@id\":\"https:\/\/portaltela.pt\/#website\"},\"primaryImageOfPage\":{\"@id\":\"https:\/\/portaltela.pt\/noticias\/2026\/01\/08\/nova-sbe-lanca-campanha-nacional-pela-empregabilidade-inclusiva\/#primaryimage\"},\"image\":{\"@id\":\"https:\/\/portaltela.pt\/noticias\/2026\/01\/08\/nova-sbe-lanca-campanha-nacional-pela-empregabilidade-inclusiva\/#primaryimage\"},\"thumbnailUrl\":\"https:\/\/portaltela.pt\/s.01k8rhncp4jt1\/2026\/01\/unnamed-file-1541.jpg\",\"datePublished\":\"2026-01-08T07:04:00+00:00\",\"author\":{\"@id\":\"https:\/\/portaltela.pt\/#\/schema\/person\/c4278d4a6028830caff9ee44b42d32ed\"},\"breadcrumb\":{\"@id\":\"https:\/\/portaltela.pt\/noticias\/2026\/01\/08\/nova-sbe-lanca-campanha-nacional-pela-empregabilidade-inclusiva\/#breadcrumb\"},\"inLanguage\":\"pt-PT\",\"potentialAction\":[{\"@type\":\"ReadAction\",\"target\":[\"https:\/\/portaltela.pt\/noticias\/2026\/01\/08\/nova-sbe-lanca-campanha-nacional-pela-empregabilidade-inclusiva\/\"]}]},{\"@type\":\"ImageObject\",\"inLanguage\":\"pt-PT\",\"@id\":\"https:\/\/portaltela.pt\/noticias\/2026\/01\/08\/nova-sbe-lanca-campanha-nacional-pela-empregabilidade-inclusiva\/#primaryimage\",\"url\":\"https:\/\/portaltela.pt\/s.01k8rhncp4jt1\/2026\/01\/unnamed-file-1541.jpg\",\"contentUrl\":\"https:\/\/portaltela.pt\/s.01k8rhncp4jt1\/2026\/01\/unnamed-file-1541.jpg\",\"width\":796,\"height\":448,\"caption\":\"Nova SBE lan\u00e7a campanha nacional para promover a empregabilidade inclusiva\"},{\"@type\":\"BreadcrumbList\",\"@id\":\"https:\/\/portaltela.pt\/noticias\/2026\/01\/08\/nova-sbe-lanca-campanha-nacional-pela-empregabilidade-inclusiva\/#breadcrumb\",\"itemListElement\":[{\"@type\":\"ListItem\",\"position\":1,\"name\":\"In\u00edcio\",\"item\":\"https:\/\/portaltela.pt\/\"},{\"@type\":\"ListItem\",\"position\":2,\"name\":\"Nova SBE lan\u00e7a campanha nacional pela empregabilidade inclusiva\"}]},{\"@type\":\"WebSite\",\"@id\":\"https:\/\/portaltela.pt\/#website\",\"url\":\"https:\/\/portaltela.pt\/\",\"name\":\"Portal Tela Portugal\",\"description\":\"\",\"potentialAction\":[{\"@type\":\"SearchAction\",\"target\":{\"@type\":\"EntryPoint\",\"urlTemplate\":\"https:\/\/portaltela.pt\/?s={search_term_string}\"},\"query-input\":{\"@type\":\"PropertyValueSpecification\",\"valueRequired\":true,\"valueName\":\"search_term_string\"}}],\"inLanguage\":\"pt-PT\"},{\"@type\":\"Person\",\"@id\":\"https:\/\/portaltela.pt\/#\/schema\/person\/c4278d4a6028830caff9ee44b42d32ed\",\"name\":\"Telinha\",\"image\":{\"@type\":\"ImageObject\",\"inLanguage\":\"pt-PT\",\"@id\":\"https:\/\/portaltela.pt\/s.01k8rhncp4jt1\/2025\/11\/talking-bot-125x125.png\",\"url\":\"https:\/\/portaltela.pt\/s.01k8rhncp4jt1\/2025\/11\/talking-bot-125x125.png\",\"contentUrl\":\"https:\/\/portaltela.pt\/s.01k8rhncp4jt1\/2025\/11\/talking-bot-125x125.png\",\"caption\":\"Telinha\"},\"sameAs\":[\"https:\/\/portaltela.pt\/\"],\"url\":\"https:\/\/portaltela.pt\/por\/367410592786\/\"}]}<\/script>\n<!-- \/ Yoast SEO plugin. -->","yoast_head_json":{"title":"Nova SBE lan\u00e7a campanha nacional pela empregabilidade inclusiva - Portal Tela Portugal","robots":{"index":"index","follow":"follow","max-snippet":"max-snippet:-1","max-image-preview":"max-image-preview:large","max-video-preview":"max-video-preview:-1"},"og_locale":"pt_PT","og_type":"article","og_title":"Nova SBE lan\u00e7a campanha nacional pela empregabilidade inclusiva - Portal Tela Portugal","og_description":"A Nova SBE lan\u00e7ou a campanha nacional \u201cTodos Inclu\u00eddos\u201d, promovida pelo Inclusive Community Forum (ICF), no primeiro dia do ano, com o objetivo de sensibilizar para a empregabilidade inclusiva. A campanha coloca uma plataforma digital que liga pessoas com defici\u00eancia a empresas, contando com quase uma d\u00fazia de Parceiros de Recrutamento Inclusivo. Desenvolvida em parceria com o Grupo WPP, a iniciativa vai decorrer durante seis meses e ter\u00e1 presen\u00e7a em televis\u00e3o, r\u00e1dio, imprensa, outdoors e redes sociais, incluindo testemunhos de pessoas com defici\u00eancia e de empresas que promovem inclus\u00e3o. Dados indicam desigualdade de emprego: 14,7 pontos percentuais de diferen\u00e7a entre taxa de emprego de pessoas com defici\u00eancia (65%) e sem defici\u00eancia (79,7%); desemprego de 14,7% versus 9,1%; em 2024 foram 1.097 coloca\u00e7\u00f5es de pessoas com defici\u00eancia inscritas como desempregadas. O ICF, da Nova SBE, acompanha eighty-three empresas no percurso; em 2025 realizou a primeira feira de emprego exclusiva para pessoas com defici\u00eancia e promove a Jornada para a Inclus\u00e3o, com compromissos de recrutamento.","og_url":"https:\/\/portaltela.pt\/noticias\/2026\/01\/08\/nova-sbe-lanca-campanha-nacional-pela-empregabilidade-inclusiva\/","og_site_name":"Portal Tela Portugal","article_published_time":"2026-01-08T07:04:00+00:00","author":"Telinha","twitter_card":"summary_large_image","twitter_misc":{"Escrito por":"Telinha","Tempo estimado de leitura":"3 minutos"},"schema":{"@context":"https:\/\/schema.org","@graph":[{"@type":"Article","@id":"https:\/\/portaltela.pt\/noticias\/2026\/01\/08\/nova-sbe-lanca-campanha-nacional-pela-empregabilidade-inclusiva\/#article","isPartOf":{"@id":"https:\/\/portaltela.pt\/noticias\/2026\/01\/08\/nova-sbe-lanca-campanha-nacional-pela-empregabilidade-inclusiva\/"},"author":{"name":"Telinha","@id":"https:\/\/portaltela.pt\/#\/schema\/person\/c4278d4a6028830caff9ee44b42d32ed"},"headline":"Nova SBE lan\u00e7a campanha nacional pela empregabilidade inclusiva","datePublished":"2026-01-08T07:04:00+00:00","mainEntityOfPage":{"@id":"https:\/\/portaltela.pt\/noticias\/2026\/01\/08\/nova-sbe-lanca-campanha-nacional-pela-empregabilidade-inclusiva\/"},"wordCount":518,"image":{"@id":"https:\/\/portaltela.pt\/noticias\/2026\/01\/08\/nova-sbe-lanca-campanha-nacional-pela-empregabilidade-inclusiva\/#primaryimage"},"thumbnailUrl":"https:\/\/portaltela.pt\/s.01k8rhncp4jt1\/2026\/01\/unnamed-file-1541.jpg","keywords":["A\u00e7\u00e3o Social","emprego","Interven\u00e7\u00e3o Social","pessoas","sociedade","trabalho"],"articleSection":["Not\u00edcias"],"inLanguage":"pt-PT"},{"@type":"WebPage","@id":"https:\/\/portaltela.pt\/noticias\/2026\/01\/08\/nova-sbe-lanca-campanha-nacional-pela-empregabilidade-inclusiva\/","url":"https:\/\/portaltela.pt\/noticias\/2026\/01\/08\/nova-sbe-lanca-campanha-nacional-pela-empregabilidade-inclusiva\/","name":"Nova SBE lan\u00e7a campanha nacional pela empregabilidade inclusiva - Portal Tela Portugal","isPartOf":{"@id":"https:\/\/portaltela.pt\/#website"},"primaryImageOfPage":{"@id":"https:\/\/portaltela.pt\/noticias\/2026\/01\/08\/nova-sbe-lanca-campanha-nacional-pela-empregabilidade-inclusiva\/#primaryimage"},"image":{"@id":"https:\/\/portaltela.pt\/noticias\/2026\/01\/08\/nova-sbe-lanca-campanha-nacional-pela-empregabilidade-inclusiva\/#primaryimage"},"thumbnailUrl":"https:\/\/portaltela.pt\/s.01k8rhncp4jt1\/2026\/01\/unnamed-file-1541.jpg","datePublished":"2026-01-08T07:04:00+00:00","author":{"@id":"https:\/\/portaltela.pt\/#\/schema\/person\/c4278d4a6028830caff9ee44b42d32ed"},"breadcrumb":{"@id":"https:\/\/portaltela.pt\/noticias\/2026\/01\/08\/nova-sbe-lanca-campanha-nacional-pela-empregabilidade-inclusiva\/#breadcrumb"},"inLanguage":"pt-PT","potentialAction":[{"@type":"ReadAction","target":["https:\/\/portaltela.pt\/noticias\/2026\/01\/08\/nova-sbe-lanca-campanha-nacional-pela-empregabilidade-inclusiva\/"]}]},{"@type":"ImageObject","inLanguage":"pt-PT","@id":"https:\/\/portaltela.pt\/noticias\/2026\/01\/08\/nova-sbe-lanca-campanha-nacional-pela-empregabilidade-inclusiva\/#primaryimage","url":"https:\/\/portaltela.pt\/s.01k8rhncp4jt1\/2026\/01\/unnamed-file-1541.jpg","contentUrl":"https:\/\/portaltela.pt\/s.01k8rhncp4jt1\/2026\/01\/unnamed-file-1541.jpg","width":796,"height":448,"caption":"Nova SBE lan\u00e7a campanha nacional para promover a empregabilidade inclusiva"},{"@type":"BreadcrumbList","@id":"https:\/\/portaltela.pt\/noticias\/2026\/01\/08\/nova-sbe-lanca-campanha-nacional-pela-empregabilidade-inclusiva\/#breadcrumb","itemListElement":[{"@type":"ListItem","position":1,"name":"In\u00edcio","item":"https:\/\/portaltela.pt\/"},{"@type":"ListItem","position":2,"name":"Nova SBE lan\u00e7a campanha nacional pela empregabilidade inclusiva"}]},{"@type":"WebSite","@id":"https:\/\/portaltela.pt\/#website","url":"https:\/\/portaltela.pt\/","name":"Portal Tela Portugal","description":"","potentialAction":[{"@type":"SearchAction","target":{"@type":"EntryPoint","urlTemplate":"https:\/\/portaltela.pt\/?s={search_term_string}"},"query-input":{"@type":"PropertyValueSpecification","valueRequired":true,"valueName":"search_term_string"}}],"inLanguage":"pt-PT"},{"@type":"Person","@id":"https:\/\/portaltela.pt\/#\/schema\/person\/c4278d4a6028830caff9ee44b42d32ed","name":"Telinha","image":{"@type":"ImageObject","inLanguage":"pt-PT","@id":"https:\/\/portaltela.pt\/s.01k8rhncp4jt1\/2025\/11\/talking-bot-125x125.png","url":"https:\/\/portaltela.pt\/s.01k8rhncp4jt1\/2025\/11\/talking-bot-125x125.png","contentUrl":"https:\/\/portaltela.pt\/s.01k8rhncp4jt1\/2025\/11\/talking-bot-125x125.png","caption":"Telinha"},"sameAs":["https:\/\/portaltela.pt\/"],"url":"https:\/\/portaltela.pt\/por\/367410592786\/"}]}},"_links":{"self":[{"href":"https:\/\/portaltela.pt\/api\/wp\/v2\/posts\/125324","targetHints":{"allow":["GET"]}}],"collection":[{"href":"https:\/\/portaltela.pt\/api\/wp\/v2\/posts"}],"about":[{"href":"https:\/\/portaltela.pt\/api\/wp\/v2\/types\/post"}],"author":[{"embeddable":true,"href":"https:\/\/portaltela.pt\/api\/wp\/v2\/users\/2"}],"replies":[{"embeddable":true,"href":"https:\/\/portaltela.pt\/api\/wp\/v2\/comments?post=125324"}],"version-history":[{"count":0,"href":"https:\/\/portaltela.pt\/api\/wp\/v2\/posts\/125324\/revisions"}],"wp:featuredmedia":[{"embeddable":true,"href":"https:\/\/portaltela.pt\/api\/wp\/v2\/media\/125326"}],"wp:attachment":[{"href":"https:\/\/portaltela.pt\/api\/wp\/v2\/media?parent=125324"}],"wp:term":[{"taxonomy":"category","embeddable":true,"href":"https:\/\/portaltela.pt\/api\/wp\/v2\/categories?post=125324"},{"taxonomy":"post_tag","embeddable":true,"href":"https:\/\/portaltela.pt\/api\/wp\/v2\/tags?post=125324"}],"curies":[{"name":"wp","href":"https:\/\/api.w.org\/{rel}","templated":true}]}}