{"id":125303,"date":"2026-01-08T04:06:00","date_gmt":"2026-01-08T07:06:00","guid":{"rendered":"https:\/\/portaltela.pt\/noticias\/2026\/01\/08\/liderar-em-tempos-liminares-e-o-farol-na-incerteza\/"},"modified":"2026-01-08T04:06:00","modified_gmt":"2026-01-08T07:06:00","slug":"liderar-em-tempos-liminares-e-o-farol-na-incerteza","status":"publish","type":"post","link":"https:\/\/portaltela.pt\/noticias\/2026\/01\/08\/liderar-em-tempos-liminares-e-o-farol-na-incerteza\/","title":{"rendered":"Liderar em tempos liminares \u00e9 o farol na incerteza"},"content":{"rendered":"<p>Vivemos tempos de incerteza cont\u00ednua, marcados por altera\u00e7\u00f5es r\u00e1pidas e imprevis\u00edveis. O conceito de experi\u00eancias liminares ganha relevo entre gestores que lidam com transi\u00e7\u00f5es constantes no trabalho e na sociedade.<\/p>\n<p>Este fen\u00f3meno descreve uma passagem prolongada entre rotinas est\u00e1veis e novas pr\u00e1ticas ainda por consolidar. Quando termina, pode deixar l\u00edderes mais conscientes ou desconfiados, dependente do contexto.<\/p>\n<p>Estudiosas de renome analisam o tema numa edi\u00e7\u00e3o da Harvard Business Review, com foco na lideran\u00e7a em cen\u00e1rios de futuro imprevis\u00edvel. As autoras destacam a necessidade de clareza mesmo sem certezas totais.<\/p>\n<p>O que s\u00e3o experi\u00eancias liminares?<\/p>\n<p>Trata-se de uma separa\u00e7\u00e3o prolongada do modo habitual de viver e trabalhar. N\u00e3o \u00e9 ruptura total, mas combina\u00e7\u00e3o entre familiar e desconhecido, que pode perdurar por meses ou anos.<\/p>\n<p>A presen\u00e7a dessas experi\u00eancias exige lideran\u00e7a que ofere\u00e7a orienta\u00e7\u00e3o pr\u00e1tica, mesmo quando existe inseguran\u00e7a. \u00c9 comum o desafio de orientar equipas sem respostas completas.<\/p>\n<p>Tr\u00eas perguntas-chave para liderar com clareza<\/p>\n<p>1. O que valorizo? Valores aparecem com evid\u00eancia em tempos incertos, ajudando a identificar o essencial e a ajustar cren\u00e7as desatualizadas.<\/p>\n<p>2. Onde \u00e9 que estamos? Importa compreender os princ\u00edpios da organiza\u00e7\u00e3o e identificar terreno comum, especialmente em contextos polarizados.<\/p>\n<p>3. Como avan\u00e7amos? Evitar impot\u00eancia ou cinismo \u00e9 crucial; definir objetivos, limites e direc\u00e7\u00e3o aumenta a confian\u00e7a das equipas.<\/p>\n<p>Como atravessar a tempestade, com avalia\u00e7\u00e3o e fortalecimento<\/p>\n<p>Em cen\u00e1rios inst\u00e1veis, vale manter o foco no que permanece est\u00e1vel e nos objetivos centrais: entregar valor e criar perten\u00e7a no ambiente de trabalho.<\/p>\n<p>Fortalecer la\u00e7os internos ajuda a manter a sensa\u00e7\u00e3o de capacidade coletiva, reduzindo a sensa\u00e7\u00e3o de perda de controlo.<\/p>\n<p>Manter firmeza e rumo \u00e9 essencial: agarrar-se ao que \u00e9 s\u00f3lido e manter o percurso, mesmo em crises, ajuda a superar tempestades.<\/p>\n<p>Olhando para a esperan\u00e7a<\/p>\n<p>A pandemia mostrou que organiza\u00e7\u00f5es podem adaptar-se rapidamente a mudan\u00e7as radicais. Esse hist\u00f3rico refor\u00e7a a ideia de que as experi\u00eancias liminares podem ser oportunidades de reflex\u00e3o, reconex\u00e3o e reorienta\u00e7\u00e3o estrat\u00e9gica.<\/p>\n","protected":false},"excerpt":{"rendered":"<ul>\n<li>O conceito de experi\u00eancias liminares descreve uma fase de transi\u00e7\u00e3o entre rotinas antigas e novas, acentuada pela pandemia e pela cont\u00ednua instabilidade.<\/li>\n<li>A instabilidade atual inclui crises energ\u00e9ticas, conflitos, eventos clim\u00e1ticos e mudan\u00e7as no trabalho, impulsionadas pelo modelo h\u00edbrido e pela intelig\u00eancia artificial generativa, criando ansiedade e sensa\u00e7\u00e3o de falta de controlo.<\/li>\n<li>O tema \u00e9 desenvolvido por Laura Empson e Jennifer Howard-Grenville num artigo da Harvard Business Review sobre liderar em tempos imprevis\u00edveis.<\/li>\n<li>Para enfrentar a liminaridade, as autoras sugerem tr\u00eas perguntas-chave: o que valorizo? onde estamos? como avan\u00e7amos?<\/li>\n<li>Como passos pr\u00e1ticos, prop\u00f5em: pausar para avaliar, fortalecer os la\u00e7os dentro da organiza\u00e7\u00e3o e manter firmeza e rumo, com um foco no valor, princ\u00edpios e a\u00e7\u00f5es a tomar.<\/li>\n<\/ul>\n","protected":false},"author":2,"featured_media":125320,"comment_status":"closed","ping_status":"closed","sticky":false,"template":"","format":"standard","meta":{"footnotes":""},"categories":[1],"tags":[1323,82,2415,136,1734,759],"class_list":["post-125303","post","type-post","status-publish","format-standard","has-post-thumbnail","hentry","category-noticias","tag-coesao-social","tag-futuro","tag-gestao","tag-organizacoes","tag-planeamento-estrategico","tag-transformacao-digital"],"yoast_head":"<!-- This site is optimized with the Yoast SEO plugin v27.2 - https:\/\/yoast.com\/product\/yoast-seo-wordpress\/ -->\n<title>Liderar em tempos liminares \u00e9 o farol na incerteza - Portal Tela Portugal<\/title>\n<meta name=\"robots\" content=\"index, follow, max-snippet:-1, max-image-preview:large, max-video-preview:-1\" \/>\n<meta property=\"og:locale\" content=\"pt_PT\" \/>\n<meta property=\"og:type\" content=\"article\" \/>\n<meta property=\"og:title\" content=\"Liderar em tempos liminares \u00e9 o farol na incerteza - Portal Tela Portugal\" \/>\n<meta property=\"og:description\" content=\"O conceito de experi\u00eancias liminares descreve uma fase de transi\u00e7\u00e3o entre rotinas antigas e novas, acentuada pela pandemia e pela cont\u00ednua instabilidade. A instabilidade atual inclui crises energ\u00e9ticas, conflitos, eventos clim\u00e1ticos e mudan\u00e7as no trabalho, impulsionadas pelo modelo h\u00edbrido e pela intelig\u00eancia artificial generativa, criando ansiedade e sensa\u00e7\u00e3o de falta de controlo. O tema \u00e9 desenvolvido por Laura Empson e Jennifer Howard-Grenville num artigo da Harvard Business Review sobre liderar em tempos imprevis\u00edveis. Para enfrentar a liminaridade, as autoras sugerem tr\u00eas perguntas-chave: o que valorizo? onde estamos? como avan\u00e7amos? Como passos pr\u00e1ticos, prop\u00f5em: pausar para avaliar, fortalecer os la\u00e7os dentro da organiza\u00e7\u00e3o e manter firmeza e rumo, com um foco no valor, princ\u00edpios e a\u00e7\u00f5es a tomar.\" \/>\n<meta property=\"og:url\" content=\"https:\/\/portaltela.pt\/noticias\/2026\/01\/08\/liderar-em-tempos-liminares-e-o-farol-na-incerteza\/\" \/>\n<meta property=\"og:site_name\" content=\"Portal Tela Portugal\" \/>\n<meta property=\"article:published_time\" content=\"2026-01-08T07:06:00+00:00\" \/>\n<meta name=\"author\" content=\"Telinha\" \/>\n<meta name=\"twitter:card\" content=\"summary_large_image\" \/>\n<meta name=\"twitter:label1\" content=\"Escrito por\" \/>\n\t<meta name=\"twitter:data1\" content=\"Telinha\" \/>\n\t<meta name=\"twitter:label2\" content=\"Tempo estimado de leitura\" \/>\n\t<meta name=\"twitter:data2\" content=\"2 minutos\" \/>\n<script type=\"application\/ld+json\" class=\"yoast-schema-graph\">{\"@context\":\"https:\/\/schema.org\",\"@graph\":[{\"@type\":\"Article\",\"@id\":\"https:\/\/portaltela.pt\/noticias\/2026\/01\/08\/liderar-em-tempos-liminares-e-o-farol-na-incerteza\/#article\",\"isPartOf\":{\"@id\":\"https:\/\/portaltela.pt\/noticias\/2026\/01\/08\/liderar-em-tempos-liminares-e-o-farol-na-incerteza\/\"},\"author\":{\"name\":\"Telinha\",\"@id\":\"https:\/\/portaltela.pt\/#\/schema\/person\/c4278d4a6028830caff9ee44b42d32ed\"},\"headline\":\"Liderar em tempos liminares \u00e9 o farol na incerteza\",\"datePublished\":\"2026-01-08T07:06:00+00:00\",\"mainEntityOfPage\":{\"@id\":\"https:\/\/portaltela.pt\/noticias\/2026\/01\/08\/liderar-em-tempos-liminares-e-o-farol-na-incerteza\/\"},\"wordCount\":371,\"image\":{\"@id\":\"https:\/\/portaltela.pt\/noticias\/2026\/01\/08\/liderar-em-tempos-liminares-e-o-farol-na-incerteza\/#primaryimage\"},\"thumbnailUrl\":\"https:\/\/portaltela.pt\/s.01k8rhncp4jt1\/2026\/01\/unnamed-file-1538.jpg\",\"keywords\":[\"Coes\u00e3o social\",\"futuro\",\"gest\u00e3o\",\"organiza\u00e7\u00f5es\",\"Planeamento Estrat\u00e9gico\",\"transforma\u00e7\u00e3o digital\"],\"articleSection\":[\"Not\u00edcias\"],\"inLanguage\":\"pt-PT\"},{\"@type\":\"WebPage\",\"@id\":\"https:\/\/portaltela.pt\/noticias\/2026\/01\/08\/liderar-em-tempos-liminares-e-o-farol-na-incerteza\/\",\"url\":\"https:\/\/portaltela.pt\/noticias\/2026\/01\/08\/liderar-em-tempos-liminares-e-o-farol-na-incerteza\/\",\"name\":\"Liderar em tempos liminares \u00e9 o farol na incerteza - Portal Tela Portugal\",\"isPartOf\":{\"@id\":\"https:\/\/portaltela.pt\/#website\"},\"primaryImageOfPage\":{\"@id\":\"https:\/\/portaltela.pt\/noticias\/2026\/01\/08\/liderar-em-tempos-liminares-e-o-farol-na-incerteza\/#primaryimage\"},\"image\":{\"@id\":\"https:\/\/portaltela.pt\/noticias\/2026\/01\/08\/liderar-em-tempos-liminares-e-o-farol-na-incerteza\/#primaryimage\"},\"thumbnailUrl\":\"https:\/\/portaltela.pt\/s.01k8rhncp4jt1\/2026\/01\/unnamed-file-1538.jpg\",\"datePublished\":\"2026-01-08T07:06:00+00:00\",\"author\":{\"@id\":\"https:\/\/portaltela.pt\/#\/schema\/person\/c4278d4a6028830caff9ee44b42d32ed\"},\"breadcrumb\":{\"@id\":\"https:\/\/portaltela.pt\/noticias\/2026\/01\/08\/liderar-em-tempos-liminares-e-o-farol-na-incerteza\/#breadcrumb\"},\"inLanguage\":\"pt-PT\",\"potentialAction\":[{\"@type\":\"ReadAction\",\"target\":[\"https:\/\/portaltela.pt\/noticias\/2026\/01\/08\/liderar-em-tempos-liminares-e-o-farol-na-incerteza\/\"]}]},{\"@type\":\"ImageObject\",\"inLanguage\":\"pt-PT\",\"@id\":\"https:\/\/portaltela.pt\/noticias\/2026\/01\/08\/liderar-em-tempos-liminares-e-o-farol-na-incerteza\/#primaryimage\",\"url\":\"https:\/\/portaltela.pt\/s.01k8rhncp4jt1\/2026\/01\/unnamed-file-1538.jpg\",\"contentUrl\":\"https:\/\/portaltela.pt\/s.01k8rhncp4jt1\/2026\/01\/unnamed-file-1538.jpg\",\"width\":796,\"height\":448,\"caption\":\"Liderar em tempos liminares \u00e9 o farol na tempestade da incerteza\"},{\"@type\":\"BreadcrumbList\",\"@id\":\"https:\/\/portaltela.pt\/noticias\/2026\/01\/08\/liderar-em-tempos-liminares-e-o-farol-na-incerteza\/#breadcrumb\",\"itemListElement\":[{\"@type\":\"ListItem\",\"position\":1,\"name\":\"In\u00edcio\",\"item\":\"https:\/\/portaltela.pt\/\"},{\"@type\":\"ListItem\",\"position\":2,\"name\":\"Liderar em tempos liminares \u00e9 o farol na incerteza\"}]},{\"@type\":\"WebSite\",\"@id\":\"https:\/\/portaltela.pt\/#website\",\"url\":\"https:\/\/portaltela.pt\/\",\"name\":\"Portal Tela Portugal\",\"description\":\"\",\"potentialAction\":[{\"@type\":\"SearchAction\",\"target\":{\"@type\":\"EntryPoint\",\"urlTemplate\":\"https:\/\/portaltela.pt\/?s={search_term_string}\"},\"query-input\":{\"@type\":\"PropertyValueSpecification\",\"valueRequired\":true,\"valueName\":\"search_term_string\"}}],\"inLanguage\":\"pt-PT\"},{\"@type\":\"Person\",\"@id\":\"https:\/\/portaltela.pt\/#\/schema\/person\/c4278d4a6028830caff9ee44b42d32ed\",\"name\":\"Telinha\",\"image\":{\"@type\":\"ImageObject\",\"inLanguage\":\"pt-PT\",\"@id\":\"https:\/\/portaltela.pt\/s.01k8rhncp4jt1\/2025\/11\/talking-bot-125x125.png\",\"url\":\"https:\/\/portaltela.pt\/s.01k8rhncp4jt1\/2025\/11\/talking-bot-125x125.png\",\"contentUrl\":\"https:\/\/portaltela.pt\/s.01k8rhncp4jt1\/2025\/11\/talking-bot-125x125.png\",\"caption\":\"Telinha\"},\"sameAs\":[\"https:\/\/portaltela.pt\/\"],\"url\":\"https:\/\/portaltela.pt\/por\/367410592786\/\"}]}<\/script>\n<!-- \/ Yoast SEO plugin. -->","yoast_head_json":{"title":"Liderar em tempos liminares \u00e9 o farol na incerteza - Portal Tela Portugal","robots":{"index":"index","follow":"follow","max-snippet":"max-snippet:-1","max-image-preview":"max-image-preview:large","max-video-preview":"max-video-preview:-1"},"og_locale":"pt_PT","og_type":"article","og_title":"Liderar em tempos liminares \u00e9 o farol na incerteza - Portal Tela Portugal","og_description":"O conceito de experi\u00eancias liminares descreve uma fase de transi\u00e7\u00e3o entre rotinas antigas e novas, acentuada pela pandemia e pela cont\u00ednua instabilidade. A instabilidade atual inclui crises energ\u00e9ticas, conflitos, eventos clim\u00e1ticos e mudan\u00e7as no trabalho, impulsionadas pelo modelo h\u00edbrido e pela intelig\u00eancia artificial generativa, criando ansiedade e sensa\u00e7\u00e3o de falta de controlo. O tema \u00e9 desenvolvido por Laura Empson e Jennifer Howard-Grenville num artigo da Harvard Business Review sobre liderar em tempos imprevis\u00edveis. Para enfrentar a liminaridade, as autoras sugerem tr\u00eas perguntas-chave: o que valorizo? onde estamos? como avan\u00e7amos? Como passos pr\u00e1ticos, prop\u00f5em: pausar para avaliar, fortalecer os la\u00e7os dentro da organiza\u00e7\u00e3o e manter firmeza e rumo, com um foco no valor, princ\u00edpios e a\u00e7\u00f5es a tomar.","og_url":"https:\/\/portaltela.pt\/noticias\/2026\/01\/08\/liderar-em-tempos-liminares-e-o-farol-na-incerteza\/","og_site_name":"Portal Tela Portugal","article_published_time":"2026-01-08T07:06:00+00:00","author":"Telinha","twitter_card":"summary_large_image","twitter_misc":{"Escrito por":"Telinha","Tempo estimado de leitura":"2 minutos"},"schema":{"@context":"https:\/\/schema.org","@graph":[{"@type":"Article","@id":"https:\/\/portaltela.pt\/noticias\/2026\/01\/08\/liderar-em-tempos-liminares-e-o-farol-na-incerteza\/#article","isPartOf":{"@id":"https:\/\/portaltela.pt\/noticias\/2026\/01\/08\/liderar-em-tempos-liminares-e-o-farol-na-incerteza\/"},"author":{"name":"Telinha","@id":"https:\/\/portaltela.pt\/#\/schema\/person\/c4278d4a6028830caff9ee44b42d32ed"},"headline":"Liderar em tempos liminares \u00e9 o farol na incerteza","datePublished":"2026-01-08T07:06:00+00:00","mainEntityOfPage":{"@id":"https:\/\/portaltela.pt\/noticias\/2026\/01\/08\/liderar-em-tempos-liminares-e-o-farol-na-incerteza\/"},"wordCount":371,"image":{"@id":"https:\/\/portaltela.pt\/noticias\/2026\/01\/08\/liderar-em-tempos-liminares-e-o-farol-na-incerteza\/#primaryimage"},"thumbnailUrl":"https:\/\/portaltela.pt\/s.01k8rhncp4jt1\/2026\/01\/unnamed-file-1538.jpg","keywords":["Coes\u00e3o social","futuro","gest\u00e3o","organiza\u00e7\u00f5es","Planeamento Estrat\u00e9gico","transforma\u00e7\u00e3o digital"],"articleSection":["Not\u00edcias"],"inLanguage":"pt-PT"},{"@type":"WebPage","@id":"https:\/\/portaltela.pt\/noticias\/2026\/01\/08\/liderar-em-tempos-liminares-e-o-farol-na-incerteza\/","url":"https:\/\/portaltela.pt\/noticias\/2026\/01\/08\/liderar-em-tempos-liminares-e-o-farol-na-incerteza\/","name":"Liderar em tempos liminares \u00e9 o farol na incerteza - Portal Tela Portugal","isPartOf":{"@id":"https:\/\/portaltela.pt\/#website"},"primaryImageOfPage":{"@id":"https:\/\/portaltela.pt\/noticias\/2026\/01\/08\/liderar-em-tempos-liminares-e-o-farol-na-incerteza\/#primaryimage"},"image":{"@id":"https:\/\/portaltela.pt\/noticias\/2026\/01\/08\/liderar-em-tempos-liminares-e-o-farol-na-incerteza\/#primaryimage"},"thumbnailUrl":"https:\/\/portaltela.pt\/s.01k8rhncp4jt1\/2026\/01\/unnamed-file-1538.jpg","datePublished":"2026-01-08T07:06:00+00:00","author":{"@id":"https:\/\/portaltela.pt\/#\/schema\/person\/c4278d4a6028830caff9ee44b42d32ed"},"breadcrumb":{"@id":"https:\/\/portaltela.pt\/noticias\/2026\/01\/08\/liderar-em-tempos-liminares-e-o-farol-na-incerteza\/#breadcrumb"},"inLanguage":"pt-PT","potentialAction":[{"@type":"ReadAction","target":["https:\/\/portaltela.pt\/noticias\/2026\/01\/08\/liderar-em-tempos-liminares-e-o-farol-na-incerteza\/"]}]},{"@type":"ImageObject","inLanguage":"pt-PT","@id":"https:\/\/portaltela.pt\/noticias\/2026\/01\/08\/liderar-em-tempos-liminares-e-o-farol-na-incerteza\/#primaryimage","url":"https:\/\/portaltela.pt\/s.01k8rhncp4jt1\/2026\/01\/unnamed-file-1538.jpg","contentUrl":"https:\/\/portaltela.pt\/s.01k8rhncp4jt1\/2026\/01\/unnamed-file-1538.jpg","width":796,"height":448,"caption":"Liderar em tempos liminares \u00e9 o farol na tempestade da incerteza"},{"@type":"BreadcrumbList","@id":"https:\/\/portaltela.pt\/noticias\/2026\/01\/08\/liderar-em-tempos-liminares-e-o-farol-na-incerteza\/#breadcrumb","itemListElement":[{"@type":"ListItem","position":1,"name":"In\u00edcio","item":"https:\/\/portaltela.pt\/"},{"@type":"ListItem","position":2,"name":"Liderar em tempos liminares \u00e9 o farol na incerteza"}]},{"@type":"WebSite","@id":"https:\/\/portaltela.pt\/#website","url":"https:\/\/portaltela.pt\/","name":"Portal Tela Portugal","description":"","potentialAction":[{"@type":"SearchAction","target":{"@type":"EntryPoint","urlTemplate":"https:\/\/portaltela.pt\/?s={search_term_string}"},"query-input":{"@type":"PropertyValueSpecification","valueRequired":true,"valueName":"search_term_string"}}],"inLanguage":"pt-PT"},{"@type":"Person","@id":"https:\/\/portaltela.pt\/#\/schema\/person\/c4278d4a6028830caff9ee44b42d32ed","name":"Telinha","image":{"@type":"ImageObject","inLanguage":"pt-PT","@id":"https:\/\/portaltela.pt\/s.01k8rhncp4jt1\/2025\/11\/talking-bot-125x125.png","url":"https:\/\/portaltela.pt\/s.01k8rhncp4jt1\/2025\/11\/talking-bot-125x125.png","contentUrl":"https:\/\/portaltela.pt\/s.01k8rhncp4jt1\/2025\/11\/talking-bot-125x125.png","caption":"Telinha"},"sameAs":["https:\/\/portaltela.pt\/"],"url":"https:\/\/portaltela.pt\/por\/367410592786\/"}]}},"_links":{"self":[{"href":"https:\/\/portaltela.pt\/api\/wp\/v2\/posts\/125303","targetHints":{"allow":["GET"]}}],"collection":[{"href":"https:\/\/portaltela.pt\/api\/wp\/v2\/posts"}],"about":[{"href":"https:\/\/portaltela.pt\/api\/wp\/v2\/types\/post"}],"author":[{"embeddable":true,"href":"https:\/\/portaltela.pt\/api\/wp\/v2\/users\/2"}],"replies":[{"embeddable":true,"href":"https:\/\/portaltela.pt\/api\/wp\/v2\/comments?post=125303"}],"version-history":[{"count":0,"href":"https:\/\/portaltela.pt\/api\/wp\/v2\/posts\/125303\/revisions"}],"wp:featuredmedia":[{"embeddable":true,"href":"https:\/\/portaltela.pt\/api\/wp\/v2\/media\/125320"}],"wp:attachment":[{"href":"https:\/\/portaltela.pt\/api\/wp\/v2\/media?parent=125303"}],"wp:term":[{"taxonomy":"category","embeddable":true,"href":"https:\/\/portaltela.pt\/api\/wp\/v2\/categories?post=125303"},{"taxonomy":"post_tag","embeddable":true,"href":"https:\/\/portaltela.pt\/api\/wp\/v2\/tags?post=125303"}],"curies":[{"name":"wp","href":"https:\/\/api.w.org\/{rel}","templated":true}]}}