{"id":125297,"date":"2026-01-07T22:01:00","date_gmt":"2026-01-08T01:01:00","guid":{"rendered":"https:\/\/portaltela.pt\/noticias\/2026\/01\/07\/trump-inaugura-nova-era-da-politica-externa-dos-eua-apos-venezuela-e-gronelandia\/"},"modified":"2026-01-07T22:01:00","modified_gmt":"2026-01-08T01:01:00","slug":"trump-inaugura-nova-era-da-politica-externa-dos-eua-apos-venezuela-e-gronelandia","status":"publish","type":"post","link":"https:\/\/portaltela.pt\/noticias\/2026\/01\/07\/trump-inaugura-nova-era-da-politica-externa-dos-eua-apos-venezuela-e-gronelandia\/","title":{"rendered":"Trump inaugura nova era da pol\u00edtica externa dos EUA ap\u00f3s Venezuela e Gronel\u00e2ndia"},"content":{"rendered":"<p>Do que aconteceu foi uma opera\u00e7\u00e3o das for\u00e7as especiais dos Estados Unidos que capturou o presidente Nicol\u00e1s Maduro, da Venezuela. O objetivo e os detalhes da opera\u00e7\u00e3o n\u00e3o foram comunicados de forma oficial de imediato, gerando incerteza no pa\u00eds. A situa\u00e7\u00e3o levou a uma escalada de instabilidade interna.<\/p>\n<p>Quem est\u00e1 envolvido inclui as for\u00e7as especiais norte-americanas, que realizaram a captura, e as autoridades venezuelanas, cuja rea\u00e7\u00e3o ainda est\u00e1 a ser detalhada. Donald Trump, na leitura inicial dos acontecimentos, mencionou que a popula\u00e7\u00e3o n\u00e3o seria chamada \u00e0s urnas nos pr\u00f3ximos 30 dias, o que aumenta o grau de incerteza sobre o futuro pol\u00edtico do pa\u00eds.<\/p>\n<p>Quando e onde ocorreu a opera\u00e7\u00e3o n\u00e3o foram devidamente confirmados pela Casa Branca ou por fontes venezuelanas. A imprensa internacional tem acompanhado o desenrolar dos eventos, com foco na continuidade da transi\u00e7\u00e3o de poder e nas repercuss\u00f5es regionais.<\/p>\n<p>Porqu\u00ea continua a ser objeto de an\u00e1lise: os analistas questionam os objetivos estrat\u00e9gicos de Washington e o impacto na estabilidade venezuelana, assim como as implica\u00e7\u00f5es para a pol\u00edtica externa dos EUA sob uma nova presid\u00eancia. A comunidade internacional aguarda informa\u00e7\u00f5es oficiais para avaliar as pr\u00f3ximas etapas.<\/p>\n<p>Repercuss\u00f5es internacionais emergem na arena diplom\u00e1tica, com diversas na\u00e7\u00f5es a avaliar a legitimidade das a\u00e7\u00f5es e a eventual resposta econ\u00f4mica e pol\u00edtica. Observadores destacam a import\u00e2ncia de apurar fatos, confirmar fontes e evitar desinforma\u00e7\u00e3o durante a crise.<\/p>\n","protected":false},"excerpt":{"rendered":"<ul>\n<li>A captura do Presidente Nicol\u00e1s Maduro pelas for\u00e7as especiais norte-americanas mergulhou a Venezuela em incerteza e maior instabilidade.<\/li>\n<li>Donald Trump afirmou que a popula\u00e7\u00e3o n\u00e3o ser\u00e1 chamada \u00e0s urnas nos pr\u00f3ximos 30 dias, deixando incerta a evolu\u00e7\u00e3o pol\u00edtica venezuelana.<\/li>\n<li>Perguntas internacionais sugerem que o tema poder\u00e1 indicar uma poss\u00edvel nova era na pol\u00edtica externa dos Estados Unidos.<\/li>\n<li>H\u00e1 d\u00favidas sobre as implica\u00e7\u00f5es regionais e o impacto na estabilidade da regi\u00e3o.<\/li>\n<li>O texto n\u00e3o fornece prazos ou decis\u00f5es definitivas, mantendo a incerteza sobre os pr\u00f3ximos passos.<\/li>\n<\/ul>\n","protected":false},"author":2,"featured_media":125299,"comment_status":"closed","ping_status":"closed","sticky":false,"template":"","format":"standard","meta":{"footnotes":""},"categories":[1],"tags":[68,1600,34,1013,2108,2347],"class_list":["post-125297","post","type-post","status-publish","format-standard","has-post-thumbnail","hentry","category-noticias","tag-eleicoes","tag-estados-unidos","tag-governo","tag-gronelandia","tag-intervencao-internacional","tag-repercussoes-internacionais"],"yoast_head":"<!-- This site is optimized with the Yoast SEO plugin v27.2 - https:\/\/yoast.com\/product\/yoast-seo-wordpress\/ -->\n<title>Trump inaugura nova era da pol\u00edtica externa dos EUA ap\u00f3s Venezuela e Gronel\u00e2ndia - Portal Tela Portugal<\/title>\n<meta name=\"robots\" content=\"index, follow, max-snippet:-1, max-image-preview:large, max-video-preview:-1\" \/>\n<meta property=\"og:locale\" content=\"pt_PT\" \/>\n<meta property=\"og:type\" content=\"article\" \/>\n<meta property=\"og:title\" content=\"Trump inaugura nova era da pol\u00edtica externa dos EUA ap\u00f3s Venezuela e Gronel\u00e2ndia - Portal Tela Portugal\" \/>\n<meta property=\"og:description\" content=\"A captura do Presidente Nicol\u00e1s Maduro pelas for\u00e7as especiais norte-americanas mergulhou a Venezuela em incerteza e maior instabilidade. Donald Trump afirmou que a popula\u00e7\u00e3o n\u00e3o ser\u00e1 chamada \u00e0s urnas nos pr\u00f3ximos 30 dias, deixando incerta a evolu\u00e7\u00e3o pol\u00edtica venezuelana. Perguntas internacionais sugerem que o tema poder\u00e1 indicar uma poss\u00edvel nova era na pol\u00edtica externa dos Estados Unidos. H\u00e1 d\u00favidas sobre as implica\u00e7\u00f5es regionais e o impacto na estabilidade da regi\u00e3o. O texto n\u00e3o fornece prazos ou decis\u00f5es definitivas, mantendo a incerteza sobre os pr\u00f3ximos passos.\" \/>\n<meta property=\"og:url\" content=\"https:\/\/portaltela.pt\/noticias\/2026\/01\/07\/trump-inaugura-nova-era-da-politica-externa-dos-eua-apos-venezuela-e-gronelandia\/\" \/>\n<meta property=\"og:site_name\" content=\"Portal Tela Portugal\" \/>\n<meta property=\"article:published_time\" content=\"2026-01-08T01:01:00+00:00\" \/>\n<meta name=\"author\" content=\"Telinha\" \/>\n<meta name=\"twitter:card\" content=\"summary_large_image\" \/>\n<meta name=\"twitter:label1\" content=\"Escrito por\" \/>\n\t<meta name=\"twitter:data1\" content=\"Telinha\" \/>\n\t<meta name=\"twitter:label2\" content=\"Tempo estimado de leitura\" \/>\n\t<meta name=\"twitter:data2\" content=\"1 minuto\" \/>\n<script type=\"application\/ld+json\" class=\"yoast-schema-graph\">{\"@context\":\"https:\/\/schema.org\",\"@graph\":[{\"@type\":\"Article\",\"@id\":\"https:\/\/portaltela.pt\/noticias\/2026\/01\/07\/trump-inaugura-nova-era-da-politica-externa-dos-eua-apos-venezuela-e-gronelandia\/#article\",\"isPartOf\":{\"@id\":\"https:\/\/portaltela.pt\/noticias\/2026\/01\/07\/trump-inaugura-nova-era-da-politica-externa-dos-eua-apos-venezuela-e-gronelandia\/\"},\"author\":{\"name\":\"Telinha\",\"@id\":\"https:\/\/portaltela.pt\/#\/schema\/person\/c4278d4a6028830caff9ee44b42d32ed\"},\"headline\":\"Trump inaugura nova era da pol\u00edtica externa dos EUA ap\u00f3s Venezuela e Gronel\u00e2ndia\",\"datePublished\":\"2026-01-08T01:01:00+00:00\",\"mainEntityOfPage\":{\"@id\":\"https:\/\/portaltela.pt\/noticias\/2026\/01\/07\/trump-inaugura-nova-era-da-politica-externa-dos-eua-apos-venezuela-e-gronelandia\/\"},\"wordCount\":273,\"image\":{\"@id\":\"https:\/\/portaltela.pt\/noticias\/2026\/01\/07\/trump-inaugura-nova-era-da-politica-externa-dos-eua-apos-venezuela-e-gronelandia\/#primaryimage\"},\"thumbnailUrl\":\"https:\/\/portaltela.pt\/s.01k8rhncp4jt1\/2026\/01\/2057399.jpg\",\"keywords\":[\"elei\u00e7\u00f5es\",\"Estados Unidos\",\"governo\",\"Gronel\u00e2ndia\",\"interven\u00e7\u00e3o internacional\",\"Repercuss\u00f5es internacionais\"],\"articleSection\":[\"Not\u00edcias\"],\"inLanguage\":\"pt-PT\"},{\"@type\":\"WebPage\",\"@id\":\"https:\/\/portaltela.pt\/noticias\/2026\/01\/07\/trump-inaugura-nova-era-da-politica-externa-dos-eua-apos-venezuela-e-gronelandia\/\",\"url\":\"https:\/\/portaltela.pt\/noticias\/2026\/01\/07\/trump-inaugura-nova-era-da-politica-externa-dos-eua-apos-venezuela-e-gronelandia\/\",\"name\":\"Trump inaugura nova era da pol\u00edtica externa dos EUA ap\u00f3s Venezuela e Gronel\u00e2ndia - Portal Tela Portugal\",\"isPartOf\":{\"@id\":\"https:\/\/portaltela.pt\/#website\"},\"primaryImageOfPage\":{\"@id\":\"https:\/\/portaltela.pt\/noticias\/2026\/01\/07\/trump-inaugura-nova-era-da-politica-externa-dos-eua-apos-venezuela-e-gronelandia\/#primaryimage\"},\"image\":{\"@id\":\"https:\/\/portaltela.pt\/noticias\/2026\/01\/07\/trump-inaugura-nova-era-da-politica-externa-dos-eua-apos-venezuela-e-gronelandia\/#primaryimage\"},\"thumbnailUrl\":\"https:\/\/portaltela.pt\/s.01k8rhncp4jt1\/2026\/01\/2057399.jpg\",\"datePublished\":\"2026-01-08T01:01:00+00:00\",\"author\":{\"@id\":\"https:\/\/portaltela.pt\/#\/schema\/person\/c4278d4a6028830caff9ee44b42d32ed\"},\"breadcrumb\":{\"@id\":\"https:\/\/portaltela.pt\/noticias\/2026\/01\/07\/trump-inaugura-nova-era-da-politica-externa-dos-eua-apos-venezuela-e-gronelandia\/#breadcrumb\"},\"inLanguage\":\"pt-PT\",\"potentialAction\":[{\"@type\":\"ReadAction\",\"target\":[\"https:\/\/portaltela.pt\/noticias\/2026\/01\/07\/trump-inaugura-nova-era-da-politica-externa-dos-eua-apos-venezuela-e-gronelandia\/\"]}]},{\"@type\":\"ImageObject\",\"inLanguage\":\"pt-PT\",\"@id\":\"https:\/\/portaltela.pt\/noticias\/2026\/01\/07\/trump-inaugura-nova-era-da-politica-externa-dos-eua-apos-venezuela-e-gronelandia\/#primaryimage\",\"url\":\"https:\/\/portaltela.pt\/s.01k8rhncp4jt1\/2026\/01\/2057399.jpg\",\"contentUrl\":\"https:\/\/portaltela.pt\/s.01k8rhncp4jt1\/2026\/01\/2057399.jpg\",\"width\":796,\"height\":448,\"caption\":\"Photo\"},{\"@type\":\"BreadcrumbList\",\"@id\":\"https:\/\/portaltela.pt\/noticias\/2026\/01\/07\/trump-inaugura-nova-era-da-politica-externa-dos-eua-apos-venezuela-e-gronelandia\/#breadcrumb\",\"itemListElement\":[{\"@type\":\"ListItem\",\"position\":1,\"name\":\"In\u00edcio\",\"item\":\"https:\/\/portaltela.pt\/\"},{\"@type\":\"ListItem\",\"position\":2,\"name\":\"Trump inaugura nova era da pol\u00edtica externa dos EUA ap\u00f3s Venezuela e Gronel\u00e2ndia\"}]},{\"@type\":\"WebSite\",\"@id\":\"https:\/\/portaltela.pt\/#website\",\"url\":\"https:\/\/portaltela.pt\/\",\"name\":\"Portal Tela Portugal\",\"description\":\"\",\"potentialAction\":[{\"@type\":\"SearchAction\",\"target\":{\"@type\":\"EntryPoint\",\"urlTemplate\":\"https:\/\/portaltela.pt\/?s={search_term_string}\"},\"query-input\":{\"@type\":\"PropertyValueSpecification\",\"valueRequired\":true,\"valueName\":\"search_term_string\"}}],\"inLanguage\":\"pt-PT\"},{\"@type\":\"Person\",\"@id\":\"https:\/\/portaltela.pt\/#\/schema\/person\/c4278d4a6028830caff9ee44b42d32ed\",\"name\":\"Telinha\",\"image\":{\"@type\":\"ImageObject\",\"inLanguage\":\"pt-PT\",\"@id\":\"https:\/\/portaltela.pt\/s.01k8rhncp4jt1\/2025\/11\/talking-bot-125x125.png\",\"url\":\"https:\/\/portaltela.pt\/s.01k8rhncp4jt1\/2025\/11\/talking-bot-125x125.png\",\"contentUrl\":\"https:\/\/portaltela.pt\/s.01k8rhncp4jt1\/2025\/11\/talking-bot-125x125.png\",\"caption\":\"Telinha\"},\"sameAs\":[\"https:\/\/portaltela.pt\/\"],\"url\":\"https:\/\/portaltela.pt\/por\/367410592786\/\"}]}<\/script>\n<!-- \/ Yoast SEO plugin. -->","yoast_head_json":{"title":"Trump inaugura nova era da pol\u00edtica externa dos EUA ap\u00f3s Venezuela e Gronel\u00e2ndia - Portal Tela Portugal","robots":{"index":"index","follow":"follow","max-snippet":"max-snippet:-1","max-image-preview":"max-image-preview:large","max-video-preview":"max-video-preview:-1"},"og_locale":"pt_PT","og_type":"article","og_title":"Trump inaugura nova era da pol\u00edtica externa dos EUA ap\u00f3s Venezuela e Gronel\u00e2ndia - Portal Tela Portugal","og_description":"A captura do Presidente Nicol\u00e1s Maduro pelas for\u00e7as especiais norte-americanas mergulhou a Venezuela em incerteza e maior instabilidade. Donald Trump afirmou que a popula\u00e7\u00e3o n\u00e3o ser\u00e1 chamada \u00e0s urnas nos pr\u00f3ximos 30 dias, deixando incerta a evolu\u00e7\u00e3o pol\u00edtica venezuelana. Perguntas internacionais sugerem que o tema poder\u00e1 indicar uma poss\u00edvel nova era na pol\u00edtica externa dos Estados Unidos. H\u00e1 d\u00favidas sobre as implica\u00e7\u00f5es regionais e o impacto na estabilidade da regi\u00e3o. O texto n\u00e3o fornece prazos ou decis\u00f5es definitivas, mantendo a incerteza sobre os pr\u00f3ximos passos.","og_url":"https:\/\/portaltela.pt\/noticias\/2026\/01\/07\/trump-inaugura-nova-era-da-politica-externa-dos-eua-apos-venezuela-e-gronelandia\/","og_site_name":"Portal Tela Portugal","article_published_time":"2026-01-08T01:01:00+00:00","author":"Telinha","twitter_card":"summary_large_image","twitter_misc":{"Escrito por":"Telinha","Tempo estimado de leitura":"1 minuto"},"schema":{"@context":"https:\/\/schema.org","@graph":[{"@type":"Article","@id":"https:\/\/portaltela.pt\/noticias\/2026\/01\/07\/trump-inaugura-nova-era-da-politica-externa-dos-eua-apos-venezuela-e-gronelandia\/#article","isPartOf":{"@id":"https:\/\/portaltela.pt\/noticias\/2026\/01\/07\/trump-inaugura-nova-era-da-politica-externa-dos-eua-apos-venezuela-e-gronelandia\/"},"author":{"name":"Telinha","@id":"https:\/\/portaltela.pt\/#\/schema\/person\/c4278d4a6028830caff9ee44b42d32ed"},"headline":"Trump inaugura nova era da pol\u00edtica externa dos EUA ap\u00f3s Venezuela e Gronel\u00e2ndia","datePublished":"2026-01-08T01:01:00+00:00","mainEntityOfPage":{"@id":"https:\/\/portaltela.pt\/noticias\/2026\/01\/07\/trump-inaugura-nova-era-da-politica-externa-dos-eua-apos-venezuela-e-gronelandia\/"},"wordCount":273,"image":{"@id":"https:\/\/portaltela.pt\/noticias\/2026\/01\/07\/trump-inaugura-nova-era-da-politica-externa-dos-eua-apos-venezuela-e-gronelandia\/#primaryimage"},"thumbnailUrl":"https:\/\/portaltela.pt\/s.01k8rhncp4jt1\/2026\/01\/2057399.jpg","keywords":["elei\u00e7\u00f5es","Estados Unidos","governo","Gronel\u00e2ndia","interven\u00e7\u00e3o internacional","Repercuss\u00f5es internacionais"],"articleSection":["Not\u00edcias"],"inLanguage":"pt-PT"},{"@type":"WebPage","@id":"https:\/\/portaltela.pt\/noticias\/2026\/01\/07\/trump-inaugura-nova-era-da-politica-externa-dos-eua-apos-venezuela-e-gronelandia\/","url":"https:\/\/portaltela.pt\/noticias\/2026\/01\/07\/trump-inaugura-nova-era-da-politica-externa-dos-eua-apos-venezuela-e-gronelandia\/","name":"Trump inaugura nova era da pol\u00edtica externa dos EUA ap\u00f3s Venezuela e Gronel\u00e2ndia - Portal Tela Portugal","isPartOf":{"@id":"https:\/\/portaltela.pt\/#website"},"primaryImageOfPage":{"@id":"https:\/\/portaltela.pt\/noticias\/2026\/01\/07\/trump-inaugura-nova-era-da-politica-externa-dos-eua-apos-venezuela-e-gronelandia\/#primaryimage"},"image":{"@id":"https:\/\/portaltela.pt\/noticias\/2026\/01\/07\/trump-inaugura-nova-era-da-politica-externa-dos-eua-apos-venezuela-e-gronelandia\/#primaryimage"},"thumbnailUrl":"https:\/\/portaltela.pt\/s.01k8rhncp4jt1\/2026\/01\/2057399.jpg","datePublished":"2026-01-08T01:01:00+00:00","author":{"@id":"https:\/\/portaltela.pt\/#\/schema\/person\/c4278d4a6028830caff9ee44b42d32ed"},"breadcrumb":{"@id":"https:\/\/portaltela.pt\/noticias\/2026\/01\/07\/trump-inaugura-nova-era-da-politica-externa-dos-eua-apos-venezuela-e-gronelandia\/#breadcrumb"},"inLanguage":"pt-PT","potentialAction":[{"@type":"ReadAction","target":["https:\/\/portaltela.pt\/noticias\/2026\/01\/07\/trump-inaugura-nova-era-da-politica-externa-dos-eua-apos-venezuela-e-gronelandia\/"]}]},{"@type":"ImageObject","inLanguage":"pt-PT","@id":"https:\/\/portaltela.pt\/noticias\/2026\/01\/07\/trump-inaugura-nova-era-da-politica-externa-dos-eua-apos-venezuela-e-gronelandia\/#primaryimage","url":"https:\/\/portaltela.pt\/s.01k8rhncp4jt1\/2026\/01\/2057399.jpg","contentUrl":"https:\/\/portaltela.pt\/s.01k8rhncp4jt1\/2026\/01\/2057399.jpg","width":796,"height":448,"caption":"Photo"},{"@type":"BreadcrumbList","@id":"https:\/\/portaltela.pt\/noticias\/2026\/01\/07\/trump-inaugura-nova-era-da-politica-externa-dos-eua-apos-venezuela-e-gronelandia\/#breadcrumb","itemListElement":[{"@type":"ListItem","position":1,"name":"In\u00edcio","item":"https:\/\/portaltela.pt\/"},{"@type":"ListItem","position":2,"name":"Trump inaugura nova era da pol\u00edtica externa dos EUA ap\u00f3s Venezuela e Gronel\u00e2ndia"}]},{"@type":"WebSite","@id":"https:\/\/portaltela.pt\/#website","url":"https:\/\/portaltela.pt\/","name":"Portal Tela Portugal","description":"","potentialAction":[{"@type":"SearchAction","target":{"@type":"EntryPoint","urlTemplate":"https:\/\/portaltela.pt\/?s={search_term_string}"},"query-input":{"@type":"PropertyValueSpecification","valueRequired":true,"valueName":"search_term_string"}}],"inLanguage":"pt-PT"},{"@type":"Person","@id":"https:\/\/portaltela.pt\/#\/schema\/person\/c4278d4a6028830caff9ee44b42d32ed","name":"Telinha","image":{"@type":"ImageObject","inLanguage":"pt-PT","@id":"https:\/\/portaltela.pt\/s.01k8rhncp4jt1\/2025\/11\/talking-bot-125x125.png","url":"https:\/\/portaltela.pt\/s.01k8rhncp4jt1\/2025\/11\/talking-bot-125x125.png","contentUrl":"https:\/\/portaltela.pt\/s.01k8rhncp4jt1\/2025\/11\/talking-bot-125x125.png","caption":"Telinha"},"sameAs":["https:\/\/portaltela.pt\/"],"url":"https:\/\/portaltela.pt\/por\/367410592786\/"}]}},"_links":{"self":[{"href":"https:\/\/portaltela.pt\/api\/wp\/v2\/posts\/125297","targetHints":{"allow":["GET"]}}],"collection":[{"href":"https:\/\/portaltela.pt\/api\/wp\/v2\/posts"}],"about":[{"href":"https:\/\/portaltela.pt\/api\/wp\/v2\/types\/post"}],"author":[{"embeddable":true,"href":"https:\/\/portaltela.pt\/api\/wp\/v2\/users\/2"}],"replies":[{"embeddable":true,"href":"https:\/\/portaltela.pt\/api\/wp\/v2\/comments?post=125297"}],"version-history":[{"count":0,"href":"https:\/\/portaltela.pt\/api\/wp\/v2\/posts\/125297\/revisions"}],"wp:featuredmedia":[{"embeddable":true,"href":"https:\/\/portaltela.pt\/api\/wp\/v2\/media\/125299"}],"wp:attachment":[{"href":"https:\/\/portaltela.pt\/api\/wp\/v2\/media?parent=125297"}],"wp:term":[{"taxonomy":"category","embeddable":true,"href":"https:\/\/portaltela.pt\/api\/wp\/v2\/categories?post=125297"},{"taxonomy":"post_tag","embeddable":true,"href":"https:\/\/portaltela.pt\/api\/wp\/v2\/tags?post=125297"}],"curies":[{"name":"wp","href":"https:\/\/api.w.org\/{rel}","templated":true}]}}