{"id":125282,"date":"2026-01-08T04:08:00","date_gmt":"2026-01-08T07:08:00","guid":{"rendered":"https:\/\/portaltela.pt\/noticias\/2026\/01\/08\/governo-venezuelano-afirma-que-ataque-dos-eua-causou-100-mortos\/"},"modified":"2026-01-08T04:08:00","modified_gmt":"2026-01-08T07:08:00","slug":"governo-venezuelano-afirma-que-ataque-dos-eua-causou-100-mortos","status":"publish","type":"post","link":"https:\/\/portaltela.pt\/noticias\/2026\/01\/08\/governo-venezuelano-afirma-que-ataque-dos-eua-causou-100-mortos\/","title":{"rendered":"Governo venezuelano afirma que ataque dos EUA causou 100 mortos"},"content":{"rendered":"<p>Pelo menos 100 pessoas morreram na sequ\u00eancia de um ataque dos EUA \u00e0 Venezuela, que culminou na captura do Presidente Nicol\u00e1s Maduro, segundo o ministro do Interior venezuelano, Diosdado Cabello. O governante descreveu o ataque como \u201cterr\u00edvel\u201d na televis\u00e3o p\u00fablica.<\/p>\n<p>Cabello confirmou ferimentos em Cilia Flores, esposa de Maduro, atingida na cabe\u00e7a e golpeada no corpo, e indicou que o irm\u00e3o de Maduro ficou ferido numa perna. Acrescentou que ambos est\u00e3o a recuperar.<\/p>\n<p>As For\u00e7as Armadas venezuelanas divulgaram v\u00eddeos do funeral de militares falecidos, com familiares a chorar e caix\u00f5es cobertos com bandeiras nacionais, em discursos que enalteciam a coragem das tropas.<\/p>\n<p>A ag\u00eancia AFP citou, sem balan\u00e7o oficial, pelo menos um civil morto, um miliciano, 23 militares venezuelanos e 32 cubanos. No domingo, Havana indicou que 32 militares cubanos morreram em a\u00e7\u00f5es de combate.<\/p>\n<p>O Presidente cubano Miguel D\u00edaz-Canel disse, nas redes sociais, que os militares estavam em Caracas a pedido de \u00f3rg\u00e3os hom\u00f3logos do Brasil, sem detalhes adicionais sobre as circunst\u00e2ncias.<\/p>\n<p>Fontes venezuelanas, citadas pelo The New York Times, mencionaram que 80 pessoas teriam morrido na opera\u00e7\u00e3o na Venezuela. O jornal descreveu o ataque como visando a gest\u00e3o de transi\u00e7\u00e3o do pa\u00eds.<\/p>\n<p>Os EUA anunciaram, no s\u00e1bado, o ataque para deter Maduro e a mulher, afirmando que v\u00e3o governar o pa\u00eds at\u00e9 concluir a transi\u00e7\u00e3o de poder. N\u00e3o houve confirma\u00e7\u00e3o de n\u00fameros oficiais atualizados pelas autoridades venezuelanas.<\/p>\n<p>Delcy Rodr\u00edguez, vice-presidente executiva de Maduro, assumiu a presid\u00eancia interina com o apoio das For\u00e7as Armadas, conforme informa\u00e7\u00f5es oficiais venezolanas. A situa\u00e7\u00e3o passou a ser monitorizada pelos aliados regionais.<\/p>\n<p>Maduro e Flores, na segunda-feira, prestaram declara\u00e7\u00f5es curtas num tribunal de Nova Iorque, a responder a acusa\u00e7\u00f5es de tr\u00e1fico de droga, corrup\u00e7\u00e3o e branqueamento de capitais. Ambos negaram as acusa\u00e7\u00f5es; a pr\u00f3xima audi\u00eancia est\u00e1 marcada para 17 de mar\u00e7o.<\/p>\n","protected":false},"excerpt":{"rendered":"<ul>\n<li>Ataque dos EUA \u00e0 Venezuela deixa pelo menos 100 mortos e um n\u00famero semelhante de feridos, e levou \u00e0 captura de Nicol\u00e1s Maduro, anunciada pelo ministro do Interior, Diosdado Cabello.<\/li>\n<li>For\u00e7as armadas venezuelanas divulgaram v\u00eddeos de funerais de militares; a AFP cita um civil, um miliciano e 23 militares venezuelanos mortos, al\u00e9m de 32 cubanos, n\u00famero tamb\u00e9m confirmado por Cuba.<\/li>\n<li>Miguel D\u00edaz-Canel disse nas redes sociais que os militares cubanos cumpriam miss\u00f5es em Caracas a pedido de \u00f3rg\u00e3os hom\u00f3logos venezuelanos.<\/li>\n<li>Os EUA ir\u00e3o governar o pa\u00eds at\u00e9 se concluir uma transi\u00e7\u00e3o de poder; Delcy Rodr\u00edguez assumiu a presid\u00eancia interina com o apoio das For\u00e7as Armadas.<\/li>\n<li>Maduro e a esposa falaram num tribunal de Nova Iorque sobre acusa\u00e7\u00f5es de tr\u00e1fico de droga, corrup\u00e7\u00e3o e branqueamento de capitais, declarando-se inocentes; pr\u00f3xima audi\u00eancia em 17 de mar\u00e7o.<\/li>\n<\/ul>\n","protected":false},"author":2,"featured_media":125283,"comment_status":"closed","ping_status":"closed","sticky":false,"template":"","format":"standard","meta":{"footnotes":""},"categories":[1],"tags":[2198,2336,1600,1779,62,2347],"class_list":["post-125282","post","type-post","status-publish","format-standard","has-post-thumbnail","hentry","category-noticias","tag-conflitos-internacionais","tag-defesa-nacional","tag-estados-unidos","tag-forcas-armadas","tag-guerra","tag-repercussoes-internacionais"],"yoast_head":"<!-- This site is optimized with the Yoast SEO plugin v27.2 - https:\/\/yoast.com\/product\/yoast-seo-wordpress\/ -->\n<title>Governo venezuelano afirma que ataque dos EUA causou 100 mortos - Portal Tela Portugal<\/title>\n<meta name=\"robots\" content=\"index, follow, max-snippet:-1, max-image-preview:large, max-video-preview:-1\" \/>\n<meta property=\"og:locale\" content=\"pt_PT\" \/>\n<meta property=\"og:type\" content=\"article\" \/>\n<meta property=\"og:title\" content=\"Governo venezuelano afirma que ataque dos EUA causou 100 mortos - Portal Tela Portugal\" \/>\n<meta property=\"og:description\" content=\"Ataque dos EUA \u00e0 Venezuela deixa pelo menos 100 mortos e um n\u00famero semelhante de feridos, e levou \u00e0 captura de Nicol\u00e1s Maduro, anunciada pelo ministro do Interior, Diosdado Cabello. For\u00e7as armadas venezuelanas divulgaram v\u00eddeos de funerais de militares; a AFP cita um civil, um miliciano e 23 militares venezuelanos mortos, al\u00e9m de 32 cubanos, n\u00famero tamb\u00e9m confirmado por Cuba. Miguel D\u00edaz-Canel disse nas redes sociais que os militares cubanos cumpriam miss\u00f5es em Caracas a pedido de \u00f3rg\u00e3os hom\u00f3logos venezuelanos. Os EUA ir\u00e3o governar o pa\u00eds at\u00e9 se concluir uma transi\u00e7\u00e3o de poder; Delcy Rodr\u00edguez assumiu a presid\u00eancia interina com o apoio das For\u00e7as Armadas. Maduro e a esposa falaram num tribunal de Nova Iorque sobre acusa\u00e7\u00f5es de tr\u00e1fico de droga, corrup\u00e7\u00e3o e branqueamento de capitais, declarando-se inocentes; pr\u00f3xima audi\u00eancia em 17 de mar\u00e7o.\" \/>\n<meta property=\"og:url\" content=\"https:\/\/portaltela.pt\/noticias\/2026\/01\/08\/governo-venezuelano-afirma-que-ataque-dos-eua-causou-100-mortos\/\" \/>\n<meta property=\"og:site_name\" content=\"Portal Tela Portugal\" \/>\n<meta property=\"article:published_time\" content=\"2026-01-08T07:08:00+00:00\" \/>\n<meta name=\"author\" content=\"Telinha\" \/>\n<meta name=\"twitter:card\" content=\"summary_large_image\" \/>\n<meta name=\"twitter:label1\" content=\"Escrito por\" \/>\n\t<meta name=\"twitter:data1\" content=\"Telinha\" \/>\n\t<meta name=\"twitter:label2\" content=\"Tempo estimado de leitura\" \/>\n\t<meta name=\"twitter:data2\" content=\"2 minutos\" \/>\n<script type=\"application\/ld+json\" class=\"yoast-schema-graph\">{\"@context\":\"https:\/\/schema.org\",\"@graph\":[{\"@type\":\"Article\",\"@id\":\"https:\/\/portaltela.pt\/noticias\/2026\/01\/08\/governo-venezuelano-afirma-que-ataque-dos-eua-causou-100-mortos\/#article\",\"isPartOf\":{\"@id\":\"https:\/\/portaltela.pt\/noticias\/2026\/01\/08\/governo-venezuelano-afirma-que-ataque-dos-eua-causou-100-mortos\/\"},\"author\":{\"name\":\"Telinha\",\"@id\":\"https:\/\/portaltela.pt\/#\/schema\/person\/c4278d4a6028830caff9ee44b42d32ed\"},\"headline\":\"Governo venezuelano afirma que ataque dos EUA causou 100 mortos\",\"datePublished\":\"2026-01-08T07:08:00+00:00\",\"mainEntityOfPage\":{\"@id\":\"https:\/\/portaltela.pt\/noticias\/2026\/01\/08\/governo-venezuelano-afirma-que-ataque-dos-eua-causou-100-mortos\/\"},\"wordCount\":341,\"image\":{\"@id\":\"https:\/\/portaltela.pt\/noticias\/2026\/01\/08\/governo-venezuelano-afirma-que-ataque-dos-eua-causou-100-mortos\/#primaryimage\"},\"thumbnailUrl\":\"https:\/\/portaltela.pt\/s.01k8rhncp4jt1\/2026\/01\/46234089.jpg\",\"keywords\":[\"conflitos internacionais\",\"Defesa Nacional\",\"Estados Unidos\",\"For\u00e7as Armadas\",\"guerra\",\"Repercuss\u00f5es internacionais\"],\"articleSection\":[\"Not\u00edcias\"],\"inLanguage\":\"pt-PT\"},{\"@type\":\"WebPage\",\"@id\":\"https:\/\/portaltela.pt\/noticias\/2026\/01\/08\/governo-venezuelano-afirma-que-ataque-dos-eua-causou-100-mortos\/\",\"url\":\"https:\/\/portaltela.pt\/noticias\/2026\/01\/08\/governo-venezuelano-afirma-que-ataque-dos-eua-causou-100-mortos\/\",\"name\":\"Governo venezuelano afirma que ataque dos EUA causou 100 mortos - Portal Tela Portugal\",\"isPartOf\":{\"@id\":\"https:\/\/portaltela.pt\/#website\"},\"primaryImageOfPage\":{\"@id\":\"https:\/\/portaltela.pt\/noticias\/2026\/01\/08\/governo-venezuelano-afirma-que-ataque-dos-eua-causou-100-mortos\/#primaryimage\"},\"image\":{\"@id\":\"https:\/\/portaltela.pt\/noticias\/2026\/01\/08\/governo-venezuelano-afirma-que-ataque-dos-eua-causou-100-mortos\/#primaryimage\"},\"thumbnailUrl\":\"https:\/\/portaltela.pt\/s.01k8rhncp4jt1\/2026\/01\/46234089.jpg\",\"datePublished\":\"2026-01-08T07:08:00+00:00\",\"author\":{\"@id\":\"https:\/\/portaltela.pt\/#\/schema\/person\/c4278d4a6028830caff9ee44b42d32ed\"},\"breadcrumb\":{\"@id\":\"https:\/\/portaltela.pt\/noticias\/2026\/01\/08\/governo-venezuelano-afirma-que-ataque-dos-eua-causou-100-mortos\/#breadcrumb\"},\"inLanguage\":\"pt-PT\",\"potentialAction\":[{\"@type\":\"ReadAction\",\"target\":[\"https:\/\/portaltela.pt\/noticias\/2026\/01\/08\/governo-venezuelano-afirma-que-ataque-dos-eua-causou-100-mortos\/\"]}]},{\"@type\":\"ImageObject\",\"inLanguage\":\"pt-PT\",\"@id\":\"https:\/\/portaltela.pt\/noticias\/2026\/01\/08\/governo-venezuelano-afirma-que-ataque-dos-eua-causou-100-mortos\/#primaryimage\",\"url\":\"https:\/\/portaltela.pt\/s.01k8rhncp4jt1\/2026\/01\/46234089.jpg\",\"contentUrl\":\"https:\/\/portaltela.pt\/s.01k8rhncp4jt1\/2026\/01\/46234089.jpg\",\"width\":796,\"height\":448,\"caption\":\"Venezuela. Governo diz que ataque dos EUA causou 100 mortos\"},{\"@type\":\"BreadcrumbList\",\"@id\":\"https:\/\/portaltela.pt\/noticias\/2026\/01\/08\/governo-venezuelano-afirma-que-ataque-dos-eua-causou-100-mortos\/#breadcrumb\",\"itemListElement\":[{\"@type\":\"ListItem\",\"position\":1,\"name\":\"In\u00edcio\",\"item\":\"https:\/\/portaltela.pt\/\"},{\"@type\":\"ListItem\",\"position\":2,\"name\":\"Governo venezuelano afirma que ataque dos EUA causou 100 mortos\"}]},{\"@type\":\"WebSite\",\"@id\":\"https:\/\/portaltela.pt\/#website\",\"url\":\"https:\/\/portaltela.pt\/\",\"name\":\"Portal Tela Portugal\",\"description\":\"\",\"potentialAction\":[{\"@type\":\"SearchAction\",\"target\":{\"@type\":\"EntryPoint\",\"urlTemplate\":\"https:\/\/portaltela.pt\/?s={search_term_string}\"},\"query-input\":{\"@type\":\"PropertyValueSpecification\",\"valueRequired\":true,\"valueName\":\"search_term_string\"}}],\"inLanguage\":\"pt-PT\"},{\"@type\":\"Person\",\"@id\":\"https:\/\/portaltela.pt\/#\/schema\/person\/c4278d4a6028830caff9ee44b42d32ed\",\"name\":\"Telinha\",\"image\":{\"@type\":\"ImageObject\",\"inLanguage\":\"pt-PT\",\"@id\":\"https:\/\/portaltela.pt\/s.01k8rhncp4jt1\/2025\/11\/talking-bot-125x125.png\",\"url\":\"https:\/\/portaltela.pt\/s.01k8rhncp4jt1\/2025\/11\/talking-bot-125x125.png\",\"contentUrl\":\"https:\/\/portaltela.pt\/s.01k8rhncp4jt1\/2025\/11\/talking-bot-125x125.png\",\"caption\":\"Telinha\"},\"sameAs\":[\"https:\/\/portaltela.pt\/\"],\"url\":\"https:\/\/portaltela.pt\/por\/367410592786\/\"}]}<\/script>\n<!-- \/ Yoast SEO plugin. -->","yoast_head_json":{"title":"Governo venezuelano afirma que ataque dos EUA causou 100 mortos - Portal Tela Portugal","robots":{"index":"index","follow":"follow","max-snippet":"max-snippet:-1","max-image-preview":"max-image-preview:large","max-video-preview":"max-video-preview:-1"},"og_locale":"pt_PT","og_type":"article","og_title":"Governo venezuelano afirma que ataque dos EUA causou 100 mortos - Portal Tela Portugal","og_description":"Ataque dos EUA \u00e0 Venezuela deixa pelo menos 100 mortos e um n\u00famero semelhante de feridos, e levou \u00e0 captura de Nicol\u00e1s Maduro, anunciada pelo ministro do Interior, Diosdado Cabello. For\u00e7as armadas venezuelanas divulgaram v\u00eddeos de funerais de militares; a AFP cita um civil, um miliciano e 23 militares venezuelanos mortos, al\u00e9m de 32 cubanos, n\u00famero tamb\u00e9m confirmado por Cuba. Miguel D\u00edaz-Canel disse nas redes sociais que os militares cubanos cumpriam miss\u00f5es em Caracas a pedido de \u00f3rg\u00e3os hom\u00f3logos venezuelanos. Os EUA ir\u00e3o governar o pa\u00eds at\u00e9 se concluir uma transi\u00e7\u00e3o de poder; Delcy Rodr\u00edguez assumiu a presid\u00eancia interina com o apoio das For\u00e7as Armadas. Maduro e a esposa falaram num tribunal de Nova Iorque sobre acusa\u00e7\u00f5es de tr\u00e1fico de droga, corrup\u00e7\u00e3o e branqueamento de capitais, declarando-se inocentes; pr\u00f3xima audi\u00eancia em 17 de mar\u00e7o.","og_url":"https:\/\/portaltela.pt\/noticias\/2026\/01\/08\/governo-venezuelano-afirma-que-ataque-dos-eua-causou-100-mortos\/","og_site_name":"Portal Tela Portugal","article_published_time":"2026-01-08T07:08:00+00:00","author":"Telinha","twitter_card":"summary_large_image","twitter_misc":{"Escrito por":"Telinha","Tempo estimado de leitura":"2 minutos"},"schema":{"@context":"https:\/\/schema.org","@graph":[{"@type":"Article","@id":"https:\/\/portaltela.pt\/noticias\/2026\/01\/08\/governo-venezuelano-afirma-que-ataque-dos-eua-causou-100-mortos\/#article","isPartOf":{"@id":"https:\/\/portaltela.pt\/noticias\/2026\/01\/08\/governo-venezuelano-afirma-que-ataque-dos-eua-causou-100-mortos\/"},"author":{"name":"Telinha","@id":"https:\/\/portaltela.pt\/#\/schema\/person\/c4278d4a6028830caff9ee44b42d32ed"},"headline":"Governo venezuelano afirma que ataque dos EUA causou 100 mortos","datePublished":"2026-01-08T07:08:00+00:00","mainEntityOfPage":{"@id":"https:\/\/portaltela.pt\/noticias\/2026\/01\/08\/governo-venezuelano-afirma-que-ataque-dos-eua-causou-100-mortos\/"},"wordCount":341,"image":{"@id":"https:\/\/portaltela.pt\/noticias\/2026\/01\/08\/governo-venezuelano-afirma-que-ataque-dos-eua-causou-100-mortos\/#primaryimage"},"thumbnailUrl":"https:\/\/portaltela.pt\/s.01k8rhncp4jt1\/2026\/01\/46234089.jpg","keywords":["conflitos internacionais","Defesa Nacional","Estados Unidos","For\u00e7as Armadas","guerra","Repercuss\u00f5es internacionais"],"articleSection":["Not\u00edcias"],"inLanguage":"pt-PT"},{"@type":"WebPage","@id":"https:\/\/portaltela.pt\/noticias\/2026\/01\/08\/governo-venezuelano-afirma-que-ataque-dos-eua-causou-100-mortos\/","url":"https:\/\/portaltela.pt\/noticias\/2026\/01\/08\/governo-venezuelano-afirma-que-ataque-dos-eua-causou-100-mortos\/","name":"Governo venezuelano afirma que ataque dos EUA causou 100 mortos - Portal Tela Portugal","isPartOf":{"@id":"https:\/\/portaltela.pt\/#website"},"primaryImageOfPage":{"@id":"https:\/\/portaltela.pt\/noticias\/2026\/01\/08\/governo-venezuelano-afirma-que-ataque-dos-eua-causou-100-mortos\/#primaryimage"},"image":{"@id":"https:\/\/portaltela.pt\/noticias\/2026\/01\/08\/governo-venezuelano-afirma-que-ataque-dos-eua-causou-100-mortos\/#primaryimage"},"thumbnailUrl":"https:\/\/portaltela.pt\/s.01k8rhncp4jt1\/2026\/01\/46234089.jpg","datePublished":"2026-01-08T07:08:00+00:00","author":{"@id":"https:\/\/portaltela.pt\/#\/schema\/person\/c4278d4a6028830caff9ee44b42d32ed"},"breadcrumb":{"@id":"https:\/\/portaltela.pt\/noticias\/2026\/01\/08\/governo-venezuelano-afirma-que-ataque-dos-eua-causou-100-mortos\/#breadcrumb"},"inLanguage":"pt-PT","potentialAction":[{"@type":"ReadAction","target":["https:\/\/portaltela.pt\/noticias\/2026\/01\/08\/governo-venezuelano-afirma-que-ataque-dos-eua-causou-100-mortos\/"]}]},{"@type":"ImageObject","inLanguage":"pt-PT","@id":"https:\/\/portaltela.pt\/noticias\/2026\/01\/08\/governo-venezuelano-afirma-que-ataque-dos-eua-causou-100-mortos\/#primaryimage","url":"https:\/\/portaltela.pt\/s.01k8rhncp4jt1\/2026\/01\/46234089.jpg","contentUrl":"https:\/\/portaltela.pt\/s.01k8rhncp4jt1\/2026\/01\/46234089.jpg","width":796,"height":448,"caption":"Venezuela. Governo diz que ataque dos EUA causou 100 mortos"},{"@type":"BreadcrumbList","@id":"https:\/\/portaltela.pt\/noticias\/2026\/01\/08\/governo-venezuelano-afirma-que-ataque-dos-eua-causou-100-mortos\/#breadcrumb","itemListElement":[{"@type":"ListItem","position":1,"name":"In\u00edcio","item":"https:\/\/portaltela.pt\/"},{"@type":"ListItem","position":2,"name":"Governo venezuelano afirma que ataque dos EUA causou 100 mortos"}]},{"@type":"WebSite","@id":"https:\/\/portaltela.pt\/#website","url":"https:\/\/portaltela.pt\/","name":"Portal Tela Portugal","description":"","potentialAction":[{"@type":"SearchAction","target":{"@type":"EntryPoint","urlTemplate":"https:\/\/portaltela.pt\/?s={search_term_string}"},"query-input":{"@type":"PropertyValueSpecification","valueRequired":true,"valueName":"search_term_string"}}],"inLanguage":"pt-PT"},{"@type":"Person","@id":"https:\/\/portaltela.pt\/#\/schema\/person\/c4278d4a6028830caff9ee44b42d32ed","name":"Telinha","image":{"@type":"ImageObject","inLanguage":"pt-PT","@id":"https:\/\/portaltela.pt\/s.01k8rhncp4jt1\/2025\/11\/talking-bot-125x125.png","url":"https:\/\/portaltela.pt\/s.01k8rhncp4jt1\/2025\/11\/talking-bot-125x125.png","contentUrl":"https:\/\/portaltela.pt\/s.01k8rhncp4jt1\/2025\/11\/talking-bot-125x125.png","caption":"Telinha"},"sameAs":["https:\/\/portaltela.pt\/"],"url":"https:\/\/portaltela.pt\/por\/367410592786\/"}]}},"_links":{"self":[{"href":"https:\/\/portaltela.pt\/api\/wp\/v2\/posts\/125282","targetHints":{"allow":["GET"]}}],"collection":[{"href":"https:\/\/portaltela.pt\/api\/wp\/v2\/posts"}],"about":[{"href":"https:\/\/portaltela.pt\/api\/wp\/v2\/types\/post"}],"author":[{"embeddable":true,"href":"https:\/\/portaltela.pt\/api\/wp\/v2\/users\/2"}],"replies":[{"embeddable":true,"href":"https:\/\/portaltela.pt\/api\/wp\/v2\/comments?post=125282"}],"version-history":[{"count":0,"href":"https:\/\/portaltela.pt\/api\/wp\/v2\/posts\/125282\/revisions"}],"wp:featuredmedia":[{"embeddable":true,"href":"https:\/\/portaltela.pt\/api\/wp\/v2\/media\/125283"}],"wp:attachment":[{"href":"https:\/\/portaltela.pt\/api\/wp\/v2\/media?parent=125282"}],"wp:term":[{"taxonomy":"category","embeddable":true,"href":"https:\/\/portaltela.pt\/api\/wp\/v2\/categories?post=125282"},{"taxonomy":"post_tag","embeddable":true,"href":"https:\/\/portaltela.pt\/api\/wp\/v2\/tags?post=125282"}],"curies":[{"name":"wp","href":"https:\/\/api.w.org\/{rel}","templated":true}]}}