{"id":125236,"date":"2026-01-08T00:24:00","date_gmt":"2026-01-08T03:24:00","guid":{"rendered":"https:\/\/portaltela.pt\/noticias\/2026\/01\/08\/portugal-e-referencia-em-defesa-e-tecnologia-espacial\/"},"modified":"2026-01-08T00:24:00","modified_gmt":"2026-01-08T03:24:00","slug":"portugal-e-referencia-em-defesa-e-tecnologia-espacial","status":"publish","type":"post","link":"https:\/\/portaltela.pt\/noticias\/2026\/01\/08\/portugal-e-referencia-em-defesa-e-tecnologia-espacial\/","title":{"rendered":"Portugal \u00e9 refer\u00eancia em defesa e tecnologia espacial"},"content":{"rendered":"<p>Andrius Kubilius, Comiss\u00e1rio Europeu para a Defesa e Espa\u00e7o, visitou Matosinhos para uma caminhada institucional no CEiiA, ao lado do ministro da Educa\u00e7\u00e3o, Fernando Alexandre. A visita teve como foco o desempenho de Portugal em tecnologia de defesa e do espa\u00e7o.<\/p>\n<p>O comiss\u00e1rio destacou que Portugal serve de exemplo na Europa em desenvolvimento de tecnologias avan\u00e7adas para defesa e espa\u00e7o, com apoio financeiro da Uni\u00e3o Europeia. A avalia\u00e7\u00e3o baseia-se no que viu nas instala\u00e7\u00f5es do CEiiA.<\/p>\n<p>Kubilius afirmou ficar impressionado com a efic\u00e1cia dos programas europeus e com o leque de planos nacionais para capacidades de defesa e para o setor espacial. O respons\u00e1vel salientou que o CEiiA funciona como uma instala\u00e7\u00e3o privada que otimiza fundos p\u00fablicos.<\/p>\n<p>O dirigente europeu real\u00e7ou a utiliza\u00e7\u00e3o eficiente de fundos europeus e REF no CEiiA, elogiando o modelo de financiamento. Refere ainda que Portugal est\u00e1 a tornar-se uma refer\u00eancia no espa\u00e7o, com impacto na engenharia e tecnologia.<\/p>\n<p>O CEiiA \u00e9 reconhecido pela sua atua\u00e7\u00e3o em v\u00e1rias \u00e1reas, incluindo aeron\u00e1utica, mobilidade e espa\u00e7o, com desenvolvimento de produtos inovadores. A visita ocorreu em contexto de encontros com autoridades nacionais e internacionais.<\/p>\n","protected":false},"excerpt":{"rendered":"<ul>\n<li>O Comiss\u00e1rio Europeu para a Defesa e Espa\u00e7o, Andrius Kubilius, disse em Matosinhos que Portugal \u00e9 um exemplo no desenvolvimento de tecnologia avan\u00e7ada de defesa e do espa\u00e7o.<\/li>\n<li>A declara\u00e7\u00e3o foi feita no final de uma visita ao CEiiA, acompanhando o ministro da Educa\u00e7\u00e3o, Fernando Alexandre.<\/li>\n<li>Kubilius afirmou sentir-se inspirado pelo que viu e elogiou o funcionamento eficaz dos programas da Uni\u00e3o Europeia.<\/li>\n<li>Destacou que Portugal tem planos relevantes tanto para capacidades de defesa como para o espa\u00e7o, utilizando fundos europeus e fundos referenciados.<\/li>\n<li>Elogiou o CEiiA como instala\u00e7\u00e3o privada onde fundos p\u00fablicos podem ser usados de forma eficaz e disse que Portugal est\u00e1 a tornar-se uma pot\u00eancia no espa\u00e7o; o CEiiA desenvolve, ainda, produtos inovadores em aeron\u00e1utica, mobilidade e espa\u00e7o.<\/li>\n<\/ul>\n","protected":false},"author":2,"featured_media":125237,"comment_status":"closed","ping_status":"closed","sticky":false,"template":"","format":"standard","meta":{"footnotes":""},"categories":[1],"tags":[2625,2336,2524,33,1996,2055],"class_list":["post-125236","post","type-post","status-publish","format-standard","has-post-thumbnail","hentry","category-noticias","tag-aeronautica","tag-defesa-nacional","tag-espaco-cidadao","tag-inovacao","tag-parcerias-internacionais","tag-uniao-europeia"],"yoast_head":"<!-- This site is optimized with the Yoast SEO plugin v27.2 - https:\/\/yoast.com\/product\/yoast-seo-wordpress\/ -->\n<title>Portugal \u00e9 refer\u00eancia em defesa e tecnologia espacial - Portal Tela Portugal<\/title>\n<meta name=\"robots\" content=\"index, follow, max-snippet:-1, max-image-preview:large, max-video-preview:-1\" \/>\n<meta property=\"og:locale\" content=\"pt_PT\" \/>\n<meta property=\"og:type\" content=\"article\" \/>\n<meta property=\"og:title\" content=\"Portugal \u00e9 refer\u00eancia em defesa e tecnologia espacial - Portal Tela Portugal\" \/>\n<meta property=\"og:description\" content=\"O Comiss\u00e1rio Europeu para a Defesa e Espa\u00e7o, Andrius Kubilius, disse em Matosinhos que Portugal \u00e9 um exemplo no desenvolvimento de tecnologia avan\u00e7ada de defesa e do espa\u00e7o. A declara\u00e7\u00e3o foi feita no final de uma visita ao CEiiA, acompanhando o ministro da Educa\u00e7\u00e3o, Fernando Alexandre. Kubilius afirmou sentir-se inspirado pelo que viu e elogiou o funcionamento eficaz dos programas da Uni\u00e3o Europeia. Destacou que Portugal tem planos relevantes tanto para capacidades de defesa como para o espa\u00e7o, utilizando fundos europeus e fundos referenciados. Elogiou o CEiiA como instala\u00e7\u00e3o privada onde fundos p\u00fablicos podem ser usados de forma eficaz e disse que Portugal est\u00e1 a tornar-se uma pot\u00eancia no espa\u00e7o; o CEiiA desenvolve, ainda, produtos inovadores em aeron\u00e1utica, mobilidade e espa\u00e7o.\" \/>\n<meta property=\"og:url\" content=\"https:\/\/portaltela.pt\/noticias\/2026\/01\/08\/portugal-e-referencia-em-defesa-e-tecnologia-espacial\/\" \/>\n<meta property=\"og:site_name\" content=\"Portal Tela Portugal\" \/>\n<meta property=\"article:published_time\" content=\"2026-01-08T03:24:00+00:00\" \/>\n<meta name=\"author\" content=\"Telinha\" \/>\n<meta name=\"twitter:card\" content=\"summary_large_image\" \/>\n<meta name=\"twitter:label1\" content=\"Escrito por\" \/>\n\t<meta name=\"twitter:data1\" content=\"Telinha\" \/>\n\t<meta name=\"twitter:label2\" content=\"Tempo estimado de leitura\" \/>\n\t<meta name=\"twitter:data2\" content=\"1 minuto\" \/>\n<script type=\"application\/ld+json\" class=\"yoast-schema-graph\">{\"@context\":\"https:\/\/schema.org\",\"@graph\":[{\"@type\":\"Article\",\"@id\":\"https:\/\/portaltela.pt\/noticias\/2026\/01\/08\/portugal-e-referencia-em-defesa-e-tecnologia-espacial\/#article\",\"isPartOf\":{\"@id\":\"https:\/\/portaltela.pt\/noticias\/2026\/01\/08\/portugal-e-referencia-em-defesa-e-tecnologia-espacial\/\"},\"author\":{\"name\":\"Telinha\",\"@id\":\"https:\/\/portaltela.pt\/#\/schema\/person\/c4278d4a6028830caff9ee44b42d32ed\"},\"headline\":\"Portugal \u00e9 refer\u00eancia em defesa e tecnologia espacial\",\"datePublished\":\"2026-01-08T03:24:00+00:00\",\"mainEntityOfPage\":{\"@id\":\"https:\/\/portaltela.pt\/noticias\/2026\/01\/08\/portugal-e-referencia-em-defesa-e-tecnologia-espacial\/\"},\"wordCount\":214,\"image\":{\"@id\":\"https:\/\/portaltela.pt\/noticias\/2026\/01\/08\/portugal-e-referencia-em-defesa-e-tecnologia-espacial\/#primaryimage\"},\"thumbnailUrl\":\"https:\/\/portaltela.pt\/s.01k8rhncp4jt1\/2026\/01\/unnamed-file-1532.jpg\",\"keywords\":[\"aeron\u00e1utica\",\"Defesa Nacional\",\"Espa\u00e7o Cidad\u00e3o\",\"inova\u00e7\u00e3o\",\"parcerias internacionais\",\"Uni\u00e3o Europeia\"],\"articleSection\":[\"Not\u00edcias\"],\"inLanguage\":\"pt-PT\"},{\"@type\":\"WebPage\",\"@id\":\"https:\/\/portaltela.pt\/noticias\/2026\/01\/08\/portugal-e-referencia-em-defesa-e-tecnologia-espacial\/\",\"url\":\"https:\/\/portaltela.pt\/noticias\/2026\/01\/08\/portugal-e-referencia-em-defesa-e-tecnologia-espacial\/\",\"name\":\"Portugal \u00e9 refer\u00eancia em defesa e tecnologia espacial - Portal Tela Portugal\",\"isPartOf\":{\"@id\":\"https:\/\/portaltela.pt\/#website\"},\"primaryImageOfPage\":{\"@id\":\"https:\/\/portaltela.pt\/noticias\/2026\/01\/08\/portugal-e-referencia-em-defesa-e-tecnologia-espacial\/#primaryimage\"},\"image\":{\"@id\":\"https:\/\/portaltela.pt\/noticias\/2026\/01\/08\/portugal-e-referencia-em-defesa-e-tecnologia-espacial\/#primaryimage\"},\"thumbnailUrl\":\"https:\/\/portaltela.pt\/s.01k8rhncp4jt1\/2026\/01\/unnamed-file-1532.jpg\",\"datePublished\":\"2026-01-08T03:24:00+00:00\",\"author\":{\"@id\":\"https:\/\/portaltela.pt\/#\/schema\/person\/c4278d4a6028830caff9ee44b42d32ed\"},\"breadcrumb\":{\"@id\":\"https:\/\/portaltela.pt\/noticias\/2026\/01\/08\/portugal-e-referencia-em-defesa-e-tecnologia-espacial\/#breadcrumb\"},\"inLanguage\":\"pt-PT\",\"potentialAction\":[{\"@type\":\"ReadAction\",\"target\":[\"https:\/\/portaltela.pt\/noticias\/2026\/01\/08\/portugal-e-referencia-em-defesa-e-tecnologia-espacial\/\"]}]},{\"@type\":\"ImageObject\",\"inLanguage\":\"pt-PT\",\"@id\":\"https:\/\/portaltela.pt\/noticias\/2026\/01\/08\/portugal-e-referencia-em-defesa-e-tecnologia-espacial\/#primaryimage\",\"url\":\"https:\/\/portaltela.pt\/s.01k8rhncp4jt1\/2026\/01\/unnamed-file-1532.jpg\",\"contentUrl\":\"https:\/\/portaltela.pt\/s.01k8rhncp4jt1\/2026\/01\/unnamed-file-1532.jpg\",\"width\":796,\"height\":448,\"caption\":\"Portugal \u00e9 exemplo na tecnologia avan\u00e7ada de defesa e do espa\u00e7o\"},{\"@type\":\"BreadcrumbList\",\"@id\":\"https:\/\/portaltela.pt\/noticias\/2026\/01\/08\/portugal-e-referencia-em-defesa-e-tecnologia-espacial\/#breadcrumb\",\"itemListElement\":[{\"@type\":\"ListItem\",\"position\":1,\"name\":\"In\u00edcio\",\"item\":\"https:\/\/portaltela.pt\/\"},{\"@type\":\"ListItem\",\"position\":2,\"name\":\"Portugal \u00e9 refer\u00eancia em defesa e tecnologia espacial\"}]},{\"@type\":\"WebSite\",\"@id\":\"https:\/\/portaltela.pt\/#website\",\"url\":\"https:\/\/portaltela.pt\/\",\"name\":\"Portal Tela Portugal\",\"description\":\"\",\"potentialAction\":[{\"@type\":\"SearchAction\",\"target\":{\"@type\":\"EntryPoint\",\"urlTemplate\":\"https:\/\/portaltela.pt\/?s={search_term_string}\"},\"query-input\":{\"@type\":\"PropertyValueSpecification\",\"valueRequired\":true,\"valueName\":\"search_term_string\"}}],\"inLanguage\":\"pt-PT\"},{\"@type\":\"Person\",\"@id\":\"https:\/\/portaltela.pt\/#\/schema\/person\/c4278d4a6028830caff9ee44b42d32ed\",\"name\":\"Telinha\",\"image\":{\"@type\":\"ImageObject\",\"inLanguage\":\"pt-PT\",\"@id\":\"https:\/\/portaltela.pt\/s.01k8rhncp4jt1\/2025\/11\/talking-bot-125x125.png\",\"url\":\"https:\/\/portaltela.pt\/s.01k8rhncp4jt1\/2025\/11\/talking-bot-125x125.png\",\"contentUrl\":\"https:\/\/portaltela.pt\/s.01k8rhncp4jt1\/2025\/11\/talking-bot-125x125.png\",\"caption\":\"Telinha\"},\"sameAs\":[\"https:\/\/portaltela.pt\/\"],\"url\":\"https:\/\/portaltela.pt\/por\/367410592786\/\"}]}<\/script>\n<!-- \/ Yoast SEO plugin. -->","yoast_head_json":{"title":"Portugal \u00e9 refer\u00eancia em defesa e tecnologia espacial - Portal Tela Portugal","robots":{"index":"index","follow":"follow","max-snippet":"max-snippet:-1","max-image-preview":"max-image-preview:large","max-video-preview":"max-video-preview:-1"},"og_locale":"pt_PT","og_type":"article","og_title":"Portugal \u00e9 refer\u00eancia em defesa e tecnologia espacial - Portal Tela Portugal","og_description":"O Comiss\u00e1rio Europeu para a Defesa e Espa\u00e7o, Andrius Kubilius, disse em Matosinhos que Portugal \u00e9 um exemplo no desenvolvimento de tecnologia avan\u00e7ada de defesa e do espa\u00e7o. A declara\u00e7\u00e3o foi feita no final de uma visita ao CEiiA, acompanhando o ministro da Educa\u00e7\u00e3o, Fernando Alexandre. Kubilius afirmou sentir-se inspirado pelo que viu e elogiou o funcionamento eficaz dos programas da Uni\u00e3o Europeia. Destacou que Portugal tem planos relevantes tanto para capacidades de defesa como para o espa\u00e7o, utilizando fundos europeus e fundos referenciados. Elogiou o CEiiA como instala\u00e7\u00e3o privada onde fundos p\u00fablicos podem ser usados de forma eficaz e disse que Portugal est\u00e1 a tornar-se uma pot\u00eancia no espa\u00e7o; o CEiiA desenvolve, ainda, produtos inovadores em aeron\u00e1utica, mobilidade e espa\u00e7o.","og_url":"https:\/\/portaltela.pt\/noticias\/2026\/01\/08\/portugal-e-referencia-em-defesa-e-tecnologia-espacial\/","og_site_name":"Portal Tela Portugal","article_published_time":"2026-01-08T03:24:00+00:00","author":"Telinha","twitter_card":"summary_large_image","twitter_misc":{"Escrito por":"Telinha","Tempo estimado de leitura":"1 minuto"},"schema":{"@context":"https:\/\/schema.org","@graph":[{"@type":"Article","@id":"https:\/\/portaltela.pt\/noticias\/2026\/01\/08\/portugal-e-referencia-em-defesa-e-tecnologia-espacial\/#article","isPartOf":{"@id":"https:\/\/portaltela.pt\/noticias\/2026\/01\/08\/portugal-e-referencia-em-defesa-e-tecnologia-espacial\/"},"author":{"name":"Telinha","@id":"https:\/\/portaltela.pt\/#\/schema\/person\/c4278d4a6028830caff9ee44b42d32ed"},"headline":"Portugal \u00e9 refer\u00eancia em defesa e tecnologia espacial","datePublished":"2026-01-08T03:24:00+00:00","mainEntityOfPage":{"@id":"https:\/\/portaltela.pt\/noticias\/2026\/01\/08\/portugal-e-referencia-em-defesa-e-tecnologia-espacial\/"},"wordCount":214,"image":{"@id":"https:\/\/portaltela.pt\/noticias\/2026\/01\/08\/portugal-e-referencia-em-defesa-e-tecnologia-espacial\/#primaryimage"},"thumbnailUrl":"https:\/\/portaltela.pt\/s.01k8rhncp4jt1\/2026\/01\/unnamed-file-1532.jpg","keywords":["aeron\u00e1utica","Defesa Nacional","Espa\u00e7o Cidad\u00e3o","inova\u00e7\u00e3o","parcerias internacionais","Uni\u00e3o Europeia"],"articleSection":["Not\u00edcias"],"inLanguage":"pt-PT"},{"@type":"WebPage","@id":"https:\/\/portaltela.pt\/noticias\/2026\/01\/08\/portugal-e-referencia-em-defesa-e-tecnologia-espacial\/","url":"https:\/\/portaltela.pt\/noticias\/2026\/01\/08\/portugal-e-referencia-em-defesa-e-tecnologia-espacial\/","name":"Portugal \u00e9 refer\u00eancia em defesa e tecnologia espacial - Portal Tela Portugal","isPartOf":{"@id":"https:\/\/portaltela.pt\/#website"},"primaryImageOfPage":{"@id":"https:\/\/portaltela.pt\/noticias\/2026\/01\/08\/portugal-e-referencia-em-defesa-e-tecnologia-espacial\/#primaryimage"},"image":{"@id":"https:\/\/portaltela.pt\/noticias\/2026\/01\/08\/portugal-e-referencia-em-defesa-e-tecnologia-espacial\/#primaryimage"},"thumbnailUrl":"https:\/\/portaltela.pt\/s.01k8rhncp4jt1\/2026\/01\/unnamed-file-1532.jpg","datePublished":"2026-01-08T03:24:00+00:00","author":{"@id":"https:\/\/portaltela.pt\/#\/schema\/person\/c4278d4a6028830caff9ee44b42d32ed"},"breadcrumb":{"@id":"https:\/\/portaltela.pt\/noticias\/2026\/01\/08\/portugal-e-referencia-em-defesa-e-tecnologia-espacial\/#breadcrumb"},"inLanguage":"pt-PT","potentialAction":[{"@type":"ReadAction","target":["https:\/\/portaltela.pt\/noticias\/2026\/01\/08\/portugal-e-referencia-em-defesa-e-tecnologia-espacial\/"]}]},{"@type":"ImageObject","inLanguage":"pt-PT","@id":"https:\/\/portaltela.pt\/noticias\/2026\/01\/08\/portugal-e-referencia-em-defesa-e-tecnologia-espacial\/#primaryimage","url":"https:\/\/portaltela.pt\/s.01k8rhncp4jt1\/2026\/01\/unnamed-file-1532.jpg","contentUrl":"https:\/\/portaltela.pt\/s.01k8rhncp4jt1\/2026\/01\/unnamed-file-1532.jpg","width":796,"height":448,"caption":"Portugal \u00e9 exemplo na tecnologia avan\u00e7ada de defesa e do espa\u00e7o"},{"@type":"BreadcrumbList","@id":"https:\/\/portaltela.pt\/noticias\/2026\/01\/08\/portugal-e-referencia-em-defesa-e-tecnologia-espacial\/#breadcrumb","itemListElement":[{"@type":"ListItem","position":1,"name":"In\u00edcio","item":"https:\/\/portaltela.pt\/"},{"@type":"ListItem","position":2,"name":"Portugal \u00e9 refer\u00eancia em defesa e tecnologia espacial"}]},{"@type":"WebSite","@id":"https:\/\/portaltela.pt\/#website","url":"https:\/\/portaltela.pt\/","name":"Portal Tela Portugal","description":"","potentialAction":[{"@type":"SearchAction","target":{"@type":"EntryPoint","urlTemplate":"https:\/\/portaltela.pt\/?s={search_term_string}"},"query-input":{"@type":"PropertyValueSpecification","valueRequired":true,"valueName":"search_term_string"}}],"inLanguage":"pt-PT"},{"@type":"Person","@id":"https:\/\/portaltela.pt\/#\/schema\/person\/c4278d4a6028830caff9ee44b42d32ed","name":"Telinha","image":{"@type":"ImageObject","inLanguage":"pt-PT","@id":"https:\/\/portaltela.pt\/s.01k8rhncp4jt1\/2025\/11\/talking-bot-125x125.png","url":"https:\/\/portaltela.pt\/s.01k8rhncp4jt1\/2025\/11\/talking-bot-125x125.png","contentUrl":"https:\/\/portaltela.pt\/s.01k8rhncp4jt1\/2025\/11\/talking-bot-125x125.png","caption":"Telinha"},"sameAs":["https:\/\/portaltela.pt\/"],"url":"https:\/\/portaltela.pt\/por\/367410592786\/"}]}},"_links":{"self":[{"href":"https:\/\/portaltela.pt\/api\/wp\/v2\/posts\/125236","targetHints":{"allow":["GET"]}}],"collection":[{"href":"https:\/\/portaltela.pt\/api\/wp\/v2\/posts"}],"about":[{"href":"https:\/\/portaltela.pt\/api\/wp\/v2\/types\/post"}],"author":[{"embeddable":true,"href":"https:\/\/portaltela.pt\/api\/wp\/v2\/users\/2"}],"replies":[{"embeddable":true,"href":"https:\/\/portaltela.pt\/api\/wp\/v2\/comments?post=125236"}],"version-history":[{"count":0,"href":"https:\/\/portaltela.pt\/api\/wp\/v2\/posts\/125236\/revisions"}],"wp:featuredmedia":[{"embeddable":true,"href":"https:\/\/portaltela.pt\/api\/wp\/v2\/media\/125237"}],"wp:attachment":[{"href":"https:\/\/portaltela.pt\/api\/wp\/v2\/media?parent=125236"}],"wp:term":[{"taxonomy":"category","embeddable":true,"href":"https:\/\/portaltela.pt\/api\/wp\/v2\/categories?post=125236"},{"taxonomy":"post_tag","embeddable":true,"href":"https:\/\/portaltela.pt\/api\/wp\/v2\/tags?post=125236"}],"curies":[{"name":"wp","href":"https:\/\/api.w.org\/{rel}","templated":true}]}}