{"id":125216,"date":"2026-01-07T21:33:48","date_gmt":"2026-01-08T00:33:48","guid":{"rendered":"https:\/\/portaltela.pt\/noticias\/2026\/01\/07\/miguel-pinto-luz-afirma-que-portugal-mantem-controlo-de-fronteiras\/"},"modified":"2026-01-07T21:33:48","modified_gmt":"2026-01-08T00:33:48","slug":"miguel-pinto-luz-afirma-que-portugal-mantem-controlo-de-fronteiras","status":"publish","type":"post","link":"https:\/\/portaltela.pt\/noticias\/politica\/2026\/01\/07\/miguel-pinto-luz-afirma-que-portugal-mantem-controlo-de-fronteiras\/","title":{"rendered":"Miguel Pinto Luz afirma que Portugal mant\u00e9m controlo de fronteiras"},"content":{"rendered":"<p>Miguel Pinto Luz, ministro das Infraestruturas, garantiu esta quarta-feira que o controlo de fronteiras em Portugal continua ativo, apesar da suspens\u00e3o tempor\u00e1ria do novo sistema europeu de entrada e sa\u00edda (EES). A afirma\u00e7\u00e3o foi feita durante a inaugura\u00e7\u00e3o das obras de melhoria da qualidade do servi\u00e7o no terminal 2 do aeroporto Humberto Delgado, em Lisboa.<\/p>\n<p>O governante explicou que o pa\u00eds recorreu temporariamente ao m\u00e9todo anterior de controlo, que j\u00e1 estava em vigor h\u00e1 um m\u00eas, para assegurar tempos de passagem mais eficientes. A suspens\u00e3o do EES visa garantir que o sistema funcione com efic\u00e1cia antes da sua retoma.<\/p>\n<p>Tempo de espera e impactos<\/p>\n<p>Pelas palavras do ministro, o tempo de espera no aeroporto de Lisboa reduziu-se para aproximadamente meia hora com a aplica\u00e7\u00e3o do regime antigo. Contudo, a aplica\u00e7\u00e3o completa do EES ainda n\u00e3o tem uma data de retoma\u00e7\u00e3o definida.<\/p>\n<p>Quando e como avan\u00e7a o processo<\/p>\n<p>Pinto Luz afirmou que n\u00e3o \u00e9 poss\u00edvel indicar um dia espec\u00edfico para o regresso do EES. Est\u00e3o a ser mobilizados recursos t\u00e9cnicos e humanos para alinhar o sistema com as diretrizes europeias, aguardando a aprova\u00e7\u00e3o de Bruxelas.<\/p>\n<p>Contexto europeu e coopera\u00e7\u00e3o<\/p>\n<p>O ministro salientou que as dificuldades com o novo sistema n\u00e3o s\u00e3o apenas de Portugal, referindo uma situa\u00e7\u00e3o de filas generalizada na Europa. Em Portugal, o problema destacou-se mais no aeroporto de Lisboa, justificando medidas extraordin\u00e1rias.<\/p>\n<p>Investimentos no Humberto Delgado<\/p>\n<p>Para assegurar o funcionamento do aeroporto a curto e m\u00e9dio prazo, o governo mant\u00e9m investimentos em obras no Humberto Delgado, incluindo a cria\u00e7\u00e3o de 10 novas mangas de embarque, num esfor\u00e7o de refor\u00e7ar a capacidade do terminal.<\/p>\n<p>Rela\u00e7\u00e3o com Bruxelas e cronograma<\/p>\n<p>Miguel Pinto Luz afirmou que a Comiss\u00e3o Europeia acompanha o processo e que as a\u00e7\u00f5es decorrem em articula\u00e7\u00e3o com Bruxelas. O objetivo \u00e9 restabelecer o padr\u00e3o de controlo de fronteiras em linha com as normas europeias.<\/p>\n","protected":false},"excerpt":{"rendered":"<ul>\n<li>O ministro das Infraestruturas, Miguel Pinto Luz, disse que o controlo de fronteiras em Portugal continua ativo, tendo sido temporariamente suspenso o novo sistema europeu (EES).<\/li>\n<li>A suspens\u00e3o do EES ajudou a reduzir os tempos de espera no aeroporto de Lisboa, com o tempo reduzido a meia hora.<\/li>\n<li>Portugal voltou temporariamente ao sistema anterior de controlo, que estava em vigor h\u00e1 cerca de um m\u00eas, mantendo o rigor no controlo das fronteiras.<\/li>\n<li>N\u00e3o h\u00e1 data definida para a retoma do EES; est\u00e3o a mobilizar meios t\u00e9cnicos e humanos para cumprir as diretrizes europeias, com previs\u00e3o inicial de tr\u00eas meses de suspens\u00e3o.<\/li>\n<li>O ministro destacou a necessidade de continuar a investir no aeroporto de Lisboa, incluindo obras como a cria\u00e7\u00e3o de 10 novas mangas, para manter o funcionamento do Humberto Delgado durante o processo.<\/li>\n<\/ul>\n","protected":false},"author":2,"featured_media":125218,"comment_status":"closed","ping_status":"closed","sticky":false,"template":"","format":"standard","meta":{"footnotes":""},"categories":[1,5],"tags":[1638,256,2487,1573,1615,981],"class_list":["post-125216","post","type-post","status-publish","format-standard","has-post-thumbnail","hentry","category-noticias","category-politica","tag-comissao-europeia","tag-cooperacao-internacional","tag-europa","tag-fiscalizacao-de-fronteiras","tag-infraestrutura","tag-lisboa"],"yoast_head":"<!-- This site is optimized with the Yoast SEO plugin v27.2 - https:\/\/yoast.com\/product\/yoast-seo-wordpress\/ -->\n<title>Miguel Pinto Luz afirma que Portugal mant\u00e9m controlo de fronteiras - Portal Tela Portugal<\/title>\n<meta name=\"robots\" content=\"index, follow, max-snippet:-1, max-image-preview:large, max-video-preview:-1\" \/>\n<meta property=\"og:locale\" content=\"pt_PT\" \/>\n<meta property=\"og:type\" content=\"article\" \/>\n<meta property=\"og:title\" content=\"Miguel Pinto Luz afirma que Portugal mant\u00e9m controlo de fronteiras - Portal Tela Portugal\" \/>\n<meta property=\"og:description\" content=\"O ministro das Infraestruturas, Miguel Pinto Luz, disse que o controlo de fronteiras em Portugal continua ativo, tendo sido temporariamente suspenso o novo sistema europeu (EES). A suspens\u00e3o do EES ajudou a reduzir os tempos de espera no aeroporto de Lisboa, com o tempo reduzido a meia hora. Portugal voltou temporariamente ao sistema anterior de controlo, que estava em vigor h\u00e1 cerca de um m\u00eas, mantendo o rigor no controlo das fronteiras. N\u00e3o h\u00e1 data definida para a retoma do EES; est\u00e3o a mobilizar meios t\u00e9cnicos e humanos para cumprir as diretrizes europeias, com previs\u00e3o inicial de tr\u00eas meses de suspens\u00e3o. O ministro destacou a necessidade de continuar a investir no aeroporto de Lisboa, incluindo obras como a cria\u00e7\u00e3o de 10 novas mangas, para manter o funcionamento do Humberto Delgado durante o processo.\" \/>\n<meta property=\"og:url\" content=\"https:\/\/portaltela.pt\/noticias\/2026\/01\/07\/miguel-pinto-luz-afirma-que-portugal-mantem-controlo-de-fronteiras\/\" \/>\n<meta property=\"og:site_name\" content=\"Portal Tela Portugal\" \/>\n<meta property=\"article:published_time\" content=\"2026-01-08T00:33:48+00:00\" \/>\n<meta name=\"author\" content=\"Telinha\" \/>\n<meta name=\"twitter:card\" content=\"summary_large_image\" \/>\n<meta name=\"twitter:label1\" content=\"Escrito por\" \/>\n\t<meta name=\"twitter:data1\" content=\"Telinha\" \/>\n\t<meta name=\"twitter:label2\" content=\"Tempo estimado de leitura\" \/>\n\t<meta name=\"twitter:data2\" content=\"2 minutos\" \/>\n<script type=\"application\/ld+json\" class=\"yoast-schema-graph\">{\"@context\":\"https:\/\/schema.org\",\"@graph\":[{\"@type\":\"Article\",\"@id\":\"https:\/\/portaltela.pt\/noticias\/2026\/01\/07\/miguel-pinto-luz-afirma-que-portugal-mantem-controlo-de-fronteiras\/#article\",\"isPartOf\":{\"@id\":\"https:\/\/portaltela.pt\/noticias\/2026\/01\/07\/miguel-pinto-luz-afirma-que-portugal-mantem-controlo-de-fronteiras\/\"},\"author\":{\"name\":\"Telinha\",\"@id\":\"https:\/\/portaltela.pt\/#\/schema\/person\/c4278d4a6028830caff9ee44b42d32ed\"},\"headline\":\"Miguel Pinto Luz afirma que Portugal mant\u00e9m controlo de fronteiras\",\"datePublished\":\"2026-01-08T00:33:48+00:00\",\"mainEntityOfPage\":{\"@id\":\"https:\/\/portaltela.pt\/noticias\/2026\/01\/07\/miguel-pinto-luz-afirma-que-portugal-mantem-controlo-de-fronteiras\/\"},\"wordCount\":350,\"image\":{\"@id\":\"https:\/\/portaltela.pt\/noticias\/2026\/01\/07\/miguel-pinto-luz-afirma-que-portugal-mantem-controlo-de-fronteiras\/#primaryimage\"},\"thumbnailUrl\":\"https:\/\/portaltela.pt\/s.01k8rhncp4jt1\/2026\/01\/unnamed-file-1529.jpg\",\"keywords\":[\"Comiss\u00e3o Europeia\",\"coopera\u00e7\u00e3o internacional\",\"Europa\",\"fiscaliza\u00e7\u00e3o de fronteiras\",\"infraestrutura\",\"Lisboa\"],\"articleSection\":[\"Not\u00edcias\",\"Pol\u00edtica\"],\"inLanguage\":\"pt-PT\"},{\"@type\":\"WebPage\",\"@id\":\"https:\/\/portaltela.pt\/noticias\/2026\/01\/07\/miguel-pinto-luz-afirma-que-portugal-mantem-controlo-de-fronteiras\/\",\"url\":\"https:\/\/portaltela.pt\/noticias\/2026\/01\/07\/miguel-pinto-luz-afirma-que-portugal-mantem-controlo-de-fronteiras\/\",\"name\":\"Miguel Pinto Luz afirma que Portugal mant\u00e9m controlo de fronteiras - Portal Tela Portugal\",\"isPartOf\":{\"@id\":\"https:\/\/portaltela.pt\/#website\"},\"primaryImageOfPage\":{\"@id\":\"https:\/\/portaltela.pt\/noticias\/2026\/01\/07\/miguel-pinto-luz-afirma-que-portugal-mantem-controlo-de-fronteiras\/#primaryimage\"},\"image\":{\"@id\":\"https:\/\/portaltela.pt\/noticias\/2026\/01\/07\/miguel-pinto-luz-afirma-que-portugal-mantem-controlo-de-fronteiras\/#primaryimage\"},\"thumbnailUrl\":\"https:\/\/portaltela.pt\/s.01k8rhncp4jt1\/2026\/01\/unnamed-file-1529.jpg\",\"datePublished\":\"2026-01-08T00:33:48+00:00\",\"author\":{\"@id\":\"https:\/\/portaltela.pt\/#\/schema\/person\/c4278d4a6028830caff9ee44b42d32ed\"},\"breadcrumb\":{\"@id\":\"https:\/\/portaltela.pt\/noticias\/2026\/01\/07\/miguel-pinto-luz-afirma-que-portugal-mantem-controlo-de-fronteiras\/#breadcrumb\"},\"inLanguage\":\"pt-PT\",\"potentialAction\":[{\"@type\":\"ReadAction\",\"target\":[\"https:\/\/portaltela.pt\/noticias\/2026\/01\/07\/miguel-pinto-luz-afirma-que-portugal-mantem-controlo-de-fronteiras\/\"]}]},{\"@type\":\"ImageObject\",\"inLanguage\":\"pt-PT\",\"@id\":\"https:\/\/portaltela.pt\/noticias\/2026\/01\/07\/miguel-pinto-luz-afirma-que-portugal-mantem-controlo-de-fronteiras\/#primaryimage\",\"url\":\"https:\/\/portaltela.pt\/s.01k8rhncp4jt1\/2026\/01\/unnamed-file-1529.jpg\",\"contentUrl\":\"https:\/\/portaltela.pt\/s.01k8rhncp4jt1\/2026\/01\/unnamed-file-1529.jpg\",\"width\":796,\"height\":448,\"caption\":\"Miguel Pinto Luz assegura que \u201cPortugal continua a controlar fronteiras\u201d\"},{\"@type\":\"BreadcrumbList\",\"@id\":\"https:\/\/portaltela.pt\/noticias\/2026\/01\/07\/miguel-pinto-luz-afirma-que-portugal-mantem-controlo-de-fronteiras\/#breadcrumb\",\"itemListElement\":[{\"@type\":\"ListItem\",\"position\":1,\"name\":\"In\u00edcio\",\"item\":\"https:\/\/portaltela.pt\/\"},{\"@type\":\"ListItem\",\"position\":2,\"name\":\"Miguel Pinto Luz afirma que Portugal mant\u00e9m controlo de fronteiras\"}]},{\"@type\":\"WebSite\",\"@id\":\"https:\/\/portaltela.pt\/#website\",\"url\":\"https:\/\/portaltela.pt\/\",\"name\":\"Portal Tela Portugal\",\"description\":\"\",\"potentialAction\":[{\"@type\":\"SearchAction\",\"target\":{\"@type\":\"EntryPoint\",\"urlTemplate\":\"https:\/\/portaltela.pt\/?s={search_term_string}\"},\"query-input\":{\"@type\":\"PropertyValueSpecification\",\"valueRequired\":true,\"valueName\":\"search_term_string\"}}],\"inLanguage\":\"pt-PT\"},{\"@type\":\"Person\",\"@id\":\"https:\/\/portaltela.pt\/#\/schema\/person\/c4278d4a6028830caff9ee44b42d32ed\",\"name\":\"Telinha\",\"image\":{\"@type\":\"ImageObject\",\"inLanguage\":\"pt-PT\",\"@id\":\"https:\/\/portaltela.pt\/s.01k8rhncp4jt1\/2025\/11\/talking-bot-125x125.png\",\"url\":\"https:\/\/portaltela.pt\/s.01k8rhncp4jt1\/2025\/11\/talking-bot-125x125.png\",\"contentUrl\":\"https:\/\/portaltela.pt\/s.01k8rhncp4jt1\/2025\/11\/talking-bot-125x125.png\",\"caption\":\"Telinha\"},\"sameAs\":[\"https:\/\/portaltela.pt\/\"],\"url\":\"https:\/\/portaltela.pt\/por\/367410592786\/\"}]}<\/script>\n<!-- \/ Yoast SEO plugin. -->","yoast_head_json":{"title":"Miguel Pinto Luz afirma que Portugal mant\u00e9m controlo de fronteiras - Portal Tela Portugal","robots":{"index":"index","follow":"follow","max-snippet":"max-snippet:-1","max-image-preview":"max-image-preview:large","max-video-preview":"max-video-preview:-1"},"og_locale":"pt_PT","og_type":"article","og_title":"Miguel Pinto Luz afirma que Portugal mant\u00e9m controlo de fronteiras - Portal Tela Portugal","og_description":"O ministro das Infraestruturas, Miguel Pinto Luz, disse que o controlo de fronteiras em Portugal continua ativo, tendo sido temporariamente suspenso o novo sistema europeu (EES). A suspens\u00e3o do EES ajudou a reduzir os tempos de espera no aeroporto de Lisboa, com o tempo reduzido a meia hora. Portugal voltou temporariamente ao sistema anterior de controlo, que estava em vigor h\u00e1 cerca de um m\u00eas, mantendo o rigor no controlo das fronteiras. N\u00e3o h\u00e1 data definida para a retoma do EES; est\u00e3o a mobilizar meios t\u00e9cnicos e humanos para cumprir as diretrizes europeias, com previs\u00e3o inicial de tr\u00eas meses de suspens\u00e3o. O ministro destacou a necessidade de continuar a investir no aeroporto de Lisboa, incluindo obras como a cria\u00e7\u00e3o de 10 novas mangas, para manter o funcionamento do Humberto Delgado durante o processo.","og_url":"https:\/\/portaltela.pt\/noticias\/2026\/01\/07\/miguel-pinto-luz-afirma-que-portugal-mantem-controlo-de-fronteiras\/","og_site_name":"Portal Tela Portugal","article_published_time":"2026-01-08T00:33:48+00:00","author":"Telinha","twitter_card":"summary_large_image","twitter_misc":{"Escrito por":"Telinha","Tempo estimado de leitura":"2 minutos"},"schema":{"@context":"https:\/\/schema.org","@graph":[{"@type":"Article","@id":"https:\/\/portaltela.pt\/noticias\/2026\/01\/07\/miguel-pinto-luz-afirma-que-portugal-mantem-controlo-de-fronteiras\/#article","isPartOf":{"@id":"https:\/\/portaltela.pt\/noticias\/2026\/01\/07\/miguel-pinto-luz-afirma-que-portugal-mantem-controlo-de-fronteiras\/"},"author":{"name":"Telinha","@id":"https:\/\/portaltela.pt\/#\/schema\/person\/c4278d4a6028830caff9ee44b42d32ed"},"headline":"Miguel Pinto Luz afirma que Portugal mant\u00e9m controlo de fronteiras","datePublished":"2026-01-08T00:33:48+00:00","mainEntityOfPage":{"@id":"https:\/\/portaltela.pt\/noticias\/2026\/01\/07\/miguel-pinto-luz-afirma-que-portugal-mantem-controlo-de-fronteiras\/"},"wordCount":350,"image":{"@id":"https:\/\/portaltela.pt\/noticias\/2026\/01\/07\/miguel-pinto-luz-afirma-que-portugal-mantem-controlo-de-fronteiras\/#primaryimage"},"thumbnailUrl":"https:\/\/portaltela.pt\/s.01k8rhncp4jt1\/2026\/01\/unnamed-file-1529.jpg","keywords":["Comiss\u00e3o Europeia","coopera\u00e7\u00e3o internacional","Europa","fiscaliza\u00e7\u00e3o de fronteiras","infraestrutura","Lisboa"],"articleSection":["Not\u00edcias","Pol\u00edtica"],"inLanguage":"pt-PT"},{"@type":"WebPage","@id":"https:\/\/portaltela.pt\/noticias\/2026\/01\/07\/miguel-pinto-luz-afirma-que-portugal-mantem-controlo-de-fronteiras\/","url":"https:\/\/portaltela.pt\/noticias\/2026\/01\/07\/miguel-pinto-luz-afirma-que-portugal-mantem-controlo-de-fronteiras\/","name":"Miguel Pinto Luz afirma que Portugal mant\u00e9m controlo de fronteiras - Portal Tela Portugal","isPartOf":{"@id":"https:\/\/portaltela.pt\/#website"},"primaryImageOfPage":{"@id":"https:\/\/portaltela.pt\/noticias\/2026\/01\/07\/miguel-pinto-luz-afirma-que-portugal-mantem-controlo-de-fronteiras\/#primaryimage"},"image":{"@id":"https:\/\/portaltela.pt\/noticias\/2026\/01\/07\/miguel-pinto-luz-afirma-que-portugal-mantem-controlo-de-fronteiras\/#primaryimage"},"thumbnailUrl":"https:\/\/portaltela.pt\/s.01k8rhncp4jt1\/2026\/01\/unnamed-file-1529.jpg","datePublished":"2026-01-08T00:33:48+00:00","author":{"@id":"https:\/\/portaltela.pt\/#\/schema\/person\/c4278d4a6028830caff9ee44b42d32ed"},"breadcrumb":{"@id":"https:\/\/portaltela.pt\/noticias\/2026\/01\/07\/miguel-pinto-luz-afirma-que-portugal-mantem-controlo-de-fronteiras\/#breadcrumb"},"inLanguage":"pt-PT","potentialAction":[{"@type":"ReadAction","target":["https:\/\/portaltela.pt\/noticias\/2026\/01\/07\/miguel-pinto-luz-afirma-que-portugal-mantem-controlo-de-fronteiras\/"]}]},{"@type":"ImageObject","inLanguage":"pt-PT","@id":"https:\/\/portaltela.pt\/noticias\/2026\/01\/07\/miguel-pinto-luz-afirma-que-portugal-mantem-controlo-de-fronteiras\/#primaryimage","url":"https:\/\/portaltela.pt\/s.01k8rhncp4jt1\/2026\/01\/unnamed-file-1529.jpg","contentUrl":"https:\/\/portaltela.pt\/s.01k8rhncp4jt1\/2026\/01\/unnamed-file-1529.jpg","width":796,"height":448,"caption":"Miguel Pinto Luz assegura que \u201cPortugal continua a controlar fronteiras\u201d"},{"@type":"BreadcrumbList","@id":"https:\/\/portaltela.pt\/noticias\/2026\/01\/07\/miguel-pinto-luz-afirma-que-portugal-mantem-controlo-de-fronteiras\/#breadcrumb","itemListElement":[{"@type":"ListItem","position":1,"name":"In\u00edcio","item":"https:\/\/portaltela.pt\/"},{"@type":"ListItem","position":2,"name":"Miguel Pinto Luz afirma que Portugal mant\u00e9m controlo de fronteiras"}]},{"@type":"WebSite","@id":"https:\/\/portaltela.pt\/#website","url":"https:\/\/portaltela.pt\/","name":"Portal Tela Portugal","description":"","potentialAction":[{"@type":"SearchAction","target":{"@type":"EntryPoint","urlTemplate":"https:\/\/portaltela.pt\/?s={search_term_string}"},"query-input":{"@type":"PropertyValueSpecification","valueRequired":true,"valueName":"search_term_string"}}],"inLanguage":"pt-PT"},{"@type":"Person","@id":"https:\/\/portaltela.pt\/#\/schema\/person\/c4278d4a6028830caff9ee44b42d32ed","name":"Telinha","image":{"@type":"ImageObject","inLanguage":"pt-PT","@id":"https:\/\/portaltela.pt\/s.01k8rhncp4jt1\/2025\/11\/talking-bot-125x125.png","url":"https:\/\/portaltela.pt\/s.01k8rhncp4jt1\/2025\/11\/talking-bot-125x125.png","contentUrl":"https:\/\/portaltela.pt\/s.01k8rhncp4jt1\/2025\/11\/talking-bot-125x125.png","caption":"Telinha"},"sameAs":["https:\/\/portaltela.pt\/"],"url":"https:\/\/portaltela.pt\/por\/367410592786\/"}]}},"_links":{"self":[{"href":"https:\/\/portaltela.pt\/api\/wp\/v2\/posts\/125216","targetHints":{"allow":["GET"]}}],"collection":[{"href":"https:\/\/portaltela.pt\/api\/wp\/v2\/posts"}],"about":[{"href":"https:\/\/portaltela.pt\/api\/wp\/v2\/types\/post"}],"author":[{"embeddable":true,"href":"https:\/\/portaltela.pt\/api\/wp\/v2\/users\/2"}],"replies":[{"embeddable":true,"href":"https:\/\/portaltela.pt\/api\/wp\/v2\/comments?post=125216"}],"version-history":[{"count":0,"href":"https:\/\/portaltela.pt\/api\/wp\/v2\/posts\/125216\/revisions"}],"wp:featuredmedia":[{"embeddable":true,"href":"https:\/\/portaltela.pt\/api\/wp\/v2\/media\/125218"}],"wp:attachment":[{"href":"https:\/\/portaltela.pt\/api\/wp\/v2\/media?parent=125216"}],"wp:term":[{"taxonomy":"category","embeddable":true,"href":"https:\/\/portaltela.pt\/api\/wp\/v2\/categories?post=125216"},{"taxonomy":"post_tag","embeddable":true,"href":"https:\/\/portaltela.pt\/api\/wp\/v2\/tags?post=125216"}],"curies":[{"name":"wp","href":"https:\/\/api.w.org\/{rel}","templated":true}]}}