{"id":125100,"date":"2026-01-07T21:00:16","date_gmt":"2026-01-08T00:00:16","guid":{"rendered":"https:\/\/portaltela.pt\/noticias\/2026\/01\/07\/jorge-pinto-ve-voto-util-como-oportunista-e-critica-escolha-do-menos-mau\/"},"modified":"2026-01-07T21:00:16","modified_gmt":"2026-01-08T00:00:16","slug":"jorge-pinto-ve-voto-util-como-oportunista-e-critica-escolha-do-menos-mau","status":"publish","type":"post","link":"https:\/\/portaltela.pt\/noticias\/politica\/2026\/01\/07\/jorge-pinto-ve-voto-util-como-oportunista-e-critica-escolha-do-menos-mau\/","title":{"rendered":"Jorge Pinto v\u00ea voto \u00fatil como oportunista e critica escolha do menos mau"},"content":{"rendered":"<p>Jorge Pinto afirmou hoje que o voto \u00fatil \u00e9 oportunista e que os portugueses est\u00e3o fartos de ter de escolher entre o menos mau. O candidato presidencial defende que Portugal merece o melhor Presidente da Rep\u00fablica poss\u00edvel.<\/p>\n<p>A declara\u00e7\u00e3o ocorreu numa tert\u00falia organizada pela Coisa P\u00fablica, no Ateneu Popular do Montijo, no distrito de Set\u00fabal. Pinto disse perceber a press\u00e3o de votar \u00fatil nas presidenciais de 18 deste m\u00eas, mas sustentou que a escolha deve visar o melhor para o pa\u00eds.<\/p>\n<p>Afirmou ainda que um voto \u00fatil n\u00e3o deve ser visto como mero aproveitamento de ocasi\u00e3o para chegar ao poder. Para ele, \u00e9 essencial apoiar o candidato que melhor represente os interesses nacionais, evitando assim uma m\u00e1 escolha futura.<\/p>\n<p>Sobre o voto preferencial, Pinto disse que \u00e9 um sistema que gostaria de ver implementado nas presidenciais, argumentando que poderia valorizar o apoio de eleitores aos distintos candidatos, aumentando as hip\u00f3teses de passar \u00e0 segunda volta.<\/p>\n<p>Questionado sobre o que far\u00e1 no dia 19 de janeiro caso n\u00e3o alcance a segunda volta, o candidato afirmou que pretende assegurar que as causas que o motivaram estejam representadas por outra candidatura.<\/p>\n<p>Pinto recusou ainda o r\u00f3tulo de \u201cvers\u00e3o portuguesa de Zohran Mamdani\u201d e afirmou que quer ser o Jorge Pinto de Portugal, destacando a import\u00e2ncia de lideran\u00e7as que tragam inova\u00e7\u00e3o e garanta avan\u00e7os sociais.<\/p>\n<p>O candidato, apoiado pelo Livre, salientou que Mamdani foi eleito por se manter fiel a si pr\u00f3prio e por defender minorias e trabalhadores, sem abandonar as lutas hist\u00f3ricas dos direitos laborais.<\/p>\n","protected":false},"excerpt":{"rendered":"<ul>\n<li>Jorge Pinto afirmou que o voto \u00fatil \u00e9 oportunista e que os portugueses est\u00e3o fartos de ter de escolher entre o menos mau, defendendo que Portugal merece o melhor Presidente da Rep\u00fablica poss\u00edvel.<\/li>\n<li>Em tert\u00falia organizada pela Coisa P\u00fablica no Ateneu Popular do Montijo, o candidato disse perceber a press\u00e3o de votar \u00fatil nas presidenciais de 18 deste m\u00eas.<\/li>\n<li>Defendeu que o voto \u00fatil s\u00f3 \u00e9 eficaz se representar o melhor para o pa\u00eds; caso contr\u00e1rio, \u00e9 visto como falso voto \u00fatil e oportunista.<\/li>\n<li>Mostrou interesse no voto preferencial ordenado, dizendo que, se estivesse implementado, muitos segundos lugares dariam passos para a segunda volta.<\/li>\n<li>Ao questionamento sobre o que far\u00e1 no dia 19 de janeiro se n\u00e3o passar \u00e0 segunda volta, afirmou querer que as causas que o levaram \u00e0 candidatura estejam representadas por outra candidatura; rejeitou o r\u00f3tulo de vers\u00e3o portuguesa de Zohran Mamdani.<\/li>\n<\/ul>\n","protected":false},"author":2,"featured_media":125108,"comment_status":"closed","ping_status":"closed","sticky":false,"template":"","format":"standard","meta":{"footnotes":""},"categories":[1,5],"tags":[1004,68,2373,229,30,994],"class_list":["post-125100","post","type-post","status-publish","format-standard","has-post-thumbnail","hentry","category-noticias","category-politica","tag-direitos-laborais","tag-eleicoes","tag-livre","tag-politica-publica","tag-presidente","tag-setubal"],"yoast_head":"<!-- This site is optimized with the Yoast SEO plugin v27.2 - https:\/\/yoast.com\/product\/yoast-seo-wordpress\/ -->\n<title>Jorge Pinto v\u00ea voto \u00fatil como oportunista e critica escolha do menos mau - Portal Tela Portugal<\/title>\n<meta name=\"robots\" content=\"index, follow, max-snippet:-1, max-image-preview:large, max-video-preview:-1\" \/>\n<meta property=\"og:locale\" content=\"pt_PT\" \/>\n<meta property=\"og:type\" content=\"article\" \/>\n<meta property=\"og:title\" content=\"Jorge Pinto v\u00ea voto \u00fatil como oportunista e critica escolha do menos mau - Portal Tela Portugal\" \/>\n<meta property=\"og:description\" content=\"Jorge Pinto afirmou que o voto \u00fatil \u00e9 oportunista e que os portugueses est\u00e3o fartos de ter de escolher entre o menos mau, defendendo que Portugal merece o melhor Presidente da Rep\u00fablica poss\u00edvel. Em tert\u00falia organizada pela Coisa P\u00fablica no Ateneu Popular do Montijo, o candidato disse perceber a press\u00e3o de votar \u00fatil nas presidenciais de 18 deste m\u00eas. Defendeu que o voto \u00fatil s\u00f3 \u00e9 eficaz se representar o melhor para o pa\u00eds; caso contr\u00e1rio, \u00e9 visto como falso voto \u00fatil e oportunista. Mostrou interesse no voto preferencial ordenado, dizendo que, se estivesse implementado, muitos segundos lugares dariam passos para a segunda volta. Ao questionamento sobre o que far\u00e1 no dia 19 de janeiro se n\u00e3o passar \u00e0 segunda volta, afirmou querer que as causas que o levaram \u00e0 candidatura estejam representadas por outra candidatura; rejeitou o r\u00f3tulo de vers\u00e3o portuguesa de Zohran Mamdani.\" \/>\n<meta property=\"og:url\" content=\"https:\/\/portaltela.pt\/noticias\/2026\/01\/07\/jorge-pinto-ve-voto-util-como-oportunista-e-critica-escolha-do-menos-mau\/\" \/>\n<meta property=\"og:site_name\" content=\"Portal Tela Portugal\" \/>\n<meta property=\"article:published_time\" content=\"2026-01-08T00:00:16+00:00\" \/>\n<meta name=\"author\" content=\"Telinha\" \/>\n<meta name=\"twitter:card\" content=\"summary_large_image\" \/>\n<meta name=\"twitter:label1\" content=\"Escrito por\" \/>\n\t<meta name=\"twitter:data1\" content=\"Telinha\" \/>\n\t<meta name=\"twitter:label2\" content=\"Tempo estimado de leitura\" \/>\n\t<meta name=\"twitter:data2\" content=\"1 minuto\" \/>\n<script type=\"application\/ld+json\" class=\"yoast-schema-graph\">{\"@context\":\"https:\/\/schema.org\",\"@graph\":[{\"@type\":\"Article\",\"@id\":\"https:\/\/portaltela.pt\/noticias\/2026\/01\/07\/jorge-pinto-ve-voto-util-como-oportunista-e-critica-escolha-do-menos-mau\/#article\",\"isPartOf\":{\"@id\":\"https:\/\/portaltela.pt\/noticias\/2026\/01\/07\/jorge-pinto-ve-voto-util-como-oportunista-e-critica-escolha-do-menos-mau\/\"},\"author\":{\"name\":\"Telinha\",\"@id\":\"https:\/\/portaltela.pt\/#\/schema\/person\/c4278d4a6028830caff9ee44b42d32ed\"},\"headline\":\"Jorge Pinto v\u00ea voto \u00fatil como oportunista e critica escolha do menos mau\",\"datePublished\":\"2026-01-08T00:00:16+00:00\",\"mainEntityOfPage\":{\"@id\":\"https:\/\/portaltela.pt\/noticias\/2026\/01\/07\/jorge-pinto-ve-voto-util-como-oportunista-e-critica-escolha-do-menos-mau\/\"},\"wordCount\":281,\"image\":{\"@id\":\"https:\/\/portaltela.pt\/noticias\/2026\/01\/07\/jorge-pinto-ve-voto-util-como-oportunista-e-critica-escolha-do-menos-mau\/#primaryimage\"},\"thumbnailUrl\":\"https:\/\/portaltela.pt\/s.01k8rhncp4jt1\/2026\/01\/unnamed-file-1523.jpg\",\"keywords\":[\"direitos laborais\",\"elei\u00e7\u00f5es\",\"Livre\",\"pol\u00edtica p\u00fablica\",\"presidente\",\"Set\u00fabal\"],\"articleSection\":[\"Not\u00edcias\",\"Pol\u00edtica\"],\"inLanguage\":\"pt-PT\"},{\"@type\":\"WebPage\",\"@id\":\"https:\/\/portaltela.pt\/noticias\/2026\/01\/07\/jorge-pinto-ve-voto-util-como-oportunista-e-critica-escolha-do-menos-mau\/\",\"url\":\"https:\/\/portaltela.pt\/noticias\/2026\/01\/07\/jorge-pinto-ve-voto-util-como-oportunista-e-critica-escolha-do-menos-mau\/\",\"name\":\"Jorge Pinto v\u00ea voto \u00fatil como oportunista e critica escolha do menos mau - Portal Tela Portugal\",\"isPartOf\":{\"@id\":\"https:\/\/portaltela.pt\/#website\"},\"primaryImageOfPage\":{\"@id\":\"https:\/\/portaltela.pt\/noticias\/2026\/01\/07\/jorge-pinto-ve-voto-util-como-oportunista-e-critica-escolha-do-menos-mau\/#primaryimage\"},\"image\":{\"@id\":\"https:\/\/portaltela.pt\/noticias\/2026\/01\/07\/jorge-pinto-ve-voto-util-como-oportunista-e-critica-escolha-do-menos-mau\/#primaryimage\"},\"thumbnailUrl\":\"https:\/\/portaltela.pt\/s.01k8rhncp4jt1\/2026\/01\/unnamed-file-1523.jpg\",\"datePublished\":\"2026-01-08T00:00:16+00:00\",\"author\":{\"@id\":\"https:\/\/portaltela.pt\/#\/schema\/person\/c4278d4a6028830caff9ee44b42d32ed\"},\"breadcrumb\":{\"@id\":\"https:\/\/portaltela.pt\/noticias\/2026\/01\/07\/jorge-pinto-ve-voto-util-como-oportunista-e-critica-escolha-do-menos-mau\/#breadcrumb\"},\"inLanguage\":\"pt-PT\",\"potentialAction\":[{\"@type\":\"ReadAction\",\"target\":[\"https:\/\/portaltela.pt\/noticias\/2026\/01\/07\/jorge-pinto-ve-voto-util-como-oportunista-e-critica-escolha-do-menos-mau\/\"]}]},{\"@type\":\"ImageObject\",\"inLanguage\":\"pt-PT\",\"@id\":\"https:\/\/portaltela.pt\/noticias\/2026\/01\/07\/jorge-pinto-ve-voto-util-como-oportunista-e-critica-escolha-do-menos-mau\/#primaryimage\",\"url\":\"https:\/\/portaltela.pt\/s.01k8rhncp4jt1\/2026\/01\/unnamed-file-1523.jpg\",\"contentUrl\":\"https:\/\/portaltela.pt\/s.01k8rhncp4jt1\/2026\/01\/unnamed-file-1523.jpg\",\"width\":796,\"height\":448,\"caption\":\"Jorge Pinto diz que voto \u00fatil \u00e9 oportunista e que pa\u00eds est\u00e1 \\\"farto de escolher o menos mau\\\"\"},{\"@type\":\"BreadcrumbList\",\"@id\":\"https:\/\/portaltela.pt\/noticias\/2026\/01\/07\/jorge-pinto-ve-voto-util-como-oportunista-e-critica-escolha-do-menos-mau\/#breadcrumb\",\"itemListElement\":[{\"@type\":\"ListItem\",\"position\":1,\"name\":\"In\u00edcio\",\"item\":\"https:\/\/portaltela.pt\/\"},{\"@type\":\"ListItem\",\"position\":2,\"name\":\"Jorge Pinto v\u00ea voto \u00fatil como oportunista e critica escolha do menos mau\"}]},{\"@type\":\"WebSite\",\"@id\":\"https:\/\/portaltela.pt\/#website\",\"url\":\"https:\/\/portaltela.pt\/\",\"name\":\"Portal Tela Portugal\",\"description\":\"\",\"potentialAction\":[{\"@type\":\"SearchAction\",\"target\":{\"@type\":\"EntryPoint\",\"urlTemplate\":\"https:\/\/portaltela.pt\/?s={search_term_string}\"},\"query-input\":{\"@type\":\"PropertyValueSpecification\",\"valueRequired\":true,\"valueName\":\"search_term_string\"}}],\"inLanguage\":\"pt-PT\"},{\"@type\":\"Person\",\"@id\":\"https:\/\/portaltela.pt\/#\/schema\/person\/c4278d4a6028830caff9ee44b42d32ed\",\"name\":\"Telinha\",\"image\":{\"@type\":\"ImageObject\",\"inLanguage\":\"pt-PT\",\"@id\":\"https:\/\/portaltela.pt\/s.01k8rhncp4jt1\/2025\/11\/talking-bot-125x125.png\",\"url\":\"https:\/\/portaltela.pt\/s.01k8rhncp4jt1\/2025\/11\/talking-bot-125x125.png\",\"contentUrl\":\"https:\/\/portaltela.pt\/s.01k8rhncp4jt1\/2025\/11\/talking-bot-125x125.png\",\"caption\":\"Telinha\"},\"sameAs\":[\"https:\/\/portaltela.pt\/\"],\"url\":\"https:\/\/portaltela.pt\/por\/367410592786\/\"}]}<\/script>\n<!-- \/ Yoast SEO plugin. -->","yoast_head_json":{"title":"Jorge Pinto v\u00ea voto \u00fatil como oportunista e critica escolha do menos mau - Portal Tela Portugal","robots":{"index":"index","follow":"follow","max-snippet":"max-snippet:-1","max-image-preview":"max-image-preview:large","max-video-preview":"max-video-preview:-1"},"og_locale":"pt_PT","og_type":"article","og_title":"Jorge Pinto v\u00ea voto \u00fatil como oportunista e critica escolha do menos mau - Portal Tela Portugal","og_description":"Jorge Pinto afirmou que o voto \u00fatil \u00e9 oportunista e que os portugueses est\u00e3o fartos de ter de escolher entre o menos mau, defendendo que Portugal merece o melhor Presidente da Rep\u00fablica poss\u00edvel. Em tert\u00falia organizada pela Coisa P\u00fablica no Ateneu Popular do Montijo, o candidato disse perceber a press\u00e3o de votar \u00fatil nas presidenciais de 18 deste m\u00eas. Defendeu que o voto \u00fatil s\u00f3 \u00e9 eficaz se representar o melhor para o pa\u00eds; caso contr\u00e1rio, \u00e9 visto como falso voto \u00fatil e oportunista. Mostrou interesse no voto preferencial ordenado, dizendo que, se estivesse implementado, muitos segundos lugares dariam passos para a segunda volta. Ao questionamento sobre o que far\u00e1 no dia 19 de janeiro se n\u00e3o passar \u00e0 segunda volta, afirmou querer que as causas que o levaram \u00e0 candidatura estejam representadas por outra candidatura; rejeitou o r\u00f3tulo de vers\u00e3o portuguesa de Zohran Mamdani.","og_url":"https:\/\/portaltela.pt\/noticias\/2026\/01\/07\/jorge-pinto-ve-voto-util-como-oportunista-e-critica-escolha-do-menos-mau\/","og_site_name":"Portal Tela Portugal","article_published_time":"2026-01-08T00:00:16+00:00","author":"Telinha","twitter_card":"summary_large_image","twitter_misc":{"Escrito por":"Telinha","Tempo estimado de leitura":"1 minuto"},"schema":{"@context":"https:\/\/schema.org","@graph":[{"@type":"Article","@id":"https:\/\/portaltela.pt\/noticias\/2026\/01\/07\/jorge-pinto-ve-voto-util-como-oportunista-e-critica-escolha-do-menos-mau\/#article","isPartOf":{"@id":"https:\/\/portaltela.pt\/noticias\/2026\/01\/07\/jorge-pinto-ve-voto-util-como-oportunista-e-critica-escolha-do-menos-mau\/"},"author":{"name":"Telinha","@id":"https:\/\/portaltela.pt\/#\/schema\/person\/c4278d4a6028830caff9ee44b42d32ed"},"headline":"Jorge Pinto v\u00ea voto \u00fatil como oportunista e critica escolha do menos mau","datePublished":"2026-01-08T00:00:16+00:00","mainEntityOfPage":{"@id":"https:\/\/portaltela.pt\/noticias\/2026\/01\/07\/jorge-pinto-ve-voto-util-como-oportunista-e-critica-escolha-do-menos-mau\/"},"wordCount":281,"image":{"@id":"https:\/\/portaltela.pt\/noticias\/2026\/01\/07\/jorge-pinto-ve-voto-util-como-oportunista-e-critica-escolha-do-menos-mau\/#primaryimage"},"thumbnailUrl":"https:\/\/portaltela.pt\/s.01k8rhncp4jt1\/2026\/01\/unnamed-file-1523.jpg","keywords":["direitos laborais","elei\u00e7\u00f5es","Livre","pol\u00edtica p\u00fablica","presidente","Set\u00fabal"],"articleSection":["Not\u00edcias","Pol\u00edtica"],"inLanguage":"pt-PT"},{"@type":"WebPage","@id":"https:\/\/portaltela.pt\/noticias\/2026\/01\/07\/jorge-pinto-ve-voto-util-como-oportunista-e-critica-escolha-do-menos-mau\/","url":"https:\/\/portaltela.pt\/noticias\/2026\/01\/07\/jorge-pinto-ve-voto-util-como-oportunista-e-critica-escolha-do-menos-mau\/","name":"Jorge Pinto v\u00ea voto \u00fatil como oportunista e critica escolha do menos mau - Portal Tela Portugal","isPartOf":{"@id":"https:\/\/portaltela.pt\/#website"},"primaryImageOfPage":{"@id":"https:\/\/portaltela.pt\/noticias\/2026\/01\/07\/jorge-pinto-ve-voto-util-como-oportunista-e-critica-escolha-do-menos-mau\/#primaryimage"},"image":{"@id":"https:\/\/portaltela.pt\/noticias\/2026\/01\/07\/jorge-pinto-ve-voto-util-como-oportunista-e-critica-escolha-do-menos-mau\/#primaryimage"},"thumbnailUrl":"https:\/\/portaltela.pt\/s.01k8rhncp4jt1\/2026\/01\/unnamed-file-1523.jpg","datePublished":"2026-01-08T00:00:16+00:00","author":{"@id":"https:\/\/portaltela.pt\/#\/schema\/person\/c4278d4a6028830caff9ee44b42d32ed"},"breadcrumb":{"@id":"https:\/\/portaltela.pt\/noticias\/2026\/01\/07\/jorge-pinto-ve-voto-util-como-oportunista-e-critica-escolha-do-menos-mau\/#breadcrumb"},"inLanguage":"pt-PT","potentialAction":[{"@type":"ReadAction","target":["https:\/\/portaltela.pt\/noticias\/2026\/01\/07\/jorge-pinto-ve-voto-util-como-oportunista-e-critica-escolha-do-menos-mau\/"]}]},{"@type":"ImageObject","inLanguage":"pt-PT","@id":"https:\/\/portaltela.pt\/noticias\/2026\/01\/07\/jorge-pinto-ve-voto-util-como-oportunista-e-critica-escolha-do-menos-mau\/#primaryimage","url":"https:\/\/portaltela.pt\/s.01k8rhncp4jt1\/2026\/01\/unnamed-file-1523.jpg","contentUrl":"https:\/\/portaltela.pt\/s.01k8rhncp4jt1\/2026\/01\/unnamed-file-1523.jpg","width":796,"height":448,"caption":"Jorge Pinto diz que voto \u00fatil \u00e9 oportunista e que pa\u00eds est\u00e1 \"farto de escolher o menos mau\""},{"@type":"BreadcrumbList","@id":"https:\/\/portaltela.pt\/noticias\/2026\/01\/07\/jorge-pinto-ve-voto-util-como-oportunista-e-critica-escolha-do-menos-mau\/#breadcrumb","itemListElement":[{"@type":"ListItem","position":1,"name":"In\u00edcio","item":"https:\/\/portaltela.pt\/"},{"@type":"ListItem","position":2,"name":"Jorge Pinto v\u00ea voto \u00fatil como oportunista e critica escolha do menos mau"}]},{"@type":"WebSite","@id":"https:\/\/portaltela.pt\/#website","url":"https:\/\/portaltela.pt\/","name":"Portal Tela Portugal","description":"","potentialAction":[{"@type":"SearchAction","target":{"@type":"EntryPoint","urlTemplate":"https:\/\/portaltela.pt\/?s={search_term_string}"},"query-input":{"@type":"PropertyValueSpecification","valueRequired":true,"valueName":"search_term_string"}}],"inLanguage":"pt-PT"},{"@type":"Person","@id":"https:\/\/portaltela.pt\/#\/schema\/person\/c4278d4a6028830caff9ee44b42d32ed","name":"Telinha","image":{"@type":"ImageObject","inLanguage":"pt-PT","@id":"https:\/\/portaltela.pt\/s.01k8rhncp4jt1\/2025\/11\/talking-bot-125x125.png","url":"https:\/\/portaltela.pt\/s.01k8rhncp4jt1\/2025\/11\/talking-bot-125x125.png","contentUrl":"https:\/\/portaltela.pt\/s.01k8rhncp4jt1\/2025\/11\/talking-bot-125x125.png","caption":"Telinha"},"sameAs":["https:\/\/portaltela.pt\/"],"url":"https:\/\/portaltela.pt\/por\/367410592786\/"}]}},"_links":{"self":[{"href":"https:\/\/portaltela.pt\/api\/wp\/v2\/posts\/125100","targetHints":{"allow":["GET"]}}],"collection":[{"href":"https:\/\/portaltela.pt\/api\/wp\/v2\/posts"}],"about":[{"href":"https:\/\/portaltela.pt\/api\/wp\/v2\/types\/post"}],"author":[{"embeddable":true,"href":"https:\/\/portaltela.pt\/api\/wp\/v2\/users\/2"}],"replies":[{"embeddable":true,"href":"https:\/\/portaltela.pt\/api\/wp\/v2\/comments?post=125100"}],"version-history":[{"count":0,"href":"https:\/\/portaltela.pt\/api\/wp\/v2\/posts\/125100\/revisions"}],"wp:featuredmedia":[{"embeddable":true,"href":"https:\/\/portaltela.pt\/api\/wp\/v2\/media\/125108"}],"wp:attachment":[{"href":"https:\/\/portaltela.pt\/api\/wp\/v2\/media?parent=125100"}],"wp:term":[{"taxonomy":"category","embeddable":true,"href":"https:\/\/portaltela.pt\/api\/wp\/v2\/categories?post=125100"},{"taxonomy":"post_tag","embeddable":true,"href":"https:\/\/portaltela.pt\/api\/wp\/v2\/tags?post=125100"}],"curies":[{"name":"wp","href":"https:\/\/api.w.org\/{rel}","templated":true}]}}