{"id":125042,"date":"2026-01-07T20:37:00","date_gmt":"2026-01-07T23:37:00","guid":{"rendered":"https:\/\/portaltela.pt\/noticias\/2026\/01\/07\/mudancas-de-sistema-e-qualidade-com-sesko-nao-alteram-o-resultado\/"},"modified":"2026-01-07T20:37:00","modified_gmt":"2026-01-07T23:37:00","slug":"mudancas-de-sistema-e-qualidade-com-sesko-nao-alteram-o-resultado","status":"publish","type":"post","link":"https:\/\/portaltela.pt\/desporto\/futebol\/2026\/01\/07\/mudancas-de-sistema-e-qualidade-com-sesko-nao-alteram-o-resultado\/","title":{"rendered":"Mudan\u00e7as de sistema e qualidade com Sesko n\u00e3o alteram o resultado"},"content":{"rendered":"<p>O Manchester United confirmou a rescis\u00e3o com Ruben Amorim, menos de 24 horas ap\u00f3s uma s\u00e9rie de mudan\u00e7as no clube. O treinador portugu\u00eas saiu ap\u00f3s uma reuni\u00e3o com o CEO e com o diretor de futebol, deixando as burocracias aos representantes das partes.<\/p>\n<p>Amorim chegou ao centro de treinos na segunda-feira, levou o processo de sa\u00edda a avan\u00e7ar rapidamente e abandonou Carrington antes dos jogadores chegarem para o treino. Foi descrito como um desfecho de uma fase marcada por tens\u00f5es internas e por mudan\u00e7as de dire\u00e7\u00e3o.<\/p>\n<p>O an\u00fancio da rescis\u00e3o foi comunicado pelo Manchester United de forma sucinta, encerrando uma liga\u00e7\u00e3o contratual at\u00e9 meados da pr\u00f3xima temporada. O epis\u00f3dio ocorre numa altura em que o clube procura estabilidade ap\u00f3s meses de conflitos internos, segundo relatos da imprensa inglesa.<\/p>\n<h3>Rea\u00e7\u00f5es e pr\u00f3ximos passos<\/h3>\n<p>A equipa t\u00e9cnica entrou em campo com o plantel para enfrentar o Burnley, numa partida em que o United apresentou um 4x2x3x1 menos utilizado anteriormente. No banco, Darren Fletcher assumiu fun\u00e7\u00f5es, com a possibilidade de continuar no comando at\u00e9 ao final da \u00e9poca.<\/p>\n<p>Guarda-redes, defesas e m\u00e9dios reagiram de forma positiva ao novo esquema, procurando reverter uma s\u00e9rie de resultados negativos. O jogo ficou marcado por uma reviravolta com dois golos de Benjamin Sesko, mas acabou por terminar em empate, mantendo o United na 5.\u00aa\/6.\u00aa posi\u00e7\u00e3o, perto da zona de Liga dos Campe\u00f5es.<\/p>\n<p>Entre o plantel, o capit\u00e3o Bruno Fernandes revelou ter mantido boa rela\u00e7\u00e3o com Amorim e destacou o profissionalismo demonstrado pelo treinador durante a \u00faltima temporada. No entanto, o foco passou a recair sobre a solu\u00e7\u00e3o desportiva para o curto prazo.<\/p>\n","protected":false},"excerpt":{"rendered":"<ul>\n<li>O Manchester United mudou o sistema para 4x2x3x1, alterando sobretudo o ataque e dinamismo ofensivo, com Sesko a destacar\u2011se no remate e combina\u00e7\u00f5es de Bruno Fernandes e Dorgu.<\/li>\n<li>Rub\u00e9n Amorim foi despedido pelo clube, com a rescis\u00e3o confirmada por comunicado, horas ap\u00f3s a confer\u00eancia controversa.<\/li>\n<li>Darren Fletcher surge como poss\u00edvel substituto interino, mantendo\u2011se a hip\u00f3tese de Ole\u2011Gunnar Solskjaer orientar o plantel at\u00e9 ao final da \u00e9poca.<\/li>\n<li>O encontro, frente ao Burnley, terminou com empate de 3\u20113, ap\u00f3s o United abrir vantagem com dois golos de Sesko (50 e 60 minutos) e o brasileiro Anthony a reduzir aos 66 minutos.<\/li>\n<li>O regresso do United aos minutos finais manteve\u2011se sem conseguir evitar o empate, com o Burnley a chegar ao 3\u20113 no Turf Moor.<\/li>\n<\/ul>\n","protected":false},"author":2,"featured_media":125043,"comment_status":"closed","ping_status":"closed","sticky":false,"template":"","format":"standard","meta":{"footnotes":""},"categories":[21,24],"tags":[1941,1367,2513,32,1747,2050],"class_list":["post-125042","post","type-post","status-publish","format-standard","has-post-thumbnail","hentry","category-desporto","category-futebol","tag-bruno-fernandes","tag-clubes","tag-darren-fletcher","tag-futebol","tag-futebol-profissional","tag-transferencias"],"yoast_head":"<!-- This site is optimized with the Yoast SEO plugin v27.2 - https:\/\/yoast.com\/product\/yoast-seo-wordpress\/ -->\n<title>Mudan\u00e7as de sistema e qualidade com Sesko n\u00e3o alteram o resultado - Portal Tela Portugal<\/title>\n<meta name=\"robots\" content=\"index, follow, max-snippet:-1, max-image-preview:large, max-video-preview:-1\" \/>\n<meta property=\"og:locale\" content=\"pt_PT\" \/>\n<meta property=\"og:type\" content=\"article\" \/>\n<meta property=\"og:title\" content=\"Mudan\u00e7as de sistema e qualidade com Sesko n\u00e3o alteram o resultado - Portal Tela Portugal\" \/>\n<meta property=\"og:description\" content=\"O Manchester United mudou o sistema para 4x2x3x1, alterando sobretudo o ataque e dinamismo ofensivo, com Sesko a destacar\u2011se no remate e combina\u00e7\u00f5es de Bruno Fernandes e Dorgu. Rub\u00e9n Amorim foi despedido pelo clube, com a rescis\u00e3o confirmada por comunicado, horas ap\u00f3s a confer\u00eancia controversa. Darren Fletcher surge como poss\u00edvel substituto interino, mantendo\u2011se a hip\u00f3tese de Ole\u2011Gunnar Solskjaer orientar o plantel at\u00e9 ao final da \u00e9poca. O encontro, frente ao Burnley, terminou com empate de 3\u20113, ap\u00f3s o United abrir vantagem com dois golos de Sesko (50 e 60 minutos) e o brasileiro Anthony a reduzir aos 66 minutos. O regresso do United aos minutos finais manteve\u2011se sem conseguir evitar o empate, com o Burnley a chegar ao 3\u20113 no Turf Moor.\" \/>\n<meta property=\"og:url\" content=\"https:\/\/portaltela.pt\/noticias\/2026\/01\/07\/mudancas-de-sistema-e-qualidade-com-sesko-nao-alteram-o-resultado\/\" \/>\n<meta property=\"og:site_name\" content=\"Portal Tela Portugal\" \/>\n<meta property=\"article:published_time\" content=\"2026-01-07T23:37:00+00:00\" \/>\n<meta name=\"author\" content=\"Telinha\" \/>\n<meta name=\"twitter:card\" content=\"summary_large_image\" \/>\n<meta name=\"twitter:label1\" content=\"Escrito por\" \/>\n\t<meta name=\"twitter:data1\" content=\"Telinha\" \/>\n\t<meta name=\"twitter:label2\" content=\"Tempo estimado de leitura\" \/>\n\t<meta name=\"twitter:data2\" content=\"1 minuto\" \/>\n<script type=\"application\/ld+json\" class=\"yoast-schema-graph\">{\"@context\":\"https:\/\/schema.org\",\"@graph\":[{\"@type\":\"Article\",\"@id\":\"https:\/\/portaltela.pt\/noticias\/2026\/01\/07\/mudancas-de-sistema-e-qualidade-com-sesko-nao-alteram-o-resultado\/#article\",\"isPartOf\":{\"@id\":\"https:\/\/portaltela.pt\/noticias\/2026\/01\/07\/mudancas-de-sistema-e-qualidade-com-sesko-nao-alteram-o-resultado\/\"},\"author\":{\"name\":\"Telinha\",\"@id\":\"https:\/\/portaltela.pt\/#\/schema\/person\/c4278d4a6028830caff9ee44b42d32ed\"},\"headline\":\"Mudan\u00e7as de sistema e qualidade com Sesko n\u00e3o alteram o resultado\",\"datePublished\":\"2026-01-07T23:37:00+00:00\",\"mainEntityOfPage\":{\"@id\":\"https:\/\/portaltela.pt\/noticias\/2026\/01\/07\/mudancas-de-sistema-e-qualidade-com-sesko-nao-alteram-o-resultado\/\"},\"wordCount\":307,\"image\":{\"@id\":\"https:\/\/portaltela.pt\/noticias\/2026\/01\/07\/mudancas-de-sistema-e-qualidade-com-sesko-nao-alteram-o-resultado\/#primaryimage\"},\"thumbnailUrl\":\"https:\/\/portaltela.pt\/s.01k8rhncp4jt1\/2026\/01\/sesko.jpg\",\"keywords\":[\"Bruno Fernandes\",\"clubes\",\"Darren Fletcher\",\"futebol\",\"Futebol Profissional\",\"transfer\u00eancias\"],\"articleSection\":[\"Desporto\",\"Futebol\"],\"inLanguage\":\"pt-PT\"},{\"@type\":\"WebPage\",\"@id\":\"https:\/\/portaltela.pt\/noticias\/2026\/01\/07\/mudancas-de-sistema-e-qualidade-com-sesko-nao-alteram-o-resultado\/\",\"url\":\"https:\/\/portaltela.pt\/noticias\/2026\/01\/07\/mudancas-de-sistema-e-qualidade-com-sesko-nao-alteram-o-resultado\/\",\"name\":\"Mudan\u00e7as de sistema e qualidade com Sesko n\u00e3o alteram o resultado - Portal Tela Portugal\",\"isPartOf\":{\"@id\":\"https:\/\/portaltela.pt\/#website\"},\"primaryImageOfPage\":{\"@id\":\"https:\/\/portaltela.pt\/noticias\/2026\/01\/07\/mudancas-de-sistema-e-qualidade-com-sesko-nao-alteram-o-resultado\/#primaryimage\"},\"image\":{\"@id\":\"https:\/\/portaltela.pt\/noticias\/2026\/01\/07\/mudancas-de-sistema-e-qualidade-com-sesko-nao-alteram-o-resultado\/#primaryimage\"},\"thumbnailUrl\":\"https:\/\/portaltela.pt\/s.01k8rhncp4jt1\/2026\/01\/sesko.jpg\",\"datePublished\":\"2026-01-07T23:37:00+00:00\",\"author\":{\"@id\":\"https:\/\/portaltela.pt\/#\/schema\/person\/c4278d4a6028830caff9ee44b42d32ed\"},\"breadcrumb\":{\"@id\":\"https:\/\/portaltela.pt\/noticias\/2026\/01\/07\/mudancas-de-sistema-e-qualidade-com-sesko-nao-alteram-o-resultado\/#breadcrumb\"},\"inLanguage\":\"pt-PT\",\"potentialAction\":[{\"@type\":\"ReadAction\",\"target\":[\"https:\/\/portaltela.pt\/noticias\/2026\/01\/07\/mudancas-de-sistema-e-qualidade-com-sesko-nao-alteram-o-resultado\/\"]}]},{\"@type\":\"ImageObject\",\"inLanguage\":\"pt-PT\",\"@id\":\"https:\/\/portaltela.pt\/noticias\/2026\/01\/07\/mudancas-de-sistema-e-qualidade-com-sesko-nao-alteram-o-resultado\/#primaryimage\",\"url\":\"https:\/\/portaltela.pt\/s.01k8rhncp4jt1\/2026\/01\/sesko.jpg\",\"contentUrl\":\"https:\/\/portaltela.pt\/s.01k8rhncp4jt1\/2026\/01\/sesko.jpg\",\"width\":796,\"height\":448,\"caption\":\"Photo\"},{\"@type\":\"BreadcrumbList\",\"@id\":\"https:\/\/portaltela.pt\/noticias\/2026\/01\/07\/mudancas-de-sistema-e-qualidade-com-sesko-nao-alteram-o-resultado\/#breadcrumb\",\"itemListElement\":[{\"@type\":\"ListItem\",\"position\":1,\"name\":\"In\u00edcio\",\"item\":\"https:\/\/portaltela.pt\/\"},{\"@type\":\"ListItem\",\"position\":2,\"name\":\"Mudan\u00e7as de sistema e qualidade com Sesko n\u00e3o alteram o resultado\"}]},{\"@type\":\"WebSite\",\"@id\":\"https:\/\/portaltela.pt\/#website\",\"url\":\"https:\/\/portaltela.pt\/\",\"name\":\"Portal Tela Portugal\",\"description\":\"\",\"potentialAction\":[{\"@type\":\"SearchAction\",\"target\":{\"@type\":\"EntryPoint\",\"urlTemplate\":\"https:\/\/portaltela.pt\/?s={search_term_string}\"},\"query-input\":{\"@type\":\"PropertyValueSpecification\",\"valueRequired\":true,\"valueName\":\"search_term_string\"}}],\"inLanguage\":\"pt-PT\"},{\"@type\":\"Person\",\"@id\":\"https:\/\/portaltela.pt\/#\/schema\/person\/c4278d4a6028830caff9ee44b42d32ed\",\"name\":\"Telinha\",\"image\":{\"@type\":\"ImageObject\",\"inLanguage\":\"pt-PT\",\"@id\":\"https:\/\/portaltela.pt\/s.01k8rhncp4jt1\/2025\/11\/talking-bot-125x125.png\",\"url\":\"https:\/\/portaltela.pt\/s.01k8rhncp4jt1\/2025\/11\/talking-bot-125x125.png\",\"contentUrl\":\"https:\/\/portaltela.pt\/s.01k8rhncp4jt1\/2025\/11\/talking-bot-125x125.png\",\"caption\":\"Telinha\"},\"sameAs\":[\"https:\/\/portaltela.pt\/\"],\"url\":\"https:\/\/portaltela.pt\/por\/367410592786\/\"}]}<\/script>\n<!-- \/ Yoast SEO plugin. -->","yoast_head_json":{"title":"Mudan\u00e7as de sistema e qualidade com Sesko n\u00e3o alteram o resultado - Portal Tela Portugal","robots":{"index":"index","follow":"follow","max-snippet":"max-snippet:-1","max-image-preview":"max-image-preview:large","max-video-preview":"max-video-preview:-1"},"og_locale":"pt_PT","og_type":"article","og_title":"Mudan\u00e7as de sistema e qualidade com Sesko n\u00e3o alteram o resultado - Portal Tela Portugal","og_description":"O Manchester United mudou o sistema para 4x2x3x1, alterando sobretudo o ataque e dinamismo ofensivo, com Sesko a destacar\u2011se no remate e combina\u00e7\u00f5es de Bruno Fernandes e Dorgu. Rub\u00e9n Amorim foi despedido pelo clube, com a rescis\u00e3o confirmada por comunicado, horas ap\u00f3s a confer\u00eancia controversa. Darren Fletcher surge como poss\u00edvel substituto interino, mantendo\u2011se a hip\u00f3tese de Ole\u2011Gunnar Solskjaer orientar o plantel at\u00e9 ao final da \u00e9poca. O encontro, frente ao Burnley, terminou com empate de 3\u20113, ap\u00f3s o United abrir vantagem com dois golos de Sesko (50 e 60 minutos) e o brasileiro Anthony a reduzir aos 66 minutos. O regresso do United aos minutos finais manteve\u2011se sem conseguir evitar o empate, com o Burnley a chegar ao 3\u20113 no Turf Moor.","og_url":"https:\/\/portaltela.pt\/noticias\/2026\/01\/07\/mudancas-de-sistema-e-qualidade-com-sesko-nao-alteram-o-resultado\/","og_site_name":"Portal Tela Portugal","article_published_time":"2026-01-07T23:37:00+00:00","author":"Telinha","twitter_card":"summary_large_image","twitter_misc":{"Escrito por":"Telinha","Tempo estimado de leitura":"1 minuto"},"schema":{"@context":"https:\/\/schema.org","@graph":[{"@type":"Article","@id":"https:\/\/portaltela.pt\/noticias\/2026\/01\/07\/mudancas-de-sistema-e-qualidade-com-sesko-nao-alteram-o-resultado\/#article","isPartOf":{"@id":"https:\/\/portaltela.pt\/noticias\/2026\/01\/07\/mudancas-de-sistema-e-qualidade-com-sesko-nao-alteram-o-resultado\/"},"author":{"name":"Telinha","@id":"https:\/\/portaltela.pt\/#\/schema\/person\/c4278d4a6028830caff9ee44b42d32ed"},"headline":"Mudan\u00e7as de sistema e qualidade com Sesko n\u00e3o alteram o resultado","datePublished":"2026-01-07T23:37:00+00:00","mainEntityOfPage":{"@id":"https:\/\/portaltela.pt\/noticias\/2026\/01\/07\/mudancas-de-sistema-e-qualidade-com-sesko-nao-alteram-o-resultado\/"},"wordCount":307,"image":{"@id":"https:\/\/portaltela.pt\/noticias\/2026\/01\/07\/mudancas-de-sistema-e-qualidade-com-sesko-nao-alteram-o-resultado\/#primaryimage"},"thumbnailUrl":"https:\/\/portaltela.pt\/s.01k8rhncp4jt1\/2026\/01\/sesko.jpg","keywords":["Bruno Fernandes","clubes","Darren Fletcher","futebol","Futebol Profissional","transfer\u00eancias"],"articleSection":["Desporto","Futebol"],"inLanguage":"pt-PT"},{"@type":"WebPage","@id":"https:\/\/portaltela.pt\/noticias\/2026\/01\/07\/mudancas-de-sistema-e-qualidade-com-sesko-nao-alteram-o-resultado\/","url":"https:\/\/portaltela.pt\/noticias\/2026\/01\/07\/mudancas-de-sistema-e-qualidade-com-sesko-nao-alteram-o-resultado\/","name":"Mudan\u00e7as de sistema e qualidade com Sesko n\u00e3o alteram o resultado - Portal Tela Portugal","isPartOf":{"@id":"https:\/\/portaltela.pt\/#website"},"primaryImageOfPage":{"@id":"https:\/\/portaltela.pt\/noticias\/2026\/01\/07\/mudancas-de-sistema-e-qualidade-com-sesko-nao-alteram-o-resultado\/#primaryimage"},"image":{"@id":"https:\/\/portaltela.pt\/noticias\/2026\/01\/07\/mudancas-de-sistema-e-qualidade-com-sesko-nao-alteram-o-resultado\/#primaryimage"},"thumbnailUrl":"https:\/\/portaltela.pt\/s.01k8rhncp4jt1\/2026\/01\/sesko.jpg","datePublished":"2026-01-07T23:37:00+00:00","author":{"@id":"https:\/\/portaltela.pt\/#\/schema\/person\/c4278d4a6028830caff9ee44b42d32ed"},"breadcrumb":{"@id":"https:\/\/portaltela.pt\/noticias\/2026\/01\/07\/mudancas-de-sistema-e-qualidade-com-sesko-nao-alteram-o-resultado\/#breadcrumb"},"inLanguage":"pt-PT","potentialAction":[{"@type":"ReadAction","target":["https:\/\/portaltela.pt\/noticias\/2026\/01\/07\/mudancas-de-sistema-e-qualidade-com-sesko-nao-alteram-o-resultado\/"]}]},{"@type":"ImageObject","inLanguage":"pt-PT","@id":"https:\/\/portaltela.pt\/noticias\/2026\/01\/07\/mudancas-de-sistema-e-qualidade-com-sesko-nao-alteram-o-resultado\/#primaryimage","url":"https:\/\/portaltela.pt\/s.01k8rhncp4jt1\/2026\/01\/sesko.jpg","contentUrl":"https:\/\/portaltela.pt\/s.01k8rhncp4jt1\/2026\/01\/sesko.jpg","width":796,"height":448,"caption":"Photo"},{"@type":"BreadcrumbList","@id":"https:\/\/portaltela.pt\/noticias\/2026\/01\/07\/mudancas-de-sistema-e-qualidade-com-sesko-nao-alteram-o-resultado\/#breadcrumb","itemListElement":[{"@type":"ListItem","position":1,"name":"In\u00edcio","item":"https:\/\/portaltela.pt\/"},{"@type":"ListItem","position":2,"name":"Mudan\u00e7as de sistema e qualidade com Sesko n\u00e3o alteram o resultado"}]},{"@type":"WebSite","@id":"https:\/\/portaltela.pt\/#website","url":"https:\/\/portaltela.pt\/","name":"Portal Tela Portugal","description":"","potentialAction":[{"@type":"SearchAction","target":{"@type":"EntryPoint","urlTemplate":"https:\/\/portaltela.pt\/?s={search_term_string}"},"query-input":{"@type":"PropertyValueSpecification","valueRequired":true,"valueName":"search_term_string"}}],"inLanguage":"pt-PT"},{"@type":"Person","@id":"https:\/\/portaltela.pt\/#\/schema\/person\/c4278d4a6028830caff9ee44b42d32ed","name":"Telinha","image":{"@type":"ImageObject","inLanguage":"pt-PT","@id":"https:\/\/portaltela.pt\/s.01k8rhncp4jt1\/2025\/11\/talking-bot-125x125.png","url":"https:\/\/portaltela.pt\/s.01k8rhncp4jt1\/2025\/11\/talking-bot-125x125.png","contentUrl":"https:\/\/portaltela.pt\/s.01k8rhncp4jt1\/2025\/11\/talking-bot-125x125.png","caption":"Telinha"},"sameAs":["https:\/\/portaltela.pt\/"],"url":"https:\/\/portaltela.pt\/por\/367410592786\/"}]}},"_links":{"self":[{"href":"https:\/\/portaltela.pt\/api\/wp\/v2\/posts\/125042","targetHints":{"allow":["GET"]}}],"collection":[{"href":"https:\/\/portaltela.pt\/api\/wp\/v2\/posts"}],"about":[{"href":"https:\/\/portaltela.pt\/api\/wp\/v2\/types\/post"}],"author":[{"embeddable":true,"href":"https:\/\/portaltela.pt\/api\/wp\/v2\/users\/2"}],"replies":[{"embeddable":true,"href":"https:\/\/portaltela.pt\/api\/wp\/v2\/comments?post=125042"}],"version-history":[{"count":0,"href":"https:\/\/portaltela.pt\/api\/wp\/v2\/posts\/125042\/revisions"}],"wp:featuredmedia":[{"embeddable":true,"href":"https:\/\/portaltela.pt\/api\/wp\/v2\/media\/125043"}],"wp:attachment":[{"href":"https:\/\/portaltela.pt\/api\/wp\/v2\/media?parent=125042"}],"wp:term":[{"taxonomy":"category","embeddable":true,"href":"https:\/\/portaltela.pt\/api\/wp\/v2\/categories?post=125042"},{"taxonomy":"post_tag","embeddable":true,"href":"https:\/\/portaltela.pt\/api\/wp\/v2\/tags?post=125042"}],"curies":[{"name":"wp","href":"https:\/\/api.w.org\/{rel}","templated":true}]}}