{"id":125016,"date":"2026-01-07T20:17:26","date_gmt":"2026-01-07T23:17:26","guid":{"rendered":"https:\/\/portaltela.pt\/noticias\/2026\/01\/07\/psd-e-ps-opoem-se-a-proposta-de-aumentar-representacao-em-taiwan\/"},"modified":"2026-01-07T20:17:26","modified_gmt":"2026-01-07T23:17:26","slug":"psd-e-ps-opoem-se-a-proposta-de-aumentar-representacao-em-taiwan","status":"publish","type":"post","link":"https:\/\/portaltela.pt\/noticias\/2026\/01\/07\/psd-e-ps-opoem-se-a-proposta-de-aumentar-representacao-em-taiwan\/","title":{"rendered":"PSD e PS op\u00f5em-se \u00e0 proposta de aumentar representa\u00e7\u00e3o em Taiwan"},"content":{"rendered":"<p>O PSD, o PS, o Livre e o PCP rejeitaram, na reuni\u00e3o desta quarta-feira, propostas da Iniciativa Liberal (IL) e do PAN para abrir uma representa\u00e7\u00e3o portuguesa em Taiwan, defendida pelo CDS. Os sociais-democratas alertaram para riscos de medidas vistas por Pequim como hostis.<\/p>\n<p>As propostas apresentadas pela IL e pelo PAN visam refor\u00e7ar as rela\u00e7\u00f5es de Portugal com Taiwan, incluindo a cria\u00e7\u00e3o de um escrit\u00f3rio de representa\u00e7\u00e3o em Taip\u00e9. Apontam ainda para facilitar a vida de cerca de 300 cidad\u00e3os portugueses em Taiwan, que atualmente recorrem ao consulado de Macau para assuntos administrativos, propondo a transfer\u00eancia para a embaixada de T\u00f3quio.<\/p>\n<p>&gt; ### Continuidade das respostas oficiais<\/p>\n<p>Durante o debate, o Bloco de Esquerda apresentou uma solu\u00e7\u00e3o de diplomacia econ\u00f4mica e cultural com Taiwan, enquanto o Chega incentivou o Governo a mediar a descompress\u00e3o de tens\u00f5es entre Pequim e Taip\u00e9. O PSD destacou que h\u00e1 fortes liga\u00e7\u00f5es com Pequim e defendeu salvaguardar interesses de cidad\u00e3os em Macau e Hong Kong.<\/p>\n<p>O PSD, representado por Jos\u00e9 Ces\u00e1rio, criticou a posi\u00e7\u00e3o da IL e do PAN, afirmando que pode soar hostil perante a China e comprometer rela\u00e7\u00f5es econ\u00f3micas. O deputado acrescentou que \u00e9 necess\u00e1rio proteger os cerca de 130 mil portugueses em Macau e Hong Kong. Ces\u00e1rio sublinhou a continuidade da pol\u00edtica externa com Pequim.<\/p>\n<p>Pelo PS, Catarina Louro lembrou a pol\u00edtica de \u201cuma s\u00f3 China\u201d e afirmou que mudan\u00e7as abruptas podem destabilizar a diplomacia portuguesa. A socialista disse que altera\u00e7\u00f5es simb\u00f3licas devem ser cuidadosamente avaliadas para evitar interpreta\u00e7\u00f5es de rivalidade entre pot\u00eancias.<\/p>\n<p>A deputada do PAN, In\u00eas Sousa Real, acusou o Governo de neglig\u00eancia institucional e pediu que Portugal n\u00e3o ignore uma democracia. Patr\u00edcia Gon\u00e7alves, do Livre, sugeriu uma comiss\u00e3o eventual para acompanhar os assuntos de Macau, para uma atua\u00e7\u00e3o mais informada.<\/p>\n<p>O debate mostrou d\u00favidas entre a coliga\u00e7\u00e3o que sustenta o Executivo, com diverg\u00eancias entre IL, PAN e os restantes partidos. Jo\u00e3o Almeida, do CDS, defendeu que v\u00e1rios pa\u00edses mant\u00e9m representa\u00e7\u00f5es em Taip\u00e9 dentro da l\u00f3gica de uma China \u00fanica.<\/p>\n<p>O Chega refor\u00e7ou a import\u00e2ncia hist\u00f3rica de Portugal no Extremo Oriente, defendendo a aprova\u00e7\u00e3o das propostas para promover di\u00e1logo est\u00e1vel e coordenado com aliados. Fabian Figueiredo, do BE, defendeu a legalidade democr\u00e1tica no \u00e2mbito de rela\u00e7\u00f5es com Taiwan.<\/p>\n<p>O PCP reiterou que Taiwan \u00e9 parte inalien\u00e1vel da China e associou as propostas a press\u00f5es dos EUA. Filipe Sousa, do JPP, votou a favor, afirmando que Portugal deve ser um ator pragm\u00e1tico na diplomacia econ\u00f3mica global.<\/p>\n<p>As propostas v\u00e3o a vota\u00e7\u00e3o no plen\u00e1rio da Assembleia da Rep\u00fablica na pr\u00f3xima sexta-feira, para decidir se Portugal abre ou n\u00e3o uma representa\u00e7\u00e3o em Taip\u00e9 e se avan\u00e7a com potenciais evolu\u00e7\u00f5es administrativas associadas.<\/p>\n","protected":false},"excerpt":{"rendered":"<ul>\n<li>PSD, PS, Livre e PCP rejeitaram propostas da Iniciativa Liberal e do PAN para criar uma representa\u00e7\u00e3o de Portugal em Taiwan, com o CDS a defender a medida.<\/li>\n<li>As propostas alertam para dificuldades de cerca de 300 portugueses em Taiwan, que hoje precisam deslocar-se a Macau para assuntos administrativos, sugerindo a transfer\u00eancia para a embaixada de T\u00f3quio.<\/li>\n<li>Prop\u00f5em ainda abrir um escrit\u00f3rio de representa\u00e7\u00e3o de Portugal em Taip\u00e9 para promover rela\u00e7\u00f5es econ\u00f3micas e culturais.<\/li>\n<li>O debate incluiu tamb\u00e9m propostas do Bloco de Esquerda para manter uma pol\u00edtica est\u00e1vel dentro das rela\u00e7\u00f5es com Taiwan e um parecer do Chega sobre media\u00e7\u00e3o entre Pequim e Taip\u00e9.<\/li>\n<li>As iniciativas v\u00e3o a votos no plen\u00e1rio na pr\u00f3xima sexta-feira.<\/li>\n<\/ul>\n","protected":false},"author":2,"featured_media":125030,"comment_status":"closed","ping_status":"closed","sticky":false,"template":"","format":"standard","meta":{"footnotes":""},"categories":[1],"tags":[230,29,28,229,1014,27],"class_list":["post-125016","post","type-post","status-publish","format-standard","has-post-thumbnail","hentry","category-noticias","tag-accoes-internacionais","tag-diplomacia","tag-economia","tag-politica-publica","tag-portugal","tag-relacoes-internacionais"],"yoast_head":"<!-- This site is optimized with the Yoast SEO plugin v27.2 - https:\/\/yoast.com\/product\/yoast-seo-wordpress\/ -->\n<title>PSD e PS op\u00f5em-se \u00e0 proposta de aumentar representa\u00e7\u00e3o em Taiwan - Portal Tela Portugal<\/title>\n<meta name=\"robots\" content=\"index, follow, max-snippet:-1, max-image-preview:large, max-video-preview:-1\" \/>\n<meta property=\"og:locale\" content=\"pt_PT\" \/>\n<meta property=\"og:type\" content=\"article\" \/>\n<meta property=\"og:title\" content=\"PSD e PS op\u00f5em-se \u00e0 proposta de aumentar representa\u00e7\u00e3o em Taiwan - Portal Tela Portugal\" \/>\n<meta property=\"og:description\" content=\"PSD, PS, Livre e PCP rejeitaram propostas da Iniciativa Liberal e do PAN para criar uma representa\u00e7\u00e3o de Portugal em Taiwan, com o CDS a defender a medida. As propostas alertam para dificuldades de cerca de 300 portugueses em Taiwan, que hoje precisam deslocar-se a Macau para assuntos administrativos, sugerindo a transfer\u00eancia para a embaixada de T\u00f3quio. Prop\u00f5em ainda abrir um escrit\u00f3rio de representa\u00e7\u00e3o de Portugal em Taip\u00e9 para promover rela\u00e7\u00f5es econ\u00f3micas e culturais. O debate incluiu tamb\u00e9m propostas do Bloco de Esquerda para manter uma pol\u00edtica est\u00e1vel dentro das rela\u00e7\u00f5es com Taiwan e um parecer do Chega sobre media\u00e7\u00e3o entre Pequim e Taip\u00e9. As iniciativas v\u00e3o a votos no plen\u00e1rio na pr\u00f3xima sexta-feira.\" \/>\n<meta property=\"og:url\" content=\"https:\/\/portaltela.pt\/noticias\/2026\/01\/07\/psd-e-ps-opoem-se-a-proposta-de-aumentar-representacao-em-taiwan\/\" \/>\n<meta property=\"og:site_name\" content=\"Portal Tela Portugal\" \/>\n<meta property=\"article:published_time\" content=\"2026-01-07T23:17:26+00:00\" \/>\n<meta name=\"author\" content=\"Telinha\" \/>\n<meta name=\"twitter:card\" content=\"summary_large_image\" \/>\n<meta name=\"twitter:label1\" content=\"Escrito por\" \/>\n\t<meta name=\"twitter:data1\" content=\"Telinha\" \/>\n\t<meta name=\"twitter:label2\" content=\"Tempo estimado de leitura\" \/>\n\t<meta name=\"twitter:data2\" content=\"3 minutos\" \/>\n<script type=\"application\/ld+json\" class=\"yoast-schema-graph\">{\"@context\":\"https:\/\/schema.org\",\"@graph\":[{\"@type\":\"Article\",\"@id\":\"https:\/\/portaltela.pt\/noticias\/2026\/01\/07\/psd-e-ps-opoem-se-a-proposta-de-aumentar-representacao-em-taiwan\/#article\",\"isPartOf\":{\"@id\":\"https:\/\/portaltela.pt\/noticias\/2026\/01\/07\/psd-e-ps-opoem-se-a-proposta-de-aumentar-representacao-em-taiwan\/\"},\"author\":{\"name\":\"Telinha\",\"@id\":\"https:\/\/portaltela.pt\/#\/schema\/person\/c4278d4a6028830caff9ee44b42d32ed\"},\"headline\":\"PSD e PS op\u00f5em-se \u00e0 proposta de aumentar representa\u00e7\u00e3o em Taiwan\",\"datePublished\":\"2026-01-07T23:17:26+00:00\",\"mainEntityOfPage\":{\"@id\":\"https:\/\/portaltela.pt\/noticias\/2026\/01\/07\/psd-e-ps-opoem-se-a-proposta-de-aumentar-representacao-em-taiwan\/\"},\"wordCount\":512,\"image\":{\"@id\":\"https:\/\/portaltela.pt\/noticias\/2026\/01\/07\/psd-e-ps-opoem-se-a-proposta-de-aumentar-representacao-em-taiwan\/#primaryimage\"},\"thumbnailUrl\":\"https:\/\/portaltela.pt\/s.01k8rhncp4jt1\/2026\/01\/unnamed-file-1511.jpg\",\"keywords\":[\"ac\u00e7\u00f5es internacionais\",\"diplomacia\",\"economia\",\"pol\u00edtica p\u00fablica\",\"Portugal\",\"rela\u00e7\u00f5es internacionais\"],\"articleSection\":[\"Not\u00edcias\"],\"inLanguage\":\"pt-PT\"},{\"@type\":\"WebPage\",\"@id\":\"https:\/\/portaltela.pt\/noticias\/2026\/01\/07\/psd-e-ps-opoem-se-a-proposta-de-aumentar-representacao-em-taiwan\/\",\"url\":\"https:\/\/portaltela.pt\/noticias\/2026\/01\/07\/psd-e-ps-opoem-se-a-proposta-de-aumentar-representacao-em-taiwan\/\",\"name\":\"PSD e PS op\u00f5em-se \u00e0 proposta de aumentar representa\u00e7\u00e3o em Taiwan - Portal Tela Portugal\",\"isPartOf\":{\"@id\":\"https:\/\/portaltela.pt\/#website\"},\"primaryImageOfPage\":{\"@id\":\"https:\/\/portaltela.pt\/noticias\/2026\/01\/07\/psd-e-ps-opoem-se-a-proposta-de-aumentar-representacao-em-taiwan\/#primaryimage\"},\"image\":{\"@id\":\"https:\/\/portaltela.pt\/noticias\/2026\/01\/07\/psd-e-ps-opoem-se-a-proposta-de-aumentar-representacao-em-taiwan\/#primaryimage\"},\"thumbnailUrl\":\"https:\/\/portaltela.pt\/s.01k8rhncp4jt1\/2026\/01\/unnamed-file-1511.jpg\",\"datePublished\":\"2026-01-07T23:17:26+00:00\",\"author\":{\"@id\":\"https:\/\/portaltela.pt\/#\/schema\/person\/c4278d4a6028830caff9ee44b42d32ed\"},\"breadcrumb\":{\"@id\":\"https:\/\/portaltela.pt\/noticias\/2026\/01\/07\/psd-e-ps-opoem-se-a-proposta-de-aumentar-representacao-em-taiwan\/#breadcrumb\"},\"inLanguage\":\"pt-PT\",\"potentialAction\":[{\"@type\":\"ReadAction\",\"target\":[\"https:\/\/portaltela.pt\/noticias\/2026\/01\/07\/psd-e-ps-opoem-se-a-proposta-de-aumentar-representacao-em-taiwan\/\"]}]},{\"@type\":\"ImageObject\",\"inLanguage\":\"pt-PT\",\"@id\":\"https:\/\/portaltela.pt\/noticias\/2026\/01\/07\/psd-e-ps-opoem-se-a-proposta-de-aumentar-representacao-em-taiwan\/#primaryimage\",\"url\":\"https:\/\/portaltela.pt\/s.01k8rhncp4jt1\/2026\/01\/unnamed-file-1511.jpg\",\"contentUrl\":\"https:\/\/portaltela.pt\/s.01k8rhncp4jt1\/2026\/01\/unnamed-file-1511.jpg\",\"width\":796,\"height\":448,\"caption\":\"William Lai defendeu que \\\"s\u00f3 a unidade e a coopera\u00e7\u00e3o entre democracias podem travar a expans\u00e3o do autoritarismo externo\\\"\"},{\"@type\":\"BreadcrumbList\",\"@id\":\"https:\/\/portaltela.pt\/noticias\/2026\/01\/07\/psd-e-ps-opoem-se-a-proposta-de-aumentar-representacao-em-taiwan\/#breadcrumb\",\"itemListElement\":[{\"@type\":\"ListItem\",\"position\":1,\"name\":\"In\u00edcio\",\"item\":\"https:\/\/portaltela.pt\/\"},{\"@type\":\"ListItem\",\"position\":2,\"name\":\"PSD e PS op\u00f5em-se \u00e0 proposta de aumentar representa\u00e7\u00e3o em Taiwan\"}]},{\"@type\":\"WebSite\",\"@id\":\"https:\/\/portaltela.pt\/#website\",\"url\":\"https:\/\/portaltela.pt\/\",\"name\":\"Portal Tela Portugal\",\"description\":\"\",\"potentialAction\":[{\"@type\":\"SearchAction\",\"target\":{\"@type\":\"EntryPoint\",\"urlTemplate\":\"https:\/\/portaltela.pt\/?s={search_term_string}\"},\"query-input\":{\"@type\":\"PropertyValueSpecification\",\"valueRequired\":true,\"valueName\":\"search_term_string\"}}],\"inLanguage\":\"pt-PT\"},{\"@type\":\"Person\",\"@id\":\"https:\/\/portaltela.pt\/#\/schema\/person\/c4278d4a6028830caff9ee44b42d32ed\",\"name\":\"Telinha\",\"image\":{\"@type\":\"ImageObject\",\"inLanguage\":\"pt-PT\",\"@id\":\"https:\/\/portaltela.pt\/s.01k8rhncp4jt1\/2025\/11\/talking-bot-125x125.png\",\"url\":\"https:\/\/portaltela.pt\/s.01k8rhncp4jt1\/2025\/11\/talking-bot-125x125.png\",\"contentUrl\":\"https:\/\/portaltela.pt\/s.01k8rhncp4jt1\/2025\/11\/talking-bot-125x125.png\",\"caption\":\"Telinha\"},\"sameAs\":[\"https:\/\/portaltela.pt\/\"],\"url\":\"https:\/\/portaltela.pt\/por\/367410592786\/\"}]}<\/script>\n<!-- \/ Yoast SEO plugin. -->","yoast_head_json":{"title":"PSD e PS op\u00f5em-se \u00e0 proposta de aumentar representa\u00e7\u00e3o em Taiwan - Portal Tela Portugal","robots":{"index":"index","follow":"follow","max-snippet":"max-snippet:-1","max-image-preview":"max-image-preview:large","max-video-preview":"max-video-preview:-1"},"og_locale":"pt_PT","og_type":"article","og_title":"PSD e PS op\u00f5em-se \u00e0 proposta de aumentar representa\u00e7\u00e3o em Taiwan - Portal Tela Portugal","og_description":"PSD, PS, Livre e PCP rejeitaram propostas da Iniciativa Liberal e do PAN para criar uma representa\u00e7\u00e3o de Portugal em Taiwan, com o CDS a defender a medida. As propostas alertam para dificuldades de cerca de 300 portugueses em Taiwan, que hoje precisam deslocar-se a Macau para assuntos administrativos, sugerindo a transfer\u00eancia para a embaixada de T\u00f3quio. Prop\u00f5em ainda abrir um escrit\u00f3rio de representa\u00e7\u00e3o de Portugal em Taip\u00e9 para promover rela\u00e7\u00f5es econ\u00f3micas e culturais. O debate incluiu tamb\u00e9m propostas do Bloco de Esquerda para manter uma pol\u00edtica est\u00e1vel dentro das rela\u00e7\u00f5es com Taiwan e um parecer do Chega sobre media\u00e7\u00e3o entre Pequim e Taip\u00e9. As iniciativas v\u00e3o a votos no plen\u00e1rio na pr\u00f3xima sexta-feira.","og_url":"https:\/\/portaltela.pt\/noticias\/2026\/01\/07\/psd-e-ps-opoem-se-a-proposta-de-aumentar-representacao-em-taiwan\/","og_site_name":"Portal Tela Portugal","article_published_time":"2026-01-07T23:17:26+00:00","author":"Telinha","twitter_card":"summary_large_image","twitter_misc":{"Escrito por":"Telinha","Tempo estimado de leitura":"3 minutos"},"schema":{"@context":"https:\/\/schema.org","@graph":[{"@type":"Article","@id":"https:\/\/portaltela.pt\/noticias\/2026\/01\/07\/psd-e-ps-opoem-se-a-proposta-de-aumentar-representacao-em-taiwan\/#article","isPartOf":{"@id":"https:\/\/portaltela.pt\/noticias\/2026\/01\/07\/psd-e-ps-opoem-se-a-proposta-de-aumentar-representacao-em-taiwan\/"},"author":{"name":"Telinha","@id":"https:\/\/portaltela.pt\/#\/schema\/person\/c4278d4a6028830caff9ee44b42d32ed"},"headline":"PSD e PS op\u00f5em-se \u00e0 proposta de aumentar representa\u00e7\u00e3o em Taiwan","datePublished":"2026-01-07T23:17:26+00:00","mainEntityOfPage":{"@id":"https:\/\/portaltela.pt\/noticias\/2026\/01\/07\/psd-e-ps-opoem-se-a-proposta-de-aumentar-representacao-em-taiwan\/"},"wordCount":512,"image":{"@id":"https:\/\/portaltela.pt\/noticias\/2026\/01\/07\/psd-e-ps-opoem-se-a-proposta-de-aumentar-representacao-em-taiwan\/#primaryimage"},"thumbnailUrl":"https:\/\/portaltela.pt\/s.01k8rhncp4jt1\/2026\/01\/unnamed-file-1511.jpg","keywords":["ac\u00e7\u00f5es internacionais","diplomacia","economia","pol\u00edtica p\u00fablica","Portugal","rela\u00e7\u00f5es internacionais"],"articleSection":["Not\u00edcias"],"inLanguage":"pt-PT"},{"@type":"WebPage","@id":"https:\/\/portaltela.pt\/noticias\/2026\/01\/07\/psd-e-ps-opoem-se-a-proposta-de-aumentar-representacao-em-taiwan\/","url":"https:\/\/portaltela.pt\/noticias\/2026\/01\/07\/psd-e-ps-opoem-se-a-proposta-de-aumentar-representacao-em-taiwan\/","name":"PSD e PS op\u00f5em-se \u00e0 proposta de aumentar representa\u00e7\u00e3o em Taiwan - Portal Tela Portugal","isPartOf":{"@id":"https:\/\/portaltela.pt\/#website"},"primaryImageOfPage":{"@id":"https:\/\/portaltela.pt\/noticias\/2026\/01\/07\/psd-e-ps-opoem-se-a-proposta-de-aumentar-representacao-em-taiwan\/#primaryimage"},"image":{"@id":"https:\/\/portaltela.pt\/noticias\/2026\/01\/07\/psd-e-ps-opoem-se-a-proposta-de-aumentar-representacao-em-taiwan\/#primaryimage"},"thumbnailUrl":"https:\/\/portaltela.pt\/s.01k8rhncp4jt1\/2026\/01\/unnamed-file-1511.jpg","datePublished":"2026-01-07T23:17:26+00:00","author":{"@id":"https:\/\/portaltela.pt\/#\/schema\/person\/c4278d4a6028830caff9ee44b42d32ed"},"breadcrumb":{"@id":"https:\/\/portaltela.pt\/noticias\/2026\/01\/07\/psd-e-ps-opoem-se-a-proposta-de-aumentar-representacao-em-taiwan\/#breadcrumb"},"inLanguage":"pt-PT","potentialAction":[{"@type":"ReadAction","target":["https:\/\/portaltela.pt\/noticias\/2026\/01\/07\/psd-e-ps-opoem-se-a-proposta-de-aumentar-representacao-em-taiwan\/"]}]},{"@type":"ImageObject","inLanguage":"pt-PT","@id":"https:\/\/portaltela.pt\/noticias\/2026\/01\/07\/psd-e-ps-opoem-se-a-proposta-de-aumentar-representacao-em-taiwan\/#primaryimage","url":"https:\/\/portaltela.pt\/s.01k8rhncp4jt1\/2026\/01\/unnamed-file-1511.jpg","contentUrl":"https:\/\/portaltela.pt\/s.01k8rhncp4jt1\/2026\/01\/unnamed-file-1511.jpg","width":796,"height":448,"caption":"William Lai defendeu que \"s\u00f3 a unidade e a coopera\u00e7\u00e3o entre democracias podem travar a expans\u00e3o do autoritarismo externo\""},{"@type":"BreadcrumbList","@id":"https:\/\/portaltela.pt\/noticias\/2026\/01\/07\/psd-e-ps-opoem-se-a-proposta-de-aumentar-representacao-em-taiwan\/#breadcrumb","itemListElement":[{"@type":"ListItem","position":1,"name":"In\u00edcio","item":"https:\/\/portaltela.pt\/"},{"@type":"ListItem","position":2,"name":"PSD e PS op\u00f5em-se \u00e0 proposta de aumentar representa\u00e7\u00e3o em Taiwan"}]},{"@type":"WebSite","@id":"https:\/\/portaltela.pt\/#website","url":"https:\/\/portaltela.pt\/","name":"Portal Tela Portugal","description":"","potentialAction":[{"@type":"SearchAction","target":{"@type":"EntryPoint","urlTemplate":"https:\/\/portaltela.pt\/?s={search_term_string}"},"query-input":{"@type":"PropertyValueSpecification","valueRequired":true,"valueName":"search_term_string"}}],"inLanguage":"pt-PT"},{"@type":"Person","@id":"https:\/\/portaltela.pt\/#\/schema\/person\/c4278d4a6028830caff9ee44b42d32ed","name":"Telinha","image":{"@type":"ImageObject","inLanguage":"pt-PT","@id":"https:\/\/portaltela.pt\/s.01k8rhncp4jt1\/2025\/11\/talking-bot-125x125.png","url":"https:\/\/portaltela.pt\/s.01k8rhncp4jt1\/2025\/11\/talking-bot-125x125.png","contentUrl":"https:\/\/portaltela.pt\/s.01k8rhncp4jt1\/2025\/11\/talking-bot-125x125.png","caption":"Telinha"},"sameAs":["https:\/\/portaltela.pt\/"],"url":"https:\/\/portaltela.pt\/por\/367410592786\/"}]}},"_links":{"self":[{"href":"https:\/\/portaltela.pt\/api\/wp\/v2\/posts\/125016","targetHints":{"allow":["GET"]}}],"collection":[{"href":"https:\/\/portaltela.pt\/api\/wp\/v2\/posts"}],"about":[{"href":"https:\/\/portaltela.pt\/api\/wp\/v2\/types\/post"}],"author":[{"embeddable":true,"href":"https:\/\/portaltela.pt\/api\/wp\/v2\/users\/2"}],"replies":[{"embeddable":true,"href":"https:\/\/portaltela.pt\/api\/wp\/v2\/comments?post=125016"}],"version-history":[{"count":0,"href":"https:\/\/portaltela.pt\/api\/wp\/v2\/posts\/125016\/revisions"}],"wp:featuredmedia":[{"embeddable":true,"href":"https:\/\/portaltela.pt\/api\/wp\/v2\/media\/125030"}],"wp:attachment":[{"href":"https:\/\/portaltela.pt\/api\/wp\/v2\/media?parent=125016"}],"wp:term":[{"taxonomy":"category","embeddable":true,"href":"https:\/\/portaltela.pt\/api\/wp\/v2\/categories?post=125016"},{"taxonomy":"post_tag","embeddable":true,"href":"https:\/\/portaltela.pt\/api\/wp\/v2\/tags?post=125016"}],"curies":[{"name":"wp","href":"https:\/\/api.w.org\/{rel}","templated":true}]}}