{"id":124895,"date":"2026-01-07T19:51:00","date_gmt":"2026-01-07T22:51:00","guid":{"rendered":"https:\/\/portaltela.pt\/noticias\/2026\/01\/07\/ctt-anunciam-mudanca-de-ceo-com-saida-de-joao-bento\/"},"modified":"2026-01-07T19:51:00","modified_gmt":"2026-01-07T22:51:00","slug":"ctt-anunciam-mudanca-de-ceo-com-saida-de-joao-bento","status":"publish","type":"post","link":"https:\/\/portaltela.pt\/noticias\/economia\/2026\/01\/07\/ctt-anunciam-mudanca-de-ceo-com-saida-de-joao-bento\/","title":{"rendered":"CTT anunciam mudan\u00e7a de CEO com sa\u00edda de Jo\u00e3o Bento"},"content":{"rendered":"<p>Jo\u00e3o Bento deixar\u00e1 a presid\u00eancia executiva dos CTT na pr\u00f3xima Assembleia Geral Eletiva, marcada para 30 de abril de 2026. A empresa indica que, por ter completado 65 anos, ele vai terminar a carreira executiva ao final do atual mandato do Conselho de Administra\u00e7\u00e3o.<\/p>\n<p>Um grupo de acionistas, formado pelo Grupo Manuel Champalimaud, Indumenta Pueri, Greenwood Investors e Grupo Sousa, prop\u00f5e que Guy Pacheco assuma o cargo de CEO. A proposta surge no \u00e2mbito da assembleia que ir\u00e1 eleger a nova gest\u00e3o.<\/p>\n<p>Al\u00e9m disso, Jo\u00e3o Sousa manter\u00e1 o cargo de Chief Commercial Officer (CCO) para o mandato 2026-28. O diretor financeiro, que integrar\u00e1 o elenco, ainda n\u00e3o foi anunciado pela empresa.<\/p>\n<p>Jo\u00e3o Bento foi nomeado para o Conselho de Administra\u00e7\u00e3o dos CTT a 20 de abril de 2017, como administrador n\u00e3o executivo, e tornou-se CEO a 22 de maio de 2019. A substitui\u00e7\u00e3o dever\u00e1 ocorrer com a nova dire\u00e7\u00e3o.<\/p>\n<p>Os CTT n\u00e3o informam sobre altera\u00e7\u00f5es adicionais \u00e0 estrutura societ\u00e1ria neste an\u00fancio. O CFO ainda ser\u00e1 apresentado pela administra\u00e7\u00e3o, conforme a comunica\u00e7\u00e3o oficial dos corretores.<\/p>\n","protected":false},"excerpt":{"rendered":"<ul>\n<li>O presidente executivo dos CTT, Jo\u00e3o Bento, vai deixar o cargo na pr\u00f3xima assembleia geral eletiva, a 30 de abril de 2026.<\/li>\n<li>O an\u00fancio indica que completou 65 anos e terminar\u00e1 a carreira executiva no final do atual mandato do Conselho de Administra\u00e7\u00e3o.<\/li>\n<li>Um grupo de acionistas prop\u00f5e que Guy Pacheco, atual administrador financeiro, assuma o cargo de CEO.<\/li>\n<li>Jo\u00e3o Sousa ficar\u00e1 como Chief Commercial Officer (CCO) para o mandato 2026-2028.<\/li>\n<li>O novo Chief Financial Officer (CFO) ainda ser\u00e1 anunciado.<\/li>\n<\/ul>\n","protected":false},"author":2,"featured_media":124899,"comment_status":"closed","ping_status":"closed","sticky":false,"template":"","format":"standard","meta":{"footnotes":""},"categories":[2,1],"tags":[552,1507,2497,31,136],"class_list":["post-124895","post","type-post","status-publish","format-standard","has-post-thumbnail","hentry","category-economia","category-noticias","tag-conselho-de-administracao","tag-conselhos","tag-governacao","tag-negocios","tag-organizacoes"],"yoast_head":"<!-- This site is optimized with the Yoast SEO plugin v27.2 - https:\/\/yoast.com\/product\/yoast-seo-wordpress\/ -->\n<title>CTT anunciam mudan\u00e7a de CEO com sa\u00edda de Jo\u00e3o Bento - Portal Tela Portugal<\/title>\n<meta name=\"robots\" content=\"index, follow, max-snippet:-1, max-image-preview:large, max-video-preview:-1\" \/>\n<meta property=\"og:locale\" content=\"pt_PT\" \/>\n<meta property=\"og:type\" content=\"article\" \/>\n<meta property=\"og:title\" content=\"CTT anunciam mudan\u00e7a de CEO com sa\u00edda de Jo\u00e3o Bento - Portal Tela Portugal\" \/>\n<meta property=\"og:description\" content=\"O presidente executivo dos CTT, Jo\u00e3o Bento, vai deixar o cargo na pr\u00f3xima assembleia geral eletiva, a 30 de abril de 2026. O an\u00fancio indica que completou 65 anos e terminar\u00e1 a carreira executiva no final do atual mandato do Conselho de Administra\u00e7\u00e3o. Um grupo de acionistas prop\u00f5e que Guy Pacheco, atual administrador financeiro, assuma o cargo de CEO. Jo\u00e3o Sousa ficar\u00e1 como Chief Commercial Officer (CCO) para o mandato 2026-2028. O novo Chief Financial Officer (CFO) ainda ser\u00e1 anunciado.\" \/>\n<meta property=\"og:url\" content=\"https:\/\/portaltela.pt\/noticias\/2026\/01\/07\/ctt-anunciam-mudanca-de-ceo-com-saida-de-joao-bento\/\" \/>\n<meta property=\"og:site_name\" content=\"Portal Tela Portugal\" \/>\n<meta property=\"article:published_time\" content=\"2026-01-07T22:51:00+00:00\" \/>\n<meta name=\"author\" content=\"Telinha\" \/>\n<meta name=\"twitter:card\" content=\"summary_large_image\" \/>\n<meta name=\"twitter:label1\" content=\"Escrito por\" \/>\n\t<meta name=\"twitter:data1\" content=\"Telinha\" \/>\n\t<meta name=\"twitter:label2\" content=\"Tempo estimado de leitura\" \/>\n\t<meta name=\"twitter:data2\" content=\"1 minuto\" \/>\n<script type=\"application\/ld+json\" class=\"yoast-schema-graph\">{\"@context\":\"https:\/\/schema.org\",\"@graph\":[{\"@type\":\"Article\",\"@id\":\"https:\/\/portaltela.pt\/noticias\/2026\/01\/07\/ctt-anunciam-mudanca-de-ceo-com-saida-de-joao-bento\/#article\",\"isPartOf\":{\"@id\":\"https:\/\/portaltela.pt\/noticias\/2026\/01\/07\/ctt-anunciam-mudanca-de-ceo-com-saida-de-joao-bento\/\"},\"author\":{\"name\":\"Telinha\",\"@id\":\"https:\/\/portaltela.pt\/#\/schema\/person\/c4278d4a6028830caff9ee44b42d32ed\"},\"headline\":\"CTT anunciam mudan\u00e7a de CEO com sa\u00edda de Jo\u00e3o Bento\",\"datePublished\":\"2026-01-07T22:51:00+00:00\",\"mainEntityOfPage\":{\"@id\":\"https:\/\/portaltela.pt\/noticias\/2026\/01\/07\/ctt-anunciam-mudanca-de-ceo-com-saida-de-joao-bento\/\"},\"wordCount\":199,\"image\":{\"@id\":\"https:\/\/portaltela.pt\/noticias\/2026\/01\/07\/ctt-anunciam-mudanca-de-ceo-com-saida-de-joao-bento\/#primaryimage\"},\"thumbnailUrl\":\"https:\/\/portaltela.pt\/s.01k8rhncp4jt1\/2026\/01\/41417843.jpg\",\"keywords\":[\"Conselho de Administra\u00e7\u00e3o\",\"conselhos\",\"governa\u00e7\u00e3o\",\"neg\u00f3cios\",\"organiza\u00e7\u00f5es\"],\"articleSection\":[\"Economia\",\"Not\u00edcias\"],\"inLanguage\":\"pt-PT\"},{\"@type\":\"WebPage\",\"@id\":\"https:\/\/portaltela.pt\/noticias\/2026\/01\/07\/ctt-anunciam-mudanca-de-ceo-com-saida-de-joao-bento\/\",\"url\":\"https:\/\/portaltela.pt\/noticias\/2026\/01\/07\/ctt-anunciam-mudanca-de-ceo-com-saida-de-joao-bento\/\",\"name\":\"CTT anunciam mudan\u00e7a de CEO com sa\u00edda de Jo\u00e3o Bento - Portal Tela Portugal\",\"isPartOf\":{\"@id\":\"https:\/\/portaltela.pt\/#website\"},\"primaryImageOfPage\":{\"@id\":\"https:\/\/portaltela.pt\/noticias\/2026\/01\/07\/ctt-anunciam-mudanca-de-ceo-com-saida-de-joao-bento\/#primaryimage\"},\"image\":{\"@id\":\"https:\/\/portaltela.pt\/noticias\/2026\/01\/07\/ctt-anunciam-mudanca-de-ceo-com-saida-de-joao-bento\/#primaryimage\"},\"thumbnailUrl\":\"https:\/\/portaltela.pt\/s.01k8rhncp4jt1\/2026\/01\/41417843.jpg\",\"datePublished\":\"2026-01-07T22:51:00+00:00\",\"author\":{\"@id\":\"https:\/\/portaltela.pt\/#\/schema\/person\/c4278d4a6028830caff9ee44b42d32ed\"},\"breadcrumb\":{\"@id\":\"https:\/\/portaltela.pt\/noticias\/2026\/01\/07\/ctt-anunciam-mudanca-de-ceo-com-saida-de-joao-bento\/#breadcrumb\"},\"inLanguage\":\"pt-PT\",\"potentialAction\":[{\"@type\":\"ReadAction\",\"target\":[\"https:\/\/portaltela.pt\/noticias\/2026\/01\/07\/ctt-anunciam-mudanca-de-ceo-com-saida-de-joao-bento\/\"]}]},{\"@type\":\"ImageObject\",\"inLanguage\":\"pt-PT\",\"@id\":\"https:\/\/portaltela.pt\/noticias\/2026\/01\/07\/ctt-anunciam-mudanca-de-ceo-com-saida-de-joao-bento\/#primaryimage\",\"url\":\"https:\/\/portaltela.pt\/s.01k8rhncp4jt1\/2026\/01\/41417843.jpg\",\"contentUrl\":\"https:\/\/portaltela.pt\/s.01k8rhncp4jt1\/2026\/01\/41417843.jpg\",\"width\":796,\"height\":448,\"caption\":\"O CEO dos CTT, Jo\u00e3o Bento, participa na inaugura\u00e7\u00e3o da unidade de autoprodu\u00e7\u00e3o de energia da Maia, um projeto que vai permitir, atrav\u00e9s da cria\u00e7\u00e3o de comunidades de energia \u2013 Bairros Solares -, partilhar benef\u00edcios com fam\u00edlias e empresas da regi\u00e3o, na Maia, 30 de agosto de 2023. JOS\u00c9 COELHO\/LUSA\"},{\"@type\":\"BreadcrumbList\",\"@id\":\"https:\/\/portaltela.pt\/noticias\/2026\/01\/07\/ctt-anunciam-mudanca-de-ceo-com-saida-de-joao-bento\/#breadcrumb\",\"itemListElement\":[{\"@type\":\"ListItem\",\"position\":1,\"name\":\"In\u00edcio\",\"item\":\"https:\/\/portaltela.pt\/\"},{\"@type\":\"ListItem\",\"position\":2,\"name\":\"CTT anunciam mudan\u00e7a de CEO com sa\u00edda de Jo\u00e3o Bento\"}]},{\"@type\":\"WebSite\",\"@id\":\"https:\/\/portaltela.pt\/#website\",\"url\":\"https:\/\/portaltela.pt\/\",\"name\":\"Portal Tela Portugal\",\"description\":\"\",\"potentialAction\":[{\"@type\":\"SearchAction\",\"target\":{\"@type\":\"EntryPoint\",\"urlTemplate\":\"https:\/\/portaltela.pt\/?s={search_term_string}\"},\"query-input\":{\"@type\":\"PropertyValueSpecification\",\"valueRequired\":true,\"valueName\":\"search_term_string\"}}],\"inLanguage\":\"pt-PT\"},{\"@type\":\"Person\",\"@id\":\"https:\/\/portaltela.pt\/#\/schema\/person\/c4278d4a6028830caff9ee44b42d32ed\",\"name\":\"Telinha\",\"image\":{\"@type\":\"ImageObject\",\"inLanguage\":\"pt-PT\",\"@id\":\"https:\/\/portaltela.pt\/s.01k8rhncp4jt1\/2025\/11\/talking-bot-125x125.png\",\"url\":\"https:\/\/portaltela.pt\/s.01k8rhncp4jt1\/2025\/11\/talking-bot-125x125.png\",\"contentUrl\":\"https:\/\/portaltela.pt\/s.01k8rhncp4jt1\/2025\/11\/talking-bot-125x125.png\",\"caption\":\"Telinha\"},\"sameAs\":[\"https:\/\/portaltela.pt\/\"],\"url\":\"https:\/\/portaltela.pt\/por\/367410592786\/\"}]}<\/script>\n<!-- \/ Yoast SEO plugin. -->","yoast_head_json":{"title":"CTT anunciam mudan\u00e7a de CEO com sa\u00edda de Jo\u00e3o Bento - Portal Tela Portugal","robots":{"index":"index","follow":"follow","max-snippet":"max-snippet:-1","max-image-preview":"max-image-preview:large","max-video-preview":"max-video-preview:-1"},"og_locale":"pt_PT","og_type":"article","og_title":"CTT anunciam mudan\u00e7a de CEO com sa\u00edda de Jo\u00e3o Bento - Portal Tela Portugal","og_description":"O presidente executivo dos CTT, Jo\u00e3o Bento, vai deixar o cargo na pr\u00f3xima assembleia geral eletiva, a 30 de abril de 2026. O an\u00fancio indica que completou 65 anos e terminar\u00e1 a carreira executiva no final do atual mandato do Conselho de Administra\u00e7\u00e3o. Um grupo de acionistas prop\u00f5e que Guy Pacheco, atual administrador financeiro, assuma o cargo de CEO. Jo\u00e3o Sousa ficar\u00e1 como Chief Commercial Officer (CCO) para o mandato 2026-2028. O novo Chief Financial Officer (CFO) ainda ser\u00e1 anunciado.","og_url":"https:\/\/portaltela.pt\/noticias\/2026\/01\/07\/ctt-anunciam-mudanca-de-ceo-com-saida-de-joao-bento\/","og_site_name":"Portal Tela Portugal","article_published_time":"2026-01-07T22:51:00+00:00","author":"Telinha","twitter_card":"summary_large_image","twitter_misc":{"Escrito por":"Telinha","Tempo estimado de leitura":"1 minuto"},"schema":{"@context":"https:\/\/schema.org","@graph":[{"@type":"Article","@id":"https:\/\/portaltela.pt\/noticias\/2026\/01\/07\/ctt-anunciam-mudanca-de-ceo-com-saida-de-joao-bento\/#article","isPartOf":{"@id":"https:\/\/portaltela.pt\/noticias\/2026\/01\/07\/ctt-anunciam-mudanca-de-ceo-com-saida-de-joao-bento\/"},"author":{"name":"Telinha","@id":"https:\/\/portaltela.pt\/#\/schema\/person\/c4278d4a6028830caff9ee44b42d32ed"},"headline":"CTT anunciam mudan\u00e7a de CEO com sa\u00edda de Jo\u00e3o Bento","datePublished":"2026-01-07T22:51:00+00:00","mainEntityOfPage":{"@id":"https:\/\/portaltela.pt\/noticias\/2026\/01\/07\/ctt-anunciam-mudanca-de-ceo-com-saida-de-joao-bento\/"},"wordCount":199,"image":{"@id":"https:\/\/portaltela.pt\/noticias\/2026\/01\/07\/ctt-anunciam-mudanca-de-ceo-com-saida-de-joao-bento\/#primaryimage"},"thumbnailUrl":"https:\/\/portaltela.pt\/s.01k8rhncp4jt1\/2026\/01\/41417843.jpg","keywords":["Conselho de Administra\u00e7\u00e3o","conselhos","governa\u00e7\u00e3o","neg\u00f3cios","organiza\u00e7\u00f5es"],"articleSection":["Economia","Not\u00edcias"],"inLanguage":"pt-PT"},{"@type":"WebPage","@id":"https:\/\/portaltela.pt\/noticias\/2026\/01\/07\/ctt-anunciam-mudanca-de-ceo-com-saida-de-joao-bento\/","url":"https:\/\/portaltela.pt\/noticias\/2026\/01\/07\/ctt-anunciam-mudanca-de-ceo-com-saida-de-joao-bento\/","name":"CTT anunciam mudan\u00e7a de CEO com sa\u00edda de Jo\u00e3o Bento - Portal Tela Portugal","isPartOf":{"@id":"https:\/\/portaltela.pt\/#website"},"primaryImageOfPage":{"@id":"https:\/\/portaltela.pt\/noticias\/2026\/01\/07\/ctt-anunciam-mudanca-de-ceo-com-saida-de-joao-bento\/#primaryimage"},"image":{"@id":"https:\/\/portaltela.pt\/noticias\/2026\/01\/07\/ctt-anunciam-mudanca-de-ceo-com-saida-de-joao-bento\/#primaryimage"},"thumbnailUrl":"https:\/\/portaltela.pt\/s.01k8rhncp4jt1\/2026\/01\/41417843.jpg","datePublished":"2026-01-07T22:51:00+00:00","author":{"@id":"https:\/\/portaltela.pt\/#\/schema\/person\/c4278d4a6028830caff9ee44b42d32ed"},"breadcrumb":{"@id":"https:\/\/portaltela.pt\/noticias\/2026\/01\/07\/ctt-anunciam-mudanca-de-ceo-com-saida-de-joao-bento\/#breadcrumb"},"inLanguage":"pt-PT","potentialAction":[{"@type":"ReadAction","target":["https:\/\/portaltela.pt\/noticias\/2026\/01\/07\/ctt-anunciam-mudanca-de-ceo-com-saida-de-joao-bento\/"]}]},{"@type":"ImageObject","inLanguage":"pt-PT","@id":"https:\/\/portaltela.pt\/noticias\/2026\/01\/07\/ctt-anunciam-mudanca-de-ceo-com-saida-de-joao-bento\/#primaryimage","url":"https:\/\/portaltela.pt\/s.01k8rhncp4jt1\/2026\/01\/41417843.jpg","contentUrl":"https:\/\/portaltela.pt\/s.01k8rhncp4jt1\/2026\/01\/41417843.jpg","width":796,"height":448,"caption":"O CEO dos CTT, Jo\u00e3o Bento, participa na inaugura\u00e7\u00e3o da unidade de autoprodu\u00e7\u00e3o de energia da Maia, um projeto que vai permitir, atrav\u00e9s da cria\u00e7\u00e3o de comunidades de energia \u2013 Bairros Solares -, partilhar benef\u00edcios com fam\u00edlias e empresas da regi\u00e3o, na Maia, 30 de agosto de 2023. JOS\u00c9 COELHO\/LUSA"},{"@type":"BreadcrumbList","@id":"https:\/\/portaltela.pt\/noticias\/2026\/01\/07\/ctt-anunciam-mudanca-de-ceo-com-saida-de-joao-bento\/#breadcrumb","itemListElement":[{"@type":"ListItem","position":1,"name":"In\u00edcio","item":"https:\/\/portaltela.pt\/"},{"@type":"ListItem","position":2,"name":"CTT anunciam mudan\u00e7a de CEO com sa\u00edda de Jo\u00e3o Bento"}]},{"@type":"WebSite","@id":"https:\/\/portaltela.pt\/#website","url":"https:\/\/portaltela.pt\/","name":"Portal Tela Portugal","description":"","potentialAction":[{"@type":"SearchAction","target":{"@type":"EntryPoint","urlTemplate":"https:\/\/portaltela.pt\/?s={search_term_string}"},"query-input":{"@type":"PropertyValueSpecification","valueRequired":true,"valueName":"search_term_string"}}],"inLanguage":"pt-PT"},{"@type":"Person","@id":"https:\/\/portaltela.pt\/#\/schema\/person\/c4278d4a6028830caff9ee44b42d32ed","name":"Telinha","image":{"@type":"ImageObject","inLanguage":"pt-PT","@id":"https:\/\/portaltela.pt\/s.01k8rhncp4jt1\/2025\/11\/talking-bot-125x125.png","url":"https:\/\/portaltela.pt\/s.01k8rhncp4jt1\/2025\/11\/talking-bot-125x125.png","contentUrl":"https:\/\/portaltela.pt\/s.01k8rhncp4jt1\/2025\/11\/talking-bot-125x125.png","caption":"Telinha"},"sameAs":["https:\/\/portaltela.pt\/"],"url":"https:\/\/portaltela.pt\/por\/367410592786\/"}]}},"_links":{"self":[{"href":"https:\/\/portaltela.pt\/api\/wp\/v2\/posts\/124895","targetHints":{"allow":["GET"]}}],"collection":[{"href":"https:\/\/portaltela.pt\/api\/wp\/v2\/posts"}],"about":[{"href":"https:\/\/portaltela.pt\/api\/wp\/v2\/types\/post"}],"author":[{"embeddable":true,"href":"https:\/\/portaltela.pt\/api\/wp\/v2\/users\/2"}],"replies":[{"embeddable":true,"href":"https:\/\/portaltela.pt\/api\/wp\/v2\/comments?post=124895"}],"version-history":[{"count":0,"href":"https:\/\/portaltela.pt\/api\/wp\/v2\/posts\/124895\/revisions"}],"wp:featuredmedia":[{"embeddable":true,"href":"https:\/\/portaltela.pt\/api\/wp\/v2\/media\/124899"}],"wp:attachment":[{"href":"https:\/\/portaltela.pt\/api\/wp\/v2\/media?parent=124895"}],"wp:term":[{"taxonomy":"category","embeddable":true,"href":"https:\/\/portaltela.pt\/api\/wp\/v2\/categories?post=124895"},{"taxonomy":"post_tag","embeddable":true,"href":"https:\/\/portaltela.pt\/api\/wp\/v2\/tags?post=124895"}],"curies":[{"name":"wp","href":"https:\/\/api.w.org\/{rel}","templated":true}]}}