{"id":124696,"date":"2026-01-07T18:24:00","date_gmt":"2026-01-07T21:24:00","guid":{"rendered":"https:\/\/portaltela.pt\/noticias\/2026\/01\/07\/bolsas-de-residencia-literaria-eca-de-queiroz-revelam-autores-selecionados\/"},"modified":"2026-01-07T18:24:00","modified_gmt":"2026-01-07T21:24:00","slug":"bolsas-de-residencia-literaria-eca-de-queiroz-revelam-autores-selecionados","status":"publish","type":"post","link":"https:\/\/portaltela.pt\/noticias\/2026\/01\/07\/bolsas-de-residencia-literaria-eca-de-queiroz-revelam-autores-selecionados\/","title":{"rendered":"Bolsas de resid\u00eancia liter\u00e1ria E\u00e7a de Queiroz revelam autores selecionados"},"content":{"rendered":"<p>A Funda\u00e7\u00e3o E\u00e7a de Queiroz anunciou os autores selecionados para as Bolsas de Resid\u00eancia Liter\u00e1ria E\u00e7a de Queiroz 2025\/2026. Os vencedores s\u00e3o Andreia C. Faria, Andr\u00e9 Os\u00f3rio, Frederico Neves Parreira, Miguel Bonneville, Rodrigo Vieira Dias e T\u00e2nia Ganho. O objetivo \u00e9 promover a produ\u00e7\u00e3o liter\u00e1ria em l\u00edngua portuguesa.<\/p>\n<p>Ao todo, entraram 109 candidaturas. O j\u00fari avaliou as propostas com base no dom\u00ednio da linguagem art\u00edstica, na qualidade cultural do projeto e na adequa\u00e7\u00e3o \u00e0 dura\u00e7\u00e3o da bolsa, bem como na forma\u00e7\u00e3o demonstrada nos trabalhos j\u00e1 realizados.<\/p>\n<p>O j\u00fari foi composto por Filipa Melo, Jorge Reis-S\u00e1 e Jos\u00e9 Manuel Cort\u00eas, que decidiu por unanimidade a atribui\u00e7\u00e3o das bolsas. Foram ainda selecionados quatro suplentes: Rafael Gallo, Sandra In\u00eas Cruz, Judite Canha Fernandes e Murillo Guimar\u00e3es.<\/p>\n<p>Cada temporada contempla a estada de um autor durante um m\u00eas na quinta de Tormes, sede da FEQ, em Santa Cruz do Douro, Bai\u00e3o, no Porto. O espa\u00e7o inspira a produ\u00e7\u00e3o liter\u00e1ria do projeto.<\/p>\n<p>Segundo a funda\u00e7\u00e3o, os residentes t\u00eam todas as despesas pagas, al\u00e9m de honor\u00e1rios de 1.330 euros. A casa aut\u00f3noma em Tormes oferece condi\u00e7\u00f5es para tempo e sossego dedicados \u00e0 escrita.<\/p>\n<p>Anteriormente, residentes incluiram nomes como Francisco Mota Saraiva, Isabela Figueiredo, Maria Ant\u00f3nia Oliveira, Jo\u00e3o Pedro Vala, Francisco Sousa Lobo, Susana Moreira Marques, In\u00eas Bernardo, Rita Taborda Duarte e Isabel Ricardo.<\/p>\n","protected":false},"excerpt":{"rendered":"<ul>\n<li>Foram atribu\u00eddas as Bolsas de Resid\u00eancia Liter\u00e1ria E\u00e7a de Queiroz 2025\/2026 aos escritores Andreia C. Faria, Andr\u00e9 Os\u00f3rio, Frederico Neves Parreira, Miguel Bonneville, Rodrigo Vieira Dias e T\u00e2nia Ganho, anunciando-se nesta quarta-feira.<\/li>\n<li>Receberam 109 candidaturas, avaliadas por j\u00fari com crit\u00e9rios como dom\u00ednio da linguagem, qualidade do projecto, adequa\u00e7\u00e3o \u00e0 dura\u00e7\u00e3o da bolsa e trabalhos j\u00e1 publicados ou encomendados.<\/li>\n<li>O j\u00fari, composto por Filipa Melo, Jorge Reis-S\u00e1 e Jos\u00e9 Manuel Cort\u00eas, deliberou por unanimidade, tendo sido tamb\u00e9m selecionados quatro suplentes: Rafael Gallo, Sandra In\u00eas Cruz, Judite Canha Fernandes e Murillo Guimar\u00e3es.<\/li>\n<li>Cada temporada dura um m\u00eas na quinta de Tormes, sede da Funda\u00e7\u00e3o E\u00e7a de Queiroz, em Santa Cruz do Douro, Bai\u00e3o, no Porto.<\/li>\n<li>As bolsas cobrem todas as despesas, incluindo honor\u00e1rios de 1.330 euros, com alojamento numa casa aut\u00f3noma em Tormes, para permitir tempo e sossego para escrever.<\/li>\n<\/ul>\n","protected":false},"author":2,"featured_media":124703,"comment_status":"closed","ping_status":"closed","sticky":false,"template":"","format":"standard","meta":{"footnotes":""},"categories":[1],"tags":[1369,2035,145,106,1014,1995],"class_list":["post-124696","post","type-post","status-publish","format-standard","has-post-thumbnail","hentry","category-noticias","tag-baiao","tag-bolsas","tag-cultura","tag-literatura","tag-portugal","tag-residencias-artisticas"],"yoast_head":"<!-- This site is optimized with the Yoast SEO plugin v27.2 - https:\/\/yoast.com\/product\/yoast-seo-wordpress\/ -->\n<title>Bolsas de resid\u00eancia liter\u00e1ria E\u00e7a de Queiroz revelam autores selecionados - Portal Tela Portugal<\/title>\n<meta name=\"robots\" content=\"index, follow, max-snippet:-1, max-image-preview:large, max-video-preview:-1\" \/>\n<meta property=\"og:locale\" content=\"pt_PT\" \/>\n<meta property=\"og:type\" content=\"article\" \/>\n<meta property=\"og:title\" content=\"Bolsas de resid\u00eancia liter\u00e1ria E\u00e7a de Queiroz revelam autores selecionados - Portal Tela Portugal\" \/>\n<meta property=\"og:description\" content=\"Foram atribu\u00eddas as Bolsas de Resid\u00eancia Liter\u00e1ria E\u00e7a de Queiroz 2025\/2026 aos escritores Andreia C. Faria, Andr\u00e9 Os\u00f3rio, Frederico Neves Parreira, Miguel Bonneville, Rodrigo Vieira Dias e T\u00e2nia Ganho, anunciando-se nesta quarta-feira. Receberam 109 candidaturas, avaliadas por j\u00fari com crit\u00e9rios como dom\u00ednio da linguagem, qualidade do projecto, adequa\u00e7\u00e3o \u00e0 dura\u00e7\u00e3o da bolsa e trabalhos j\u00e1 publicados ou encomendados. O j\u00fari, composto por Filipa Melo, Jorge Reis-S\u00e1 e Jos\u00e9 Manuel Cort\u00eas, deliberou por unanimidade, tendo sido tamb\u00e9m selecionados quatro suplentes: Rafael Gallo, Sandra In\u00eas Cruz, Judite Canha Fernandes e Murillo Guimar\u00e3es. Cada temporada dura um m\u00eas na quinta de Tormes, sede da Funda\u00e7\u00e3o E\u00e7a de Queiroz, em Santa Cruz do Douro, Bai\u00e3o, no Porto. As bolsas cobrem todas as despesas, incluindo honor\u00e1rios de 1.330 euros, com alojamento numa casa aut\u00f3noma em Tormes, para permitir tempo e sossego para escrever.\" \/>\n<meta property=\"og:url\" content=\"https:\/\/portaltela.pt\/noticias\/2026\/01\/07\/bolsas-de-residencia-literaria-eca-de-queiroz-revelam-autores-selecionados\/\" \/>\n<meta property=\"og:site_name\" content=\"Portal Tela Portugal\" \/>\n<meta property=\"article:published_time\" content=\"2026-01-07T21:24:00+00:00\" \/>\n<meta name=\"author\" content=\"Telinha\" \/>\n<meta name=\"twitter:card\" content=\"summary_large_image\" \/>\n<meta name=\"twitter:label1\" content=\"Escrito por\" \/>\n\t<meta name=\"twitter:data1\" content=\"Telinha\" \/>\n\t<meta name=\"twitter:label2\" content=\"Tempo estimado de leitura\" \/>\n\t<meta name=\"twitter:data2\" content=\"1 minuto\" \/>\n<script type=\"application\/ld+json\" class=\"yoast-schema-graph\">{\"@context\":\"https:\/\/schema.org\",\"@graph\":[{\"@type\":\"Article\",\"@id\":\"https:\/\/portaltela.pt\/noticias\/2026\/01\/07\/bolsas-de-residencia-literaria-eca-de-queiroz-revelam-autores-selecionados\/#article\",\"isPartOf\":{\"@id\":\"https:\/\/portaltela.pt\/noticias\/2026\/01\/07\/bolsas-de-residencia-literaria-eca-de-queiroz-revelam-autores-selecionados\/\"},\"author\":{\"name\":\"Telinha\",\"@id\":\"https:\/\/portaltela.pt\/#\/schema\/person\/c4278d4a6028830caff9ee44b42d32ed\"},\"headline\":\"Bolsas de resid\u00eancia liter\u00e1ria E\u00e7a de Queiroz revelam autores selecionados\",\"datePublished\":\"2026-01-07T21:24:00+00:00\",\"mainEntityOfPage\":{\"@id\":\"https:\/\/portaltela.pt\/noticias\/2026\/01\/07\/bolsas-de-residencia-literaria-eca-de-queiroz-revelam-autores-selecionados\/\"},\"wordCount\":260,\"image\":{\"@id\":\"https:\/\/portaltela.pt\/noticias\/2026\/01\/07\/bolsas-de-residencia-literaria-eca-de-queiroz-revelam-autores-selecionados\/#primaryimage\"},\"thumbnailUrl\":\"https:\/\/portaltela.pt\/s.01k8rhncp4jt1\/2026\/01\/2057376.jpg\",\"keywords\":[\"Bai\u00e3o\",\"bolsas\",\"cultura\",\"literatura\",\"Portugal\",\"resid\u00eancias art\u00edsticas\"],\"articleSection\":[\"Not\u00edcias\"],\"inLanguage\":\"pt-PT\"},{\"@type\":\"WebPage\",\"@id\":\"https:\/\/portaltela.pt\/noticias\/2026\/01\/07\/bolsas-de-residencia-literaria-eca-de-queiroz-revelam-autores-selecionados\/\",\"url\":\"https:\/\/portaltela.pt\/noticias\/2026\/01\/07\/bolsas-de-residencia-literaria-eca-de-queiroz-revelam-autores-selecionados\/\",\"name\":\"Bolsas de resid\u00eancia liter\u00e1ria E\u00e7a de Queiroz revelam autores selecionados - Portal Tela Portugal\",\"isPartOf\":{\"@id\":\"https:\/\/portaltela.pt\/#website\"},\"primaryImageOfPage\":{\"@id\":\"https:\/\/portaltela.pt\/noticias\/2026\/01\/07\/bolsas-de-residencia-literaria-eca-de-queiroz-revelam-autores-selecionados\/#primaryimage\"},\"image\":{\"@id\":\"https:\/\/portaltela.pt\/noticias\/2026\/01\/07\/bolsas-de-residencia-literaria-eca-de-queiroz-revelam-autores-selecionados\/#primaryimage\"},\"thumbnailUrl\":\"https:\/\/portaltela.pt\/s.01k8rhncp4jt1\/2026\/01\/2057376.jpg\",\"datePublished\":\"2026-01-07T21:24:00+00:00\",\"author\":{\"@id\":\"https:\/\/portaltela.pt\/#\/schema\/person\/c4278d4a6028830caff9ee44b42d32ed\"},\"breadcrumb\":{\"@id\":\"https:\/\/portaltela.pt\/noticias\/2026\/01\/07\/bolsas-de-residencia-literaria-eca-de-queiroz-revelam-autores-selecionados\/#breadcrumb\"},\"inLanguage\":\"pt-PT\",\"potentialAction\":[{\"@type\":\"ReadAction\",\"target\":[\"https:\/\/portaltela.pt\/noticias\/2026\/01\/07\/bolsas-de-residencia-literaria-eca-de-queiroz-revelam-autores-selecionados\/\"]}]},{\"@type\":\"ImageObject\",\"inLanguage\":\"pt-PT\",\"@id\":\"https:\/\/portaltela.pt\/noticias\/2026\/01\/07\/bolsas-de-residencia-literaria-eca-de-queiroz-revelam-autores-selecionados\/#primaryimage\",\"url\":\"https:\/\/portaltela.pt\/s.01k8rhncp4jt1\/2026\/01\/2057376.jpg\",\"contentUrl\":\"https:\/\/portaltela.pt\/s.01k8rhncp4jt1\/2026\/01\/2057376.jpg\",\"width\":796,\"height\":448,\"caption\":\"A escritora e tradutora T\u00e2nia Ganho est\u00e1 entre os contemplados com as bolsas de resid\u00eancia liter\u00e1ria\"},{\"@type\":\"BreadcrumbList\",\"@id\":\"https:\/\/portaltela.pt\/noticias\/2026\/01\/07\/bolsas-de-residencia-literaria-eca-de-queiroz-revelam-autores-selecionados\/#breadcrumb\",\"itemListElement\":[{\"@type\":\"ListItem\",\"position\":1,\"name\":\"In\u00edcio\",\"item\":\"https:\/\/portaltela.pt\/\"},{\"@type\":\"ListItem\",\"position\":2,\"name\":\"Bolsas de resid\u00eancia liter\u00e1ria E\u00e7a de Queiroz revelam autores selecionados\"}]},{\"@type\":\"WebSite\",\"@id\":\"https:\/\/portaltela.pt\/#website\",\"url\":\"https:\/\/portaltela.pt\/\",\"name\":\"Portal Tela Portugal\",\"description\":\"\",\"potentialAction\":[{\"@type\":\"SearchAction\",\"target\":{\"@type\":\"EntryPoint\",\"urlTemplate\":\"https:\/\/portaltela.pt\/?s={search_term_string}\"},\"query-input\":{\"@type\":\"PropertyValueSpecification\",\"valueRequired\":true,\"valueName\":\"search_term_string\"}}],\"inLanguage\":\"pt-PT\"},{\"@type\":\"Person\",\"@id\":\"https:\/\/portaltela.pt\/#\/schema\/person\/c4278d4a6028830caff9ee44b42d32ed\",\"name\":\"Telinha\",\"image\":{\"@type\":\"ImageObject\",\"inLanguage\":\"pt-PT\",\"@id\":\"https:\/\/portaltela.pt\/s.01k8rhncp4jt1\/2025\/11\/talking-bot-125x125.png\",\"url\":\"https:\/\/portaltela.pt\/s.01k8rhncp4jt1\/2025\/11\/talking-bot-125x125.png\",\"contentUrl\":\"https:\/\/portaltela.pt\/s.01k8rhncp4jt1\/2025\/11\/talking-bot-125x125.png\",\"caption\":\"Telinha\"},\"sameAs\":[\"https:\/\/portaltela.pt\/\"],\"url\":\"https:\/\/portaltela.pt\/por\/367410592786\/\"}]}<\/script>\n<!-- \/ Yoast SEO plugin. -->","yoast_head_json":{"title":"Bolsas de resid\u00eancia liter\u00e1ria E\u00e7a de Queiroz revelam autores selecionados - Portal Tela Portugal","robots":{"index":"index","follow":"follow","max-snippet":"max-snippet:-1","max-image-preview":"max-image-preview:large","max-video-preview":"max-video-preview:-1"},"og_locale":"pt_PT","og_type":"article","og_title":"Bolsas de resid\u00eancia liter\u00e1ria E\u00e7a de Queiroz revelam autores selecionados - Portal Tela Portugal","og_description":"Foram atribu\u00eddas as Bolsas de Resid\u00eancia Liter\u00e1ria E\u00e7a de Queiroz 2025\/2026 aos escritores Andreia C. Faria, Andr\u00e9 Os\u00f3rio, Frederico Neves Parreira, Miguel Bonneville, Rodrigo Vieira Dias e T\u00e2nia Ganho, anunciando-se nesta quarta-feira. Receberam 109 candidaturas, avaliadas por j\u00fari com crit\u00e9rios como dom\u00ednio da linguagem, qualidade do projecto, adequa\u00e7\u00e3o \u00e0 dura\u00e7\u00e3o da bolsa e trabalhos j\u00e1 publicados ou encomendados. O j\u00fari, composto por Filipa Melo, Jorge Reis-S\u00e1 e Jos\u00e9 Manuel Cort\u00eas, deliberou por unanimidade, tendo sido tamb\u00e9m selecionados quatro suplentes: Rafael Gallo, Sandra In\u00eas Cruz, Judite Canha Fernandes e Murillo Guimar\u00e3es. Cada temporada dura um m\u00eas na quinta de Tormes, sede da Funda\u00e7\u00e3o E\u00e7a de Queiroz, em Santa Cruz do Douro, Bai\u00e3o, no Porto. As bolsas cobrem todas as despesas, incluindo honor\u00e1rios de 1.330 euros, com alojamento numa casa aut\u00f3noma em Tormes, para permitir tempo e sossego para escrever.","og_url":"https:\/\/portaltela.pt\/noticias\/2026\/01\/07\/bolsas-de-residencia-literaria-eca-de-queiroz-revelam-autores-selecionados\/","og_site_name":"Portal Tela Portugal","article_published_time":"2026-01-07T21:24:00+00:00","author":"Telinha","twitter_card":"summary_large_image","twitter_misc":{"Escrito por":"Telinha","Tempo estimado de leitura":"1 minuto"},"schema":{"@context":"https:\/\/schema.org","@graph":[{"@type":"Article","@id":"https:\/\/portaltela.pt\/noticias\/2026\/01\/07\/bolsas-de-residencia-literaria-eca-de-queiroz-revelam-autores-selecionados\/#article","isPartOf":{"@id":"https:\/\/portaltela.pt\/noticias\/2026\/01\/07\/bolsas-de-residencia-literaria-eca-de-queiroz-revelam-autores-selecionados\/"},"author":{"name":"Telinha","@id":"https:\/\/portaltela.pt\/#\/schema\/person\/c4278d4a6028830caff9ee44b42d32ed"},"headline":"Bolsas de resid\u00eancia liter\u00e1ria E\u00e7a de Queiroz revelam autores selecionados","datePublished":"2026-01-07T21:24:00+00:00","mainEntityOfPage":{"@id":"https:\/\/portaltela.pt\/noticias\/2026\/01\/07\/bolsas-de-residencia-literaria-eca-de-queiroz-revelam-autores-selecionados\/"},"wordCount":260,"image":{"@id":"https:\/\/portaltela.pt\/noticias\/2026\/01\/07\/bolsas-de-residencia-literaria-eca-de-queiroz-revelam-autores-selecionados\/#primaryimage"},"thumbnailUrl":"https:\/\/portaltela.pt\/s.01k8rhncp4jt1\/2026\/01\/2057376.jpg","keywords":["Bai\u00e3o","bolsas","cultura","literatura","Portugal","resid\u00eancias art\u00edsticas"],"articleSection":["Not\u00edcias"],"inLanguage":"pt-PT"},{"@type":"WebPage","@id":"https:\/\/portaltela.pt\/noticias\/2026\/01\/07\/bolsas-de-residencia-literaria-eca-de-queiroz-revelam-autores-selecionados\/","url":"https:\/\/portaltela.pt\/noticias\/2026\/01\/07\/bolsas-de-residencia-literaria-eca-de-queiroz-revelam-autores-selecionados\/","name":"Bolsas de resid\u00eancia liter\u00e1ria E\u00e7a de Queiroz revelam autores selecionados - Portal Tela Portugal","isPartOf":{"@id":"https:\/\/portaltela.pt\/#website"},"primaryImageOfPage":{"@id":"https:\/\/portaltela.pt\/noticias\/2026\/01\/07\/bolsas-de-residencia-literaria-eca-de-queiroz-revelam-autores-selecionados\/#primaryimage"},"image":{"@id":"https:\/\/portaltela.pt\/noticias\/2026\/01\/07\/bolsas-de-residencia-literaria-eca-de-queiroz-revelam-autores-selecionados\/#primaryimage"},"thumbnailUrl":"https:\/\/portaltela.pt\/s.01k8rhncp4jt1\/2026\/01\/2057376.jpg","datePublished":"2026-01-07T21:24:00+00:00","author":{"@id":"https:\/\/portaltela.pt\/#\/schema\/person\/c4278d4a6028830caff9ee44b42d32ed"},"breadcrumb":{"@id":"https:\/\/portaltela.pt\/noticias\/2026\/01\/07\/bolsas-de-residencia-literaria-eca-de-queiroz-revelam-autores-selecionados\/#breadcrumb"},"inLanguage":"pt-PT","potentialAction":[{"@type":"ReadAction","target":["https:\/\/portaltela.pt\/noticias\/2026\/01\/07\/bolsas-de-residencia-literaria-eca-de-queiroz-revelam-autores-selecionados\/"]}]},{"@type":"ImageObject","inLanguage":"pt-PT","@id":"https:\/\/portaltela.pt\/noticias\/2026\/01\/07\/bolsas-de-residencia-literaria-eca-de-queiroz-revelam-autores-selecionados\/#primaryimage","url":"https:\/\/portaltela.pt\/s.01k8rhncp4jt1\/2026\/01\/2057376.jpg","contentUrl":"https:\/\/portaltela.pt\/s.01k8rhncp4jt1\/2026\/01\/2057376.jpg","width":796,"height":448,"caption":"A escritora e tradutora T\u00e2nia Ganho est\u00e1 entre os contemplados com as bolsas de resid\u00eancia liter\u00e1ria"},{"@type":"BreadcrumbList","@id":"https:\/\/portaltela.pt\/noticias\/2026\/01\/07\/bolsas-de-residencia-literaria-eca-de-queiroz-revelam-autores-selecionados\/#breadcrumb","itemListElement":[{"@type":"ListItem","position":1,"name":"In\u00edcio","item":"https:\/\/portaltela.pt\/"},{"@type":"ListItem","position":2,"name":"Bolsas de resid\u00eancia liter\u00e1ria E\u00e7a de Queiroz revelam autores selecionados"}]},{"@type":"WebSite","@id":"https:\/\/portaltela.pt\/#website","url":"https:\/\/portaltela.pt\/","name":"Portal Tela Portugal","description":"","potentialAction":[{"@type":"SearchAction","target":{"@type":"EntryPoint","urlTemplate":"https:\/\/portaltela.pt\/?s={search_term_string}"},"query-input":{"@type":"PropertyValueSpecification","valueRequired":true,"valueName":"search_term_string"}}],"inLanguage":"pt-PT"},{"@type":"Person","@id":"https:\/\/portaltela.pt\/#\/schema\/person\/c4278d4a6028830caff9ee44b42d32ed","name":"Telinha","image":{"@type":"ImageObject","inLanguage":"pt-PT","@id":"https:\/\/portaltela.pt\/s.01k8rhncp4jt1\/2025\/11\/talking-bot-125x125.png","url":"https:\/\/portaltela.pt\/s.01k8rhncp4jt1\/2025\/11\/talking-bot-125x125.png","contentUrl":"https:\/\/portaltela.pt\/s.01k8rhncp4jt1\/2025\/11\/talking-bot-125x125.png","caption":"Telinha"},"sameAs":["https:\/\/portaltela.pt\/"],"url":"https:\/\/portaltela.pt\/por\/367410592786\/"}]}},"_links":{"self":[{"href":"https:\/\/portaltela.pt\/api\/wp\/v2\/posts\/124696","targetHints":{"allow":["GET"]}}],"collection":[{"href":"https:\/\/portaltela.pt\/api\/wp\/v2\/posts"}],"about":[{"href":"https:\/\/portaltela.pt\/api\/wp\/v2\/types\/post"}],"author":[{"embeddable":true,"href":"https:\/\/portaltela.pt\/api\/wp\/v2\/users\/2"}],"replies":[{"embeddable":true,"href":"https:\/\/portaltela.pt\/api\/wp\/v2\/comments?post=124696"}],"version-history":[{"count":0,"href":"https:\/\/portaltela.pt\/api\/wp\/v2\/posts\/124696\/revisions"}],"wp:featuredmedia":[{"embeddable":true,"href":"https:\/\/portaltela.pt\/api\/wp\/v2\/media\/124703"}],"wp:attachment":[{"href":"https:\/\/portaltela.pt\/api\/wp\/v2\/media?parent=124696"}],"wp:term":[{"taxonomy":"category","embeddable":true,"href":"https:\/\/portaltela.pt\/api\/wp\/v2\/categories?post=124696"},{"taxonomy":"post_tag","embeddable":true,"href":"https:\/\/portaltela.pt\/api\/wp\/v2\/tags?post=124696"}],"curies":[{"name":"wp","href":"https:\/\/api.w.org\/{rel}","templated":true}]}}