{"id":124512,"date":"2026-01-07T17:05:00","date_gmt":"2026-01-07T20:05:00","guid":{"rendered":"https:\/\/portaltela.pt\/noticias\/2026\/01\/07\/unai-emery-elogia-lindelof-e-diz-que-ja-ve-o-que-mata-lhe-contou\/"},"modified":"2026-01-07T17:05:00","modified_gmt":"2026-01-07T20:05:00","slug":"unai-emery-elogia-lindelof-e-diz-que-ja-ve-o-que-mata-lhe-contou","status":"publish","type":"post","link":"https:\/\/portaltela.pt\/desporto\/futebol\/2026\/01\/07\/unai-emery-elogia-lindelof-e-diz-que-ja-ve-o-que-mata-lhe-contou\/","title":{"rendered":"Unai Emery elogia Lindel\u00f6f e diz que j\u00e1 v\u00ea o que Mata lhe contou"},"content":{"rendered":"<p>Victor Lindel\u00f6f continua a justificar a contrata\u00e7\u00e3o pelo Aston Villa, segundo o que deixou claro o treinador Unai Emery. O defesa sueca, que chegou \u00e0 Premier League na \u00faltima janela, tem ganhado elogios pela exibi\u00e7\u00e3o e pelo profissionalismo demonstrados desde que chegou ao clube.<\/p>\n<p>Emery revelou que recorreu a Juan Mata, antigo colega dele no Manchester United, para confirmar o car\u00e1cter e o desempenho de Lindel\u00f6f. O treinador disse ter falado com Mata para perceber como o jogador era como pessoa e como profissional, informa\u00e7\u00e3o que ajudou a decidir a sua contrata\u00e7\u00e3o.<\/p>\n<p>O t\u00e9cnico revelou ainda que Lindel\u00f6f tem evolu\u00eddo bem desde a chegada ao Villa. Com duas les\u00f5es de Tyrone Mings e Pau Torres, o defesa tem jogado na posi\u00e7\u00e3o certa e tem correspondido ao n\u00edvel esperado, contribuindo para o equil\u00edbrio da equipa.<\/p>\n<p>Emery deixou claro que a fasquia foi definida pela observa\u00e7\u00e3o pr\u00e9via e que o rendimento de Lindel\u00f6f elevou as expectativas. O treinador afirmou que o jogador mant\u00e9m uma presen\u00e7a consistente e o clube mant\u00e9m a confian\u00e7a no seu papel no plantel.<\/p>\n","protected":false},"excerpt":{"rendered":"<ul>\n<li>Victor Lindel\u00f6f mudou-se ao Aston Villa no \u00faltimo ver\u00e3o, ap\u00f3s oito temporadas no Manchester United.<\/li>\n<li>Unai Emery elogia o defesa sueco, dizendo que \u00e9 brilhante e que tudo o que Juan Mata lhe disse passou a v\u00ea-lo em campo.<\/li>\n<li>Emery explicou que ligou a Mata, antigo colega dele no Manchester United, para saber mais sobre o atleta e o seu comprometimento.<\/li>\n<li>O treinador destaca que Lindel\u00f6f mostrou paci\u00eancia, adaptou-se para jogar no lado direito e respondeu ao n\u00edvel esperado quando foi necess\u00e1rio.<\/li>\n<li>Com as les\u00f5es de Tyrone Mings e Pau Torres, Lindel\u00f6f manteve o rendimento e ajudou a equipa de forma consistente.<\/li>\n<\/ul>\n","protected":false},"author":2,"featured_media":124513,"comment_status":"closed","ping_status":"closed","sticky":false,"template":"","format":"standard","meta":{"footnotes":""},"categories":[21,24],"tags":[32,1747,242,50,40,2393],"class_list":["post-124512","post","type-post","status-publish","format-standard","has-post-thumbnail","hentry","category-desporto","category-futebol","tag-futebol","tag-futebol-profissional","tag-jogadores","tag-mercado-da-bola","tag-pessoas","tag-unai-emery"],"yoast_head":"<!-- This site is optimized with the Yoast SEO plugin v27.2 - https:\/\/yoast.com\/product\/yoast-seo-wordpress\/ -->\n<title>Unai Emery elogia Lindel\u00f6f e diz que j\u00e1 v\u00ea o que Mata lhe contou - Portal Tela Portugal<\/title>\n<meta name=\"robots\" content=\"index, follow, max-snippet:-1, max-image-preview:large, max-video-preview:-1\" \/>\n<meta property=\"og:locale\" content=\"pt_PT\" \/>\n<meta property=\"og:type\" content=\"article\" \/>\n<meta property=\"og:title\" content=\"Unai Emery elogia Lindel\u00f6f e diz que j\u00e1 v\u00ea o que Mata lhe contou - Portal Tela Portugal\" \/>\n<meta property=\"og:description\" content=\"Victor Lindel\u00f6f mudou-se ao Aston Villa no \u00faltimo ver\u00e3o, ap\u00f3s oito temporadas no Manchester United. Unai Emery elogia o defesa sueco, dizendo que \u00e9 brilhante e que tudo o que Juan Mata lhe disse passou a v\u00ea-lo em campo. Emery explicou que ligou a Mata, antigo colega dele no Manchester United, para saber mais sobre o atleta e o seu comprometimento. O treinador destaca que Lindel\u00f6f mostrou paci\u00eancia, adaptou-se para jogar no lado direito e respondeu ao n\u00edvel esperado quando foi necess\u00e1rio. Com as les\u00f5es de Tyrone Mings e Pau Torres, Lindel\u00f6f manteve o rendimento e ajudou a equipa de forma consistente.\" \/>\n<meta property=\"og:url\" content=\"https:\/\/portaltela.pt\/noticias\/2026\/01\/07\/unai-emery-elogia-lindelof-e-diz-que-ja-ve-o-que-mata-lhe-contou\/\" \/>\n<meta property=\"og:site_name\" content=\"Portal Tela Portugal\" \/>\n<meta property=\"article:published_time\" content=\"2026-01-07T20:05:00+00:00\" \/>\n<meta name=\"author\" content=\"Telinha\" \/>\n<meta name=\"twitter:card\" content=\"summary_large_image\" \/>\n<meta name=\"twitter:label1\" content=\"Escrito por\" \/>\n\t<meta name=\"twitter:data1\" content=\"Telinha\" \/>\n\t<meta name=\"twitter:label2\" content=\"Tempo estimado de leitura\" \/>\n\t<meta name=\"twitter:data2\" content=\"1 minuto\" \/>\n<script type=\"application\/ld+json\" class=\"yoast-schema-graph\">{\"@context\":\"https:\/\/schema.org\",\"@graph\":[{\"@type\":\"Article\",\"@id\":\"https:\/\/portaltela.pt\/noticias\/2026\/01\/07\/unai-emery-elogia-lindelof-e-diz-que-ja-ve-o-que-mata-lhe-contou\/#article\",\"isPartOf\":{\"@id\":\"https:\/\/portaltela.pt\/noticias\/2026\/01\/07\/unai-emery-elogia-lindelof-e-diz-que-ja-ve-o-que-mata-lhe-contou\/\"},\"author\":{\"name\":\"Telinha\",\"@id\":\"https:\/\/portaltela.pt\/#\/schema\/person\/c4278d4a6028830caff9ee44b42d32ed\"},\"headline\":\"Unai Emery elogia Lindel\u00f6f e diz que j\u00e1 v\u00ea o que Mata lhe contou\",\"datePublished\":\"2026-01-07T20:05:00+00:00\",\"mainEntityOfPage\":{\"@id\":\"https:\/\/portaltela.pt\/noticias\/2026\/01\/07\/unai-emery-elogia-lindelof-e-diz-que-ja-ve-o-que-mata-lhe-contou\/\"},\"wordCount\":210,\"image\":{\"@id\":\"https:\/\/portaltela.pt\/noticias\/2026\/01\/07\/unai-emery-elogia-lindelof-e-diz-que-ja-ve-o-que-mata-lhe-contou\/#primaryimage\"},\"thumbnailUrl\":\"https:\/\/portaltela.pt\/s.01k8rhncp4jt1\/2026\/01\/img_1200x721uu2026-01-07-20-04-45-2413398.jpg\",\"keywords\":[\"futebol\",\"Futebol Profissional\",\"jogadores\",\"mercado da bola\",\"pessoas\",\"Unai Emery\"],\"articleSection\":[\"Desporto\",\"Futebol\"],\"inLanguage\":\"pt-PT\"},{\"@type\":\"WebPage\",\"@id\":\"https:\/\/portaltela.pt\/noticias\/2026\/01\/07\/unai-emery-elogia-lindelof-e-diz-que-ja-ve-o-que-mata-lhe-contou\/\",\"url\":\"https:\/\/portaltela.pt\/noticias\/2026\/01\/07\/unai-emery-elogia-lindelof-e-diz-que-ja-ve-o-que-mata-lhe-contou\/\",\"name\":\"Unai Emery elogia Lindel\u00f6f e diz que j\u00e1 v\u00ea o que Mata lhe contou - Portal Tela Portugal\",\"isPartOf\":{\"@id\":\"https:\/\/portaltela.pt\/#website\"},\"primaryImageOfPage\":{\"@id\":\"https:\/\/portaltela.pt\/noticias\/2026\/01\/07\/unai-emery-elogia-lindelof-e-diz-que-ja-ve-o-que-mata-lhe-contou\/#primaryimage\"},\"image\":{\"@id\":\"https:\/\/portaltela.pt\/noticias\/2026\/01\/07\/unai-emery-elogia-lindelof-e-diz-que-ja-ve-o-que-mata-lhe-contou\/#primaryimage\"},\"thumbnailUrl\":\"https:\/\/portaltela.pt\/s.01k8rhncp4jt1\/2026\/01\/img_1200x721uu2026-01-07-20-04-45-2413398.jpg\",\"datePublished\":\"2026-01-07T20:05:00+00:00\",\"author\":{\"@id\":\"https:\/\/portaltela.pt\/#\/schema\/person\/c4278d4a6028830caff9ee44b42d32ed\"},\"breadcrumb\":{\"@id\":\"https:\/\/portaltela.pt\/noticias\/2026\/01\/07\/unai-emery-elogia-lindelof-e-diz-que-ja-ve-o-que-mata-lhe-contou\/#breadcrumb\"},\"inLanguage\":\"pt-PT\",\"potentialAction\":[{\"@type\":\"ReadAction\",\"target\":[\"https:\/\/portaltela.pt\/noticias\/2026\/01\/07\/unai-emery-elogia-lindelof-e-diz-que-ja-ve-o-que-mata-lhe-contou\/\"]}]},{\"@type\":\"ImageObject\",\"inLanguage\":\"pt-PT\",\"@id\":\"https:\/\/portaltela.pt\/noticias\/2026\/01\/07\/unai-emery-elogia-lindelof-e-diz-que-ja-ve-o-que-mata-lhe-contou\/#primaryimage\",\"url\":\"https:\/\/portaltela.pt\/s.01k8rhncp4jt1\/2026\/01\/img_1200x721uu2026-01-07-20-04-45-2413398.jpg\",\"contentUrl\":\"https:\/\/portaltela.pt\/s.01k8rhncp4jt1\/2026\/01\/img_1200x721uu2026-01-07-20-04-45-2413398.jpg\",\"width\":796,\"height\":448,\"caption\":\"Photo\"},{\"@type\":\"BreadcrumbList\",\"@id\":\"https:\/\/portaltela.pt\/noticias\/2026\/01\/07\/unai-emery-elogia-lindelof-e-diz-que-ja-ve-o-que-mata-lhe-contou\/#breadcrumb\",\"itemListElement\":[{\"@type\":\"ListItem\",\"position\":1,\"name\":\"In\u00edcio\",\"item\":\"https:\/\/portaltela.pt\/\"},{\"@type\":\"ListItem\",\"position\":2,\"name\":\"Unai Emery elogia Lindel\u00f6f e diz que j\u00e1 v\u00ea o que Mata lhe contou\"}]},{\"@type\":\"WebSite\",\"@id\":\"https:\/\/portaltela.pt\/#website\",\"url\":\"https:\/\/portaltela.pt\/\",\"name\":\"Portal Tela Portugal\",\"description\":\"\",\"potentialAction\":[{\"@type\":\"SearchAction\",\"target\":{\"@type\":\"EntryPoint\",\"urlTemplate\":\"https:\/\/portaltela.pt\/?s={search_term_string}\"},\"query-input\":{\"@type\":\"PropertyValueSpecification\",\"valueRequired\":true,\"valueName\":\"search_term_string\"}}],\"inLanguage\":\"pt-PT\"},{\"@type\":\"Person\",\"@id\":\"https:\/\/portaltela.pt\/#\/schema\/person\/c4278d4a6028830caff9ee44b42d32ed\",\"name\":\"Telinha\",\"image\":{\"@type\":\"ImageObject\",\"inLanguage\":\"pt-PT\",\"@id\":\"https:\/\/portaltela.pt\/s.01k8rhncp4jt1\/2025\/11\/talking-bot-125x125.png\",\"url\":\"https:\/\/portaltela.pt\/s.01k8rhncp4jt1\/2025\/11\/talking-bot-125x125.png\",\"contentUrl\":\"https:\/\/portaltela.pt\/s.01k8rhncp4jt1\/2025\/11\/talking-bot-125x125.png\",\"caption\":\"Telinha\"},\"sameAs\":[\"https:\/\/portaltela.pt\/\"],\"url\":\"https:\/\/portaltela.pt\/por\/367410592786\/\"}]}<\/script>\n<!-- \/ Yoast SEO plugin. -->","yoast_head_json":{"title":"Unai Emery elogia Lindel\u00f6f e diz que j\u00e1 v\u00ea o que Mata lhe contou - Portal Tela Portugal","robots":{"index":"index","follow":"follow","max-snippet":"max-snippet:-1","max-image-preview":"max-image-preview:large","max-video-preview":"max-video-preview:-1"},"og_locale":"pt_PT","og_type":"article","og_title":"Unai Emery elogia Lindel\u00f6f e diz que j\u00e1 v\u00ea o que Mata lhe contou - Portal Tela Portugal","og_description":"Victor Lindel\u00f6f mudou-se ao Aston Villa no \u00faltimo ver\u00e3o, ap\u00f3s oito temporadas no Manchester United. Unai Emery elogia o defesa sueco, dizendo que \u00e9 brilhante e que tudo o que Juan Mata lhe disse passou a v\u00ea-lo em campo. Emery explicou que ligou a Mata, antigo colega dele no Manchester United, para saber mais sobre o atleta e o seu comprometimento. O treinador destaca que Lindel\u00f6f mostrou paci\u00eancia, adaptou-se para jogar no lado direito e respondeu ao n\u00edvel esperado quando foi necess\u00e1rio. Com as les\u00f5es de Tyrone Mings e Pau Torres, Lindel\u00f6f manteve o rendimento e ajudou a equipa de forma consistente.","og_url":"https:\/\/portaltela.pt\/noticias\/2026\/01\/07\/unai-emery-elogia-lindelof-e-diz-que-ja-ve-o-que-mata-lhe-contou\/","og_site_name":"Portal Tela Portugal","article_published_time":"2026-01-07T20:05:00+00:00","author":"Telinha","twitter_card":"summary_large_image","twitter_misc":{"Escrito por":"Telinha","Tempo estimado de leitura":"1 minuto"},"schema":{"@context":"https:\/\/schema.org","@graph":[{"@type":"Article","@id":"https:\/\/portaltela.pt\/noticias\/2026\/01\/07\/unai-emery-elogia-lindelof-e-diz-que-ja-ve-o-que-mata-lhe-contou\/#article","isPartOf":{"@id":"https:\/\/portaltela.pt\/noticias\/2026\/01\/07\/unai-emery-elogia-lindelof-e-diz-que-ja-ve-o-que-mata-lhe-contou\/"},"author":{"name":"Telinha","@id":"https:\/\/portaltela.pt\/#\/schema\/person\/c4278d4a6028830caff9ee44b42d32ed"},"headline":"Unai Emery elogia Lindel\u00f6f e diz que j\u00e1 v\u00ea o que Mata lhe contou","datePublished":"2026-01-07T20:05:00+00:00","mainEntityOfPage":{"@id":"https:\/\/portaltela.pt\/noticias\/2026\/01\/07\/unai-emery-elogia-lindelof-e-diz-que-ja-ve-o-que-mata-lhe-contou\/"},"wordCount":210,"image":{"@id":"https:\/\/portaltela.pt\/noticias\/2026\/01\/07\/unai-emery-elogia-lindelof-e-diz-que-ja-ve-o-que-mata-lhe-contou\/#primaryimage"},"thumbnailUrl":"https:\/\/portaltela.pt\/s.01k8rhncp4jt1\/2026\/01\/img_1200x721uu2026-01-07-20-04-45-2413398.jpg","keywords":["futebol","Futebol Profissional","jogadores","mercado da bola","pessoas","Unai Emery"],"articleSection":["Desporto","Futebol"],"inLanguage":"pt-PT"},{"@type":"WebPage","@id":"https:\/\/portaltela.pt\/noticias\/2026\/01\/07\/unai-emery-elogia-lindelof-e-diz-que-ja-ve-o-que-mata-lhe-contou\/","url":"https:\/\/portaltela.pt\/noticias\/2026\/01\/07\/unai-emery-elogia-lindelof-e-diz-que-ja-ve-o-que-mata-lhe-contou\/","name":"Unai Emery elogia Lindel\u00f6f e diz que j\u00e1 v\u00ea o que Mata lhe contou - Portal Tela Portugal","isPartOf":{"@id":"https:\/\/portaltela.pt\/#website"},"primaryImageOfPage":{"@id":"https:\/\/portaltela.pt\/noticias\/2026\/01\/07\/unai-emery-elogia-lindelof-e-diz-que-ja-ve-o-que-mata-lhe-contou\/#primaryimage"},"image":{"@id":"https:\/\/portaltela.pt\/noticias\/2026\/01\/07\/unai-emery-elogia-lindelof-e-diz-que-ja-ve-o-que-mata-lhe-contou\/#primaryimage"},"thumbnailUrl":"https:\/\/portaltela.pt\/s.01k8rhncp4jt1\/2026\/01\/img_1200x721uu2026-01-07-20-04-45-2413398.jpg","datePublished":"2026-01-07T20:05:00+00:00","author":{"@id":"https:\/\/portaltela.pt\/#\/schema\/person\/c4278d4a6028830caff9ee44b42d32ed"},"breadcrumb":{"@id":"https:\/\/portaltela.pt\/noticias\/2026\/01\/07\/unai-emery-elogia-lindelof-e-diz-que-ja-ve-o-que-mata-lhe-contou\/#breadcrumb"},"inLanguage":"pt-PT","potentialAction":[{"@type":"ReadAction","target":["https:\/\/portaltela.pt\/noticias\/2026\/01\/07\/unai-emery-elogia-lindelof-e-diz-que-ja-ve-o-que-mata-lhe-contou\/"]}]},{"@type":"ImageObject","inLanguage":"pt-PT","@id":"https:\/\/portaltela.pt\/noticias\/2026\/01\/07\/unai-emery-elogia-lindelof-e-diz-que-ja-ve-o-que-mata-lhe-contou\/#primaryimage","url":"https:\/\/portaltela.pt\/s.01k8rhncp4jt1\/2026\/01\/img_1200x721uu2026-01-07-20-04-45-2413398.jpg","contentUrl":"https:\/\/portaltela.pt\/s.01k8rhncp4jt1\/2026\/01\/img_1200x721uu2026-01-07-20-04-45-2413398.jpg","width":796,"height":448,"caption":"Photo"},{"@type":"BreadcrumbList","@id":"https:\/\/portaltela.pt\/noticias\/2026\/01\/07\/unai-emery-elogia-lindelof-e-diz-que-ja-ve-o-que-mata-lhe-contou\/#breadcrumb","itemListElement":[{"@type":"ListItem","position":1,"name":"In\u00edcio","item":"https:\/\/portaltela.pt\/"},{"@type":"ListItem","position":2,"name":"Unai Emery elogia Lindel\u00f6f e diz que j\u00e1 v\u00ea o que Mata lhe contou"}]},{"@type":"WebSite","@id":"https:\/\/portaltela.pt\/#website","url":"https:\/\/portaltela.pt\/","name":"Portal Tela Portugal","description":"","potentialAction":[{"@type":"SearchAction","target":{"@type":"EntryPoint","urlTemplate":"https:\/\/portaltela.pt\/?s={search_term_string}"},"query-input":{"@type":"PropertyValueSpecification","valueRequired":true,"valueName":"search_term_string"}}],"inLanguage":"pt-PT"},{"@type":"Person","@id":"https:\/\/portaltela.pt\/#\/schema\/person\/c4278d4a6028830caff9ee44b42d32ed","name":"Telinha","image":{"@type":"ImageObject","inLanguage":"pt-PT","@id":"https:\/\/portaltela.pt\/s.01k8rhncp4jt1\/2025\/11\/talking-bot-125x125.png","url":"https:\/\/portaltela.pt\/s.01k8rhncp4jt1\/2025\/11\/talking-bot-125x125.png","contentUrl":"https:\/\/portaltela.pt\/s.01k8rhncp4jt1\/2025\/11\/talking-bot-125x125.png","caption":"Telinha"},"sameAs":["https:\/\/portaltela.pt\/"],"url":"https:\/\/portaltela.pt\/por\/367410592786\/"}]}},"_links":{"self":[{"href":"https:\/\/portaltela.pt\/api\/wp\/v2\/posts\/124512","targetHints":{"allow":["GET"]}}],"collection":[{"href":"https:\/\/portaltela.pt\/api\/wp\/v2\/posts"}],"about":[{"href":"https:\/\/portaltela.pt\/api\/wp\/v2\/types\/post"}],"author":[{"embeddable":true,"href":"https:\/\/portaltela.pt\/api\/wp\/v2\/users\/2"}],"replies":[{"embeddable":true,"href":"https:\/\/portaltela.pt\/api\/wp\/v2\/comments?post=124512"}],"version-history":[{"count":0,"href":"https:\/\/portaltela.pt\/api\/wp\/v2\/posts\/124512\/revisions"}],"wp:featuredmedia":[{"embeddable":true,"href":"https:\/\/portaltela.pt\/api\/wp\/v2\/media\/124513"}],"wp:attachment":[{"href":"https:\/\/portaltela.pt\/api\/wp\/v2\/media?parent=124512"}],"wp:term":[{"taxonomy":"category","embeddable":true,"href":"https:\/\/portaltela.pt\/api\/wp\/v2\/categories?post=124512"},{"taxonomy":"post_tag","embeddable":true,"href":"https:\/\/portaltela.pt\/api\/wp\/v2\/tags?post=124512"}],"curies":[{"name":"wp","href":"https:\/\/api.w.org\/{rel}","templated":true}]}}