{"id":124501,"date":"2026-01-07T16:43:30","date_gmt":"2026-01-07T19:43:30","guid":{"rendered":"https:\/\/portaltela.pt\/noticias\/2026\/01\/07\/concertacao-social-adiada-por-periodo-eleitoral\/"},"modified":"2026-01-07T16:43:30","modified_gmt":"2026-01-07T19:43:30","slug":"concertacao-social-adiada-por-periodo-eleitoral","status":"publish","type":"post","link":"https:\/\/portaltela.pt\/noticias\/politica\/2026\/01\/07\/concertacao-social-adiada-por-periodo-eleitoral\/","title":{"rendered":"Concerta\u00e7\u00e3o social adiada por per\u00edodo eleitoral"},"content":{"rendered":"<p>A reuni\u00e3o da Concerta\u00e7\u00e3o Social, inicialmente marcada para 14 de janeiro, foi adiadas a pedido de v\u00e1rios parceiros devido ao per\u00edodo eleitoral. A informa\u00e7\u00e3o foi avan\u00e7ada pelo Expresso e confirmada pelo Observador junto de uma fonte oficial do Minist\u00e9rio do Trabalho e da Seguran\u00e7a Social.<\/p>\n<p>A fonte do Minist\u00e9rio n\u00e3o revelou quais entidades pediram o adiamento, limitando-se a dizer que houve mais de uma. N\u00e3o h\u00e1 nova data anunciada, e o reagendamento n\u00e3o deve colocar em risco as reuni\u00f5es bilaterais entre Governo, sindicatos e entidades patronais j\u00e1 agendadas ou por marcar.<\/p>\n<p>A Confedera\u00e7\u00e3o do Com\u00e9rcio e Servi\u00e7os de Portugal (CCP) adiantou ao Observador que foi contactada pelo Minist\u00e9rio e aceitou o adiamento. Para 14 de janeiro est\u00e1 igualmente prevista uma reuni\u00e3o entre o primeiro-ministro e a CGTP, que havia sido adiada de 7 de janeiro.<\/p>\n<p>A CGTP j\u00e1 tinha dito que o Governo justificou o adiamento com o contexto internacional, ap\u00f3s a interven\u00e7\u00e3o dos EUA na Venezuela. O Minist\u00e9rio n\u00e3o detalhou novas raz\u00f5es nem prazos para as reuni\u00f5es previstas.<\/p>\n","protected":false},"excerpt":{"rendered":"<ul>\n<li>A reuni\u00e3o da Concerta\u00e7\u00e3o Social marcada para 14 de janeiro foi adiada a pedido de alguns parceiros, devido ao per\u00edodo eleitoral, segundo o Expresso e confirmado pelo Observador junto de fonte oficial do Minist\u00e9rio do Trabalho e da Seguran\u00e7a Social.<\/li>\n<\/ul>\n<p>\u2022<\/p>\n<ul>\n<li>A mesma fonte n\u00e3o revelou quais entidades pediram o adiamento, limitando-se a dizer que foi uma decis\u00e3o de mais de uma parte, e que n\u00e3o h\u00e1 nova data definida.<\/li>\n<\/ul>\n<p>\u2022<\/p>\n<ul>\n<li>O adiamento n\u00e3o dever\u00e1 afectar as reuni\u00f5es bilaterais entre Governo, sindicatos e entidades patronais j\u00e1 marcadas nem aquelas que ainda n\u00e3o estejam agendadas.<\/li>\n<\/ul>\n<p>\u2022<\/p>\n<ul>\n<li>A Confedera\u00e7\u00e3o do Com\u00e9rcio e Servi\u00e7os de Portugal disse ter sido contactada pelo Minist\u00e9rio do Trabalho e ter concordado com o adiamento.<\/li>\n<\/ul>\n<p>\u2022<\/p>\n<ul>\n<li>Para 14 de janeiro est\u00e1 marcada uma reuni\u00e3o do primeiro-ministro com a CGTP, que estava prevista para 7 de janeiro e foi adiada, com o Governo a justificar o adiamento pelo atual cen\u00e1rio internacional ap\u00f3s o ataque dos EUA \u00e0 Venezuela.<\/li>\n<\/ul>\n","protected":false},"author":2,"featured_media":124504,"comment_status":"closed","ping_status":"closed","sticky":false,"template":"","format":"standard","meta":{"footnotes":""},"categories":[1,5],"tags":[2609,2431,68,34,243,966],"class_list":["post-124501","post","type-post","status-publish","format-standard","has-post-thumbnail","hentry","category-noticias","category-politica","tag-ccp","tag-concertacao-social","tag-eleicoes","tag-governo","tag-seguranca-social","tag-sindicatos"],"yoast_head":"<!-- This site is optimized with the Yoast SEO plugin v27.2 - https:\/\/yoast.com\/product\/yoast-seo-wordpress\/ -->\n<title>Concerta\u00e7\u00e3o social adiada por per\u00edodo eleitoral - Portal Tela Portugal<\/title>\n<meta name=\"robots\" content=\"index, follow, max-snippet:-1, max-image-preview:large, max-video-preview:-1\" \/>\n<meta property=\"og:locale\" content=\"pt_PT\" \/>\n<meta property=\"og:type\" content=\"article\" \/>\n<meta property=\"og:title\" content=\"Concerta\u00e7\u00e3o social adiada por per\u00edodo eleitoral - Portal Tela Portugal\" \/>\n<meta property=\"og:description\" content=\"A reuni\u00e3o da Concerta\u00e7\u00e3o Social marcada para 14 de janeiro foi adiada a pedido de alguns parceiros, devido ao per\u00edodo eleitoral, segundo o Expresso e confirmado pelo Observador junto de fonte oficial do Minist\u00e9rio do Trabalho e da Seguran\u00e7a Social. \u2022 A mesma fonte n\u00e3o revelou quais entidades pediram o adiamento, limitando-se a dizer que foi uma decis\u00e3o de mais de uma parte, e que n\u00e3o h\u00e1 nova data definida. \u2022 O adiamento n\u00e3o dever\u00e1 afectar as reuni\u00f5es bilaterais entre Governo, sindicatos e entidades patronais j\u00e1 marcadas nem aquelas que ainda n\u00e3o estejam agendadas. \u2022 A Confedera\u00e7\u00e3o do Com\u00e9rcio e Servi\u00e7os de Portugal disse ter sido contactada pelo Minist\u00e9rio do Trabalho e ter concordado com o adiamento. \u2022 Para 14 de janeiro est\u00e1 marcada uma reuni\u00e3o do primeiro-ministro com a CGTP, que estava prevista para 7 de janeiro e foi adiada, com o Governo a justificar o adiamento pelo atual cen\u00e1rio internacional ap\u00f3s o ataque dos EUA \u00e0 Venezuela.\" \/>\n<meta property=\"og:url\" content=\"https:\/\/portaltela.pt\/noticias\/2026\/01\/07\/concertacao-social-adiada-por-periodo-eleitoral\/\" \/>\n<meta property=\"og:site_name\" content=\"Portal Tela Portugal\" \/>\n<meta property=\"article:published_time\" content=\"2026-01-07T19:43:30+00:00\" \/>\n<meta name=\"author\" content=\"Telinha\" \/>\n<meta name=\"twitter:card\" content=\"summary_large_image\" \/>\n<meta name=\"twitter:label1\" content=\"Escrito por\" \/>\n\t<meta name=\"twitter:data1\" content=\"Telinha\" \/>\n\t<meta name=\"twitter:label2\" content=\"Tempo estimado de leitura\" \/>\n\t<meta name=\"twitter:data2\" content=\"1 minuto\" \/>\n<script type=\"application\/ld+json\" class=\"yoast-schema-graph\">{\"@context\":\"https:\/\/schema.org\",\"@graph\":[{\"@type\":\"Article\",\"@id\":\"https:\/\/portaltela.pt\/noticias\/2026\/01\/07\/concertacao-social-adiada-por-periodo-eleitoral\/#article\",\"isPartOf\":{\"@id\":\"https:\/\/portaltela.pt\/noticias\/2026\/01\/07\/concertacao-social-adiada-por-periodo-eleitoral\/\"},\"author\":{\"name\":\"Telinha\",\"@id\":\"https:\/\/portaltela.pt\/#\/schema\/person\/c4278d4a6028830caff9ee44b42d32ed\"},\"headline\":\"Concerta\u00e7\u00e3o social adiada por per\u00edodo eleitoral\",\"datePublished\":\"2026-01-07T19:43:30+00:00\",\"mainEntityOfPage\":{\"@id\":\"https:\/\/portaltela.pt\/noticias\/2026\/01\/07\/concertacao-social-adiada-por-periodo-eleitoral\/\"},\"wordCount\":198,\"image\":{\"@id\":\"https:\/\/portaltela.pt\/noticias\/2026\/01\/07\/concertacao-social-adiada-por-periodo-eleitoral\/#primaryimage\"},\"thumbnailUrl\":\"https:\/\/portaltela.pt\/s.01k8rhncp4jt1\/2026\/01\/unnamed-file-1471.jpg\",\"keywords\":[\"CCP\",\"Concerta\u00e7\u00e3o Social\",\"elei\u00e7\u00f5es\",\"governo\",\"seguran\u00e7a social\",\"sindicatos\"],\"articleSection\":[\"Not\u00edcias\",\"Pol\u00edtica\"],\"inLanguage\":\"pt-PT\"},{\"@type\":\"WebPage\",\"@id\":\"https:\/\/portaltela.pt\/noticias\/2026\/01\/07\/concertacao-social-adiada-por-periodo-eleitoral\/\",\"url\":\"https:\/\/portaltela.pt\/noticias\/2026\/01\/07\/concertacao-social-adiada-por-periodo-eleitoral\/\",\"name\":\"Concerta\u00e7\u00e3o social adiada por per\u00edodo eleitoral - Portal Tela Portugal\",\"isPartOf\":{\"@id\":\"https:\/\/portaltela.pt\/#website\"},\"primaryImageOfPage\":{\"@id\":\"https:\/\/portaltela.pt\/noticias\/2026\/01\/07\/concertacao-social-adiada-por-periodo-eleitoral\/#primaryimage\"},\"image\":{\"@id\":\"https:\/\/portaltela.pt\/noticias\/2026\/01\/07\/concertacao-social-adiada-por-periodo-eleitoral\/#primaryimage\"},\"thumbnailUrl\":\"https:\/\/portaltela.pt\/s.01k8rhncp4jt1\/2026\/01\/unnamed-file-1471.jpg\",\"datePublished\":\"2026-01-07T19:43:30+00:00\",\"author\":{\"@id\":\"https:\/\/portaltela.pt\/#\/schema\/person\/c4278d4a6028830caff9ee44b42d32ed\"},\"breadcrumb\":{\"@id\":\"https:\/\/portaltela.pt\/noticias\/2026\/01\/07\/concertacao-social-adiada-por-periodo-eleitoral\/#breadcrumb\"},\"inLanguage\":\"pt-PT\",\"potentialAction\":[{\"@type\":\"ReadAction\",\"target\":[\"https:\/\/portaltela.pt\/noticias\/2026\/01\/07\/concertacao-social-adiada-por-periodo-eleitoral\/\"]}]},{\"@type\":\"ImageObject\",\"inLanguage\":\"pt-PT\",\"@id\":\"https:\/\/portaltela.pt\/noticias\/2026\/01\/07\/concertacao-social-adiada-por-periodo-eleitoral\/#primaryimage\",\"url\":\"https:\/\/portaltela.pt\/s.01k8rhncp4jt1\/2026\/01\/unnamed-file-1471.jpg\",\"contentUrl\":\"https:\/\/portaltela.pt\/s.01k8rhncp4jt1\/2026\/01\/unnamed-file-1471.jpg\",\"width\":796,\"height\":448,\"caption\":\"Concerta\u00e7\u00e3o social adiada \\\"devido ao per\u00edodo eleitoral\\\"\"},{\"@type\":\"BreadcrumbList\",\"@id\":\"https:\/\/portaltela.pt\/noticias\/2026\/01\/07\/concertacao-social-adiada-por-periodo-eleitoral\/#breadcrumb\",\"itemListElement\":[{\"@type\":\"ListItem\",\"position\":1,\"name\":\"In\u00edcio\",\"item\":\"https:\/\/portaltela.pt\/\"},{\"@type\":\"ListItem\",\"position\":2,\"name\":\"Concerta\u00e7\u00e3o social adiada por per\u00edodo eleitoral\"}]},{\"@type\":\"WebSite\",\"@id\":\"https:\/\/portaltela.pt\/#website\",\"url\":\"https:\/\/portaltela.pt\/\",\"name\":\"Portal Tela Portugal\",\"description\":\"\",\"potentialAction\":[{\"@type\":\"SearchAction\",\"target\":{\"@type\":\"EntryPoint\",\"urlTemplate\":\"https:\/\/portaltela.pt\/?s={search_term_string}\"},\"query-input\":{\"@type\":\"PropertyValueSpecification\",\"valueRequired\":true,\"valueName\":\"search_term_string\"}}],\"inLanguage\":\"pt-PT\"},{\"@type\":\"Person\",\"@id\":\"https:\/\/portaltela.pt\/#\/schema\/person\/c4278d4a6028830caff9ee44b42d32ed\",\"name\":\"Telinha\",\"image\":{\"@type\":\"ImageObject\",\"inLanguage\":\"pt-PT\",\"@id\":\"https:\/\/portaltela.pt\/s.01k8rhncp4jt1\/2025\/11\/talking-bot-125x125.png\",\"url\":\"https:\/\/portaltela.pt\/s.01k8rhncp4jt1\/2025\/11\/talking-bot-125x125.png\",\"contentUrl\":\"https:\/\/portaltela.pt\/s.01k8rhncp4jt1\/2025\/11\/talking-bot-125x125.png\",\"caption\":\"Telinha\"},\"sameAs\":[\"https:\/\/portaltela.pt\/\"],\"url\":\"https:\/\/portaltela.pt\/por\/367410592786\/\"}]}<\/script>\n<!-- \/ Yoast SEO plugin. -->","yoast_head_json":{"title":"Concerta\u00e7\u00e3o social adiada por per\u00edodo eleitoral - Portal Tela Portugal","robots":{"index":"index","follow":"follow","max-snippet":"max-snippet:-1","max-image-preview":"max-image-preview:large","max-video-preview":"max-video-preview:-1"},"og_locale":"pt_PT","og_type":"article","og_title":"Concerta\u00e7\u00e3o social adiada por per\u00edodo eleitoral - Portal Tela Portugal","og_description":"A reuni\u00e3o da Concerta\u00e7\u00e3o Social marcada para 14 de janeiro foi adiada a pedido de alguns parceiros, devido ao per\u00edodo eleitoral, segundo o Expresso e confirmado pelo Observador junto de fonte oficial do Minist\u00e9rio do Trabalho e da Seguran\u00e7a Social. \u2022 A mesma fonte n\u00e3o revelou quais entidades pediram o adiamento, limitando-se a dizer que foi uma decis\u00e3o de mais de uma parte, e que n\u00e3o h\u00e1 nova data definida. \u2022 O adiamento n\u00e3o dever\u00e1 afectar as reuni\u00f5es bilaterais entre Governo, sindicatos e entidades patronais j\u00e1 marcadas nem aquelas que ainda n\u00e3o estejam agendadas. \u2022 A Confedera\u00e7\u00e3o do Com\u00e9rcio e Servi\u00e7os de Portugal disse ter sido contactada pelo Minist\u00e9rio do Trabalho e ter concordado com o adiamento. \u2022 Para 14 de janeiro est\u00e1 marcada uma reuni\u00e3o do primeiro-ministro com a CGTP, que estava prevista para 7 de janeiro e foi adiada, com o Governo a justificar o adiamento pelo atual cen\u00e1rio internacional ap\u00f3s o ataque dos EUA \u00e0 Venezuela.","og_url":"https:\/\/portaltela.pt\/noticias\/2026\/01\/07\/concertacao-social-adiada-por-periodo-eleitoral\/","og_site_name":"Portal Tela Portugal","article_published_time":"2026-01-07T19:43:30+00:00","author":"Telinha","twitter_card":"summary_large_image","twitter_misc":{"Escrito por":"Telinha","Tempo estimado de leitura":"1 minuto"},"schema":{"@context":"https:\/\/schema.org","@graph":[{"@type":"Article","@id":"https:\/\/portaltela.pt\/noticias\/2026\/01\/07\/concertacao-social-adiada-por-periodo-eleitoral\/#article","isPartOf":{"@id":"https:\/\/portaltela.pt\/noticias\/2026\/01\/07\/concertacao-social-adiada-por-periodo-eleitoral\/"},"author":{"name":"Telinha","@id":"https:\/\/portaltela.pt\/#\/schema\/person\/c4278d4a6028830caff9ee44b42d32ed"},"headline":"Concerta\u00e7\u00e3o social adiada por per\u00edodo eleitoral","datePublished":"2026-01-07T19:43:30+00:00","mainEntityOfPage":{"@id":"https:\/\/portaltela.pt\/noticias\/2026\/01\/07\/concertacao-social-adiada-por-periodo-eleitoral\/"},"wordCount":198,"image":{"@id":"https:\/\/portaltela.pt\/noticias\/2026\/01\/07\/concertacao-social-adiada-por-periodo-eleitoral\/#primaryimage"},"thumbnailUrl":"https:\/\/portaltela.pt\/s.01k8rhncp4jt1\/2026\/01\/unnamed-file-1471.jpg","keywords":["CCP","Concerta\u00e7\u00e3o Social","elei\u00e7\u00f5es","governo","seguran\u00e7a social","sindicatos"],"articleSection":["Not\u00edcias","Pol\u00edtica"],"inLanguage":"pt-PT"},{"@type":"WebPage","@id":"https:\/\/portaltela.pt\/noticias\/2026\/01\/07\/concertacao-social-adiada-por-periodo-eleitoral\/","url":"https:\/\/portaltela.pt\/noticias\/2026\/01\/07\/concertacao-social-adiada-por-periodo-eleitoral\/","name":"Concerta\u00e7\u00e3o social adiada por per\u00edodo eleitoral - Portal Tela Portugal","isPartOf":{"@id":"https:\/\/portaltela.pt\/#website"},"primaryImageOfPage":{"@id":"https:\/\/portaltela.pt\/noticias\/2026\/01\/07\/concertacao-social-adiada-por-periodo-eleitoral\/#primaryimage"},"image":{"@id":"https:\/\/portaltela.pt\/noticias\/2026\/01\/07\/concertacao-social-adiada-por-periodo-eleitoral\/#primaryimage"},"thumbnailUrl":"https:\/\/portaltela.pt\/s.01k8rhncp4jt1\/2026\/01\/unnamed-file-1471.jpg","datePublished":"2026-01-07T19:43:30+00:00","author":{"@id":"https:\/\/portaltela.pt\/#\/schema\/person\/c4278d4a6028830caff9ee44b42d32ed"},"breadcrumb":{"@id":"https:\/\/portaltela.pt\/noticias\/2026\/01\/07\/concertacao-social-adiada-por-periodo-eleitoral\/#breadcrumb"},"inLanguage":"pt-PT","potentialAction":[{"@type":"ReadAction","target":["https:\/\/portaltela.pt\/noticias\/2026\/01\/07\/concertacao-social-adiada-por-periodo-eleitoral\/"]}]},{"@type":"ImageObject","inLanguage":"pt-PT","@id":"https:\/\/portaltela.pt\/noticias\/2026\/01\/07\/concertacao-social-adiada-por-periodo-eleitoral\/#primaryimage","url":"https:\/\/portaltela.pt\/s.01k8rhncp4jt1\/2026\/01\/unnamed-file-1471.jpg","contentUrl":"https:\/\/portaltela.pt\/s.01k8rhncp4jt1\/2026\/01\/unnamed-file-1471.jpg","width":796,"height":448,"caption":"Concerta\u00e7\u00e3o social adiada \"devido ao per\u00edodo eleitoral\""},{"@type":"BreadcrumbList","@id":"https:\/\/portaltela.pt\/noticias\/2026\/01\/07\/concertacao-social-adiada-por-periodo-eleitoral\/#breadcrumb","itemListElement":[{"@type":"ListItem","position":1,"name":"In\u00edcio","item":"https:\/\/portaltela.pt\/"},{"@type":"ListItem","position":2,"name":"Concerta\u00e7\u00e3o social adiada por per\u00edodo eleitoral"}]},{"@type":"WebSite","@id":"https:\/\/portaltela.pt\/#website","url":"https:\/\/portaltela.pt\/","name":"Portal Tela Portugal","description":"","potentialAction":[{"@type":"SearchAction","target":{"@type":"EntryPoint","urlTemplate":"https:\/\/portaltela.pt\/?s={search_term_string}"},"query-input":{"@type":"PropertyValueSpecification","valueRequired":true,"valueName":"search_term_string"}}],"inLanguage":"pt-PT"},{"@type":"Person","@id":"https:\/\/portaltela.pt\/#\/schema\/person\/c4278d4a6028830caff9ee44b42d32ed","name":"Telinha","image":{"@type":"ImageObject","inLanguage":"pt-PT","@id":"https:\/\/portaltela.pt\/s.01k8rhncp4jt1\/2025\/11\/talking-bot-125x125.png","url":"https:\/\/portaltela.pt\/s.01k8rhncp4jt1\/2025\/11\/talking-bot-125x125.png","contentUrl":"https:\/\/portaltela.pt\/s.01k8rhncp4jt1\/2025\/11\/talking-bot-125x125.png","caption":"Telinha"},"sameAs":["https:\/\/portaltela.pt\/"],"url":"https:\/\/portaltela.pt\/por\/367410592786\/"}]}},"_links":{"self":[{"href":"https:\/\/portaltela.pt\/api\/wp\/v2\/posts\/124501","targetHints":{"allow":["GET"]}}],"collection":[{"href":"https:\/\/portaltela.pt\/api\/wp\/v2\/posts"}],"about":[{"href":"https:\/\/portaltela.pt\/api\/wp\/v2\/types\/post"}],"author":[{"embeddable":true,"href":"https:\/\/portaltela.pt\/api\/wp\/v2\/users\/2"}],"replies":[{"embeddable":true,"href":"https:\/\/portaltela.pt\/api\/wp\/v2\/comments?post=124501"}],"version-history":[{"count":0,"href":"https:\/\/portaltela.pt\/api\/wp\/v2\/posts\/124501\/revisions"}],"wp:featuredmedia":[{"embeddable":true,"href":"https:\/\/portaltela.pt\/api\/wp\/v2\/media\/124504"}],"wp:attachment":[{"href":"https:\/\/portaltela.pt\/api\/wp\/v2\/media?parent=124501"}],"wp:term":[{"taxonomy":"category","embeddable":true,"href":"https:\/\/portaltela.pt\/api\/wp\/v2\/categories?post=124501"},{"taxonomy":"post_tag","embeddable":true,"href":"https:\/\/portaltela.pt\/api\/wp\/v2\/tags?post=124501"}],"curies":[{"name":"wp","href":"https:\/\/api.w.org\/{rel}","templated":true}]}}