{"id":124417,"date":"2026-01-07T16:39:20","date_gmt":"2026-01-07T19:39:20","guid":{"rendered":"https:\/\/portaltela.pt\/noticias\/2026\/01\/07\/governo-afirma-que-suspensao-de-fronteiras-nao-compromete-a-seguranca-nacional\/"},"modified":"2026-01-07T16:39:20","modified_gmt":"2026-01-07T19:39:20","slug":"governo-afirma-que-suspensao-de-fronteiras-nao-compromete-a-seguranca-nacional","status":"publish","type":"post","link":"https:\/\/portaltela.pt\/noticias\/2026\/01\/07\/governo-afirma-que-suspensao-de-fronteiras-nao-compromete-a-seguranca-nacional\/","title":{"rendered":"Governo afirma que suspens\u00e3o de fronteiras n\u00e3o compromete a seguran\u00e7a nacional"},"content":{"rendered":"<p>O Governo assegurou nesta quarta-feira que a suspens\u00e3o tempor\u00e1ria do sistema europeu de controlo de fronteiras para cidad\u00e3os extracomunit\u00e1rios no aeroporto de Lisboa n\u00e3o compromete a seguran\u00e7a nacional e j\u00e1 revela resultados. A medida mant\u00e9m o controlo de entradas sob vigil\u00e2ncia, segundo o executivo.<\/p>\n<p>Em interven\u00e7\u00e3o no parlamento, o secret\u00e1rio de Estado Adjunto e da Administra\u00e7\u00e3o Interna afirmou que a suspens\u00e3o n\u00e3o implica portas abertas nem retrocesso, e que n\u00e3o p\u00f5e em causa a resposta de seguran\u00e7a. Falou em representa\u00e7\u00e3o da ministra da Administra\u00e7\u00e3o Interna.<\/p>\n<p>Foi ainda sublinhado que todos os controlos essenciais continuam operacionais, incluindo as verifica\u00e7\u00f5es em bases de dados internacionais. Especificamente, permanecem ativos os sistemas de Europol e Interpol, fundamentais para a verifica\u00e7\u00e3o de identidades.<\/p>\n<h3>Controlo de fronteiras em contexto parlamentar<\/h3>\n<p>A \u00eanfase esteve na resposta a um debate de urg\u00eancia pedido pelo PS sobre o que classifica como caos no aeroporto de Lisboa e o impacto da suspens\u00e3o do EES. A audi\u00eancia visou esclarecer operacionalidade e consequ\u00eancias da medida.<\/p>\n<p>Segundo o Governo, a suspens\u00e3o tempor\u00e1ria n\u00e3o afeta procedimentos de verifica\u00e7\u00e3o nem a coordena\u00e7\u00e3o com autoridades internacionais, mantendo-se alinhada com padr\u00f5es de seguran\u00e7a nacional. O objetivo \u00e9 evitar interrup\u00e7\u00f5es sem comprometer a vigil\u00e2ncia fronteiri\u00e7a.<\/p>\n","protected":false},"excerpt":{"rendered":"<ul>\n<li>O Governo diz que a suspens\u00e3o tempor\u00e1ria do sistema europeu de controlo de fronteiras para cidad\u00e3os extracomunit\u00e1rios no aeroporto de Lisboa n\u00e3o compromete a seguran\u00e7a nacional.<\/li>\n<li>O secret\u00e1rio de Estado Adjunto e da Administra\u00e7\u00e3o Interna, Paulo Sim\u00f5es Ribeiro, afirmou que a suspens\u00e3o n\u00e3o significa retorno a portas abertas.<\/li>\n<li>Controlos essenciais e verifica\u00e7\u00f5es em bases de dados internacionais continuam a operar, incluindo as bases da Europol e da Interpol.<\/li>\n<li>O debate de urg\u00eancia no parlamento foi pedido pelo PS e abordou o caos no aeroporto de Lisboa e o impacto da suspens\u00e3o do Sistema de Entradas e Sa\u00eddas (EES).<\/li>\n<\/ul>\n","protected":false},"author":2,"featured_media":124419,"comment_status":"closed","ping_status":"closed","sticky":false,"template":"","format":"standard","meta":{"footnotes":""},"categories":[1],"tags":[2608,1573,34,2290,981,250],"class_list":["post-124417","post","type-post","status-publish","format-standard","has-post-thumbnail","hentry","category-noticias","tag-europol","tag-fiscalizacao-de-fronteiras","tag-governo","tag-intercambios-internacionais","tag-lisboa","tag-seguranca-publica"],"yoast_head":"<!-- This site is optimized with the Yoast SEO plugin v27.2 - https:\/\/yoast.com\/product\/yoast-seo-wordpress\/ -->\n<title>Governo afirma que suspens\u00e3o de fronteiras n\u00e3o compromete a seguran\u00e7a nacional - Portal Tela Portugal<\/title>\n<meta name=\"robots\" content=\"index, follow, max-snippet:-1, max-image-preview:large, max-video-preview:-1\" \/>\n<meta property=\"og:locale\" content=\"pt_PT\" \/>\n<meta property=\"og:type\" content=\"article\" \/>\n<meta property=\"og:title\" content=\"Governo afirma que suspens\u00e3o de fronteiras n\u00e3o compromete a seguran\u00e7a nacional - Portal Tela Portugal\" \/>\n<meta property=\"og:description\" content=\"O Governo diz que a suspens\u00e3o tempor\u00e1ria do sistema europeu de controlo de fronteiras para cidad\u00e3os extracomunit\u00e1rios no aeroporto de Lisboa n\u00e3o compromete a seguran\u00e7a nacional. O secret\u00e1rio de Estado Adjunto e da Administra\u00e7\u00e3o Interna, Paulo Sim\u00f5es Ribeiro, afirmou que a suspens\u00e3o n\u00e3o significa retorno a portas abertas. Controlos essenciais e verifica\u00e7\u00f5es em bases de dados internacionais continuam a operar, incluindo as bases da Europol e da Interpol. O debate de urg\u00eancia no parlamento foi pedido pelo PS e abordou o caos no aeroporto de Lisboa e o impacto da suspens\u00e3o do Sistema de Entradas e Sa\u00eddas (EES).\" \/>\n<meta property=\"og:url\" content=\"https:\/\/portaltela.pt\/noticias\/2026\/01\/07\/governo-afirma-que-suspensao-de-fronteiras-nao-compromete-a-seguranca-nacional\/\" \/>\n<meta property=\"og:site_name\" content=\"Portal Tela Portugal\" \/>\n<meta property=\"article:published_time\" content=\"2026-01-07T19:39:20+00:00\" \/>\n<meta name=\"author\" content=\"Telinha\" \/>\n<meta name=\"twitter:card\" content=\"summary_large_image\" \/>\n<meta name=\"twitter:label1\" content=\"Escrito por\" \/>\n\t<meta name=\"twitter:data1\" content=\"Telinha\" \/>\n\t<meta name=\"twitter:label2\" content=\"Tempo estimado de leitura\" \/>\n\t<meta name=\"twitter:data2\" content=\"1 minuto\" \/>\n<script type=\"application\/ld+json\" class=\"yoast-schema-graph\">{\"@context\":\"https:\/\/schema.org\",\"@graph\":[{\"@type\":\"Article\",\"@id\":\"https:\/\/portaltela.pt\/noticias\/2026\/01\/07\/governo-afirma-que-suspensao-de-fronteiras-nao-compromete-a-seguranca-nacional\/#article\",\"isPartOf\":{\"@id\":\"https:\/\/portaltela.pt\/noticias\/2026\/01\/07\/governo-afirma-que-suspensao-de-fronteiras-nao-compromete-a-seguranca-nacional\/\"},\"author\":{\"name\":\"Telinha\",\"@id\":\"https:\/\/portaltela.pt\/#\/schema\/person\/c4278d4a6028830caff9ee44b42d32ed\"},\"headline\":\"Governo afirma que suspens\u00e3o de fronteiras n\u00e3o compromete a seguran\u00e7a nacional\",\"datePublished\":\"2026-01-07T19:39:20+00:00\",\"mainEntityOfPage\":{\"@id\":\"https:\/\/portaltela.pt\/noticias\/2026\/01\/07\/governo-afirma-que-suspensao-de-fronteiras-nao-compromete-a-seguranca-nacional\/\"},\"wordCount\":244,\"image\":{\"@id\":\"https:\/\/portaltela.pt\/noticias\/2026\/01\/07\/governo-afirma-que-suspensao-de-fronteiras-nao-compromete-a-seguranca-nacional\/#primaryimage\"},\"thumbnailUrl\":\"https:\/\/portaltela.pt\/s.01k8rhncp4jt1\/2026\/01\/img_1280x721uu2025-12-18-20-16-16-2255189.jpg\",\"keywords\":[\"Europol\",\"fiscaliza\u00e7\u00e3o de fronteiras\",\"governo\",\"interc\u00e2mbios internacionais\",\"Lisboa\",\"seguran\u00e7a p\u00fablica\"],\"articleSection\":[\"Not\u00edcias\"],\"inLanguage\":\"pt-PT\"},{\"@type\":\"WebPage\",\"@id\":\"https:\/\/portaltela.pt\/noticias\/2026\/01\/07\/governo-afirma-que-suspensao-de-fronteiras-nao-compromete-a-seguranca-nacional\/\",\"url\":\"https:\/\/portaltela.pt\/noticias\/2026\/01\/07\/governo-afirma-que-suspensao-de-fronteiras-nao-compromete-a-seguranca-nacional\/\",\"name\":\"Governo afirma que suspens\u00e3o de fronteiras n\u00e3o compromete a seguran\u00e7a nacional - Portal Tela Portugal\",\"isPartOf\":{\"@id\":\"https:\/\/portaltela.pt\/#website\"},\"primaryImageOfPage\":{\"@id\":\"https:\/\/portaltela.pt\/noticias\/2026\/01\/07\/governo-afirma-que-suspensao-de-fronteiras-nao-compromete-a-seguranca-nacional\/#primaryimage\"},\"image\":{\"@id\":\"https:\/\/portaltela.pt\/noticias\/2026\/01\/07\/governo-afirma-que-suspensao-de-fronteiras-nao-compromete-a-seguranca-nacional\/#primaryimage\"},\"thumbnailUrl\":\"https:\/\/portaltela.pt\/s.01k8rhncp4jt1\/2026\/01\/img_1280x721uu2025-12-18-20-16-16-2255189.jpg\",\"datePublished\":\"2026-01-07T19:39:20+00:00\",\"author\":{\"@id\":\"https:\/\/portaltela.pt\/#\/schema\/person\/c4278d4a6028830caff9ee44b42d32ed\"},\"breadcrumb\":{\"@id\":\"https:\/\/portaltela.pt\/noticias\/2026\/01\/07\/governo-afirma-que-suspensao-de-fronteiras-nao-compromete-a-seguranca-nacional\/#breadcrumb\"},\"inLanguage\":\"pt-PT\",\"potentialAction\":[{\"@type\":\"ReadAction\",\"target\":[\"https:\/\/portaltela.pt\/noticias\/2026\/01\/07\/governo-afirma-que-suspensao-de-fronteiras-nao-compromete-a-seguranca-nacional\/\"]}]},{\"@type\":\"ImageObject\",\"inLanguage\":\"pt-PT\",\"@id\":\"https:\/\/portaltela.pt\/noticias\/2026\/01\/07\/governo-afirma-que-suspensao-de-fronteiras-nao-compromete-a-seguranca-nacional\/#primaryimage\",\"url\":\"https:\/\/portaltela.pt\/s.01k8rhncp4jt1\/2026\/01\/img_1280x721uu2025-12-18-20-16-16-2255189.jpg\",\"contentUrl\":\"https:\/\/portaltela.pt\/s.01k8rhncp4jt1\/2026\/01\/img_1280x721uu2025-12-18-20-16-16-2255189.jpg\",\"width\":796,\"height\":448,\"caption\":\"Aeroporto de Lisboa\"},{\"@type\":\"BreadcrumbList\",\"@id\":\"https:\/\/portaltela.pt\/noticias\/2026\/01\/07\/governo-afirma-que-suspensao-de-fronteiras-nao-compromete-a-seguranca-nacional\/#breadcrumb\",\"itemListElement\":[{\"@type\":\"ListItem\",\"position\":1,\"name\":\"In\u00edcio\",\"item\":\"https:\/\/portaltela.pt\/\"},{\"@type\":\"ListItem\",\"position\":2,\"name\":\"Governo afirma que suspens\u00e3o de fronteiras n\u00e3o compromete a seguran\u00e7a nacional\"}]},{\"@type\":\"WebSite\",\"@id\":\"https:\/\/portaltela.pt\/#website\",\"url\":\"https:\/\/portaltela.pt\/\",\"name\":\"Portal Tela Portugal\",\"description\":\"\",\"potentialAction\":[{\"@type\":\"SearchAction\",\"target\":{\"@type\":\"EntryPoint\",\"urlTemplate\":\"https:\/\/portaltela.pt\/?s={search_term_string}\"},\"query-input\":{\"@type\":\"PropertyValueSpecification\",\"valueRequired\":true,\"valueName\":\"search_term_string\"}}],\"inLanguage\":\"pt-PT\"},{\"@type\":\"Person\",\"@id\":\"https:\/\/portaltela.pt\/#\/schema\/person\/c4278d4a6028830caff9ee44b42d32ed\",\"name\":\"Telinha\",\"image\":{\"@type\":\"ImageObject\",\"inLanguage\":\"pt-PT\",\"@id\":\"https:\/\/portaltela.pt\/s.01k8rhncp4jt1\/2025\/11\/talking-bot-125x125.png\",\"url\":\"https:\/\/portaltela.pt\/s.01k8rhncp4jt1\/2025\/11\/talking-bot-125x125.png\",\"contentUrl\":\"https:\/\/portaltela.pt\/s.01k8rhncp4jt1\/2025\/11\/talking-bot-125x125.png\",\"caption\":\"Telinha\"},\"sameAs\":[\"https:\/\/portaltela.pt\/\"],\"url\":\"https:\/\/portaltela.pt\/por\/367410592786\/\"}]}<\/script>\n<!-- \/ Yoast SEO plugin. -->","yoast_head_json":{"title":"Governo afirma que suspens\u00e3o de fronteiras n\u00e3o compromete a seguran\u00e7a nacional - Portal Tela Portugal","robots":{"index":"index","follow":"follow","max-snippet":"max-snippet:-1","max-image-preview":"max-image-preview:large","max-video-preview":"max-video-preview:-1"},"og_locale":"pt_PT","og_type":"article","og_title":"Governo afirma que suspens\u00e3o de fronteiras n\u00e3o compromete a seguran\u00e7a nacional - Portal Tela Portugal","og_description":"O Governo diz que a suspens\u00e3o tempor\u00e1ria do sistema europeu de controlo de fronteiras para cidad\u00e3os extracomunit\u00e1rios no aeroporto de Lisboa n\u00e3o compromete a seguran\u00e7a nacional. O secret\u00e1rio de Estado Adjunto e da Administra\u00e7\u00e3o Interna, Paulo Sim\u00f5es Ribeiro, afirmou que a suspens\u00e3o n\u00e3o significa retorno a portas abertas. Controlos essenciais e verifica\u00e7\u00f5es em bases de dados internacionais continuam a operar, incluindo as bases da Europol e da Interpol. O debate de urg\u00eancia no parlamento foi pedido pelo PS e abordou o caos no aeroporto de Lisboa e o impacto da suspens\u00e3o do Sistema de Entradas e Sa\u00eddas (EES).","og_url":"https:\/\/portaltela.pt\/noticias\/2026\/01\/07\/governo-afirma-que-suspensao-de-fronteiras-nao-compromete-a-seguranca-nacional\/","og_site_name":"Portal Tela Portugal","article_published_time":"2026-01-07T19:39:20+00:00","author":"Telinha","twitter_card":"summary_large_image","twitter_misc":{"Escrito por":"Telinha","Tempo estimado de leitura":"1 minuto"},"schema":{"@context":"https:\/\/schema.org","@graph":[{"@type":"Article","@id":"https:\/\/portaltela.pt\/noticias\/2026\/01\/07\/governo-afirma-que-suspensao-de-fronteiras-nao-compromete-a-seguranca-nacional\/#article","isPartOf":{"@id":"https:\/\/portaltela.pt\/noticias\/2026\/01\/07\/governo-afirma-que-suspensao-de-fronteiras-nao-compromete-a-seguranca-nacional\/"},"author":{"name":"Telinha","@id":"https:\/\/portaltela.pt\/#\/schema\/person\/c4278d4a6028830caff9ee44b42d32ed"},"headline":"Governo afirma que suspens\u00e3o de fronteiras n\u00e3o compromete a seguran\u00e7a nacional","datePublished":"2026-01-07T19:39:20+00:00","mainEntityOfPage":{"@id":"https:\/\/portaltela.pt\/noticias\/2026\/01\/07\/governo-afirma-que-suspensao-de-fronteiras-nao-compromete-a-seguranca-nacional\/"},"wordCount":244,"image":{"@id":"https:\/\/portaltela.pt\/noticias\/2026\/01\/07\/governo-afirma-que-suspensao-de-fronteiras-nao-compromete-a-seguranca-nacional\/#primaryimage"},"thumbnailUrl":"https:\/\/portaltela.pt\/s.01k8rhncp4jt1\/2026\/01\/img_1280x721uu2025-12-18-20-16-16-2255189.jpg","keywords":["Europol","fiscaliza\u00e7\u00e3o de fronteiras","governo","interc\u00e2mbios internacionais","Lisboa","seguran\u00e7a p\u00fablica"],"articleSection":["Not\u00edcias"],"inLanguage":"pt-PT"},{"@type":"WebPage","@id":"https:\/\/portaltela.pt\/noticias\/2026\/01\/07\/governo-afirma-que-suspensao-de-fronteiras-nao-compromete-a-seguranca-nacional\/","url":"https:\/\/portaltela.pt\/noticias\/2026\/01\/07\/governo-afirma-que-suspensao-de-fronteiras-nao-compromete-a-seguranca-nacional\/","name":"Governo afirma que suspens\u00e3o de fronteiras n\u00e3o compromete a seguran\u00e7a nacional - Portal Tela Portugal","isPartOf":{"@id":"https:\/\/portaltela.pt\/#website"},"primaryImageOfPage":{"@id":"https:\/\/portaltela.pt\/noticias\/2026\/01\/07\/governo-afirma-que-suspensao-de-fronteiras-nao-compromete-a-seguranca-nacional\/#primaryimage"},"image":{"@id":"https:\/\/portaltela.pt\/noticias\/2026\/01\/07\/governo-afirma-que-suspensao-de-fronteiras-nao-compromete-a-seguranca-nacional\/#primaryimage"},"thumbnailUrl":"https:\/\/portaltela.pt\/s.01k8rhncp4jt1\/2026\/01\/img_1280x721uu2025-12-18-20-16-16-2255189.jpg","datePublished":"2026-01-07T19:39:20+00:00","author":{"@id":"https:\/\/portaltela.pt\/#\/schema\/person\/c4278d4a6028830caff9ee44b42d32ed"},"breadcrumb":{"@id":"https:\/\/portaltela.pt\/noticias\/2026\/01\/07\/governo-afirma-que-suspensao-de-fronteiras-nao-compromete-a-seguranca-nacional\/#breadcrumb"},"inLanguage":"pt-PT","potentialAction":[{"@type":"ReadAction","target":["https:\/\/portaltela.pt\/noticias\/2026\/01\/07\/governo-afirma-que-suspensao-de-fronteiras-nao-compromete-a-seguranca-nacional\/"]}]},{"@type":"ImageObject","inLanguage":"pt-PT","@id":"https:\/\/portaltela.pt\/noticias\/2026\/01\/07\/governo-afirma-que-suspensao-de-fronteiras-nao-compromete-a-seguranca-nacional\/#primaryimage","url":"https:\/\/portaltela.pt\/s.01k8rhncp4jt1\/2026\/01\/img_1280x721uu2025-12-18-20-16-16-2255189.jpg","contentUrl":"https:\/\/portaltela.pt\/s.01k8rhncp4jt1\/2026\/01\/img_1280x721uu2025-12-18-20-16-16-2255189.jpg","width":796,"height":448,"caption":"Aeroporto de Lisboa"},{"@type":"BreadcrumbList","@id":"https:\/\/portaltela.pt\/noticias\/2026\/01\/07\/governo-afirma-que-suspensao-de-fronteiras-nao-compromete-a-seguranca-nacional\/#breadcrumb","itemListElement":[{"@type":"ListItem","position":1,"name":"In\u00edcio","item":"https:\/\/portaltela.pt\/"},{"@type":"ListItem","position":2,"name":"Governo afirma que suspens\u00e3o de fronteiras n\u00e3o compromete a seguran\u00e7a nacional"}]},{"@type":"WebSite","@id":"https:\/\/portaltela.pt\/#website","url":"https:\/\/portaltela.pt\/","name":"Portal Tela Portugal","description":"","potentialAction":[{"@type":"SearchAction","target":{"@type":"EntryPoint","urlTemplate":"https:\/\/portaltela.pt\/?s={search_term_string}"},"query-input":{"@type":"PropertyValueSpecification","valueRequired":true,"valueName":"search_term_string"}}],"inLanguage":"pt-PT"},{"@type":"Person","@id":"https:\/\/portaltela.pt\/#\/schema\/person\/c4278d4a6028830caff9ee44b42d32ed","name":"Telinha","image":{"@type":"ImageObject","inLanguage":"pt-PT","@id":"https:\/\/portaltela.pt\/s.01k8rhncp4jt1\/2025\/11\/talking-bot-125x125.png","url":"https:\/\/portaltela.pt\/s.01k8rhncp4jt1\/2025\/11\/talking-bot-125x125.png","contentUrl":"https:\/\/portaltela.pt\/s.01k8rhncp4jt1\/2025\/11\/talking-bot-125x125.png","caption":"Telinha"},"sameAs":["https:\/\/portaltela.pt\/"],"url":"https:\/\/portaltela.pt\/por\/367410592786\/"}]}},"_links":{"self":[{"href":"https:\/\/portaltela.pt\/api\/wp\/v2\/posts\/124417","targetHints":{"allow":["GET"]}}],"collection":[{"href":"https:\/\/portaltela.pt\/api\/wp\/v2\/posts"}],"about":[{"href":"https:\/\/portaltela.pt\/api\/wp\/v2\/types\/post"}],"author":[{"embeddable":true,"href":"https:\/\/portaltela.pt\/api\/wp\/v2\/users\/2"}],"replies":[{"embeddable":true,"href":"https:\/\/portaltela.pt\/api\/wp\/v2\/comments?post=124417"}],"version-history":[{"count":0,"href":"https:\/\/portaltela.pt\/api\/wp\/v2\/posts\/124417\/revisions"}],"wp:featuredmedia":[{"embeddable":true,"href":"https:\/\/portaltela.pt\/api\/wp\/v2\/media\/124419"}],"wp:attachment":[{"href":"https:\/\/portaltela.pt\/api\/wp\/v2\/media?parent=124417"}],"wp:term":[{"taxonomy":"category","embeddable":true,"href":"https:\/\/portaltela.pt\/api\/wp\/v2\/categories?post=124417"},{"taxonomy":"post_tag","embeddable":true,"href":"https:\/\/portaltela.pt\/api\/wp\/v2\/tags?post=124417"}],"curies":[{"name":"wp","href":"https:\/\/api.w.org\/{rel}","templated":true}]}}