{"id":124393,"date":"2026-01-06T21:00:00","date_gmt":"2026-01-07T00:00:00","guid":{"rendered":"https:\/\/portaltela.pt\/noticias\/2026\/01\/06\/as-noticias-das-19h-principais-destaques-do-dia\/"},"modified":"2026-01-06T21:00:00","modified_gmt":"2026-01-07T00:00:00","slug":"as-noticias-das-19h-principais-destaques-do-dia","status":"publish","type":"post","link":"https:\/\/portaltela.pt\/noticias\/2026\/01\/06\/as-noticias-das-19h-principais-destaques-do-dia\/","title":{"rendered":"As not\u00edcias das 19h: principais destaques do dia"},"content":{"rendered":"<p>As not\u00edcias das 19h acompanham os desdobramentos de v\u00e1rias situa\u00e7\u00f5es ligadas \u00e0 sa\u00fade e \u00e0 pol\u00edtica em Portugal. Este boletim di\u00e1rio da R\u00e1dio Observador re\u00fane, de forma objetiva, os acontecimentos mais relevantes do dia.<\/p>\n<p>N\u00e3o houve detalhes adicionais sobre a causa de mortes associadas ao INEM, mas v\u00e1rios elementos pretendem esclarecer o que ocorreu durante as ocorr\u00eancias. A situa\u00e7\u00e3o tem gerado pedidos de esclarecimento por parte de partidos e entidades competentes, com v\u00e1rias mensagens oficiais a chegar ao p\u00fablico.<\/p>\n<h3>INEM e auditorias sobre chamadas<\/h3>\n<p>O INEM confirmou uma auditoria interna relativa \u00e0 chamada de utente que acabou por falecer. Em paralelo, o caso j\u00e1 motivou pedidos de esclarecimento por parte de partidos que pretendem ouvir o presidente e a ministra da Sa\u00fade. A IGAS tamb\u00e9m abriu um inqu\u00e9rito relacionado a uma morte no Seixal.<\/p>\n<h3>Investiga\u00e7\u00e3o e futuras participa\u00e7\u00f5es<\/h3>\n<p>A investiga\u00e7\u00e3o sobre as situa\u00e7\u00f5es envolvendo o INEM segue com passos redundantes, incluindo a possibilidade de participa\u00e7\u00e3o da restante administra\u00e7\u00e3o p\u00fablica e a coopera\u00e7\u00e3o com entidades reguladoras. A Liga dos Bombeiros Portugueses anunciou uma reuni\u00e3o com o INEM para tratar de protocolos e coopera\u00e7\u00e3o em chamadas de emerg\u00eancia.<\/p>\n<h3>Contexto internacional<\/h3>\n<p>Al\u00e9m das ocorr\u00eancias nacionais, destacam-se duas informa\u00e7\u00f5es internacionais. Fran\u00e7a indicou que a Europa responder\u00e1 a qualquer tentativa de intimida\u00e7\u00e3o. Nos EUA, analistas sugerem que a Venezuela poderia cortar rela\u00e7\u00f5es com China e R\u00fassia, a depender de evolu\u00e7\u00f5es pol\u00edticas e estrat\u00e9gicas regionais.<\/p>\n","protected":false},"excerpt":{"rendered":"<ul>\n<li>Auditoria interna do Instituto Nacional de Emerg\u00eancia M\u00e9dica (INEM) \u00e0 chamada do utente que morreu.<\/li>\n<li>IGAS (Instituto da Gest\u00e3o e Avalia\u00e7\u00e3o em Sa\u00fade) abre inqu\u00e9rito \u00e0 morte no Seixal.<\/li>\n<li>Caso vai ser investigado pela IGAS.<\/li>\n<li>Liga Bombeiros Portugueses re\u00fane-se amanh\u00e3 com INEM.<\/li>\n<li>Cotrim reconhece culpa da ministra da Sa\u00fade.<\/li>\n<\/ul>\n","protected":false},"author":2,"featured_media":124399,"comment_status":"closed","ping_status":"closed","sticky":false,"template":"","format":"standard","meta":{"footnotes":""},"categories":[1],"tags":[168,1935,215,2081,271,250],"class_list":["post-124393","post","type-post","status-publish","format-standard","has-post-thumbnail","hentry","category-noticias","tag-administracao-publica","tag-emergencias","tag-investigacao","tag-liga-dos-bombeiros-portugueses","tag-saude-publica","tag-seguranca-publica"],"yoast_head":"<!-- This site is optimized with the Yoast SEO plugin v27.2 - https:\/\/yoast.com\/product\/yoast-seo-wordpress\/ -->\n<title>As not\u00edcias das 19h: principais destaques do dia - Portal Tela Portugal<\/title>\n<meta name=\"robots\" content=\"index, follow, max-snippet:-1, max-image-preview:large, max-video-preview:-1\" \/>\n<meta property=\"og:locale\" content=\"pt_PT\" \/>\n<meta property=\"og:type\" content=\"article\" \/>\n<meta property=\"og:title\" content=\"As not\u00edcias das 19h: principais destaques do dia - Portal Tela Portugal\" \/>\n<meta property=\"og:description\" content=\"Auditoria interna do Instituto Nacional de Emerg\u00eancia M\u00e9dica (INEM) \u00e0 chamada do utente que morreu. IGAS (Instituto da Gest\u00e3o e Avalia\u00e7\u00e3o em Sa\u00fade) abre inqu\u00e9rito \u00e0 morte no Seixal. Caso vai ser investigado pela IGAS. Liga Bombeiros Portugueses re\u00fane-se amanh\u00e3 com INEM. Cotrim reconhece culpa da ministra da Sa\u00fade.\" \/>\n<meta property=\"og:url\" content=\"https:\/\/portaltela.pt\/noticias\/2026\/01\/06\/as-noticias-das-19h-principais-destaques-do-dia\/\" \/>\n<meta property=\"og:site_name\" content=\"Portal Tela Portugal\" \/>\n<meta property=\"article:published_time\" content=\"2026-01-07T00:00:00+00:00\" \/>\n<meta name=\"author\" content=\"Telinha\" \/>\n<meta name=\"twitter:card\" content=\"summary_large_image\" \/>\n<meta name=\"twitter:label1\" content=\"Escrito por\" \/>\n\t<meta name=\"twitter:data1\" content=\"Telinha\" \/>\n\t<meta name=\"twitter:label2\" content=\"Tempo estimado de leitura\" \/>\n\t<meta name=\"twitter:data2\" content=\"1 minuto\" \/>\n<script type=\"application\/ld+json\" class=\"yoast-schema-graph\">{\"@context\":\"https:\/\/schema.org\",\"@graph\":[{\"@type\":\"Article\",\"@id\":\"https:\/\/portaltela.pt\/noticias\/2026\/01\/06\/as-noticias-das-19h-principais-destaques-do-dia\/#article\",\"isPartOf\":{\"@id\":\"https:\/\/portaltela.pt\/noticias\/2026\/01\/06\/as-noticias-das-19h-principais-destaques-do-dia\/\"},\"author\":{\"name\":\"Telinha\",\"@id\":\"https:\/\/portaltela.pt\/#\/schema\/person\/c4278d4a6028830caff9ee44b42d32ed\"},\"headline\":\"As not\u00edcias das 19h: principais destaques do dia\",\"datePublished\":\"2026-01-07T00:00:00+00:00\",\"mainEntityOfPage\":{\"@id\":\"https:\/\/portaltela.pt\/noticias\/2026\/01\/06\/as-noticias-das-19h-principais-destaques-do-dia\/\"},\"wordCount\":273,\"image\":{\"@id\":\"https:\/\/portaltela.pt\/noticias\/2026\/01\/06\/as-noticias-das-19h-principais-destaques-do-dia\/#primaryimage\"},\"thumbnailUrl\":\"https:\/\/portaltela.pt\/s.01k8rhncp4jt1\/2026\/01\/770-podcast-noticiario-93.jpg\",\"keywords\":[\"administra\u00e7\u00e3o p\u00fablica\",\"emerg\u00eancias\",\"investiga\u00e7\u00e3o\",\"Liga dos Bombeiros Portugueses\",\"sa\u00fade p\u00fablica\",\"seguran\u00e7a p\u00fablica\"],\"articleSection\":[\"Not\u00edcias\"],\"inLanguage\":\"pt-PT\"},{\"@type\":\"WebPage\",\"@id\":\"https:\/\/portaltela.pt\/noticias\/2026\/01\/06\/as-noticias-das-19h-principais-destaques-do-dia\/\",\"url\":\"https:\/\/portaltela.pt\/noticias\/2026\/01\/06\/as-noticias-das-19h-principais-destaques-do-dia\/\",\"name\":\"As not\u00edcias das 19h: principais destaques do dia - Portal Tela Portugal\",\"isPartOf\":{\"@id\":\"https:\/\/portaltela.pt\/#website\"},\"primaryImageOfPage\":{\"@id\":\"https:\/\/portaltela.pt\/noticias\/2026\/01\/06\/as-noticias-das-19h-principais-destaques-do-dia\/#primaryimage\"},\"image\":{\"@id\":\"https:\/\/portaltela.pt\/noticias\/2026\/01\/06\/as-noticias-das-19h-principais-destaques-do-dia\/#primaryimage\"},\"thumbnailUrl\":\"https:\/\/portaltela.pt\/s.01k8rhncp4jt1\/2026\/01\/770-podcast-noticiario-93.jpg\",\"datePublished\":\"2026-01-07T00:00:00+00:00\",\"author\":{\"@id\":\"https:\/\/portaltela.pt\/#\/schema\/person\/c4278d4a6028830caff9ee44b42d32ed\"},\"breadcrumb\":{\"@id\":\"https:\/\/portaltela.pt\/noticias\/2026\/01\/06\/as-noticias-das-19h-principais-destaques-do-dia\/#breadcrumb\"},\"inLanguage\":\"pt-PT\",\"potentialAction\":[{\"@type\":\"ReadAction\",\"target\":[\"https:\/\/portaltela.pt\/noticias\/2026\/01\/06\/as-noticias-das-19h-principais-destaques-do-dia\/\"]}]},{\"@type\":\"ImageObject\",\"inLanguage\":\"pt-PT\",\"@id\":\"https:\/\/portaltela.pt\/noticias\/2026\/01\/06\/as-noticias-das-19h-principais-destaques-do-dia\/#primaryimage\",\"url\":\"https:\/\/portaltela.pt\/s.01k8rhncp4jt1\/2026\/01\/770-podcast-noticiario-93.jpg\",\"contentUrl\":\"https:\/\/portaltela.pt\/s.01k8rhncp4jt1\/2026\/01\/770-podcast-noticiario-93.jpg\",\"width\":796,\"height\":448,\"caption\":\"Capa do programa\"},{\"@type\":\"BreadcrumbList\",\"@id\":\"https:\/\/portaltela.pt\/noticias\/2026\/01\/06\/as-noticias-das-19h-principais-destaques-do-dia\/#breadcrumb\",\"itemListElement\":[{\"@type\":\"ListItem\",\"position\":1,\"name\":\"In\u00edcio\",\"item\":\"https:\/\/portaltela.pt\/\"},{\"@type\":\"ListItem\",\"position\":2,\"name\":\"As not\u00edcias das 19h: principais destaques do dia\"}]},{\"@type\":\"WebSite\",\"@id\":\"https:\/\/portaltela.pt\/#website\",\"url\":\"https:\/\/portaltela.pt\/\",\"name\":\"Portal Tela Portugal\",\"description\":\"\",\"potentialAction\":[{\"@type\":\"SearchAction\",\"target\":{\"@type\":\"EntryPoint\",\"urlTemplate\":\"https:\/\/portaltela.pt\/?s={search_term_string}\"},\"query-input\":{\"@type\":\"PropertyValueSpecification\",\"valueRequired\":true,\"valueName\":\"search_term_string\"}}],\"inLanguage\":\"pt-PT\"},{\"@type\":\"Person\",\"@id\":\"https:\/\/portaltela.pt\/#\/schema\/person\/c4278d4a6028830caff9ee44b42d32ed\",\"name\":\"Telinha\",\"image\":{\"@type\":\"ImageObject\",\"inLanguage\":\"pt-PT\",\"@id\":\"https:\/\/portaltela.pt\/s.01k8rhncp4jt1\/2025\/11\/talking-bot-125x125.png\",\"url\":\"https:\/\/portaltela.pt\/s.01k8rhncp4jt1\/2025\/11\/talking-bot-125x125.png\",\"contentUrl\":\"https:\/\/portaltela.pt\/s.01k8rhncp4jt1\/2025\/11\/talking-bot-125x125.png\",\"caption\":\"Telinha\"},\"sameAs\":[\"https:\/\/portaltela.pt\/\"],\"url\":\"https:\/\/portaltela.pt\/por\/367410592786\/\"}]}<\/script>\n<!-- \/ Yoast SEO plugin. -->","yoast_head_json":{"title":"As not\u00edcias das 19h: principais destaques do dia - Portal Tela Portugal","robots":{"index":"index","follow":"follow","max-snippet":"max-snippet:-1","max-image-preview":"max-image-preview:large","max-video-preview":"max-video-preview:-1"},"og_locale":"pt_PT","og_type":"article","og_title":"As not\u00edcias das 19h: principais destaques do dia - Portal Tela Portugal","og_description":"Auditoria interna do Instituto Nacional de Emerg\u00eancia M\u00e9dica (INEM) \u00e0 chamada do utente que morreu. IGAS (Instituto da Gest\u00e3o e Avalia\u00e7\u00e3o em Sa\u00fade) abre inqu\u00e9rito \u00e0 morte no Seixal. Caso vai ser investigado pela IGAS. Liga Bombeiros Portugueses re\u00fane-se amanh\u00e3 com INEM. Cotrim reconhece culpa da ministra da Sa\u00fade.","og_url":"https:\/\/portaltela.pt\/noticias\/2026\/01\/06\/as-noticias-das-19h-principais-destaques-do-dia\/","og_site_name":"Portal Tela Portugal","article_published_time":"2026-01-07T00:00:00+00:00","author":"Telinha","twitter_card":"summary_large_image","twitter_misc":{"Escrito por":"Telinha","Tempo estimado de leitura":"1 minuto"},"schema":{"@context":"https:\/\/schema.org","@graph":[{"@type":"Article","@id":"https:\/\/portaltela.pt\/noticias\/2026\/01\/06\/as-noticias-das-19h-principais-destaques-do-dia\/#article","isPartOf":{"@id":"https:\/\/portaltela.pt\/noticias\/2026\/01\/06\/as-noticias-das-19h-principais-destaques-do-dia\/"},"author":{"name":"Telinha","@id":"https:\/\/portaltela.pt\/#\/schema\/person\/c4278d4a6028830caff9ee44b42d32ed"},"headline":"As not\u00edcias das 19h: principais destaques do dia","datePublished":"2026-01-07T00:00:00+00:00","mainEntityOfPage":{"@id":"https:\/\/portaltela.pt\/noticias\/2026\/01\/06\/as-noticias-das-19h-principais-destaques-do-dia\/"},"wordCount":273,"image":{"@id":"https:\/\/portaltela.pt\/noticias\/2026\/01\/06\/as-noticias-das-19h-principais-destaques-do-dia\/#primaryimage"},"thumbnailUrl":"https:\/\/portaltela.pt\/s.01k8rhncp4jt1\/2026\/01\/770-podcast-noticiario-93.jpg","keywords":["administra\u00e7\u00e3o p\u00fablica","emerg\u00eancias","investiga\u00e7\u00e3o","Liga dos Bombeiros Portugueses","sa\u00fade p\u00fablica","seguran\u00e7a p\u00fablica"],"articleSection":["Not\u00edcias"],"inLanguage":"pt-PT"},{"@type":"WebPage","@id":"https:\/\/portaltela.pt\/noticias\/2026\/01\/06\/as-noticias-das-19h-principais-destaques-do-dia\/","url":"https:\/\/portaltela.pt\/noticias\/2026\/01\/06\/as-noticias-das-19h-principais-destaques-do-dia\/","name":"As not\u00edcias das 19h: principais destaques do dia - Portal Tela Portugal","isPartOf":{"@id":"https:\/\/portaltela.pt\/#website"},"primaryImageOfPage":{"@id":"https:\/\/portaltela.pt\/noticias\/2026\/01\/06\/as-noticias-das-19h-principais-destaques-do-dia\/#primaryimage"},"image":{"@id":"https:\/\/portaltela.pt\/noticias\/2026\/01\/06\/as-noticias-das-19h-principais-destaques-do-dia\/#primaryimage"},"thumbnailUrl":"https:\/\/portaltela.pt\/s.01k8rhncp4jt1\/2026\/01\/770-podcast-noticiario-93.jpg","datePublished":"2026-01-07T00:00:00+00:00","author":{"@id":"https:\/\/portaltela.pt\/#\/schema\/person\/c4278d4a6028830caff9ee44b42d32ed"},"breadcrumb":{"@id":"https:\/\/portaltela.pt\/noticias\/2026\/01\/06\/as-noticias-das-19h-principais-destaques-do-dia\/#breadcrumb"},"inLanguage":"pt-PT","potentialAction":[{"@type":"ReadAction","target":["https:\/\/portaltela.pt\/noticias\/2026\/01\/06\/as-noticias-das-19h-principais-destaques-do-dia\/"]}]},{"@type":"ImageObject","inLanguage":"pt-PT","@id":"https:\/\/portaltela.pt\/noticias\/2026\/01\/06\/as-noticias-das-19h-principais-destaques-do-dia\/#primaryimage","url":"https:\/\/portaltela.pt\/s.01k8rhncp4jt1\/2026\/01\/770-podcast-noticiario-93.jpg","contentUrl":"https:\/\/portaltela.pt\/s.01k8rhncp4jt1\/2026\/01\/770-podcast-noticiario-93.jpg","width":796,"height":448,"caption":"Capa do programa"},{"@type":"BreadcrumbList","@id":"https:\/\/portaltela.pt\/noticias\/2026\/01\/06\/as-noticias-das-19h-principais-destaques-do-dia\/#breadcrumb","itemListElement":[{"@type":"ListItem","position":1,"name":"In\u00edcio","item":"https:\/\/portaltela.pt\/"},{"@type":"ListItem","position":2,"name":"As not\u00edcias das 19h: principais destaques do dia"}]},{"@type":"WebSite","@id":"https:\/\/portaltela.pt\/#website","url":"https:\/\/portaltela.pt\/","name":"Portal Tela Portugal","description":"","potentialAction":[{"@type":"SearchAction","target":{"@type":"EntryPoint","urlTemplate":"https:\/\/portaltela.pt\/?s={search_term_string}"},"query-input":{"@type":"PropertyValueSpecification","valueRequired":true,"valueName":"search_term_string"}}],"inLanguage":"pt-PT"},{"@type":"Person","@id":"https:\/\/portaltela.pt\/#\/schema\/person\/c4278d4a6028830caff9ee44b42d32ed","name":"Telinha","image":{"@type":"ImageObject","inLanguage":"pt-PT","@id":"https:\/\/portaltela.pt\/s.01k8rhncp4jt1\/2025\/11\/talking-bot-125x125.png","url":"https:\/\/portaltela.pt\/s.01k8rhncp4jt1\/2025\/11\/talking-bot-125x125.png","contentUrl":"https:\/\/portaltela.pt\/s.01k8rhncp4jt1\/2025\/11\/talking-bot-125x125.png","caption":"Telinha"},"sameAs":["https:\/\/portaltela.pt\/"],"url":"https:\/\/portaltela.pt\/por\/367410592786\/"}]}},"_links":{"self":[{"href":"https:\/\/portaltela.pt\/api\/wp\/v2\/posts\/124393","targetHints":{"allow":["GET"]}}],"collection":[{"href":"https:\/\/portaltela.pt\/api\/wp\/v2\/posts"}],"about":[{"href":"https:\/\/portaltela.pt\/api\/wp\/v2\/types\/post"}],"author":[{"embeddable":true,"href":"https:\/\/portaltela.pt\/api\/wp\/v2\/users\/2"}],"replies":[{"embeddable":true,"href":"https:\/\/portaltela.pt\/api\/wp\/v2\/comments?post=124393"}],"version-history":[{"count":0,"href":"https:\/\/portaltela.pt\/api\/wp\/v2\/posts\/124393\/revisions"}],"wp:featuredmedia":[{"embeddable":true,"href":"https:\/\/portaltela.pt\/api\/wp\/v2\/media\/124399"}],"wp:attachment":[{"href":"https:\/\/portaltela.pt\/api\/wp\/v2\/media?parent=124393"}],"wp:term":[{"taxonomy":"category","embeddable":true,"href":"https:\/\/portaltela.pt\/api\/wp\/v2\/categories?post=124393"},{"taxonomy":"post_tag","embeddable":true,"href":"https:\/\/portaltela.pt\/api\/wp\/v2\/tags?post=124393"}],"curies":[{"name":"wp","href":"https:\/\/api.w.org\/{rel}","templated":true}]}}