{"id":124367,"date":"2026-01-07T15:48:00","date_gmt":"2026-01-07T18:48:00","guid":{"rendered":"https:\/\/portaltela.pt\/noticias\/2026\/01\/07\/cotrim-pedia-ao-pm-a-saida-da-ministra-sem-birras\/"},"modified":"2026-01-07T15:48:00","modified_gmt":"2026-01-07T18:48:00","slug":"cotrim-pedia-ao-pm-a-saida-da-ministra-sem-birras","status":"publish","type":"post","link":"https:\/\/portaltela.pt\/noticias\/politica\/2026\/01\/07\/cotrim-pedia-ao-pm-a-saida-da-ministra-sem-birras\/","title":{"rendered":"Cotrim pedia ao PM a sa\u00edda da ministra, sem birras"},"content":{"rendered":"<p>Jo\u00e3o Cotrim de Figueiredo afirmou esta tarde, em Pedr\u00f3g\u00e3o Grande, que, se fosse Presidente, chamaria o primeiro-ministro Bel\u00e9m e pediria a demiss\u00e3o da ministra da Sa\u00fade numa conversa particular. Se o PM n\u00e3o aceitasse, n\u00e3o anunciaria medidas adicionais, lembrando que a Constitui\u00e7\u00e3o n\u00e3o lhe confere poderes executivos.<\/p>\n<p>O ex-l\u00edder da Iniciativa Liberal explicou que o poder de contrapeso pode existir, mas tem custos. Afirmou que exagerar com uma press\u00e3o n\u00e3o resultaria em \u201cbirra\u201d oficial, mantendo-se dentro das compet\u00eancias constitucionais do Presidente.<\/p>\n<p>Cotrim de Figueiredo criticou a atua\u00e7\u00e3o da ministra Ana Paula Martins, considerando-a uma mistura de desleixo profissional e inconsc\u00eancia pol\u00edtica. Disse que a gest\u00e3o de recursos, como a disponibiliza\u00e7\u00e3o de ambul\u00e2ncias, n\u00e3o corresponde \u00e0 necessidade atual de resposta.<\/p>\n<h3>Diverg\u00eancia sobre aliados pol\u00edticos e reformas<\/h3>\n<p>Ainda em Pedr\u00f3g\u00e3o Grande, o eurodeputado Liberal indicou que Marques Mendes n\u00e3o seria o melhor parceiro de governo para reformas. Alegou que, se o Governo quiser reformas, pode encontrar nele um aliado mais est\u00e1vel do que em outros candidatos.<\/p>\n<p>Horas depois, o candidato refor\u00e7ou o argumento, comparando promessas eleitorais. Questionou qual candidato destacou-se na defesa de um pacote laborais sem hesita\u00e7\u00f5es, sugerindo que o seu perfil \u00e9 mais pr\u00f3ximo do governo que pretende reformas.<\/p>\n<p>Neste mesmo dia, Cotrim de Figueiredo lan\u00e7ou um apelo ao eleitorado j\u00e1 pr\u00f3ximo de Montenegro, sinalizando disposi\u00e7\u00e3o de colaborar com o governo, desde que haja alinhamento em pol\u00edticas de reforma. Garantiu acatar decis\u00f5es do primeiro-ministro sem condicionar o processo.<\/p>\n<h3>Sobre o debate e a atua\u00e7\u00e3o institucional<\/h3>\n<p>O ex-presidente da Iniciativa Liberal acompanhou o debate entre Gouveia e Melo e Marques Mendes e descreveu o momento como tenso. Manifestou o desejo de debates mais focados em propostas concretas para o cargo de Presidente.<\/p>\n<p>A pedido, recomendou \u00e0 Procuradoria-Geral da Rep\u00fablica que esclare\u00e7a rapidamente se existem d\u00favidas sobre contratos de Gouveia e Melo na Marinha, insinuando que a investiga\u00e7\u00e3o pode influenciar o cen\u00e1rio pol\u00edtico.<\/p>\n<p>Cotrim de Figueiredo encerrou a interven\u00e7\u00e3o ap\u00f3s visitar o memorial de Souto Moura, em Souto Moura, para homenagear v\u00edtimas dos inc\u00eandios de Pedr\u00f3g\u00e3o Grande. Disse que, embora apoie a gest\u00e3o p\u00fablica, entendeu que os recursos do memorial deveriam ter sido direcionados a revitalizar o territ\u00f3rio.<\/p>\n","protected":false},"excerpt":{"rendered":"<ul>\n<li>Cotrim de Figueiredo disse que, se fosse Presidente, chamaria o primeiro-ministro Montenegro a Bel\u00e9m para recomendar a demiss\u00e3o da ministra da Sa\u00fade; se n\u00e3o fosse atendido, n\u00e3o faria birra, respeitando a Constitui\u00e7\u00e3o.<\/li>\n<li>Considera o caso de Ana Paula Martins uma mistura de falta de dilig\u00eancia profissional e inconsc\u00eancia sobre as propor\u00e7\u00f5es pol\u00edticas, criticando a ideia de que 100 ambul\u00e2ncias fariam diferen\u00e7a.<\/li>\n<li>Em Pedr\u00f3g\u00e3o Grande, afirmou que Marques Mendes n\u00e3o \u00e9 o candidato com quem o Governo de Montenegro melhor conviveria, apresentando-se como aliado mais fi\u00e1vel para reformas.<\/li>\n<li>Afirmou que foi o \u00fanico candidato a dizer, sem hesita\u00e7\u00f5es, que promulgaria o pacote laboral, sugerindo que esse candidato est\u00e1 mais pr\u00f3ximo do Governo para levar adiante reformas.<\/li>\n<li>Pediu \u00e0 Procuradoria-Geral da Rep\u00fablica que explique rapidamente se h\u00e1 mat\u00e9ria para d\u00favidas sobre o comportamento de um dos candidatos, e falou ap\u00f3s a visita ao memorial de Souto Moura, destacando o gasto de tr\u00eas milh\u00f5es de euros e a necessidade de prepara\u00e7\u00e3o do Estado para inc\u00eandios em janeiro.<\/li>\n<\/ul>\n","protected":false},"author":2,"featured_media":124371,"comment_status":"closed","ping_status":"closed","sticky":false,"template":"","format":"standard","meta":{"footnotes":""},"categories":[1,5],"tags":[2209,34,1482,215,2269,229],"class_list":["post-124367","post","type-post","status-publish","format-standard","has-post-thumbnail","hentry","category-noticias","category-politica","tag-ana-paula-martins","tag-governo","tag-iniciativa-liberal","tag-investigacao","tag-marinha-portuguesa","tag-politica-publica"],"yoast_head":"<!-- This site is optimized with the Yoast SEO plugin v27.2 - https:\/\/yoast.com\/product\/yoast-seo-wordpress\/ -->\n<title>Cotrim pedia ao PM a sa\u00edda da ministra, sem birras - Portal Tela Portugal<\/title>\n<meta name=\"robots\" content=\"index, follow, max-snippet:-1, max-image-preview:large, max-video-preview:-1\" \/>\n<meta property=\"og:locale\" content=\"pt_PT\" \/>\n<meta property=\"og:type\" content=\"article\" \/>\n<meta property=\"og:title\" content=\"Cotrim pedia ao PM a sa\u00edda da ministra, sem birras - Portal Tela Portugal\" \/>\n<meta property=\"og:description\" content=\"Cotrim de Figueiredo disse que, se fosse Presidente, chamaria o primeiro-ministro Montenegro a Bel\u00e9m para recomendar a demiss\u00e3o da ministra da Sa\u00fade; se n\u00e3o fosse atendido, n\u00e3o faria birra, respeitando a Constitui\u00e7\u00e3o. Considera o caso de Ana Paula Martins uma mistura de falta de dilig\u00eancia profissional e inconsc\u00eancia sobre as propor\u00e7\u00f5es pol\u00edticas, criticando a ideia de que 100 ambul\u00e2ncias fariam diferen\u00e7a. Em Pedr\u00f3g\u00e3o Grande, afirmou que Marques Mendes n\u00e3o \u00e9 o candidato com quem o Governo de Montenegro melhor conviveria, apresentando-se como aliado mais fi\u00e1vel para reformas. Afirmou que foi o \u00fanico candidato a dizer, sem hesita\u00e7\u00f5es, que promulgaria o pacote laboral, sugerindo que esse candidato est\u00e1 mais pr\u00f3ximo do Governo para levar adiante reformas. Pediu \u00e0 Procuradoria-Geral da Rep\u00fablica que explique rapidamente se h\u00e1 mat\u00e9ria para d\u00favidas sobre o comportamento de um dos candidatos, e falou ap\u00f3s a visita ao memorial de Souto Moura, destacando o gasto de tr\u00eas milh\u00f5es de euros e a necessidade de prepara\u00e7\u00e3o do Estado para inc\u00eandios em janeiro.\" \/>\n<meta property=\"og:url\" content=\"https:\/\/portaltela.pt\/noticias\/2026\/01\/07\/cotrim-pedia-ao-pm-a-saida-da-ministra-sem-birras\/\" \/>\n<meta property=\"og:site_name\" content=\"Portal Tela Portugal\" \/>\n<meta property=\"article:published_time\" content=\"2026-01-07T18:48:00+00:00\" \/>\n<meta name=\"author\" content=\"Telinha\" \/>\n<meta name=\"twitter:card\" content=\"summary_large_image\" \/>\n<meta name=\"twitter:label1\" content=\"Escrito por\" \/>\n\t<meta name=\"twitter:data1\" content=\"Telinha\" \/>\n\t<meta name=\"twitter:label2\" content=\"Tempo estimado de leitura\" \/>\n\t<meta name=\"twitter:data2\" content=\"2 minutos\" \/>\n<script type=\"application\/ld+json\" class=\"yoast-schema-graph\">{\"@context\":\"https:\/\/schema.org\",\"@graph\":[{\"@type\":\"Article\",\"@id\":\"https:\/\/portaltela.pt\/noticias\/2026\/01\/07\/cotrim-pedia-ao-pm-a-saida-da-ministra-sem-birras\/#article\",\"isPartOf\":{\"@id\":\"https:\/\/portaltela.pt\/noticias\/2026\/01\/07\/cotrim-pedia-ao-pm-a-saida-da-ministra-sem-birras\/\"},\"author\":{\"name\":\"Telinha\",\"@id\":\"https:\/\/portaltela.pt\/#\/schema\/person\/c4278d4a6028830caff9ee44b42d32ed\"},\"headline\":\"Cotrim pedia ao PM a sa\u00edda da ministra, sem birras\",\"datePublished\":\"2026-01-07T18:48:00+00:00\",\"mainEntityOfPage\":{\"@id\":\"https:\/\/portaltela.pt\/noticias\/2026\/01\/07\/cotrim-pedia-ao-pm-a-saida-da-ministra-sem-birras\/\"},\"wordCount\":415,\"image\":{\"@id\":\"https:\/\/portaltela.pt\/noticias\/2026\/01\/07\/cotrim-pedia-ao-pm-a-saida-da-ministra-sem-birras\/#primaryimage\"},\"thumbnailUrl\":\"https:\/\/portaltela.pt\/s.01k8rhncp4jt1\/2026\/01\/unnamed-file-1461.jpg\",\"keywords\":[\"Ana Paula Martins\",\"governo\",\"Iniciativa Liberal\",\"investiga\u00e7\u00e3o\",\"Marinha Portuguesa\",\"pol\u00edtica p\u00fablica\"],\"articleSection\":[\"Not\u00edcias\",\"Pol\u00edtica\"],\"inLanguage\":\"pt-PT\"},{\"@type\":\"WebPage\",\"@id\":\"https:\/\/portaltela.pt\/noticias\/2026\/01\/07\/cotrim-pedia-ao-pm-a-saida-da-ministra-sem-birras\/\",\"url\":\"https:\/\/portaltela.pt\/noticias\/2026\/01\/07\/cotrim-pedia-ao-pm-a-saida-da-ministra-sem-birras\/\",\"name\":\"Cotrim pedia ao PM a sa\u00edda da ministra, sem birras - Portal Tela Portugal\",\"isPartOf\":{\"@id\":\"https:\/\/portaltela.pt\/#website\"},\"primaryImageOfPage\":{\"@id\":\"https:\/\/portaltela.pt\/noticias\/2026\/01\/07\/cotrim-pedia-ao-pm-a-saida-da-ministra-sem-birras\/#primaryimage\"},\"image\":{\"@id\":\"https:\/\/portaltela.pt\/noticias\/2026\/01\/07\/cotrim-pedia-ao-pm-a-saida-da-ministra-sem-birras\/#primaryimage\"},\"thumbnailUrl\":\"https:\/\/portaltela.pt\/s.01k8rhncp4jt1\/2026\/01\/unnamed-file-1461.jpg\",\"datePublished\":\"2026-01-07T18:48:00+00:00\",\"author\":{\"@id\":\"https:\/\/portaltela.pt\/#\/schema\/person\/c4278d4a6028830caff9ee44b42d32ed\"},\"breadcrumb\":{\"@id\":\"https:\/\/portaltela.pt\/noticias\/2026\/01\/07\/cotrim-pedia-ao-pm-a-saida-da-ministra-sem-birras\/#breadcrumb\"},\"inLanguage\":\"pt-PT\",\"potentialAction\":[{\"@type\":\"ReadAction\",\"target\":[\"https:\/\/portaltela.pt\/noticias\/2026\/01\/07\/cotrim-pedia-ao-pm-a-saida-da-ministra-sem-birras\/\"]}]},{\"@type\":\"ImageObject\",\"inLanguage\":\"pt-PT\",\"@id\":\"https:\/\/portaltela.pt\/noticias\/2026\/01\/07\/cotrim-pedia-ao-pm-a-saida-da-ministra-sem-birras\/#primaryimage\",\"url\":\"https:\/\/portaltela.pt\/s.01k8rhncp4jt1\/2026\/01\/unnamed-file-1461.jpg\",\"contentUrl\":\"https:\/\/portaltela.pt\/s.01k8rhncp4jt1\/2026\/01\/unnamed-file-1461.jpg\",\"width\":796,\"height\":448,\"caption\":\"Cotrim pedia ao PM a sa\u00edda da ministra, mas n\u00e3o fazia birras\"},{\"@type\":\"BreadcrumbList\",\"@id\":\"https:\/\/portaltela.pt\/noticias\/2026\/01\/07\/cotrim-pedia-ao-pm-a-saida-da-ministra-sem-birras\/#breadcrumb\",\"itemListElement\":[{\"@type\":\"ListItem\",\"position\":1,\"name\":\"In\u00edcio\",\"item\":\"https:\/\/portaltela.pt\/\"},{\"@type\":\"ListItem\",\"position\":2,\"name\":\"Cotrim pedia ao PM a sa\u00edda da ministra, sem birras\"}]},{\"@type\":\"WebSite\",\"@id\":\"https:\/\/portaltela.pt\/#website\",\"url\":\"https:\/\/portaltela.pt\/\",\"name\":\"Portal Tela Portugal\",\"description\":\"\",\"potentialAction\":[{\"@type\":\"SearchAction\",\"target\":{\"@type\":\"EntryPoint\",\"urlTemplate\":\"https:\/\/portaltela.pt\/?s={search_term_string}\"},\"query-input\":{\"@type\":\"PropertyValueSpecification\",\"valueRequired\":true,\"valueName\":\"search_term_string\"}}],\"inLanguage\":\"pt-PT\"},{\"@type\":\"Person\",\"@id\":\"https:\/\/portaltela.pt\/#\/schema\/person\/c4278d4a6028830caff9ee44b42d32ed\",\"name\":\"Telinha\",\"image\":{\"@type\":\"ImageObject\",\"inLanguage\":\"pt-PT\",\"@id\":\"https:\/\/portaltela.pt\/s.01k8rhncp4jt1\/2025\/11\/talking-bot-125x125.png\",\"url\":\"https:\/\/portaltela.pt\/s.01k8rhncp4jt1\/2025\/11\/talking-bot-125x125.png\",\"contentUrl\":\"https:\/\/portaltela.pt\/s.01k8rhncp4jt1\/2025\/11\/talking-bot-125x125.png\",\"caption\":\"Telinha\"},\"sameAs\":[\"https:\/\/portaltela.pt\/\"],\"url\":\"https:\/\/portaltela.pt\/por\/367410592786\/\"}]}<\/script>\n<!-- \/ Yoast SEO plugin. -->","yoast_head_json":{"title":"Cotrim pedia ao PM a sa\u00edda da ministra, sem birras - Portal Tela Portugal","robots":{"index":"index","follow":"follow","max-snippet":"max-snippet:-1","max-image-preview":"max-image-preview:large","max-video-preview":"max-video-preview:-1"},"og_locale":"pt_PT","og_type":"article","og_title":"Cotrim pedia ao PM a sa\u00edda da ministra, sem birras - Portal Tela Portugal","og_description":"Cotrim de Figueiredo disse que, se fosse Presidente, chamaria o primeiro-ministro Montenegro a Bel\u00e9m para recomendar a demiss\u00e3o da ministra da Sa\u00fade; se n\u00e3o fosse atendido, n\u00e3o faria birra, respeitando a Constitui\u00e7\u00e3o. Considera o caso de Ana Paula Martins uma mistura de falta de dilig\u00eancia profissional e inconsc\u00eancia sobre as propor\u00e7\u00f5es pol\u00edticas, criticando a ideia de que 100 ambul\u00e2ncias fariam diferen\u00e7a. Em Pedr\u00f3g\u00e3o Grande, afirmou que Marques Mendes n\u00e3o \u00e9 o candidato com quem o Governo de Montenegro melhor conviveria, apresentando-se como aliado mais fi\u00e1vel para reformas. Afirmou que foi o \u00fanico candidato a dizer, sem hesita\u00e7\u00f5es, que promulgaria o pacote laboral, sugerindo que esse candidato est\u00e1 mais pr\u00f3ximo do Governo para levar adiante reformas. Pediu \u00e0 Procuradoria-Geral da Rep\u00fablica que explique rapidamente se h\u00e1 mat\u00e9ria para d\u00favidas sobre o comportamento de um dos candidatos, e falou ap\u00f3s a visita ao memorial de Souto Moura, destacando o gasto de tr\u00eas milh\u00f5es de euros e a necessidade de prepara\u00e7\u00e3o do Estado para inc\u00eandios em janeiro.","og_url":"https:\/\/portaltela.pt\/noticias\/2026\/01\/07\/cotrim-pedia-ao-pm-a-saida-da-ministra-sem-birras\/","og_site_name":"Portal Tela Portugal","article_published_time":"2026-01-07T18:48:00+00:00","author":"Telinha","twitter_card":"summary_large_image","twitter_misc":{"Escrito por":"Telinha","Tempo estimado de leitura":"2 minutos"},"schema":{"@context":"https:\/\/schema.org","@graph":[{"@type":"Article","@id":"https:\/\/portaltela.pt\/noticias\/2026\/01\/07\/cotrim-pedia-ao-pm-a-saida-da-ministra-sem-birras\/#article","isPartOf":{"@id":"https:\/\/portaltela.pt\/noticias\/2026\/01\/07\/cotrim-pedia-ao-pm-a-saida-da-ministra-sem-birras\/"},"author":{"name":"Telinha","@id":"https:\/\/portaltela.pt\/#\/schema\/person\/c4278d4a6028830caff9ee44b42d32ed"},"headline":"Cotrim pedia ao PM a sa\u00edda da ministra, sem birras","datePublished":"2026-01-07T18:48:00+00:00","mainEntityOfPage":{"@id":"https:\/\/portaltela.pt\/noticias\/2026\/01\/07\/cotrim-pedia-ao-pm-a-saida-da-ministra-sem-birras\/"},"wordCount":415,"image":{"@id":"https:\/\/portaltela.pt\/noticias\/2026\/01\/07\/cotrim-pedia-ao-pm-a-saida-da-ministra-sem-birras\/#primaryimage"},"thumbnailUrl":"https:\/\/portaltela.pt\/s.01k8rhncp4jt1\/2026\/01\/unnamed-file-1461.jpg","keywords":["Ana Paula Martins","governo","Iniciativa Liberal","investiga\u00e7\u00e3o","Marinha Portuguesa","pol\u00edtica p\u00fablica"],"articleSection":["Not\u00edcias","Pol\u00edtica"],"inLanguage":"pt-PT"},{"@type":"WebPage","@id":"https:\/\/portaltela.pt\/noticias\/2026\/01\/07\/cotrim-pedia-ao-pm-a-saida-da-ministra-sem-birras\/","url":"https:\/\/portaltela.pt\/noticias\/2026\/01\/07\/cotrim-pedia-ao-pm-a-saida-da-ministra-sem-birras\/","name":"Cotrim pedia ao PM a sa\u00edda da ministra, sem birras - Portal Tela Portugal","isPartOf":{"@id":"https:\/\/portaltela.pt\/#website"},"primaryImageOfPage":{"@id":"https:\/\/portaltela.pt\/noticias\/2026\/01\/07\/cotrim-pedia-ao-pm-a-saida-da-ministra-sem-birras\/#primaryimage"},"image":{"@id":"https:\/\/portaltela.pt\/noticias\/2026\/01\/07\/cotrim-pedia-ao-pm-a-saida-da-ministra-sem-birras\/#primaryimage"},"thumbnailUrl":"https:\/\/portaltela.pt\/s.01k8rhncp4jt1\/2026\/01\/unnamed-file-1461.jpg","datePublished":"2026-01-07T18:48:00+00:00","author":{"@id":"https:\/\/portaltela.pt\/#\/schema\/person\/c4278d4a6028830caff9ee44b42d32ed"},"breadcrumb":{"@id":"https:\/\/portaltela.pt\/noticias\/2026\/01\/07\/cotrim-pedia-ao-pm-a-saida-da-ministra-sem-birras\/#breadcrumb"},"inLanguage":"pt-PT","potentialAction":[{"@type":"ReadAction","target":["https:\/\/portaltela.pt\/noticias\/2026\/01\/07\/cotrim-pedia-ao-pm-a-saida-da-ministra-sem-birras\/"]}]},{"@type":"ImageObject","inLanguage":"pt-PT","@id":"https:\/\/portaltela.pt\/noticias\/2026\/01\/07\/cotrim-pedia-ao-pm-a-saida-da-ministra-sem-birras\/#primaryimage","url":"https:\/\/portaltela.pt\/s.01k8rhncp4jt1\/2026\/01\/unnamed-file-1461.jpg","contentUrl":"https:\/\/portaltela.pt\/s.01k8rhncp4jt1\/2026\/01\/unnamed-file-1461.jpg","width":796,"height":448,"caption":"Cotrim pedia ao PM a sa\u00edda da ministra, mas n\u00e3o fazia birras"},{"@type":"BreadcrumbList","@id":"https:\/\/portaltela.pt\/noticias\/2026\/01\/07\/cotrim-pedia-ao-pm-a-saida-da-ministra-sem-birras\/#breadcrumb","itemListElement":[{"@type":"ListItem","position":1,"name":"In\u00edcio","item":"https:\/\/portaltela.pt\/"},{"@type":"ListItem","position":2,"name":"Cotrim pedia ao PM a sa\u00edda da ministra, sem birras"}]},{"@type":"WebSite","@id":"https:\/\/portaltela.pt\/#website","url":"https:\/\/portaltela.pt\/","name":"Portal Tela Portugal","description":"","potentialAction":[{"@type":"SearchAction","target":{"@type":"EntryPoint","urlTemplate":"https:\/\/portaltela.pt\/?s={search_term_string}"},"query-input":{"@type":"PropertyValueSpecification","valueRequired":true,"valueName":"search_term_string"}}],"inLanguage":"pt-PT"},{"@type":"Person","@id":"https:\/\/portaltela.pt\/#\/schema\/person\/c4278d4a6028830caff9ee44b42d32ed","name":"Telinha","image":{"@type":"ImageObject","inLanguage":"pt-PT","@id":"https:\/\/portaltela.pt\/s.01k8rhncp4jt1\/2025\/11\/talking-bot-125x125.png","url":"https:\/\/portaltela.pt\/s.01k8rhncp4jt1\/2025\/11\/talking-bot-125x125.png","contentUrl":"https:\/\/portaltela.pt\/s.01k8rhncp4jt1\/2025\/11\/talking-bot-125x125.png","caption":"Telinha"},"sameAs":["https:\/\/portaltela.pt\/"],"url":"https:\/\/portaltela.pt\/por\/367410592786\/"}]}},"_links":{"self":[{"href":"https:\/\/portaltela.pt\/api\/wp\/v2\/posts\/124367","targetHints":{"allow":["GET"]}}],"collection":[{"href":"https:\/\/portaltela.pt\/api\/wp\/v2\/posts"}],"about":[{"href":"https:\/\/portaltela.pt\/api\/wp\/v2\/types\/post"}],"author":[{"embeddable":true,"href":"https:\/\/portaltela.pt\/api\/wp\/v2\/users\/2"}],"replies":[{"embeddable":true,"href":"https:\/\/portaltela.pt\/api\/wp\/v2\/comments?post=124367"}],"version-history":[{"count":0,"href":"https:\/\/portaltela.pt\/api\/wp\/v2\/posts\/124367\/revisions"}],"wp:featuredmedia":[{"embeddable":true,"href":"https:\/\/portaltela.pt\/api\/wp\/v2\/media\/124371"}],"wp:attachment":[{"href":"https:\/\/portaltela.pt\/api\/wp\/v2\/media?parent=124367"}],"wp:term":[{"taxonomy":"category","embeddable":true,"href":"https:\/\/portaltela.pt\/api\/wp\/v2\/categories?post=124367"},{"taxonomy":"post_tag","embeddable":true,"href":"https:\/\/portaltela.pt\/api\/wp\/v2\/tags?post=124367"}],"curies":[{"name":"wp","href":"https:\/\/api.w.org\/{rel}","templated":true}]}}