{"id":124320,"date":"2026-01-07T16:09:00","date_gmt":"2026-01-07T19:09:00","guid":{"rendered":"https:\/\/portaltela.pt\/noticias\/2026\/01\/07\/lei-do-confisco-pode-afetar-qualquer-um-de-nos-alerta-especialistas\/"},"modified":"2026-01-07T16:09:00","modified_gmt":"2026-01-07T19:09:00","slug":"lei-do-confisco-pode-afetar-qualquer-um-de-nos-alerta-especialistas","status":"publish","type":"post","link":"https:\/\/portaltela.pt\/noticias\/2026\/01\/07\/lei-do-confisco-pode-afetar-qualquer-um-de-nos-alerta-especialistas\/","title":{"rendered":"Lei do confisco pode afetar qualquer um de n\u00f3s, alerta especialistas"},"content":{"rendered":"<p>O baston\u00e1rio dos advogados avisou esta quarta-feira que altera\u00e7\u00f5es na lei, pensadas para processos medi\u00e1ticos, podem tamb\u00e9m afetar o cidad\u00e3o comum. A Ordem est\u00e1 a preparar uma contraproposta \u00e0 iniciativa do Governo sobre o confisco de bens.<\/p>\n<p>Jo\u00e3o Massano sublinhou que, em casos de divulga\u00e7\u00e3o medi\u00e1tica, \u00e9 preciso considerar que as medidas podem vir a alcan\u00e7ar pessoas fora de processos de grande notoriedade. O objetivo \u00e9 evitar impactos nos direitos de defesa.<\/p>\n<p>A revis\u00e3o em curso, proposta pelo Governo, amplia a perda alargada de bens e permite que estes sejam vendidos rapidamente ou revertidos ao Estado, inclusive em situa\u00e7\u00f5es de morte ou prescri\u00e7\u00e3o. O diploma j\u00e1 foi aprovado em Conselho de Ministros e seguir\u00e1 para discuss\u00e3o na Assembleia da Rep\u00fablica.<\/p>\n<h3>Propostas em debate<\/h3>\n<p>Massano confirmou que a Ordem est\u00e1 a preparar propostas espec\u00edficas para este tema, com grupos de trabalho a funcionar entre fevereiro e mar\u00e7o. O baston\u00e1rio indicou que o convite para participar j\u00e1 foi aceite por representantes do PSD, Chega e PS, entre outras for\u00e7as pol\u00edticas.<\/p>\n","protected":false},"excerpt":{"rendered":"<ul>\n<li>O baston\u00e1rio dos advogados advertiu que mudan\u00e7as na lei de confisco de bens, pensadas para casos medi\u00e1ticos, podem tamb\u00e9m afetar o cidad\u00e3o comum.<\/li>\n<li>A Ordem est\u00e1 a preparar uma contraproposta \u00e0 iniciativa legislativa do Governo sobre o confisco de bens, com preocupa\u00e7\u00e3o sobre poss\u00edveis perdas de direitos de defesa.<\/li>\n<li>O diploma foi aprovado em Conselho de Ministros a 11 de dezembro e ser\u00e1 debatido na Assembleia da Rep\u00fablica.<\/li>\n<li>Massano disse que, em fevereiro ou mar\u00e7o, devem estar em funcionamento grupos de trabalho com for\u00e7as partid\u00e1rias para avan\u00e7ar propostas.<\/li>\n<li>O convite para colaborar foi aceite por PSD, Chega e PS.<\/li>\n<\/ul>\n","protected":false},"author":2,"featured_media":124334,"comment_status":"closed","ping_status":"closed","sticky":false,"template":"","format":"standard","meta":{"footnotes":""},"categories":[1],"tags":[1428,34,803,43,1732,133],"class_list":["post-124320","post","type-post","status-publish","format-standard","has-post-thumbnail","hentry","category-noticias","tag-direitos-publicos","tag-governo","tag-justica","tag-leis","tag-partidos","tag-politicas-publicas"],"yoast_head":"<!-- This site is optimized with the Yoast SEO plugin v27.2 - https:\/\/yoast.com\/product\/yoast-seo-wordpress\/ -->\n<title>Lei do confisco pode afetar qualquer um de n\u00f3s, alerta especialistas - Portal Tela Portugal<\/title>\n<meta name=\"robots\" content=\"index, follow, max-snippet:-1, max-image-preview:large, max-video-preview:-1\" \/>\n<meta property=\"og:locale\" content=\"pt_PT\" \/>\n<meta property=\"og:type\" content=\"article\" \/>\n<meta property=\"og:title\" content=\"Lei do confisco pode afetar qualquer um de n\u00f3s, alerta especialistas - Portal Tela Portugal\" \/>\n<meta property=\"og:description\" content=\"O baston\u00e1rio dos advogados advertiu que mudan\u00e7as na lei de confisco de bens, pensadas para casos medi\u00e1ticos, podem tamb\u00e9m afetar o cidad\u00e3o comum. A Ordem est\u00e1 a preparar uma contraproposta \u00e0 iniciativa legislativa do Governo sobre o confisco de bens, com preocupa\u00e7\u00e3o sobre poss\u00edveis perdas de direitos de defesa. O diploma foi aprovado em Conselho de Ministros a 11 de dezembro e ser\u00e1 debatido na Assembleia da Rep\u00fablica. Massano disse que, em fevereiro ou mar\u00e7o, devem estar em funcionamento grupos de trabalho com for\u00e7as partid\u00e1rias para avan\u00e7ar propostas. O convite para colaborar foi aceite por PSD, Chega e PS.\" \/>\n<meta property=\"og:url\" content=\"https:\/\/portaltela.pt\/noticias\/2026\/01\/07\/lei-do-confisco-pode-afetar-qualquer-um-de-nos-alerta-especialistas\/\" \/>\n<meta property=\"og:site_name\" content=\"Portal Tela Portugal\" \/>\n<meta property=\"article:published_time\" content=\"2026-01-07T19:09:00+00:00\" \/>\n<meta name=\"author\" content=\"Telinha\" \/>\n<meta name=\"twitter:card\" content=\"summary_large_image\" \/>\n<meta name=\"twitter:label1\" content=\"Escrito por\" \/>\n\t<meta name=\"twitter:data1\" content=\"Telinha\" \/>\n\t<meta name=\"twitter:label2\" content=\"Tempo estimado de leitura\" \/>\n\t<meta name=\"twitter:data2\" content=\"1 minuto\" \/>\n<script type=\"application\/ld+json\" class=\"yoast-schema-graph\">{\"@context\":\"https:\/\/schema.org\",\"@graph\":[{\"@type\":\"Article\",\"@id\":\"https:\/\/portaltela.pt\/noticias\/2026\/01\/07\/lei-do-confisco-pode-afetar-qualquer-um-de-nos-alerta-especialistas\/#article\",\"isPartOf\":{\"@id\":\"https:\/\/portaltela.pt\/noticias\/2026\/01\/07\/lei-do-confisco-pode-afetar-qualquer-um-de-nos-alerta-especialistas\/\"},\"author\":{\"name\":\"Telinha\",\"@id\":\"https:\/\/portaltela.pt\/#\/schema\/person\/c4278d4a6028830caff9ee44b42d32ed\"},\"headline\":\"Lei do confisco pode afetar qualquer um de n\u00f3s, alerta especialistas\",\"datePublished\":\"2026-01-07T19:09:00+00:00\",\"mainEntityOfPage\":{\"@id\":\"https:\/\/portaltela.pt\/noticias\/2026\/01\/07\/lei-do-confisco-pode-afetar-qualquer-um-de-nos-alerta-especialistas\/\"},\"wordCount\":196,\"image\":{\"@id\":\"https:\/\/portaltela.pt\/noticias\/2026\/01\/07\/lei-do-confisco-pode-afetar-qualquer-um-de-nos-alerta-especialistas\/#primaryimage\"},\"thumbnailUrl\":\"https:\/\/portaltela.pt\/s.01k8rhncp4jt1\/2026\/01\/44780913-1.jpg\",\"keywords\":[\"direitos p\u00fablicos\",\"governo\",\"justi\u00e7a\",\"leis\",\"partidos\",\"pol\u00edticas p\u00fablicas\"],\"articleSection\":[\"Not\u00edcias\"],\"inLanguage\":\"pt-PT\"},{\"@type\":\"WebPage\",\"@id\":\"https:\/\/portaltela.pt\/noticias\/2026\/01\/07\/lei-do-confisco-pode-afetar-qualquer-um-de-nos-alerta-especialistas\/\",\"url\":\"https:\/\/portaltela.pt\/noticias\/2026\/01\/07\/lei-do-confisco-pode-afetar-qualquer-um-de-nos-alerta-especialistas\/\",\"name\":\"Lei do confisco pode afetar qualquer um de n\u00f3s, alerta especialistas - Portal Tela Portugal\",\"isPartOf\":{\"@id\":\"https:\/\/portaltela.pt\/#website\"},\"primaryImageOfPage\":{\"@id\":\"https:\/\/portaltela.pt\/noticias\/2026\/01\/07\/lei-do-confisco-pode-afetar-qualquer-um-de-nos-alerta-especialistas\/#primaryimage\"},\"image\":{\"@id\":\"https:\/\/portaltela.pt\/noticias\/2026\/01\/07\/lei-do-confisco-pode-afetar-qualquer-um-de-nos-alerta-especialistas\/#primaryimage\"},\"thumbnailUrl\":\"https:\/\/portaltela.pt\/s.01k8rhncp4jt1\/2026\/01\/44780913-1.jpg\",\"datePublished\":\"2026-01-07T19:09:00+00:00\",\"author\":{\"@id\":\"https:\/\/portaltela.pt\/#\/schema\/person\/c4278d4a6028830caff9ee44b42d32ed\"},\"breadcrumb\":{\"@id\":\"https:\/\/portaltela.pt\/noticias\/2026\/01\/07\/lei-do-confisco-pode-afetar-qualquer-um-de-nos-alerta-especialistas\/#breadcrumb\"},\"inLanguage\":\"pt-PT\",\"potentialAction\":[{\"@type\":\"ReadAction\",\"target\":[\"https:\/\/portaltela.pt\/noticias\/2026\/01\/07\/lei-do-confisco-pode-afetar-qualquer-um-de-nos-alerta-especialistas\/\"]}]},{\"@type\":\"ImageObject\",\"inLanguage\":\"pt-PT\",\"@id\":\"https:\/\/portaltela.pt\/noticias\/2026\/01\/07\/lei-do-confisco-pode-afetar-qualquer-um-de-nos-alerta-especialistas\/#primaryimage\",\"url\":\"https:\/\/portaltela.pt\/s.01k8rhncp4jt1\/2026\/01\/44780913-1.jpg\",\"contentUrl\":\"https:\/\/portaltela.pt\/s.01k8rhncp4jt1\/2026\/01\/44780913-1.jpg\",\"width\":796,\"height\":448,\"caption\":\"O novo baston\u00e1rio eleito da Ordem dos Advogados, Jo\u00e3o Massano, em entrevista \u00e0 ag\u00eancia Lusa, em Lisboa, 14 de abril de 2025. O novo baston\u00e1rio dos advogados quer instituir previsibilidade no pagamento aos advogados oficiosos, propondo a defini\u00e7\u00e3o de um calend\u00e1rio mensal, e quer nova revis\u00e3o dos Estatutos da Ordem, nomeadamente no que diz respeito ao pagamento dos est\u00e1gios. (ACOMPANHA TEXTO DA LUSA DO DIA 21 DE ABRIL DE 2025). ANT\u00d3NIO COTRIM\/LUSA\"},{\"@type\":\"BreadcrumbList\",\"@id\":\"https:\/\/portaltela.pt\/noticias\/2026\/01\/07\/lei-do-confisco-pode-afetar-qualquer-um-de-nos-alerta-especialistas\/#breadcrumb\",\"itemListElement\":[{\"@type\":\"ListItem\",\"position\":1,\"name\":\"In\u00edcio\",\"item\":\"https:\/\/portaltela.pt\/\"},{\"@type\":\"ListItem\",\"position\":2,\"name\":\"Lei do confisco pode afetar qualquer um de n\u00f3s, alerta especialistas\"}]},{\"@type\":\"WebSite\",\"@id\":\"https:\/\/portaltela.pt\/#website\",\"url\":\"https:\/\/portaltela.pt\/\",\"name\":\"Portal Tela Portugal\",\"description\":\"\",\"potentialAction\":[{\"@type\":\"SearchAction\",\"target\":{\"@type\":\"EntryPoint\",\"urlTemplate\":\"https:\/\/portaltela.pt\/?s={search_term_string}\"},\"query-input\":{\"@type\":\"PropertyValueSpecification\",\"valueRequired\":true,\"valueName\":\"search_term_string\"}}],\"inLanguage\":\"pt-PT\"},{\"@type\":\"Person\",\"@id\":\"https:\/\/portaltela.pt\/#\/schema\/person\/c4278d4a6028830caff9ee44b42d32ed\",\"name\":\"Telinha\",\"image\":{\"@type\":\"ImageObject\",\"inLanguage\":\"pt-PT\",\"@id\":\"https:\/\/portaltela.pt\/s.01k8rhncp4jt1\/2025\/11\/talking-bot-125x125.png\",\"url\":\"https:\/\/portaltela.pt\/s.01k8rhncp4jt1\/2025\/11\/talking-bot-125x125.png\",\"contentUrl\":\"https:\/\/portaltela.pt\/s.01k8rhncp4jt1\/2025\/11\/talking-bot-125x125.png\",\"caption\":\"Telinha\"},\"sameAs\":[\"https:\/\/portaltela.pt\/\"],\"url\":\"https:\/\/portaltela.pt\/por\/367410592786\/\"}]}<\/script>\n<!-- \/ Yoast SEO plugin. -->","yoast_head_json":{"title":"Lei do confisco pode afetar qualquer um de n\u00f3s, alerta especialistas - Portal Tela Portugal","robots":{"index":"index","follow":"follow","max-snippet":"max-snippet:-1","max-image-preview":"max-image-preview:large","max-video-preview":"max-video-preview:-1"},"og_locale":"pt_PT","og_type":"article","og_title":"Lei do confisco pode afetar qualquer um de n\u00f3s, alerta especialistas - Portal Tela Portugal","og_description":"O baston\u00e1rio dos advogados advertiu que mudan\u00e7as na lei de confisco de bens, pensadas para casos medi\u00e1ticos, podem tamb\u00e9m afetar o cidad\u00e3o comum. A Ordem est\u00e1 a preparar uma contraproposta \u00e0 iniciativa legislativa do Governo sobre o confisco de bens, com preocupa\u00e7\u00e3o sobre poss\u00edveis perdas de direitos de defesa. O diploma foi aprovado em Conselho de Ministros a 11 de dezembro e ser\u00e1 debatido na Assembleia da Rep\u00fablica. Massano disse que, em fevereiro ou mar\u00e7o, devem estar em funcionamento grupos de trabalho com for\u00e7as partid\u00e1rias para avan\u00e7ar propostas. O convite para colaborar foi aceite por PSD, Chega e PS.","og_url":"https:\/\/portaltela.pt\/noticias\/2026\/01\/07\/lei-do-confisco-pode-afetar-qualquer-um-de-nos-alerta-especialistas\/","og_site_name":"Portal Tela Portugal","article_published_time":"2026-01-07T19:09:00+00:00","author":"Telinha","twitter_card":"summary_large_image","twitter_misc":{"Escrito por":"Telinha","Tempo estimado de leitura":"1 minuto"},"schema":{"@context":"https:\/\/schema.org","@graph":[{"@type":"Article","@id":"https:\/\/portaltela.pt\/noticias\/2026\/01\/07\/lei-do-confisco-pode-afetar-qualquer-um-de-nos-alerta-especialistas\/#article","isPartOf":{"@id":"https:\/\/portaltela.pt\/noticias\/2026\/01\/07\/lei-do-confisco-pode-afetar-qualquer-um-de-nos-alerta-especialistas\/"},"author":{"name":"Telinha","@id":"https:\/\/portaltela.pt\/#\/schema\/person\/c4278d4a6028830caff9ee44b42d32ed"},"headline":"Lei do confisco pode afetar qualquer um de n\u00f3s, alerta especialistas","datePublished":"2026-01-07T19:09:00+00:00","mainEntityOfPage":{"@id":"https:\/\/portaltela.pt\/noticias\/2026\/01\/07\/lei-do-confisco-pode-afetar-qualquer-um-de-nos-alerta-especialistas\/"},"wordCount":196,"image":{"@id":"https:\/\/portaltela.pt\/noticias\/2026\/01\/07\/lei-do-confisco-pode-afetar-qualquer-um-de-nos-alerta-especialistas\/#primaryimage"},"thumbnailUrl":"https:\/\/portaltela.pt\/s.01k8rhncp4jt1\/2026\/01\/44780913-1.jpg","keywords":["direitos p\u00fablicos","governo","justi\u00e7a","leis","partidos","pol\u00edticas p\u00fablicas"],"articleSection":["Not\u00edcias"],"inLanguage":"pt-PT"},{"@type":"WebPage","@id":"https:\/\/portaltela.pt\/noticias\/2026\/01\/07\/lei-do-confisco-pode-afetar-qualquer-um-de-nos-alerta-especialistas\/","url":"https:\/\/portaltela.pt\/noticias\/2026\/01\/07\/lei-do-confisco-pode-afetar-qualquer-um-de-nos-alerta-especialistas\/","name":"Lei do confisco pode afetar qualquer um de n\u00f3s, alerta especialistas - Portal Tela Portugal","isPartOf":{"@id":"https:\/\/portaltela.pt\/#website"},"primaryImageOfPage":{"@id":"https:\/\/portaltela.pt\/noticias\/2026\/01\/07\/lei-do-confisco-pode-afetar-qualquer-um-de-nos-alerta-especialistas\/#primaryimage"},"image":{"@id":"https:\/\/portaltela.pt\/noticias\/2026\/01\/07\/lei-do-confisco-pode-afetar-qualquer-um-de-nos-alerta-especialistas\/#primaryimage"},"thumbnailUrl":"https:\/\/portaltela.pt\/s.01k8rhncp4jt1\/2026\/01\/44780913-1.jpg","datePublished":"2026-01-07T19:09:00+00:00","author":{"@id":"https:\/\/portaltela.pt\/#\/schema\/person\/c4278d4a6028830caff9ee44b42d32ed"},"breadcrumb":{"@id":"https:\/\/portaltela.pt\/noticias\/2026\/01\/07\/lei-do-confisco-pode-afetar-qualquer-um-de-nos-alerta-especialistas\/#breadcrumb"},"inLanguage":"pt-PT","potentialAction":[{"@type":"ReadAction","target":["https:\/\/portaltela.pt\/noticias\/2026\/01\/07\/lei-do-confisco-pode-afetar-qualquer-um-de-nos-alerta-especialistas\/"]}]},{"@type":"ImageObject","inLanguage":"pt-PT","@id":"https:\/\/portaltela.pt\/noticias\/2026\/01\/07\/lei-do-confisco-pode-afetar-qualquer-um-de-nos-alerta-especialistas\/#primaryimage","url":"https:\/\/portaltela.pt\/s.01k8rhncp4jt1\/2026\/01\/44780913-1.jpg","contentUrl":"https:\/\/portaltela.pt\/s.01k8rhncp4jt1\/2026\/01\/44780913-1.jpg","width":796,"height":448,"caption":"O novo baston\u00e1rio eleito da Ordem dos Advogados, Jo\u00e3o Massano, em entrevista \u00e0 ag\u00eancia Lusa, em Lisboa, 14 de abril de 2025. O novo baston\u00e1rio dos advogados quer instituir previsibilidade no pagamento aos advogados oficiosos, propondo a defini\u00e7\u00e3o de um calend\u00e1rio mensal, e quer nova revis\u00e3o dos Estatutos da Ordem, nomeadamente no que diz respeito ao pagamento dos est\u00e1gios. (ACOMPANHA TEXTO DA LUSA DO DIA 21 DE ABRIL DE 2025). ANT\u00d3NIO COTRIM\/LUSA"},{"@type":"BreadcrumbList","@id":"https:\/\/portaltela.pt\/noticias\/2026\/01\/07\/lei-do-confisco-pode-afetar-qualquer-um-de-nos-alerta-especialistas\/#breadcrumb","itemListElement":[{"@type":"ListItem","position":1,"name":"In\u00edcio","item":"https:\/\/portaltela.pt\/"},{"@type":"ListItem","position":2,"name":"Lei do confisco pode afetar qualquer um de n\u00f3s, alerta especialistas"}]},{"@type":"WebSite","@id":"https:\/\/portaltela.pt\/#website","url":"https:\/\/portaltela.pt\/","name":"Portal Tela Portugal","description":"","potentialAction":[{"@type":"SearchAction","target":{"@type":"EntryPoint","urlTemplate":"https:\/\/portaltela.pt\/?s={search_term_string}"},"query-input":{"@type":"PropertyValueSpecification","valueRequired":true,"valueName":"search_term_string"}}],"inLanguage":"pt-PT"},{"@type":"Person","@id":"https:\/\/portaltela.pt\/#\/schema\/person\/c4278d4a6028830caff9ee44b42d32ed","name":"Telinha","image":{"@type":"ImageObject","inLanguage":"pt-PT","@id":"https:\/\/portaltela.pt\/s.01k8rhncp4jt1\/2025\/11\/talking-bot-125x125.png","url":"https:\/\/portaltela.pt\/s.01k8rhncp4jt1\/2025\/11\/talking-bot-125x125.png","contentUrl":"https:\/\/portaltela.pt\/s.01k8rhncp4jt1\/2025\/11\/talking-bot-125x125.png","caption":"Telinha"},"sameAs":["https:\/\/portaltela.pt\/"],"url":"https:\/\/portaltela.pt\/por\/367410592786\/"}]}},"_links":{"self":[{"href":"https:\/\/portaltela.pt\/api\/wp\/v2\/posts\/124320","targetHints":{"allow":["GET"]}}],"collection":[{"href":"https:\/\/portaltela.pt\/api\/wp\/v2\/posts"}],"about":[{"href":"https:\/\/portaltela.pt\/api\/wp\/v2\/types\/post"}],"author":[{"embeddable":true,"href":"https:\/\/portaltela.pt\/api\/wp\/v2\/users\/2"}],"replies":[{"embeddable":true,"href":"https:\/\/portaltela.pt\/api\/wp\/v2\/comments?post=124320"}],"version-history":[{"count":0,"href":"https:\/\/portaltela.pt\/api\/wp\/v2\/posts\/124320\/revisions"}],"wp:featuredmedia":[{"embeddable":true,"href":"https:\/\/portaltela.pt\/api\/wp\/v2\/media\/124334"}],"wp:attachment":[{"href":"https:\/\/portaltela.pt\/api\/wp\/v2\/media?parent=124320"}],"wp:term":[{"taxonomy":"category","embeddable":true,"href":"https:\/\/portaltela.pt\/api\/wp\/v2\/categories?post=124320"},{"taxonomy":"post_tag","embeddable":true,"href":"https:\/\/portaltela.pt\/api\/wp\/v2\/tags?post=124320"}],"curies":[{"name":"wp","href":"https:\/\/api.w.org\/{rel}","templated":true}]}}