{"id":124133,"date":"2026-01-07T14:46:00","date_gmt":"2026-01-07T17:46:00","guid":{"rendered":"https:\/\/portaltela.pt\/noticias\/2026\/01\/07\/conselho-metropolitano-do-porto-decide-destituir-a-administracao-da-tmp-na-sexta\/"},"modified":"2026-01-07T14:46:00","modified_gmt":"2026-01-07T17:46:00","slug":"conselho-metropolitano-do-porto-decide-destituir-a-administracao-da-tmp-na-sexta","status":"publish","type":"post","link":"https:\/\/portaltela.pt\/noticias\/2026\/01\/07\/conselho-metropolitano-do-porto-decide-destituir-a-administracao-da-tmp-na-sexta\/","title":{"rendered":"Conselho Metropolitano do Porto decide destituir a administra\u00e7\u00e3o da TMP na sexta"},"content":{"rendered":"<p>O Conselho Metropolitano do Porto vai destituir, na sexta-feira, o conselho de administra\u00e7\u00e3o da Transportes Metropolitanos do Porto (TMP) e designar novos membros, conforme a ordem de trabalhos a que a Lusa teve acesso. A destitui\u00e7\u00e3o, cessa\u00e7\u00e3o de fun\u00e7\u00f5es e nomea\u00e7\u00e3o imediata constam no ponto 3.3.<\/p>\n<p>Marco Martins, presidente da TMP, diz tratar-se de uma decis\u00e3o pol\u00edtica. Martins tomou posse h\u00e1 11 meses e afirma ter orgulho pelo trabalho efetuado e por ter sido o primeiro presidente da TMP.<\/p>\n<p>O ex-presidente da C\u00e2mara de Gondomar destacou que deixa o caminho planeado para 2026 e quer ver o projeto prosseguir, com o novo \u00f3rg\u00e3o a manter o ritmo.<\/p>\n<p>A TMP foi constitu\u00edda em janeiro de 2025 e agregou compet\u00eancias do TIP, gerindo o sistema Andante e contratos com operadores da rede Unir, para a \u00c1rea Metropolitana do Porto. O foco \u00e9 a mobilidade regional.<\/p>\n<p>Em fevereiro de 2025, Martins, Lu\u00eds Os\u00f3rio e Carla Vale tomaram posse no Conselho de Administra\u00e7\u00e3o. Martins assume fun\u00e7\u00f5es a tempo inteiro em 3 de fevereiro, com Os\u00f3rio e Vale na posse em 19 de fevereiro.<\/p>\n<p>A rede de autocarros metropolitanos enfrentou problemas desde o arranque, com exce\u00e7\u00f5es ainda reportadas no lote 4 da Unir, operando em Gaia e Espinho, que mostravam cumprimento inferior a 100% em novembro.<\/p>\n<p>A reuni\u00e3o desta sexta-feira tamb\u00e9m vai discutir a substitui\u00e7\u00e3o do representante da \u00c1rea Metropolitana do Porto na mesa da assembleia-geral, o cargo de vice-presidente, bem como o plano de atividades e o or\u00e7amento para 2026 da TMP.<\/p>\n","protected":false},"excerpt":{"rendered":"<ul>\n<li>O Conselho Metropolitano do Porto decide, na sexta-feira, destituir o conselho de administra\u00e7\u00e3o da TMP e designar novos membros, conforme a ordem de trabalhos.<\/li>\n<li>O presidente da TMP desde fevereiro de 2025, Marco Martins, classificou a decis\u00e3o como pol\u00edtica e afirmou ter orgulho do trabalho realizado.<\/li>\n<li>A TMP foi constitu\u00edda em janeiro de 2025 e integrou val\u00eancias do Transportes Intermodais do Porto, gerindo mobilidade da \u00c1rea Metropolitana do Porto e contratos com a rede Unir.<\/li>\n<li>Em fevereiro de 2025 tomaram posse no Conselho de Administra\u00e7\u00e3o Marco Martins, Lu\u00eds Os\u00f3rio e Carla Vale; Martins assumiu fun\u00e7\u00f5es a tempo inteiro em 3 de fevereiro de 2025.<\/li>\n<li>Al\u00e9m da destitui\u00e7\u00e3o, ser\u00e1 votada a substitui\u00e7\u00e3o do representante da \u00c1rea Metropolitana do Porto na mesa da assembleia-geral e o plano de atividades e or\u00e7amento para 2026 da TMP.<\/li>\n<\/ul>\n","protected":false},"author":2,"featured_media":124139,"comment_status":"closed","ping_status":"closed","sticky":false,"template":"","format":"standard","meta":{"footnotes":""},"categories":[1],"tags":[168,151,1507,2110,982,1505],"class_list":["post-124133","post","type-post","status-publish","format-standard","has-post-thumbnail","hentry","category-noticias","tag-administracao-publica","tag-conselho","tag-conselhos","tag-mobilidade","tag-porto","tag-transportes-rodoviarios"],"yoast_head":"<!-- This site is optimized with the Yoast SEO plugin v27.2 - https:\/\/yoast.com\/product\/yoast-seo-wordpress\/ -->\n<title>Conselho Metropolitano do Porto decide destituir a administra\u00e7\u00e3o da TMP na sexta - Portal Tela Portugal<\/title>\n<meta name=\"robots\" content=\"index, follow, max-snippet:-1, max-image-preview:large, max-video-preview:-1\" \/>\n<meta property=\"og:locale\" content=\"pt_PT\" \/>\n<meta property=\"og:type\" content=\"article\" \/>\n<meta property=\"og:title\" content=\"Conselho Metropolitano do Porto decide destituir a administra\u00e7\u00e3o da TMP na sexta - Portal Tela Portugal\" \/>\n<meta property=\"og:description\" content=\"O Conselho Metropolitano do Porto decide, na sexta-feira, destituir o conselho de administra\u00e7\u00e3o da TMP e designar novos membros, conforme a ordem de trabalhos. O presidente da TMP desde fevereiro de 2025, Marco Martins, classificou a decis\u00e3o como pol\u00edtica e afirmou ter orgulho do trabalho realizado. A TMP foi constitu\u00edda em janeiro de 2025 e integrou val\u00eancias do Transportes Intermodais do Porto, gerindo mobilidade da \u00c1rea Metropolitana do Porto e contratos com a rede Unir. Em fevereiro de 2025 tomaram posse no Conselho de Administra\u00e7\u00e3o Marco Martins, Lu\u00eds Os\u00f3rio e Carla Vale; Martins assumiu fun\u00e7\u00f5es a tempo inteiro em 3 de fevereiro de 2025. Al\u00e9m da destitui\u00e7\u00e3o, ser\u00e1 votada a substitui\u00e7\u00e3o do representante da \u00c1rea Metropolitana do Porto na mesa da assembleia-geral e o plano de atividades e or\u00e7amento para 2026 da TMP.\" \/>\n<meta property=\"og:url\" content=\"https:\/\/portaltela.pt\/noticias\/2026\/01\/07\/conselho-metropolitano-do-porto-decide-destituir-a-administracao-da-tmp-na-sexta\/\" \/>\n<meta property=\"og:site_name\" content=\"Portal Tela Portugal\" \/>\n<meta property=\"article:published_time\" content=\"2026-01-07T17:46:00+00:00\" \/>\n<meta name=\"author\" content=\"Telinha\" \/>\n<meta name=\"twitter:card\" content=\"summary_large_image\" \/>\n<meta name=\"twitter:label1\" content=\"Escrito por\" \/>\n\t<meta name=\"twitter:data1\" content=\"Telinha\" \/>\n\t<meta name=\"twitter:label2\" content=\"Tempo estimado de leitura\" \/>\n\t<meta name=\"twitter:data2\" content=\"1 minuto\" \/>\n<script type=\"application\/ld+json\" class=\"yoast-schema-graph\">{\"@context\":\"https:\/\/schema.org\",\"@graph\":[{\"@type\":\"Article\",\"@id\":\"https:\/\/portaltela.pt\/noticias\/2026\/01\/07\/conselho-metropolitano-do-porto-decide-destituir-a-administracao-da-tmp-na-sexta\/#article\",\"isPartOf\":{\"@id\":\"https:\/\/portaltela.pt\/noticias\/2026\/01\/07\/conselho-metropolitano-do-porto-decide-destituir-a-administracao-da-tmp-na-sexta\/\"},\"author\":{\"name\":\"Telinha\",\"@id\":\"https:\/\/portaltela.pt\/#\/schema\/person\/c4278d4a6028830caff9ee44b42d32ed\"},\"headline\":\"Conselho Metropolitano do Porto decide destituir a administra\u00e7\u00e3o da TMP na sexta\",\"datePublished\":\"2026-01-07T17:46:00+00:00\",\"mainEntityOfPage\":{\"@id\":\"https:\/\/portaltela.pt\/noticias\/2026\/01\/07\/conselho-metropolitano-do-porto-decide-destituir-a-administracao-da-tmp-na-sexta\/\"},\"wordCount\":271,\"image\":{\"@id\":\"https:\/\/portaltela.pt\/noticias\/2026\/01\/07\/conselho-metropolitano-do-porto-decide-destituir-a-administracao-da-tmp-na-sexta\/#primaryimage\"},\"thumbnailUrl\":\"https:\/\/portaltela.pt\/s.01k8rhncp4jt1\/2026\/01\/2057249.jpg\",\"keywords\":[\"administra\u00e7\u00e3o p\u00fablica\",\"conselho\",\"conselhos\",\"mobilidade\",\"Porto\",\"Transportes Rodovi\u00e1rios\"],\"articleSection\":[\"Not\u00edcias\"],\"inLanguage\":\"pt-PT\"},{\"@type\":\"WebPage\",\"@id\":\"https:\/\/portaltela.pt\/noticias\/2026\/01\/07\/conselho-metropolitano-do-porto-decide-destituir-a-administracao-da-tmp-na-sexta\/\",\"url\":\"https:\/\/portaltela.pt\/noticias\/2026\/01\/07\/conselho-metropolitano-do-porto-decide-destituir-a-administracao-da-tmp-na-sexta\/\",\"name\":\"Conselho Metropolitano do Porto decide destituir a administra\u00e7\u00e3o da TMP na sexta - Portal Tela Portugal\",\"isPartOf\":{\"@id\":\"https:\/\/portaltela.pt\/#website\"},\"primaryImageOfPage\":{\"@id\":\"https:\/\/portaltela.pt\/noticias\/2026\/01\/07\/conselho-metropolitano-do-porto-decide-destituir-a-administracao-da-tmp-na-sexta\/#primaryimage\"},\"image\":{\"@id\":\"https:\/\/portaltela.pt\/noticias\/2026\/01\/07\/conselho-metropolitano-do-porto-decide-destituir-a-administracao-da-tmp-na-sexta\/#primaryimage\"},\"thumbnailUrl\":\"https:\/\/portaltela.pt\/s.01k8rhncp4jt1\/2026\/01\/2057249.jpg\",\"datePublished\":\"2026-01-07T17:46:00+00:00\",\"author\":{\"@id\":\"https:\/\/portaltela.pt\/#\/schema\/person\/c4278d4a6028830caff9ee44b42d32ed\"},\"breadcrumb\":{\"@id\":\"https:\/\/portaltela.pt\/noticias\/2026\/01\/07\/conselho-metropolitano-do-porto-decide-destituir-a-administracao-da-tmp-na-sexta\/#breadcrumb\"},\"inLanguage\":\"pt-PT\",\"potentialAction\":[{\"@type\":\"ReadAction\",\"target\":[\"https:\/\/portaltela.pt\/noticias\/2026\/01\/07\/conselho-metropolitano-do-porto-decide-destituir-a-administracao-da-tmp-na-sexta\/\"]}]},{\"@type\":\"ImageObject\",\"inLanguage\":\"pt-PT\",\"@id\":\"https:\/\/portaltela.pt\/noticias\/2026\/01\/07\/conselho-metropolitano-do-porto-decide-destituir-a-administracao-da-tmp-na-sexta\/#primaryimage\",\"url\":\"https:\/\/portaltela.pt\/s.01k8rhncp4jt1\/2026\/01\/2057249.jpg\",\"contentUrl\":\"https:\/\/portaltela.pt\/s.01k8rhncp4jt1\/2026\/01\/2057249.jpg\",\"width\":796,\"height\":448,\"caption\":\"O ex-autarca do PS estava lideran\u00e7a da TMP desde o in\u00edcio de 2025\"},{\"@type\":\"BreadcrumbList\",\"@id\":\"https:\/\/portaltela.pt\/noticias\/2026\/01\/07\/conselho-metropolitano-do-porto-decide-destituir-a-administracao-da-tmp-na-sexta\/#breadcrumb\",\"itemListElement\":[{\"@type\":\"ListItem\",\"position\":1,\"name\":\"In\u00edcio\",\"item\":\"https:\/\/portaltela.pt\/\"},{\"@type\":\"ListItem\",\"position\":2,\"name\":\"Conselho Metropolitano do Porto decide destituir a administra\u00e7\u00e3o da TMP na sexta\"}]},{\"@type\":\"WebSite\",\"@id\":\"https:\/\/portaltela.pt\/#website\",\"url\":\"https:\/\/portaltela.pt\/\",\"name\":\"Portal Tela Portugal\",\"description\":\"\",\"potentialAction\":[{\"@type\":\"SearchAction\",\"target\":{\"@type\":\"EntryPoint\",\"urlTemplate\":\"https:\/\/portaltela.pt\/?s={search_term_string}\"},\"query-input\":{\"@type\":\"PropertyValueSpecification\",\"valueRequired\":true,\"valueName\":\"search_term_string\"}}],\"inLanguage\":\"pt-PT\"},{\"@type\":\"Person\",\"@id\":\"https:\/\/portaltela.pt\/#\/schema\/person\/c4278d4a6028830caff9ee44b42d32ed\",\"name\":\"Telinha\",\"image\":{\"@type\":\"ImageObject\",\"inLanguage\":\"pt-PT\",\"@id\":\"https:\/\/portaltela.pt\/s.01k8rhncp4jt1\/2025\/11\/talking-bot-125x125.png\",\"url\":\"https:\/\/portaltela.pt\/s.01k8rhncp4jt1\/2025\/11\/talking-bot-125x125.png\",\"contentUrl\":\"https:\/\/portaltela.pt\/s.01k8rhncp4jt1\/2025\/11\/talking-bot-125x125.png\",\"caption\":\"Telinha\"},\"sameAs\":[\"https:\/\/portaltela.pt\/\"],\"url\":\"https:\/\/portaltela.pt\/por\/367410592786\/\"}]}<\/script>\n<!-- \/ Yoast SEO plugin. -->","yoast_head_json":{"title":"Conselho Metropolitano do Porto decide destituir a administra\u00e7\u00e3o da TMP na sexta - Portal Tela Portugal","robots":{"index":"index","follow":"follow","max-snippet":"max-snippet:-1","max-image-preview":"max-image-preview:large","max-video-preview":"max-video-preview:-1"},"og_locale":"pt_PT","og_type":"article","og_title":"Conselho Metropolitano do Porto decide destituir a administra\u00e7\u00e3o da TMP na sexta - Portal Tela Portugal","og_description":"O Conselho Metropolitano do Porto decide, na sexta-feira, destituir o conselho de administra\u00e7\u00e3o da TMP e designar novos membros, conforme a ordem de trabalhos. O presidente da TMP desde fevereiro de 2025, Marco Martins, classificou a decis\u00e3o como pol\u00edtica e afirmou ter orgulho do trabalho realizado. A TMP foi constitu\u00edda em janeiro de 2025 e integrou val\u00eancias do Transportes Intermodais do Porto, gerindo mobilidade da \u00c1rea Metropolitana do Porto e contratos com a rede Unir. Em fevereiro de 2025 tomaram posse no Conselho de Administra\u00e7\u00e3o Marco Martins, Lu\u00eds Os\u00f3rio e Carla Vale; Martins assumiu fun\u00e7\u00f5es a tempo inteiro em 3 de fevereiro de 2025. Al\u00e9m da destitui\u00e7\u00e3o, ser\u00e1 votada a substitui\u00e7\u00e3o do representante da \u00c1rea Metropolitana do Porto na mesa da assembleia-geral e o plano de atividades e or\u00e7amento para 2026 da TMP.","og_url":"https:\/\/portaltela.pt\/noticias\/2026\/01\/07\/conselho-metropolitano-do-porto-decide-destituir-a-administracao-da-tmp-na-sexta\/","og_site_name":"Portal Tela Portugal","article_published_time":"2026-01-07T17:46:00+00:00","author":"Telinha","twitter_card":"summary_large_image","twitter_misc":{"Escrito por":"Telinha","Tempo estimado de leitura":"1 minuto"},"schema":{"@context":"https:\/\/schema.org","@graph":[{"@type":"Article","@id":"https:\/\/portaltela.pt\/noticias\/2026\/01\/07\/conselho-metropolitano-do-porto-decide-destituir-a-administracao-da-tmp-na-sexta\/#article","isPartOf":{"@id":"https:\/\/portaltela.pt\/noticias\/2026\/01\/07\/conselho-metropolitano-do-porto-decide-destituir-a-administracao-da-tmp-na-sexta\/"},"author":{"name":"Telinha","@id":"https:\/\/portaltela.pt\/#\/schema\/person\/c4278d4a6028830caff9ee44b42d32ed"},"headline":"Conselho Metropolitano do Porto decide destituir a administra\u00e7\u00e3o da TMP na sexta","datePublished":"2026-01-07T17:46:00+00:00","mainEntityOfPage":{"@id":"https:\/\/portaltela.pt\/noticias\/2026\/01\/07\/conselho-metropolitano-do-porto-decide-destituir-a-administracao-da-tmp-na-sexta\/"},"wordCount":271,"image":{"@id":"https:\/\/portaltela.pt\/noticias\/2026\/01\/07\/conselho-metropolitano-do-porto-decide-destituir-a-administracao-da-tmp-na-sexta\/#primaryimage"},"thumbnailUrl":"https:\/\/portaltela.pt\/s.01k8rhncp4jt1\/2026\/01\/2057249.jpg","keywords":["administra\u00e7\u00e3o p\u00fablica","conselho","conselhos","mobilidade","Porto","Transportes Rodovi\u00e1rios"],"articleSection":["Not\u00edcias"],"inLanguage":"pt-PT"},{"@type":"WebPage","@id":"https:\/\/portaltela.pt\/noticias\/2026\/01\/07\/conselho-metropolitano-do-porto-decide-destituir-a-administracao-da-tmp-na-sexta\/","url":"https:\/\/portaltela.pt\/noticias\/2026\/01\/07\/conselho-metropolitano-do-porto-decide-destituir-a-administracao-da-tmp-na-sexta\/","name":"Conselho Metropolitano do Porto decide destituir a administra\u00e7\u00e3o da TMP na sexta - Portal Tela Portugal","isPartOf":{"@id":"https:\/\/portaltela.pt\/#website"},"primaryImageOfPage":{"@id":"https:\/\/portaltela.pt\/noticias\/2026\/01\/07\/conselho-metropolitano-do-porto-decide-destituir-a-administracao-da-tmp-na-sexta\/#primaryimage"},"image":{"@id":"https:\/\/portaltela.pt\/noticias\/2026\/01\/07\/conselho-metropolitano-do-porto-decide-destituir-a-administracao-da-tmp-na-sexta\/#primaryimage"},"thumbnailUrl":"https:\/\/portaltela.pt\/s.01k8rhncp4jt1\/2026\/01\/2057249.jpg","datePublished":"2026-01-07T17:46:00+00:00","author":{"@id":"https:\/\/portaltela.pt\/#\/schema\/person\/c4278d4a6028830caff9ee44b42d32ed"},"breadcrumb":{"@id":"https:\/\/portaltela.pt\/noticias\/2026\/01\/07\/conselho-metropolitano-do-porto-decide-destituir-a-administracao-da-tmp-na-sexta\/#breadcrumb"},"inLanguage":"pt-PT","potentialAction":[{"@type":"ReadAction","target":["https:\/\/portaltela.pt\/noticias\/2026\/01\/07\/conselho-metropolitano-do-porto-decide-destituir-a-administracao-da-tmp-na-sexta\/"]}]},{"@type":"ImageObject","inLanguage":"pt-PT","@id":"https:\/\/portaltela.pt\/noticias\/2026\/01\/07\/conselho-metropolitano-do-porto-decide-destituir-a-administracao-da-tmp-na-sexta\/#primaryimage","url":"https:\/\/portaltela.pt\/s.01k8rhncp4jt1\/2026\/01\/2057249.jpg","contentUrl":"https:\/\/portaltela.pt\/s.01k8rhncp4jt1\/2026\/01\/2057249.jpg","width":796,"height":448,"caption":"O ex-autarca do PS estava lideran\u00e7a da TMP desde o in\u00edcio de 2025"},{"@type":"BreadcrumbList","@id":"https:\/\/portaltela.pt\/noticias\/2026\/01\/07\/conselho-metropolitano-do-porto-decide-destituir-a-administracao-da-tmp-na-sexta\/#breadcrumb","itemListElement":[{"@type":"ListItem","position":1,"name":"In\u00edcio","item":"https:\/\/portaltela.pt\/"},{"@type":"ListItem","position":2,"name":"Conselho Metropolitano do Porto decide destituir a administra\u00e7\u00e3o da TMP na sexta"}]},{"@type":"WebSite","@id":"https:\/\/portaltela.pt\/#website","url":"https:\/\/portaltela.pt\/","name":"Portal Tela Portugal","description":"","potentialAction":[{"@type":"SearchAction","target":{"@type":"EntryPoint","urlTemplate":"https:\/\/portaltela.pt\/?s={search_term_string}"},"query-input":{"@type":"PropertyValueSpecification","valueRequired":true,"valueName":"search_term_string"}}],"inLanguage":"pt-PT"},{"@type":"Person","@id":"https:\/\/portaltela.pt\/#\/schema\/person\/c4278d4a6028830caff9ee44b42d32ed","name":"Telinha","image":{"@type":"ImageObject","inLanguage":"pt-PT","@id":"https:\/\/portaltela.pt\/s.01k8rhncp4jt1\/2025\/11\/talking-bot-125x125.png","url":"https:\/\/portaltela.pt\/s.01k8rhncp4jt1\/2025\/11\/talking-bot-125x125.png","contentUrl":"https:\/\/portaltela.pt\/s.01k8rhncp4jt1\/2025\/11\/talking-bot-125x125.png","caption":"Telinha"},"sameAs":["https:\/\/portaltela.pt\/"],"url":"https:\/\/portaltela.pt\/por\/367410592786\/"}]}},"_links":{"self":[{"href":"https:\/\/portaltela.pt\/api\/wp\/v2\/posts\/124133","targetHints":{"allow":["GET"]}}],"collection":[{"href":"https:\/\/portaltela.pt\/api\/wp\/v2\/posts"}],"about":[{"href":"https:\/\/portaltela.pt\/api\/wp\/v2\/types\/post"}],"author":[{"embeddable":true,"href":"https:\/\/portaltela.pt\/api\/wp\/v2\/users\/2"}],"replies":[{"embeddable":true,"href":"https:\/\/portaltela.pt\/api\/wp\/v2\/comments?post=124133"}],"version-history":[{"count":0,"href":"https:\/\/portaltela.pt\/api\/wp\/v2\/posts\/124133\/revisions"}],"wp:featuredmedia":[{"embeddable":true,"href":"https:\/\/portaltela.pt\/api\/wp\/v2\/media\/124139"}],"wp:attachment":[{"href":"https:\/\/portaltela.pt\/api\/wp\/v2\/media?parent=124133"}],"wp:term":[{"taxonomy":"category","embeddable":true,"href":"https:\/\/portaltela.pt\/api\/wp\/v2\/categories?post=124133"},{"taxonomy":"post_tag","embeddable":true,"href":"https:\/\/portaltela.pt\/api\/wp\/v2\/tags?post=124133"}],"curies":[{"name":"wp","href":"https:\/\/api.w.org\/{rel}","templated":true}]}}