{"id":124117,"date":"2026-01-07T14:54:00","date_gmt":"2026-01-07T17:54:00","guid":{"rendered":"https:\/\/portaltela.pt\/noticias\/2026\/01\/07\/morreu-na-prisao-o-maior-traidor-da-historia-da-cia\/"},"modified":"2026-01-07T14:54:00","modified_gmt":"2026-01-07T17:54:00","slug":"morreu-na-prisao-o-maior-traidor-da-historia-da-cia","status":"publish","type":"post","link":"https:\/\/portaltela.pt\/noticias\/2026\/01\/07\/morreu-na-prisao-o-maior-traidor-da-historia-da-cia\/","title":{"rendered":"Morreu na pris\u00e3o o maior traidor da hist\u00f3ria da CIA"},"content":{"rendered":"<p>Aldrich Ames morreu esta segunda-feira na pris\u00e3o federal de Cumberland, no estado americano de Maryland. O ex-agente da CIA, considerado o maior traidor da hist\u00f3ria da ag\u00eancia, tinha 84 anos. A causa da morte n\u00e3o foi divulgada pelas autoridades.<\/p>\n<p>Ames ter\u00e1 feito revela\u00e7\u00f5es a prop\u00f3sito de dezenas de agentes sovi\u00e9ticos recrutados pela CIA entre 1985 e 1994. Foram partilhadas identidades e detalhes de opera\u00e7\u00f5es secretas, em troca de dinheiro, segundo informa\u00e7\u00f5es oficiais.<\/p>\n<p>A pr\u00f3pria fuga de informa\u00e7\u00f5es ocorreu, segundo relatos, numa fase em que o mundo assistia ao colapso da Uni\u00e3o Sovi\u00e9tica e j\u00e1 depois de se ter iniciado a investiga\u00e7\u00e3o que levou \u00e0 deten\u00e7\u00e3o em fevereiro de 1994, aos 52 anos.<\/p>\n<p>A pris\u00e3o e o subsequente processo vieram a lume com base em acusa\u00e7\u00f5es de trai\u00e7\u00e3o e viola\u00e7\u00e3o de segredos de estado. Ames foi considerado culpado e condenado a pris\u00e3o perp\u00e9tua sem possibilidade de liberdade condicional.<\/p>\n<p>A carreira de Ames na CIA come\u00e7ou muito jovem, com trabalhos de classifica\u00e7\u00e3o de documenten, e prolongou-se por d\u00e9cadas, alimentada por dificuldades financeiras e desilus\u00e3o com o servi\u00e7o de informa\u00e7\u00f5es dos EUA.<\/p>\n<p>O pai de Ames, Carleton Ames, tamb\u00e9m teve liga\u00e7\u00e3o clandestina com a CIA, o que acabou por moldar o percurso familiar no mundo da espionagem. A fam\u00edlia foi alvo de enorme aten\u00e7\u00e3o medi\u00e1tica na altura.<\/p>\n<p>Rosario Casas, ent\u00e3o c\u00famplice, foi condenada a cinco anos e tr\u00eas meses. Foi libertada ao fim de quatro anos, enquanto Ames permaneceu sujeito a uma pena de pris\u00e3o perp\u00e9tua.<\/p>\n","protected":false},"excerpt":{"rendered":"<ul>\n<li>Morreu na pris\u00e3o federal de Cumberland, no estado da Maryland, Aldrich Ames, de 84 anos, considerado o maior traidor da hist\u00f3ria da CIA.<\/li>\n<li>Entre 1985 e 1994, Ames teve acesso \u00e0 identidade de todos os agentes sovi\u00e9ticos recrutados pela CIA e de americanos envolvidos em opera\u00e7\u00f5es secretas, entregando-os ao KGB.<\/li>\n<li>A viola\u00e7\u00e3o ter\u00e1 contribu\u00eddo para a morte de pelo menos uma dezena de agentes, segundo o Washington Post, recebendo mais de um milh\u00e3o de d\u00f3lares em dinheiro vivo, com promessa de mais um milh\u00e3o e de uma propriedade na R\u00fassia.<\/li>\n<li>O ex-agente foi confrontado com as raz\u00f5es para a trai\u00e7\u00e3o por problemas financeiros e foi detido em fevereiro de 1994, aos 52 anos; o pai dele, Carleton Ames, tamb\u00e9m chegou a trabalhar de forma clandestina para a CIA.<\/li>\n<li>Em 1994 recebeu pena de pris\u00e3o perpeta sem possibilidade de liberdade condicional; a mulher, Rosario Casas, foi condenada a cinco anos e tr\u00eas meses, libertando-se ao fim de quatro anos.<\/li>\n<\/ul>\n","protected":false},"author":2,"featured_media":124123,"comment_status":"closed","ping_status":"closed","sticky":false,"template":"","format":"standard","meta":{"footnotes":""},"categories":[],"tags":[1600,195,215,217,352,128],"class_list":["post-124117","post","type-post","status-publish","format-standard","has-post-thumbnail","hentry","tag-estados-unidos","tag-informacao","tag-investigacao","tag-investigacao-criminal","tag-organizacao-criminosa","tag-traicao"],"yoast_head":"<!-- This site is optimized with the Yoast SEO plugin v27.2 - https:\/\/yoast.com\/product\/yoast-seo-wordpress\/ -->\n<title>Morreu na pris\u00e3o o maior traidor da hist\u00f3ria da CIA - Portal Tela Portugal<\/title>\n<meta name=\"robots\" content=\"index, follow, max-snippet:-1, max-image-preview:large, max-video-preview:-1\" \/>\n<meta property=\"og:locale\" content=\"pt_PT\" \/>\n<meta property=\"og:type\" content=\"article\" \/>\n<meta property=\"og:title\" content=\"Morreu na pris\u00e3o o maior traidor da hist\u00f3ria da CIA - Portal Tela Portugal\" \/>\n<meta property=\"og:description\" content=\"Morreu na pris\u00e3o federal de Cumberland, no estado da Maryland, Aldrich Ames, de 84 anos, considerado o maior traidor da hist\u00f3ria da CIA. Entre 1985 e 1994, Ames teve acesso \u00e0 identidade de todos os agentes sovi\u00e9ticos recrutados pela CIA e de americanos envolvidos em opera\u00e7\u00f5es secretas, entregando-os ao KGB. A viola\u00e7\u00e3o ter\u00e1 contribu\u00eddo para a morte de pelo menos uma dezena de agentes, segundo o Washington Post, recebendo mais de um milh\u00e3o de d\u00f3lares em dinheiro vivo, com promessa de mais um milh\u00e3o e de uma propriedade na R\u00fassia. O ex-agente foi confrontado com as raz\u00f5es para a trai\u00e7\u00e3o por problemas financeiros e foi detido em fevereiro de 1994, aos 52 anos; o pai dele, Carleton Ames, tamb\u00e9m chegou a trabalhar de forma clandestina para a CIA. Em 1994 recebeu pena de pris\u00e3o perpeta sem possibilidade de liberdade condicional; a mulher, Rosario Casas, foi condenada a cinco anos e tr\u00eas meses, libertando-se ao fim de quatro anos.\" \/>\n<meta property=\"og:url\" content=\"https:\/\/portaltela.pt\/noticias\/2026\/01\/07\/morreu-na-prisao-o-maior-traidor-da-historia-da-cia\/\" \/>\n<meta property=\"og:site_name\" content=\"Portal Tela Portugal\" \/>\n<meta property=\"article:published_time\" content=\"2026-01-07T17:54:00+00:00\" \/>\n<meta name=\"author\" content=\"Telinha\" \/>\n<meta name=\"twitter:card\" content=\"summary_large_image\" \/>\n<meta name=\"twitter:label1\" content=\"Escrito por\" \/>\n\t<meta name=\"twitter:data1\" content=\"Telinha\" \/>\n\t<meta name=\"twitter:label2\" content=\"Tempo estimado de leitura\" \/>\n\t<meta name=\"twitter:data2\" content=\"1 minuto\" \/>\n<script type=\"application\/ld+json\" class=\"yoast-schema-graph\">{\"@context\":\"https:\/\/schema.org\",\"@graph\":[{\"@type\":\"Article\",\"@id\":\"https:\/\/portaltela.pt\/noticias\/2026\/01\/07\/morreu-na-prisao-o-maior-traidor-da-historia-da-cia\/#article\",\"isPartOf\":{\"@id\":\"https:\/\/portaltela.pt\/noticias\/2026\/01\/07\/morreu-na-prisao-o-maior-traidor-da-historia-da-cia\/\"},\"author\":{\"name\":\"Telinha\",\"@id\":\"https:\/\/portaltela.pt\/#\/schema\/person\/c4278d4a6028830caff9ee44b42d32ed\"},\"headline\":\"Morreu na pris\u00e3o o maior traidor da hist\u00f3ria da CIA\",\"datePublished\":\"2026-01-07T17:54:00+00:00\",\"mainEntityOfPage\":{\"@id\":\"https:\/\/portaltela.pt\/noticias\/2026\/01\/07\/morreu-na-prisao-o-maior-traidor-da-historia-da-cia\/\"},\"wordCount\":286,\"image\":{\"@id\":\"https:\/\/portaltela.pt\/noticias\/2026\/01\/07\/morreu-na-prisao-o-maior-traidor-da-historia-da-cia\/#primaryimage\"},\"thumbnailUrl\":\"https:\/\/portaltela.pt\/s.01k8rhncp4jt1\/2026\/01\/gettyimages-1238041051.jpg\",\"keywords\":[\"Estados Unidos\",\"informa\u00e7\u00e3o\",\"investiga\u00e7\u00e3o\",\"investiga\u00e7\u00e3o criminal\",\"organiza\u00e7\u00e3o criminosa\",\"trai\u00e7\u00e3o\"],\"inLanguage\":\"pt-PT\"},{\"@type\":\"WebPage\",\"@id\":\"https:\/\/portaltela.pt\/noticias\/2026\/01\/07\/morreu-na-prisao-o-maior-traidor-da-historia-da-cia\/\",\"url\":\"https:\/\/portaltela.pt\/noticias\/2026\/01\/07\/morreu-na-prisao-o-maior-traidor-da-historia-da-cia\/\",\"name\":\"Morreu na pris\u00e3o o maior traidor da hist\u00f3ria da CIA - Portal Tela Portugal\",\"isPartOf\":{\"@id\":\"https:\/\/portaltela.pt\/#website\"},\"primaryImageOfPage\":{\"@id\":\"https:\/\/portaltela.pt\/noticias\/2026\/01\/07\/morreu-na-prisao-o-maior-traidor-da-historia-da-cia\/#primaryimage\"},\"image\":{\"@id\":\"https:\/\/portaltela.pt\/noticias\/2026\/01\/07\/morreu-na-prisao-o-maior-traidor-da-historia-da-cia\/#primaryimage\"},\"thumbnailUrl\":\"https:\/\/portaltela.pt\/s.01k8rhncp4jt1\/2026\/01\/gettyimages-1238041051.jpg\",\"datePublished\":\"2026-01-07T17:54:00+00:00\",\"author\":{\"@id\":\"https:\/\/portaltela.pt\/#\/schema\/person\/c4278d4a6028830caff9ee44b42d32ed\"},\"breadcrumb\":{\"@id\":\"https:\/\/portaltela.pt\/noticias\/2026\/01\/07\/morreu-na-prisao-o-maior-traidor-da-historia-da-cia\/#breadcrumb\"},\"inLanguage\":\"pt-PT\",\"potentialAction\":[{\"@type\":\"ReadAction\",\"target\":[\"https:\/\/portaltela.pt\/noticias\/2026\/01\/07\/morreu-na-prisao-o-maior-traidor-da-historia-da-cia\/\"]}]},{\"@type\":\"ImageObject\",\"inLanguage\":\"pt-PT\",\"@id\":\"https:\/\/portaltela.pt\/noticias\/2026\/01\/07\/morreu-na-prisao-o-maior-traidor-da-historia-da-cia\/#primaryimage\",\"url\":\"https:\/\/portaltela.pt\/s.01k8rhncp4jt1\/2026\/01\/gettyimages-1238041051.jpg\",\"contentUrl\":\"https:\/\/portaltela.pt\/s.01k8rhncp4jt1\/2026\/01\/gettyimages-1238041051.jpg\",\"width\":796,\"height\":448,\"caption\":\"Photo\"},{\"@type\":\"BreadcrumbList\",\"@id\":\"https:\/\/portaltela.pt\/noticias\/2026\/01\/07\/morreu-na-prisao-o-maior-traidor-da-historia-da-cia\/#breadcrumb\",\"itemListElement\":[{\"@type\":\"ListItem\",\"position\":1,\"name\":\"In\u00edcio\",\"item\":\"https:\/\/portaltela.pt\/\"},{\"@type\":\"ListItem\",\"position\":2,\"name\":\"Morreu na pris\u00e3o o maior traidor da hist\u00f3ria da CIA\"}]},{\"@type\":\"WebSite\",\"@id\":\"https:\/\/portaltela.pt\/#website\",\"url\":\"https:\/\/portaltela.pt\/\",\"name\":\"Portal Tela Portugal\",\"description\":\"\",\"potentialAction\":[{\"@type\":\"SearchAction\",\"target\":{\"@type\":\"EntryPoint\",\"urlTemplate\":\"https:\/\/portaltela.pt\/?s={search_term_string}\"},\"query-input\":{\"@type\":\"PropertyValueSpecification\",\"valueRequired\":true,\"valueName\":\"search_term_string\"}}],\"inLanguage\":\"pt-PT\"},{\"@type\":\"Person\",\"@id\":\"https:\/\/portaltela.pt\/#\/schema\/person\/c4278d4a6028830caff9ee44b42d32ed\",\"name\":\"Telinha\",\"image\":{\"@type\":\"ImageObject\",\"inLanguage\":\"pt-PT\",\"@id\":\"https:\/\/portaltela.pt\/s.01k8rhncp4jt1\/2025\/11\/talking-bot-125x125.png\",\"url\":\"https:\/\/portaltela.pt\/s.01k8rhncp4jt1\/2025\/11\/talking-bot-125x125.png\",\"contentUrl\":\"https:\/\/portaltela.pt\/s.01k8rhncp4jt1\/2025\/11\/talking-bot-125x125.png\",\"caption\":\"Telinha\"},\"sameAs\":[\"https:\/\/portaltela.pt\/\"],\"url\":\"https:\/\/portaltela.pt\/por\/367410592786\/\"}]}<\/script>\n<!-- \/ Yoast SEO plugin. -->","yoast_head_json":{"title":"Morreu na pris\u00e3o o maior traidor da hist\u00f3ria da CIA - Portal Tela Portugal","robots":{"index":"index","follow":"follow","max-snippet":"max-snippet:-1","max-image-preview":"max-image-preview:large","max-video-preview":"max-video-preview:-1"},"og_locale":"pt_PT","og_type":"article","og_title":"Morreu na pris\u00e3o o maior traidor da hist\u00f3ria da CIA - Portal Tela Portugal","og_description":"Morreu na pris\u00e3o federal de Cumberland, no estado da Maryland, Aldrich Ames, de 84 anos, considerado o maior traidor da hist\u00f3ria da CIA. Entre 1985 e 1994, Ames teve acesso \u00e0 identidade de todos os agentes sovi\u00e9ticos recrutados pela CIA e de americanos envolvidos em opera\u00e7\u00f5es secretas, entregando-os ao KGB. A viola\u00e7\u00e3o ter\u00e1 contribu\u00eddo para a morte de pelo menos uma dezena de agentes, segundo o Washington Post, recebendo mais de um milh\u00e3o de d\u00f3lares em dinheiro vivo, com promessa de mais um milh\u00e3o e de uma propriedade na R\u00fassia. O ex-agente foi confrontado com as raz\u00f5es para a trai\u00e7\u00e3o por problemas financeiros e foi detido em fevereiro de 1994, aos 52 anos; o pai dele, Carleton Ames, tamb\u00e9m chegou a trabalhar de forma clandestina para a CIA. Em 1994 recebeu pena de pris\u00e3o perpeta sem possibilidade de liberdade condicional; a mulher, Rosario Casas, foi condenada a cinco anos e tr\u00eas meses, libertando-se ao fim de quatro anos.","og_url":"https:\/\/portaltela.pt\/noticias\/2026\/01\/07\/morreu-na-prisao-o-maior-traidor-da-historia-da-cia\/","og_site_name":"Portal Tela Portugal","article_published_time":"2026-01-07T17:54:00+00:00","author":"Telinha","twitter_card":"summary_large_image","twitter_misc":{"Escrito por":"Telinha","Tempo estimado de leitura":"1 minuto"},"schema":{"@context":"https:\/\/schema.org","@graph":[{"@type":"Article","@id":"https:\/\/portaltela.pt\/noticias\/2026\/01\/07\/morreu-na-prisao-o-maior-traidor-da-historia-da-cia\/#article","isPartOf":{"@id":"https:\/\/portaltela.pt\/noticias\/2026\/01\/07\/morreu-na-prisao-o-maior-traidor-da-historia-da-cia\/"},"author":{"name":"Telinha","@id":"https:\/\/portaltela.pt\/#\/schema\/person\/c4278d4a6028830caff9ee44b42d32ed"},"headline":"Morreu na pris\u00e3o o maior traidor da hist\u00f3ria da CIA","datePublished":"2026-01-07T17:54:00+00:00","mainEntityOfPage":{"@id":"https:\/\/portaltela.pt\/noticias\/2026\/01\/07\/morreu-na-prisao-o-maior-traidor-da-historia-da-cia\/"},"wordCount":286,"image":{"@id":"https:\/\/portaltela.pt\/noticias\/2026\/01\/07\/morreu-na-prisao-o-maior-traidor-da-historia-da-cia\/#primaryimage"},"thumbnailUrl":"https:\/\/portaltela.pt\/s.01k8rhncp4jt1\/2026\/01\/gettyimages-1238041051.jpg","keywords":["Estados Unidos","informa\u00e7\u00e3o","investiga\u00e7\u00e3o","investiga\u00e7\u00e3o criminal","organiza\u00e7\u00e3o criminosa","trai\u00e7\u00e3o"],"inLanguage":"pt-PT"},{"@type":"WebPage","@id":"https:\/\/portaltela.pt\/noticias\/2026\/01\/07\/morreu-na-prisao-o-maior-traidor-da-historia-da-cia\/","url":"https:\/\/portaltela.pt\/noticias\/2026\/01\/07\/morreu-na-prisao-o-maior-traidor-da-historia-da-cia\/","name":"Morreu na pris\u00e3o o maior traidor da hist\u00f3ria da CIA - Portal Tela Portugal","isPartOf":{"@id":"https:\/\/portaltela.pt\/#website"},"primaryImageOfPage":{"@id":"https:\/\/portaltela.pt\/noticias\/2026\/01\/07\/morreu-na-prisao-o-maior-traidor-da-historia-da-cia\/#primaryimage"},"image":{"@id":"https:\/\/portaltela.pt\/noticias\/2026\/01\/07\/morreu-na-prisao-o-maior-traidor-da-historia-da-cia\/#primaryimage"},"thumbnailUrl":"https:\/\/portaltela.pt\/s.01k8rhncp4jt1\/2026\/01\/gettyimages-1238041051.jpg","datePublished":"2026-01-07T17:54:00+00:00","author":{"@id":"https:\/\/portaltela.pt\/#\/schema\/person\/c4278d4a6028830caff9ee44b42d32ed"},"breadcrumb":{"@id":"https:\/\/portaltela.pt\/noticias\/2026\/01\/07\/morreu-na-prisao-o-maior-traidor-da-historia-da-cia\/#breadcrumb"},"inLanguage":"pt-PT","potentialAction":[{"@type":"ReadAction","target":["https:\/\/portaltela.pt\/noticias\/2026\/01\/07\/morreu-na-prisao-o-maior-traidor-da-historia-da-cia\/"]}]},{"@type":"ImageObject","inLanguage":"pt-PT","@id":"https:\/\/portaltela.pt\/noticias\/2026\/01\/07\/morreu-na-prisao-o-maior-traidor-da-historia-da-cia\/#primaryimage","url":"https:\/\/portaltela.pt\/s.01k8rhncp4jt1\/2026\/01\/gettyimages-1238041051.jpg","contentUrl":"https:\/\/portaltela.pt\/s.01k8rhncp4jt1\/2026\/01\/gettyimages-1238041051.jpg","width":796,"height":448,"caption":"Photo"},{"@type":"BreadcrumbList","@id":"https:\/\/portaltela.pt\/noticias\/2026\/01\/07\/morreu-na-prisao-o-maior-traidor-da-historia-da-cia\/#breadcrumb","itemListElement":[{"@type":"ListItem","position":1,"name":"In\u00edcio","item":"https:\/\/portaltela.pt\/"},{"@type":"ListItem","position":2,"name":"Morreu na pris\u00e3o o maior traidor da hist\u00f3ria da CIA"}]},{"@type":"WebSite","@id":"https:\/\/portaltela.pt\/#website","url":"https:\/\/portaltela.pt\/","name":"Portal Tela Portugal","description":"","potentialAction":[{"@type":"SearchAction","target":{"@type":"EntryPoint","urlTemplate":"https:\/\/portaltela.pt\/?s={search_term_string}"},"query-input":{"@type":"PropertyValueSpecification","valueRequired":true,"valueName":"search_term_string"}}],"inLanguage":"pt-PT"},{"@type":"Person","@id":"https:\/\/portaltela.pt\/#\/schema\/person\/c4278d4a6028830caff9ee44b42d32ed","name":"Telinha","image":{"@type":"ImageObject","inLanguage":"pt-PT","@id":"https:\/\/portaltela.pt\/s.01k8rhncp4jt1\/2025\/11\/talking-bot-125x125.png","url":"https:\/\/portaltela.pt\/s.01k8rhncp4jt1\/2025\/11\/talking-bot-125x125.png","contentUrl":"https:\/\/portaltela.pt\/s.01k8rhncp4jt1\/2025\/11\/talking-bot-125x125.png","caption":"Telinha"},"sameAs":["https:\/\/portaltela.pt\/"],"url":"https:\/\/portaltela.pt\/por\/367410592786\/"}]}},"_links":{"self":[{"href":"https:\/\/portaltela.pt\/api\/wp\/v2\/posts\/124117","targetHints":{"allow":["GET"]}}],"collection":[{"href":"https:\/\/portaltela.pt\/api\/wp\/v2\/posts"}],"about":[{"href":"https:\/\/portaltela.pt\/api\/wp\/v2\/types\/post"}],"author":[{"embeddable":true,"href":"https:\/\/portaltela.pt\/api\/wp\/v2\/users\/2"}],"replies":[{"embeddable":true,"href":"https:\/\/portaltela.pt\/api\/wp\/v2\/comments?post=124117"}],"version-history":[{"count":0,"href":"https:\/\/portaltela.pt\/api\/wp\/v2\/posts\/124117\/revisions"}],"wp:featuredmedia":[{"embeddable":true,"href":"https:\/\/portaltela.pt\/api\/wp\/v2\/media\/124123"}],"wp:attachment":[{"href":"https:\/\/portaltela.pt\/api\/wp\/v2\/media?parent=124117"}],"wp:term":[{"taxonomy":"category","embeddable":true,"href":"https:\/\/portaltela.pt\/api\/wp\/v2\/categories?post=124117"},{"taxonomy":"post_tag","embeddable":true,"href":"https:\/\/portaltela.pt\/api\/wp\/v2\/tags?post=124117"}],"curies":[{"name":"wp","href":"https:\/\/api.w.org\/{rel}","templated":true}]}}