{"id":123836,"date":"2026-01-07T10:08:00","date_gmt":"2026-01-07T13:08:00","guid":{"rendered":"https:\/\/portaltela.pt\/noticias\/2026\/01\/07\/apresentadora-acusa-diego-costa-de-tossir-lhe-na-cara-durante-a-pandemia\/"},"modified":"2026-01-07T10:08:00","modified_gmt":"2026-01-07T13:08:00","slug":"apresentadora-acusa-diego-costa-de-tossir-lhe-na-cara-durante-a-pandemia","status":"publish","type":"post","link":"https:\/\/portaltela.pt\/desporto\/futebol\/2026\/01\/07\/apresentadora-acusa-diego-costa-de-tossir-lhe-na-cara-durante-a-pandemia\/","title":{"rendered":"Apresentadora acusa Diego Costa de tossir\u2011lhe na cara durante a pandemia"},"content":{"rendered":"<p>H\u00e9l\u00e8ne Hendriks, apresentadora holandesa, diz ter sido alvo de tosse proposital por Diego Costa na zona mista ap\u00f3s o jogo Liverpool 2-3 Atl\u00e9tico Madrid, em mar\u00e7o de 2020, j\u00e1 quando a pandemia de Covid-19 come\u00e7ava a propagar-se em Inglaterra.<\/p>\n<p>A revela\u00e7\u00e3o surgiu durante a participa\u00e7\u00e3o numa conversa de podcast, citada pelo jornal The Sun. A apresentadora descreveu que o atraso no incidente ficou marcado pela proximidade de Costa com membros da equipa advers\u00e1ria.<\/p>\n<p>Hendriks afirmou que, na altura, ficou indignada com a atitude do jogador espanhol e chegou a admitir que tinha vontade de perseguir Costa para confront\u00e1-lo. Segundo a entrevista, o epis\u00f3dio foi visto como escandaloso na altura.<\/p>\n<p>Dois dias depois do suposto incidente, Hendriks confirmou ter testado positivo \u00e0 Covid-19, num contexto de preocupa\u00e7\u00e3o com a propaga\u00e7\u00e3o da doen\u00e7a. A not\u00edcia foi referida pelo The Sun, sem indica\u00e7\u00e3o de outras confirma\u00e7\u00f5es oficiais.<\/p>\n","protected":false},"excerpt":{"rendered":"<ul>\n<li>A apresentadora holandesa H\u00e9l\u00e8ne Hendriks afirma que Diego Costa tossiu deliberadamente na cara de toda a gente na zona mista ap\u00f3s o jogo Liverpool 2 a 3 Atl\u00e9tico de Madrid, disputado em mar\u00e7o de 2020.<\/li>\n<li>Hendriks contou ao The Sun que, ao ver Costa, decidiu comunicar com Van Dijk antes de abordar o jogador, descrevendo o gesto como escandaloso.<\/li>\n<li>A apresentadora indicou que, dois dias depois do epis\u00f3dio, testou positivo \u00e0 Covid-19.<\/li>\n<li>A entrevista refere-se a uma ocasi\u00e3o ocorrida j\u00e1 quando a pandemia de Covid-19 tinha chegado \u00e0 Inglaterra, no in\u00edcio de mar\u00e7o de 2020.<\/li>\n<\/ul>\n","protected":false},"author":2,"featured_media":123847,"comment_status":"closed","ping_status":"closed","sticky":false,"template":"","format":"standard","meta":{"footnotes":""},"categories":[21,24],"tags":[1162,1109,111,152,32,271],"class_list":["post-123836","post","type-post","status-publish","format-standard","has-post-thumbnail","hentry","category-desporto","category-futebol","tag-agressoes-simples","tag-atletico-de-madrid","tag-comportamento","tag-desporto","tag-futebol","tag-saude-publica"],"yoast_head":"<!-- This site is optimized with the Yoast SEO plugin v27.2 - https:\/\/yoast.com\/product\/yoast-seo-wordpress\/ -->\n<title>Apresentadora acusa Diego Costa de tossir\u2011lhe na cara durante a pandemia - Portal Tela Portugal<\/title>\n<meta name=\"robots\" content=\"index, follow, max-snippet:-1, max-image-preview:large, max-video-preview:-1\" \/>\n<meta property=\"og:locale\" content=\"pt_PT\" \/>\n<meta property=\"og:type\" content=\"article\" \/>\n<meta property=\"og:title\" content=\"Apresentadora acusa Diego Costa de tossir\u2011lhe na cara durante a pandemia - Portal Tela Portugal\" \/>\n<meta property=\"og:description\" content=\"A apresentadora holandesa H\u00e9l\u00e8ne Hendriks afirma que Diego Costa tossiu deliberadamente na cara de toda a gente na zona mista ap\u00f3s o jogo Liverpool 2 a 3 Atl\u00e9tico de Madrid, disputado em mar\u00e7o de 2020. Hendriks contou ao The Sun que, ao ver Costa, decidiu comunicar com Van Dijk antes de abordar o jogador, descrevendo o gesto como escandaloso. A apresentadora indicou que, dois dias depois do epis\u00f3dio, testou positivo \u00e0 Covid-19. A entrevista refere-se a uma ocasi\u00e3o ocorrida j\u00e1 quando a pandemia de Covid-19 tinha chegado \u00e0 Inglaterra, no in\u00edcio de mar\u00e7o de 2020.\" \/>\n<meta property=\"og:url\" content=\"https:\/\/portaltela.pt\/noticias\/2026\/01\/07\/apresentadora-acusa-diego-costa-de-tossir-lhe-na-cara-durante-a-pandemia\/\" \/>\n<meta property=\"og:site_name\" content=\"Portal Tela Portugal\" \/>\n<meta property=\"article:published_time\" content=\"2026-01-07T13:08:00+00:00\" \/>\n<meta name=\"author\" content=\"Telinha\" \/>\n<meta name=\"twitter:card\" content=\"summary_large_image\" \/>\n<meta name=\"twitter:label1\" content=\"Escrito por\" \/>\n\t<meta name=\"twitter:data1\" content=\"Telinha\" \/>\n\t<meta name=\"twitter:label2\" content=\"Tempo estimado de leitura\" \/>\n\t<meta name=\"twitter:data2\" content=\"1 minuto\" \/>\n<script type=\"application\/ld+json\" class=\"yoast-schema-graph\">{\"@context\":\"https:\/\/schema.org\",\"@graph\":[{\"@type\":\"Article\",\"@id\":\"https:\/\/portaltela.pt\/noticias\/2026\/01\/07\/apresentadora-acusa-diego-costa-de-tossir-lhe-na-cara-durante-a-pandemia\/#article\",\"isPartOf\":{\"@id\":\"https:\/\/portaltela.pt\/noticias\/2026\/01\/07\/apresentadora-acusa-diego-costa-de-tossir-lhe-na-cara-durante-a-pandemia\/\"},\"author\":{\"name\":\"Telinha\",\"@id\":\"https:\/\/portaltela.pt\/#\/schema\/person\/c4278d4a6028830caff9ee44b42d32ed\"},\"headline\":\"Apresentadora acusa Diego Costa de tossir\u2011lhe na cara durante a pandemia\",\"datePublished\":\"2026-01-07T13:08:00+00:00\",\"mainEntityOfPage\":{\"@id\":\"https:\/\/portaltela.pt\/noticias\/2026\/01\/07\/apresentadora-acusa-diego-costa-de-tossir-lhe-na-cara-durante-a-pandemia\/\"},\"wordCount\":171,\"image\":{\"@id\":\"https:\/\/portaltela.pt\/noticias\/2026\/01\/07\/apresentadora-acusa-diego-costa-de-tossir-lhe-na-cara-durante-a-pandemia\/#primaryimage\"},\"thumbnailUrl\":\"https:\/\/portaltela.pt\/s.01k8rhncp4jt1\/2026\/01\/img_920x518uu2026-01-07-13-07-51-2413312-2.jpg\",\"keywords\":[\"agress\u00f5es simples\",\"Atl\u00e9tico de Madrid\",\"comportamento\",\"desporto\",\"futebol\",\"sa\u00fade p\u00fablica\"],\"articleSection\":[\"Desporto\",\"Futebol\"],\"inLanguage\":\"pt-PT\"},{\"@type\":\"WebPage\",\"@id\":\"https:\/\/portaltela.pt\/noticias\/2026\/01\/07\/apresentadora-acusa-diego-costa-de-tossir-lhe-na-cara-durante-a-pandemia\/\",\"url\":\"https:\/\/portaltela.pt\/noticias\/2026\/01\/07\/apresentadora-acusa-diego-costa-de-tossir-lhe-na-cara-durante-a-pandemia\/\",\"name\":\"Apresentadora acusa Diego Costa de tossir\u2011lhe na cara durante a pandemia - Portal Tela Portugal\",\"isPartOf\":{\"@id\":\"https:\/\/portaltela.pt\/#website\"},\"primaryImageOfPage\":{\"@id\":\"https:\/\/portaltela.pt\/noticias\/2026\/01\/07\/apresentadora-acusa-diego-costa-de-tossir-lhe-na-cara-durante-a-pandemia\/#primaryimage\"},\"image\":{\"@id\":\"https:\/\/portaltela.pt\/noticias\/2026\/01\/07\/apresentadora-acusa-diego-costa-de-tossir-lhe-na-cara-durante-a-pandemia\/#primaryimage\"},\"thumbnailUrl\":\"https:\/\/portaltela.pt\/s.01k8rhncp4jt1\/2026\/01\/img_920x518uu2026-01-07-13-07-51-2413312-2.jpg\",\"datePublished\":\"2026-01-07T13:08:00+00:00\",\"author\":{\"@id\":\"https:\/\/portaltela.pt\/#\/schema\/person\/c4278d4a6028830caff9ee44b42d32ed\"},\"breadcrumb\":{\"@id\":\"https:\/\/portaltela.pt\/noticias\/2026\/01\/07\/apresentadora-acusa-diego-costa-de-tossir-lhe-na-cara-durante-a-pandemia\/#breadcrumb\"},\"inLanguage\":\"pt-PT\",\"potentialAction\":[{\"@type\":\"ReadAction\",\"target\":[\"https:\/\/portaltela.pt\/noticias\/2026\/01\/07\/apresentadora-acusa-diego-costa-de-tossir-lhe-na-cara-durante-a-pandemia\/\"]}]},{\"@type\":\"ImageObject\",\"inLanguage\":\"pt-PT\",\"@id\":\"https:\/\/portaltela.pt\/noticias\/2026\/01\/07\/apresentadora-acusa-diego-costa-de-tossir-lhe-na-cara-durante-a-pandemia\/#primaryimage\",\"url\":\"https:\/\/portaltela.pt\/s.01k8rhncp4jt1\/2026\/01\/img_920x518uu2026-01-07-13-07-51-2413312-2.jpg\",\"contentUrl\":\"https:\/\/portaltela.pt\/s.01k8rhncp4jt1\/2026\/01\/img_920x518uu2026-01-07-13-07-51-2413312-2.jpg\",\"width\":796,\"height\":448,\"caption\":\"Em 2020, Diego Costa representava o Atl\u00e9tico Madrid\"},{\"@type\":\"BreadcrumbList\",\"@id\":\"https:\/\/portaltela.pt\/noticias\/2026\/01\/07\/apresentadora-acusa-diego-costa-de-tossir-lhe-na-cara-durante-a-pandemia\/#breadcrumb\",\"itemListElement\":[{\"@type\":\"ListItem\",\"position\":1,\"name\":\"In\u00edcio\",\"item\":\"https:\/\/portaltela.pt\/\"},{\"@type\":\"ListItem\",\"position\":2,\"name\":\"Apresentadora acusa Diego Costa de tossir\u2011lhe na cara durante a pandemia\"}]},{\"@type\":\"WebSite\",\"@id\":\"https:\/\/portaltela.pt\/#website\",\"url\":\"https:\/\/portaltela.pt\/\",\"name\":\"Portal Tela Portugal\",\"description\":\"\",\"potentialAction\":[{\"@type\":\"SearchAction\",\"target\":{\"@type\":\"EntryPoint\",\"urlTemplate\":\"https:\/\/portaltela.pt\/?s={search_term_string}\"},\"query-input\":{\"@type\":\"PropertyValueSpecification\",\"valueRequired\":true,\"valueName\":\"search_term_string\"}}],\"inLanguage\":\"pt-PT\"},{\"@type\":\"Person\",\"@id\":\"https:\/\/portaltela.pt\/#\/schema\/person\/c4278d4a6028830caff9ee44b42d32ed\",\"name\":\"Telinha\",\"image\":{\"@type\":\"ImageObject\",\"inLanguage\":\"pt-PT\",\"@id\":\"https:\/\/portaltela.pt\/s.01k8rhncp4jt1\/2025\/11\/talking-bot-125x125.png\",\"url\":\"https:\/\/portaltela.pt\/s.01k8rhncp4jt1\/2025\/11\/talking-bot-125x125.png\",\"contentUrl\":\"https:\/\/portaltela.pt\/s.01k8rhncp4jt1\/2025\/11\/talking-bot-125x125.png\",\"caption\":\"Telinha\"},\"sameAs\":[\"https:\/\/portaltela.pt\/\"],\"url\":\"https:\/\/portaltela.pt\/por\/367410592786\/\"}]}<\/script>\n<!-- \/ Yoast SEO plugin. -->","yoast_head_json":{"title":"Apresentadora acusa Diego Costa de tossir\u2011lhe na cara durante a pandemia - Portal Tela Portugal","robots":{"index":"index","follow":"follow","max-snippet":"max-snippet:-1","max-image-preview":"max-image-preview:large","max-video-preview":"max-video-preview:-1"},"og_locale":"pt_PT","og_type":"article","og_title":"Apresentadora acusa Diego Costa de tossir\u2011lhe na cara durante a pandemia - Portal Tela Portugal","og_description":"A apresentadora holandesa H\u00e9l\u00e8ne Hendriks afirma que Diego Costa tossiu deliberadamente na cara de toda a gente na zona mista ap\u00f3s o jogo Liverpool 2 a 3 Atl\u00e9tico de Madrid, disputado em mar\u00e7o de 2020. Hendriks contou ao The Sun que, ao ver Costa, decidiu comunicar com Van Dijk antes de abordar o jogador, descrevendo o gesto como escandaloso. A apresentadora indicou que, dois dias depois do epis\u00f3dio, testou positivo \u00e0 Covid-19. A entrevista refere-se a uma ocasi\u00e3o ocorrida j\u00e1 quando a pandemia de Covid-19 tinha chegado \u00e0 Inglaterra, no in\u00edcio de mar\u00e7o de 2020.","og_url":"https:\/\/portaltela.pt\/noticias\/2026\/01\/07\/apresentadora-acusa-diego-costa-de-tossir-lhe-na-cara-durante-a-pandemia\/","og_site_name":"Portal Tela Portugal","article_published_time":"2026-01-07T13:08:00+00:00","author":"Telinha","twitter_card":"summary_large_image","twitter_misc":{"Escrito por":"Telinha","Tempo estimado de leitura":"1 minuto"},"schema":{"@context":"https:\/\/schema.org","@graph":[{"@type":"Article","@id":"https:\/\/portaltela.pt\/noticias\/2026\/01\/07\/apresentadora-acusa-diego-costa-de-tossir-lhe-na-cara-durante-a-pandemia\/#article","isPartOf":{"@id":"https:\/\/portaltela.pt\/noticias\/2026\/01\/07\/apresentadora-acusa-diego-costa-de-tossir-lhe-na-cara-durante-a-pandemia\/"},"author":{"name":"Telinha","@id":"https:\/\/portaltela.pt\/#\/schema\/person\/c4278d4a6028830caff9ee44b42d32ed"},"headline":"Apresentadora acusa Diego Costa de tossir\u2011lhe na cara durante a pandemia","datePublished":"2026-01-07T13:08:00+00:00","mainEntityOfPage":{"@id":"https:\/\/portaltela.pt\/noticias\/2026\/01\/07\/apresentadora-acusa-diego-costa-de-tossir-lhe-na-cara-durante-a-pandemia\/"},"wordCount":171,"image":{"@id":"https:\/\/portaltela.pt\/noticias\/2026\/01\/07\/apresentadora-acusa-diego-costa-de-tossir-lhe-na-cara-durante-a-pandemia\/#primaryimage"},"thumbnailUrl":"https:\/\/portaltela.pt\/s.01k8rhncp4jt1\/2026\/01\/img_920x518uu2026-01-07-13-07-51-2413312-2.jpg","keywords":["agress\u00f5es simples","Atl\u00e9tico de Madrid","comportamento","desporto","futebol","sa\u00fade p\u00fablica"],"articleSection":["Desporto","Futebol"],"inLanguage":"pt-PT"},{"@type":"WebPage","@id":"https:\/\/portaltela.pt\/noticias\/2026\/01\/07\/apresentadora-acusa-diego-costa-de-tossir-lhe-na-cara-durante-a-pandemia\/","url":"https:\/\/portaltela.pt\/noticias\/2026\/01\/07\/apresentadora-acusa-diego-costa-de-tossir-lhe-na-cara-durante-a-pandemia\/","name":"Apresentadora acusa Diego Costa de tossir\u2011lhe na cara durante a pandemia - Portal Tela Portugal","isPartOf":{"@id":"https:\/\/portaltela.pt\/#website"},"primaryImageOfPage":{"@id":"https:\/\/portaltela.pt\/noticias\/2026\/01\/07\/apresentadora-acusa-diego-costa-de-tossir-lhe-na-cara-durante-a-pandemia\/#primaryimage"},"image":{"@id":"https:\/\/portaltela.pt\/noticias\/2026\/01\/07\/apresentadora-acusa-diego-costa-de-tossir-lhe-na-cara-durante-a-pandemia\/#primaryimage"},"thumbnailUrl":"https:\/\/portaltela.pt\/s.01k8rhncp4jt1\/2026\/01\/img_920x518uu2026-01-07-13-07-51-2413312-2.jpg","datePublished":"2026-01-07T13:08:00+00:00","author":{"@id":"https:\/\/portaltela.pt\/#\/schema\/person\/c4278d4a6028830caff9ee44b42d32ed"},"breadcrumb":{"@id":"https:\/\/portaltela.pt\/noticias\/2026\/01\/07\/apresentadora-acusa-diego-costa-de-tossir-lhe-na-cara-durante-a-pandemia\/#breadcrumb"},"inLanguage":"pt-PT","potentialAction":[{"@type":"ReadAction","target":["https:\/\/portaltela.pt\/noticias\/2026\/01\/07\/apresentadora-acusa-diego-costa-de-tossir-lhe-na-cara-durante-a-pandemia\/"]}]},{"@type":"ImageObject","inLanguage":"pt-PT","@id":"https:\/\/portaltela.pt\/noticias\/2026\/01\/07\/apresentadora-acusa-diego-costa-de-tossir-lhe-na-cara-durante-a-pandemia\/#primaryimage","url":"https:\/\/portaltela.pt\/s.01k8rhncp4jt1\/2026\/01\/img_920x518uu2026-01-07-13-07-51-2413312-2.jpg","contentUrl":"https:\/\/portaltela.pt\/s.01k8rhncp4jt1\/2026\/01\/img_920x518uu2026-01-07-13-07-51-2413312-2.jpg","width":796,"height":448,"caption":"Em 2020, Diego Costa representava o Atl\u00e9tico Madrid"},{"@type":"BreadcrumbList","@id":"https:\/\/portaltela.pt\/noticias\/2026\/01\/07\/apresentadora-acusa-diego-costa-de-tossir-lhe-na-cara-durante-a-pandemia\/#breadcrumb","itemListElement":[{"@type":"ListItem","position":1,"name":"In\u00edcio","item":"https:\/\/portaltela.pt\/"},{"@type":"ListItem","position":2,"name":"Apresentadora acusa Diego Costa de tossir\u2011lhe na cara durante a pandemia"}]},{"@type":"WebSite","@id":"https:\/\/portaltela.pt\/#website","url":"https:\/\/portaltela.pt\/","name":"Portal Tela Portugal","description":"","potentialAction":[{"@type":"SearchAction","target":{"@type":"EntryPoint","urlTemplate":"https:\/\/portaltela.pt\/?s={search_term_string}"},"query-input":{"@type":"PropertyValueSpecification","valueRequired":true,"valueName":"search_term_string"}}],"inLanguage":"pt-PT"},{"@type":"Person","@id":"https:\/\/portaltela.pt\/#\/schema\/person\/c4278d4a6028830caff9ee44b42d32ed","name":"Telinha","image":{"@type":"ImageObject","inLanguage":"pt-PT","@id":"https:\/\/portaltela.pt\/s.01k8rhncp4jt1\/2025\/11\/talking-bot-125x125.png","url":"https:\/\/portaltela.pt\/s.01k8rhncp4jt1\/2025\/11\/talking-bot-125x125.png","contentUrl":"https:\/\/portaltela.pt\/s.01k8rhncp4jt1\/2025\/11\/talking-bot-125x125.png","caption":"Telinha"},"sameAs":["https:\/\/portaltela.pt\/"],"url":"https:\/\/portaltela.pt\/por\/367410592786\/"}]}},"_links":{"self":[{"href":"https:\/\/portaltela.pt\/api\/wp\/v2\/posts\/123836","targetHints":{"allow":["GET"]}}],"collection":[{"href":"https:\/\/portaltela.pt\/api\/wp\/v2\/posts"}],"about":[{"href":"https:\/\/portaltela.pt\/api\/wp\/v2\/types\/post"}],"author":[{"embeddable":true,"href":"https:\/\/portaltela.pt\/api\/wp\/v2\/users\/2"}],"replies":[{"embeddable":true,"href":"https:\/\/portaltela.pt\/api\/wp\/v2\/comments?post=123836"}],"version-history":[{"count":0,"href":"https:\/\/portaltela.pt\/api\/wp\/v2\/posts\/123836\/revisions"}],"wp:featuredmedia":[{"embeddable":true,"href":"https:\/\/portaltela.pt\/api\/wp\/v2\/media\/123847"}],"wp:attachment":[{"href":"https:\/\/portaltela.pt\/api\/wp\/v2\/media?parent=123836"}],"wp:term":[{"taxonomy":"category","embeddable":true,"href":"https:\/\/portaltela.pt\/api\/wp\/v2\/categories?post=123836"},{"taxonomy":"post_tag","embeddable":true,"href":"https:\/\/portaltela.pt\/api\/wp\/v2\/tags?post=123836"}],"curies":[{"name":"wp","href":"https:\/\/api.w.org\/{rel}","templated":true}]}}