{"id":123828,"date":"2026-01-07T13:35:00","date_gmt":"2026-01-07T16:35:00","guid":{"rendered":"https:\/\/portaltela.pt\/noticias\/2026\/01\/07\/uls-de-entre-douro-e-vouga-reforcada-com-121-medicos-internos\/"},"modified":"2026-01-07T13:35:00","modified_gmt":"2026-01-07T16:35:00","slug":"uls-de-entre-douro-e-vouga-reforcada-com-121-medicos-internos","status":"publish","type":"post","link":"https:\/\/portaltela.pt\/noticias\/2026\/01\/07\/uls-de-entre-douro-e-vouga-reforcada-com-121-medicos-internos\/","title":{"rendered":"ULS de Entre Douro e Vouga refor\u00e7ada com 121 m\u00e9dicos internos"},"content":{"rendered":"<p>A Unidade Local de Sa\u00fade de Entre Douro e Vouga (ULSEDV) anunciou a entrada de 121 m\u00e9dicos internos que v\u00e3o iniciar a sua forma\u00e7\u00e3o na institui\u00e7\u00e3o. O aumento de quase uma centena de profissionais visa refor\u00e7ar a capacidade de resposta \u00e0 popula\u00e7\u00e3o da regi\u00e3o. A cerim\u00f3nia de boas-vindas ocorreu a 5 de janeiro, no Audit\u00f3rio da Biblioteca Municipal de Santa Maria da Feira.<\/p>\n<p>Os novos internos incluem 70 na Forma\u00e7\u00e3o Geral, 26 na Forma\u00e7\u00e3o Especializada Hospitalar, 24 na Medicina Geral e Familiar, e 1 na Sa\u00fade P\u00fablica. As especialidades hospitalares abrangem \u00e1reas como Anestesiologia, Cirurgia, Ginecologia\/Obstetr\u00edcia, Medicina Intensiva, Medicina Interna, Neurologia, Oftalmologia, Oncologia, Ortopedia, Otorrinolaringologia, Pediatria e Pneumologia.<\/p>\n<p>A maioria dos m\u00e9dicos internos de Forma\u00e7\u00e3o Geral ficar\u00e1 um ano em Cuidados de Sa\u00fade Prim\u00e1rios, Pediatria, Medicina Interna e Cirurgia Geral, contribuindo para o funcionamento dos servi\u00e7os e para o acompanhamento dos utentes. Cerca de 85% indicaram a ULSEDV como primeira ou segunda op\u00e7\u00e3o de escolha.<\/p>\n<p>O presidente do Conselho de Administra\u00e7\u00e3o, Miguel Paiva, destacou que o refor\u00e7o melhora a qualidade dos cuidados, com foco na centralidade do utente e no trabalho em equipas multidisciplinares. O diretor cl\u00ednico dos Cuidados de Sa\u00fade Hospitalares, Carlos Carvalho, referiu que a forma\u00e7\u00e3o m\u00e9dica \u00e9 estrat\u00e9gica para atrair especialistas e sustentar a capacidade hospitalar.<\/p>\n<p>A diretora cl\u00ednica dos Cuidados de Sa\u00fade Prim\u00e1rios, Marisa Carvalho, sublinhou que a integra\u00e7\u00e3o refor\u00e7a equipas e aproxima a resposta cl\u00ednica da comunidade, assentando em valores de empatia e compromisso com o doente. O conjunto da ULSEDV refor\u00e7a o investimento na forma\u00e7\u00e3o m\u00e9dica e a valoriza\u00e7\u00e3o dos profissionais de sa\u00fade.<\/p>\n","protected":false},"excerpt":{"rendered":"<ul>\n<li>A Unidade Local de Sa\u00fade de Entre Douro e Vouga (ULSEDV) vai receber cento vinte e um novos m\u00e9dicos internos, que iniciam a forma\u00e7\u00e3o.<\/li>\n<li>Do total, setenta entram na Forma\u00e7\u00e3o Geral, vinte e seis na Forma\u00e7\u00e3o Especializada Hospitalar, vinte e quatro na Forma\u00e7\u00e3o Especializada em Medicina Geral e Familiar (colocados nas USF) e um inicia a Forma\u00e7\u00e3o Especializada em Sa\u00fade P\u00fablica.<\/li>\n<li>As especialidades hospitalares abrangidas incluem anestesiologia, cirurgia, ginecologia\/obstetr\u00edcia, medicina do trabalho, medicina f\u00edsica e reabilita\u00e7\u00e3o, medicina intensiva, medicina interna, neurologia, oftalmologia, oncologia, ortopedia, otorrinolaringologia, pediatria e pneumologia.<\/li>\n<li>Cerca de 85 por cento dos internos escolheram a ULSEDV como primeira ou segunda op\u00e7\u00e3o, evidenciando atratividade e confian\u00e7a na forma\u00e7\u00e3o.<\/li>\n<li>Os respons\u00e1veis da ULSEDV destacam o refor\u00e7o como crucial para a melhoria dos cuidados, a centralidade do utente e o aumento da capacidade assistencial, com aposta na forma\u00e7\u00e3o m\u00e9dica e no trabalho em equipas multidisciplinares.<\/li>\n<\/ul>\n","protected":false},"author":2,"featured_media":123838,"comment_status":"closed","ping_status":"closed","sticky":false,"template":"","format":"standard","meta":{"footnotes":""},"categories":[1],"tags":[2098,2217,482,1401,1403,172],"class_list":["post-123828","post","type-post","status-publish","format-standard","has-post-thumbnail","hentry","category-noticias","tag-anestesiologia","tag-ginecologia-obstetricia","tag-medicina-geral-e-familiar","tag-medicina-interna","tag-pediatria","tag-saude"],"yoast_head":"<!-- This site is optimized with the Yoast SEO plugin v27.2 - https:\/\/yoast.com\/product\/yoast-seo-wordpress\/ -->\n<title>ULS de Entre Douro e Vouga refor\u00e7ada com 121 m\u00e9dicos internos - Portal Tela Portugal<\/title>\n<meta name=\"robots\" content=\"index, follow, max-snippet:-1, max-image-preview:large, max-video-preview:-1\" \/>\n<meta property=\"og:locale\" content=\"pt_PT\" \/>\n<meta property=\"og:type\" content=\"article\" \/>\n<meta property=\"og:title\" content=\"ULS de Entre Douro e Vouga refor\u00e7ada com 121 m\u00e9dicos internos - Portal Tela Portugal\" \/>\n<meta property=\"og:description\" content=\"A Unidade Local de Sa\u00fade de Entre Douro e Vouga (ULSEDV) vai receber cento vinte e um novos m\u00e9dicos internos, que iniciam a forma\u00e7\u00e3o. Do total, setenta entram na Forma\u00e7\u00e3o Geral, vinte e seis na Forma\u00e7\u00e3o Especializada Hospitalar, vinte e quatro na Forma\u00e7\u00e3o Especializada em Medicina Geral e Familiar (colocados nas USF) e um inicia a Forma\u00e7\u00e3o Especializada em Sa\u00fade P\u00fablica. As especialidades hospitalares abrangidas incluem anestesiologia, cirurgia, ginecologia\/obstetr\u00edcia, medicina do trabalho, medicina f\u00edsica e reabilita\u00e7\u00e3o, medicina intensiva, medicina interna, neurologia, oftalmologia, oncologia, ortopedia, otorrinolaringologia, pediatria e pneumologia. Cerca de 85 por cento dos internos escolheram a ULSEDV como primeira ou segunda op\u00e7\u00e3o, evidenciando atratividade e confian\u00e7a na forma\u00e7\u00e3o. Os respons\u00e1veis da ULSEDV destacam o refor\u00e7o como crucial para a melhoria dos cuidados, a centralidade do utente e o aumento da capacidade assistencial, com aposta na forma\u00e7\u00e3o m\u00e9dica e no trabalho em equipas multidisciplinares.\" \/>\n<meta property=\"og:url\" content=\"https:\/\/portaltela.pt\/noticias\/2026\/01\/07\/uls-de-entre-douro-e-vouga-reforcada-com-121-medicos-internos\/\" \/>\n<meta property=\"og:site_name\" content=\"Portal Tela Portugal\" \/>\n<meta property=\"article:published_time\" content=\"2026-01-07T16:35:00+00:00\" \/>\n<meta name=\"author\" content=\"Telinha\" \/>\n<meta name=\"twitter:card\" content=\"summary_large_image\" \/>\n<meta name=\"twitter:label1\" content=\"Escrito por\" \/>\n\t<meta name=\"twitter:data1\" content=\"Telinha\" \/>\n\t<meta name=\"twitter:label2\" content=\"Tempo estimado de leitura\" \/>\n\t<meta name=\"twitter:data2\" content=\"1 minuto\" \/>\n<script type=\"application\/ld+json\" class=\"yoast-schema-graph\">{\"@context\":\"https:\/\/schema.org\",\"@graph\":[{\"@type\":\"Article\",\"@id\":\"https:\/\/portaltela.pt\/noticias\/2026\/01\/07\/uls-de-entre-douro-e-vouga-reforcada-com-121-medicos-internos\/#article\",\"isPartOf\":{\"@id\":\"https:\/\/portaltela.pt\/noticias\/2026\/01\/07\/uls-de-entre-douro-e-vouga-reforcada-com-121-medicos-internos\/\"},\"author\":{\"name\":\"Telinha\",\"@id\":\"https:\/\/portaltela.pt\/#\/schema\/person\/c4278d4a6028830caff9ee44b42d32ed\"},\"headline\":\"ULS de Entre Douro e Vouga refor\u00e7ada com 121 m\u00e9dicos internos\",\"datePublished\":\"2026-01-07T16:35:00+00:00\",\"mainEntityOfPage\":{\"@id\":\"https:\/\/portaltela.pt\/noticias\/2026\/01\/07\/uls-de-entre-douro-e-vouga-reforcada-com-121-medicos-internos\/\"},\"wordCount\":302,\"image\":{\"@id\":\"https:\/\/portaltela.pt\/noticias\/2026\/01\/07\/uls-de-entre-douro-e-vouga-reforcada-com-121-medicos-internos\/#primaryimage\"},\"thumbnailUrl\":\"https:\/\/portaltela.pt\/s.01k8rhncp4jt1\/2026\/01\/image-381.jpg\",\"keywords\":[\"Anestesiologia\",\"Ginecologia\/Obstetr\u00edcia\",\"Medicina Geral e Familiar\",\"Medicina Interna\",\"Pediatria\",\"sa\u00fade\"],\"articleSection\":[\"Not\u00edcias\"],\"inLanguage\":\"pt-PT\"},{\"@type\":\"WebPage\",\"@id\":\"https:\/\/portaltela.pt\/noticias\/2026\/01\/07\/uls-de-entre-douro-e-vouga-reforcada-com-121-medicos-internos\/\",\"url\":\"https:\/\/portaltela.pt\/noticias\/2026\/01\/07\/uls-de-entre-douro-e-vouga-reforcada-com-121-medicos-internos\/\",\"name\":\"ULS de Entre Douro e Vouga refor\u00e7ada com 121 m\u00e9dicos internos - Portal Tela Portugal\",\"isPartOf\":{\"@id\":\"https:\/\/portaltela.pt\/#website\"},\"primaryImageOfPage\":{\"@id\":\"https:\/\/portaltela.pt\/noticias\/2026\/01\/07\/uls-de-entre-douro-e-vouga-reforcada-com-121-medicos-internos\/#primaryimage\"},\"image\":{\"@id\":\"https:\/\/portaltela.pt\/noticias\/2026\/01\/07\/uls-de-entre-douro-e-vouga-reforcada-com-121-medicos-internos\/#primaryimage\"},\"thumbnailUrl\":\"https:\/\/portaltela.pt\/s.01k8rhncp4jt1\/2026\/01\/image-381.jpg\",\"datePublished\":\"2026-01-07T16:35:00+00:00\",\"author\":{\"@id\":\"https:\/\/portaltela.pt\/#\/schema\/person\/c4278d4a6028830caff9ee44b42d32ed\"},\"breadcrumb\":{\"@id\":\"https:\/\/portaltela.pt\/noticias\/2026\/01\/07\/uls-de-entre-douro-e-vouga-reforcada-com-121-medicos-internos\/#breadcrumb\"},\"inLanguage\":\"pt-PT\",\"potentialAction\":[{\"@type\":\"ReadAction\",\"target\":[\"https:\/\/portaltela.pt\/noticias\/2026\/01\/07\/uls-de-entre-douro-e-vouga-reforcada-com-121-medicos-internos\/\"]}]},{\"@type\":\"ImageObject\",\"inLanguage\":\"pt-PT\",\"@id\":\"https:\/\/portaltela.pt\/noticias\/2026\/01\/07\/uls-de-entre-douro-e-vouga-reforcada-com-121-medicos-internos\/#primaryimage\",\"url\":\"https:\/\/portaltela.pt\/s.01k8rhncp4jt1\/2026\/01\/image-381.jpg\",\"contentUrl\":\"https:\/\/portaltela.pt\/s.01k8rhncp4jt1\/2026\/01\/image-381.jpg\",\"width\":796,\"height\":448,\"caption\":\"Sess\u00e3o de boas-vindas aos 121 novos m\u00e9dicos internos, a 5 de janeiro, no Audit\u00f3rio da Biblioteca Municipal de Santa Maria da Feira\"},{\"@type\":\"BreadcrumbList\",\"@id\":\"https:\/\/portaltela.pt\/noticias\/2026\/01\/07\/uls-de-entre-douro-e-vouga-reforcada-com-121-medicos-internos\/#breadcrumb\",\"itemListElement\":[{\"@type\":\"ListItem\",\"position\":1,\"name\":\"In\u00edcio\",\"item\":\"https:\/\/portaltela.pt\/\"},{\"@type\":\"ListItem\",\"position\":2,\"name\":\"ULS de Entre Douro e Vouga refor\u00e7ada com 121 m\u00e9dicos internos\"}]},{\"@type\":\"WebSite\",\"@id\":\"https:\/\/portaltela.pt\/#website\",\"url\":\"https:\/\/portaltela.pt\/\",\"name\":\"Portal Tela Portugal\",\"description\":\"\",\"potentialAction\":[{\"@type\":\"SearchAction\",\"target\":{\"@type\":\"EntryPoint\",\"urlTemplate\":\"https:\/\/portaltela.pt\/?s={search_term_string}\"},\"query-input\":{\"@type\":\"PropertyValueSpecification\",\"valueRequired\":true,\"valueName\":\"search_term_string\"}}],\"inLanguage\":\"pt-PT\"},{\"@type\":\"Person\",\"@id\":\"https:\/\/portaltela.pt\/#\/schema\/person\/c4278d4a6028830caff9ee44b42d32ed\",\"name\":\"Telinha\",\"image\":{\"@type\":\"ImageObject\",\"inLanguage\":\"pt-PT\",\"@id\":\"https:\/\/portaltela.pt\/s.01k8rhncp4jt1\/2025\/11\/talking-bot-125x125.png\",\"url\":\"https:\/\/portaltela.pt\/s.01k8rhncp4jt1\/2025\/11\/talking-bot-125x125.png\",\"contentUrl\":\"https:\/\/portaltela.pt\/s.01k8rhncp4jt1\/2025\/11\/talking-bot-125x125.png\",\"caption\":\"Telinha\"},\"sameAs\":[\"https:\/\/portaltela.pt\/\"],\"url\":\"https:\/\/portaltela.pt\/por\/367410592786\/\"}]}<\/script>\n<!-- \/ Yoast SEO plugin. -->","yoast_head_json":{"title":"ULS de Entre Douro e Vouga refor\u00e7ada com 121 m\u00e9dicos internos - Portal Tela Portugal","robots":{"index":"index","follow":"follow","max-snippet":"max-snippet:-1","max-image-preview":"max-image-preview:large","max-video-preview":"max-video-preview:-1"},"og_locale":"pt_PT","og_type":"article","og_title":"ULS de Entre Douro e Vouga refor\u00e7ada com 121 m\u00e9dicos internos - Portal Tela Portugal","og_description":"A Unidade Local de Sa\u00fade de Entre Douro e Vouga (ULSEDV) vai receber cento vinte e um novos m\u00e9dicos internos, que iniciam a forma\u00e7\u00e3o. Do total, setenta entram na Forma\u00e7\u00e3o Geral, vinte e seis na Forma\u00e7\u00e3o Especializada Hospitalar, vinte e quatro na Forma\u00e7\u00e3o Especializada em Medicina Geral e Familiar (colocados nas USF) e um inicia a Forma\u00e7\u00e3o Especializada em Sa\u00fade P\u00fablica. As especialidades hospitalares abrangidas incluem anestesiologia, cirurgia, ginecologia\/obstetr\u00edcia, medicina do trabalho, medicina f\u00edsica e reabilita\u00e7\u00e3o, medicina intensiva, medicina interna, neurologia, oftalmologia, oncologia, ortopedia, otorrinolaringologia, pediatria e pneumologia. Cerca de 85 por cento dos internos escolheram a ULSEDV como primeira ou segunda op\u00e7\u00e3o, evidenciando atratividade e confian\u00e7a na forma\u00e7\u00e3o. Os respons\u00e1veis da ULSEDV destacam o refor\u00e7o como crucial para a melhoria dos cuidados, a centralidade do utente e o aumento da capacidade assistencial, com aposta na forma\u00e7\u00e3o m\u00e9dica e no trabalho em equipas multidisciplinares.","og_url":"https:\/\/portaltela.pt\/noticias\/2026\/01\/07\/uls-de-entre-douro-e-vouga-reforcada-com-121-medicos-internos\/","og_site_name":"Portal Tela Portugal","article_published_time":"2026-01-07T16:35:00+00:00","author":"Telinha","twitter_card":"summary_large_image","twitter_misc":{"Escrito por":"Telinha","Tempo estimado de leitura":"1 minuto"},"schema":{"@context":"https:\/\/schema.org","@graph":[{"@type":"Article","@id":"https:\/\/portaltela.pt\/noticias\/2026\/01\/07\/uls-de-entre-douro-e-vouga-reforcada-com-121-medicos-internos\/#article","isPartOf":{"@id":"https:\/\/portaltela.pt\/noticias\/2026\/01\/07\/uls-de-entre-douro-e-vouga-reforcada-com-121-medicos-internos\/"},"author":{"name":"Telinha","@id":"https:\/\/portaltela.pt\/#\/schema\/person\/c4278d4a6028830caff9ee44b42d32ed"},"headline":"ULS de Entre Douro e Vouga refor\u00e7ada com 121 m\u00e9dicos internos","datePublished":"2026-01-07T16:35:00+00:00","mainEntityOfPage":{"@id":"https:\/\/portaltela.pt\/noticias\/2026\/01\/07\/uls-de-entre-douro-e-vouga-reforcada-com-121-medicos-internos\/"},"wordCount":302,"image":{"@id":"https:\/\/portaltela.pt\/noticias\/2026\/01\/07\/uls-de-entre-douro-e-vouga-reforcada-com-121-medicos-internos\/#primaryimage"},"thumbnailUrl":"https:\/\/portaltela.pt\/s.01k8rhncp4jt1\/2026\/01\/image-381.jpg","keywords":["Anestesiologia","Ginecologia\/Obstetr\u00edcia","Medicina Geral e Familiar","Medicina Interna","Pediatria","sa\u00fade"],"articleSection":["Not\u00edcias"],"inLanguage":"pt-PT"},{"@type":"WebPage","@id":"https:\/\/portaltela.pt\/noticias\/2026\/01\/07\/uls-de-entre-douro-e-vouga-reforcada-com-121-medicos-internos\/","url":"https:\/\/portaltela.pt\/noticias\/2026\/01\/07\/uls-de-entre-douro-e-vouga-reforcada-com-121-medicos-internos\/","name":"ULS de Entre Douro e Vouga refor\u00e7ada com 121 m\u00e9dicos internos - Portal Tela Portugal","isPartOf":{"@id":"https:\/\/portaltela.pt\/#website"},"primaryImageOfPage":{"@id":"https:\/\/portaltela.pt\/noticias\/2026\/01\/07\/uls-de-entre-douro-e-vouga-reforcada-com-121-medicos-internos\/#primaryimage"},"image":{"@id":"https:\/\/portaltela.pt\/noticias\/2026\/01\/07\/uls-de-entre-douro-e-vouga-reforcada-com-121-medicos-internos\/#primaryimage"},"thumbnailUrl":"https:\/\/portaltela.pt\/s.01k8rhncp4jt1\/2026\/01\/image-381.jpg","datePublished":"2026-01-07T16:35:00+00:00","author":{"@id":"https:\/\/portaltela.pt\/#\/schema\/person\/c4278d4a6028830caff9ee44b42d32ed"},"breadcrumb":{"@id":"https:\/\/portaltela.pt\/noticias\/2026\/01\/07\/uls-de-entre-douro-e-vouga-reforcada-com-121-medicos-internos\/#breadcrumb"},"inLanguage":"pt-PT","potentialAction":[{"@type":"ReadAction","target":["https:\/\/portaltela.pt\/noticias\/2026\/01\/07\/uls-de-entre-douro-e-vouga-reforcada-com-121-medicos-internos\/"]}]},{"@type":"ImageObject","inLanguage":"pt-PT","@id":"https:\/\/portaltela.pt\/noticias\/2026\/01\/07\/uls-de-entre-douro-e-vouga-reforcada-com-121-medicos-internos\/#primaryimage","url":"https:\/\/portaltela.pt\/s.01k8rhncp4jt1\/2026\/01\/image-381.jpg","contentUrl":"https:\/\/portaltela.pt\/s.01k8rhncp4jt1\/2026\/01\/image-381.jpg","width":796,"height":448,"caption":"Sess\u00e3o de boas-vindas aos 121 novos m\u00e9dicos internos, a 5 de janeiro, no Audit\u00f3rio da Biblioteca Municipal de Santa Maria da Feira"},{"@type":"BreadcrumbList","@id":"https:\/\/portaltela.pt\/noticias\/2026\/01\/07\/uls-de-entre-douro-e-vouga-reforcada-com-121-medicos-internos\/#breadcrumb","itemListElement":[{"@type":"ListItem","position":1,"name":"In\u00edcio","item":"https:\/\/portaltela.pt\/"},{"@type":"ListItem","position":2,"name":"ULS de Entre Douro e Vouga refor\u00e7ada com 121 m\u00e9dicos internos"}]},{"@type":"WebSite","@id":"https:\/\/portaltela.pt\/#website","url":"https:\/\/portaltela.pt\/","name":"Portal Tela Portugal","description":"","potentialAction":[{"@type":"SearchAction","target":{"@type":"EntryPoint","urlTemplate":"https:\/\/portaltela.pt\/?s={search_term_string}"},"query-input":{"@type":"PropertyValueSpecification","valueRequired":true,"valueName":"search_term_string"}}],"inLanguage":"pt-PT"},{"@type":"Person","@id":"https:\/\/portaltela.pt\/#\/schema\/person\/c4278d4a6028830caff9ee44b42d32ed","name":"Telinha","image":{"@type":"ImageObject","inLanguage":"pt-PT","@id":"https:\/\/portaltela.pt\/s.01k8rhncp4jt1\/2025\/11\/talking-bot-125x125.png","url":"https:\/\/portaltela.pt\/s.01k8rhncp4jt1\/2025\/11\/talking-bot-125x125.png","contentUrl":"https:\/\/portaltela.pt\/s.01k8rhncp4jt1\/2025\/11\/talking-bot-125x125.png","caption":"Telinha"},"sameAs":["https:\/\/portaltela.pt\/"],"url":"https:\/\/portaltela.pt\/por\/367410592786\/"}]}},"_links":{"self":[{"href":"https:\/\/portaltela.pt\/api\/wp\/v2\/posts\/123828","targetHints":{"allow":["GET"]}}],"collection":[{"href":"https:\/\/portaltela.pt\/api\/wp\/v2\/posts"}],"about":[{"href":"https:\/\/portaltela.pt\/api\/wp\/v2\/types\/post"}],"author":[{"embeddable":true,"href":"https:\/\/portaltela.pt\/api\/wp\/v2\/users\/2"}],"replies":[{"embeddable":true,"href":"https:\/\/portaltela.pt\/api\/wp\/v2\/comments?post=123828"}],"version-history":[{"count":0,"href":"https:\/\/portaltela.pt\/api\/wp\/v2\/posts\/123828\/revisions"}],"wp:featuredmedia":[{"embeddable":true,"href":"https:\/\/portaltela.pt\/api\/wp\/v2\/media\/123838"}],"wp:attachment":[{"href":"https:\/\/portaltela.pt\/api\/wp\/v2\/media?parent=123828"}],"wp:term":[{"taxonomy":"category","embeddable":true,"href":"https:\/\/portaltela.pt\/api\/wp\/v2\/categories?post=123828"},{"taxonomy":"post_tag","embeddable":true,"href":"https:\/\/portaltela.pt\/api\/wp\/v2\/tags?post=123828"}],"curies":[{"name":"wp","href":"https:\/\/api.w.org\/{rel}","templated":true}]}}