{"id":123776,"date":"2026-01-07T12:54:51","date_gmt":"2026-01-07T15:54:51","guid":{"rendered":"https:\/\/portaltela.pt\/noticias\/2026\/01\/07\/programa-ja-definido-para-as-festividades-de-sao-sebastiao-em-famalicao\/"},"modified":"2026-01-07T12:54:51","modified_gmt":"2026-01-07T15:54:51","slug":"programa-ja-definido-para-as-festividades-de-sao-sebastiao-em-famalicao","status":"publish","type":"post","link":"https:\/\/portaltela.pt\/noticias\/2026\/01\/07\/programa-ja-definido-para-as-festividades-de-sao-sebastiao-em-famalicao\/","title":{"rendered":"Programa j\u00e1 definido para as festividades de S\u00e3o Sebasti\u00e3o em Famalic\u00e3o"},"content":{"rendered":"<p>Na localidade de Oliveira Santa Maria, as festas de S\u00e3o Sebasti\u00e3o arrancam no dia 20 de janeiro com uma eucaristia \u00e0s 16h, na capela. O programa fixa-se principalmente nos dias 24 e 25 do m\u00eas.<\/p>\n<p>No dia 24, a eucaristia realiza-se \u00e0s 19h no Mosteiro, seguida de uma prociss\u00e3o de velas at\u00e9 \u00e0 capela de S\u00e3o Sebasti\u00e3o. \u00c0s 21h45, est\u00e1 previsto o concerto de Valter Lopes, intercalado com a atua\u00e7\u00e3o de Ti Maria da Peida.<\/p>\n<p>No dia 25, a capela abre ao p\u00fablico \u00e0s 9h; \u00e0s 10h30 decorre a entrada do agrupamento de escuteiros; \u00e0s 11h realiza-se uma eucaristia solene, solenizada pelo grupo coral da par\u00f3quia. \u00c0 tarde, a partir das 15h, atua a Academia S\u00e9nior, encerrando \u00e0s 18h com fogo de artif\u00edcio.<\/p>\n","protected":false},"excerpt":{"rendered":"<ul>\n<li>As festas a S\u00e3o Sebasti\u00e3o, em Oliveira Santa Maria, come\u00e7am no dia 20 de janeiro com eucaristia \u00e0s 16h na capela.<\/li>\n<li>No dia 24 de janeiro, \u00e0s 19h celebra-se eucaristia no Mosteiro e h\u00e1 uma prociss\u00e3o de velas at\u00e9 \u00e0 capela de S. Sebasti\u00e3o.<\/li>\n<li>\u00c0s 21h45 desse dia decorre um concerto de Valter Lopes, intercalado com a atua\u00e7\u00e3o de Ti Maria da Peida.<\/li>\n<li>No dia 25 de janeiro a capela abre ao p\u00fablico \u00e0s 9h; \u00e0s 10h30 entra o agrupamento de escuteiros e \u00e0s 11h h\u00e1 eucaristia solene, com o grupo coral da par\u00f3quia.<\/li>\n<li>\u00c0 tarde, a partir das 15h, atua a Academia S\u00e9nior e as festividades encerram \u00e0s 18h com fogo de artif\u00edcio.<\/li>\n<\/ul>\n","protected":false},"author":2,"featured_media":123779,"comment_status":"closed","ping_status":"closed","sticky":false,"template":"","format":"standard","meta":{"footnotes":""},"categories":[1],"tags":[593,2527,1396,107,1959,40],"class_list":["post-123776","post","type-post","status-publish","format-standard","has-post-thumbnail","hentry","category-noticias","tag-concertos","tag-escuteiros","tag-famalicao","tag-festivais","tag-fogo-de-artificio","tag-pessoas"],"yoast_head":"<!-- This site is optimized with the Yoast SEO plugin v27.2 - https:\/\/yoast.com\/product\/yoast-seo-wordpress\/ -->\n<title>Programa j\u00e1 definido para as festividades de S\u00e3o Sebasti\u00e3o em Famalic\u00e3o - Portal Tela Portugal<\/title>\n<meta name=\"robots\" content=\"index, follow, max-snippet:-1, max-image-preview:large, max-video-preview:-1\" \/>\n<meta property=\"og:locale\" content=\"pt_PT\" \/>\n<meta property=\"og:type\" content=\"article\" \/>\n<meta property=\"og:title\" content=\"Programa j\u00e1 definido para as festividades de S\u00e3o Sebasti\u00e3o em Famalic\u00e3o - Portal Tela Portugal\" \/>\n<meta property=\"og:description\" content=\"As festas a S\u00e3o Sebasti\u00e3o, em Oliveira Santa Maria, come\u00e7am no dia 20 de janeiro com eucaristia \u00e0s 16h na capela. No dia 24 de janeiro, \u00e0s 19h celebra-se eucaristia no Mosteiro e h\u00e1 uma prociss\u00e3o de velas at\u00e9 \u00e0 capela de S. Sebasti\u00e3o. \u00c0s 21h45 desse dia decorre um concerto de Valter Lopes, intercalado com a atua\u00e7\u00e3o de Ti Maria da Peida. No dia 25 de janeiro a capela abre ao p\u00fablico \u00e0s 9h; \u00e0s 10h30 entra o agrupamento de escuteiros e \u00e0s 11h h\u00e1 eucaristia solene, com o grupo coral da par\u00f3quia. \u00c0 tarde, a partir das 15h, atua a Academia S\u00e9nior e as festividades encerram \u00e0s 18h com fogo de artif\u00edcio.\" \/>\n<meta property=\"og:url\" content=\"https:\/\/portaltela.pt\/noticias\/2026\/01\/07\/programa-ja-definido-para-as-festividades-de-sao-sebastiao-em-famalicao\/\" \/>\n<meta property=\"og:site_name\" content=\"Portal Tela Portugal\" \/>\n<meta property=\"article:published_time\" content=\"2026-01-07T15:54:51+00:00\" \/>\n<meta name=\"author\" content=\"Telinha\" \/>\n<meta name=\"twitter:card\" content=\"summary_large_image\" \/>\n<meta name=\"twitter:label1\" content=\"Escrito por\" \/>\n\t<meta name=\"twitter:data1\" content=\"Telinha\" \/>\n\t<meta name=\"twitter:label2\" content=\"Tempo estimado de leitura\" \/>\n\t<meta name=\"twitter:data2\" content=\"1 minuto\" \/>\n<script type=\"application\/ld+json\" class=\"yoast-schema-graph\">{\"@context\":\"https:\/\/schema.org\",\"@graph\":[{\"@type\":\"Article\",\"@id\":\"https:\/\/portaltela.pt\/noticias\/2026\/01\/07\/programa-ja-definido-para-as-festividades-de-sao-sebastiao-em-famalicao\/#article\",\"isPartOf\":{\"@id\":\"https:\/\/portaltela.pt\/noticias\/2026\/01\/07\/programa-ja-definido-para-as-festividades-de-sao-sebastiao-em-famalicao\/\"},\"author\":{\"name\":\"Telinha\",\"@id\":\"https:\/\/portaltela.pt\/#\/schema\/person\/c4278d4a6028830caff9ee44b42d32ed\"},\"headline\":\"Programa j\u00e1 definido para as festividades de S\u00e3o Sebasti\u00e3o em Famalic\u00e3o\",\"datePublished\":\"2026-01-07T15:54:51+00:00\",\"mainEntityOfPage\":{\"@id\":\"https:\/\/portaltela.pt\/noticias\/2026\/01\/07\/programa-ja-definido-para-as-festividades-de-sao-sebastiao-em-famalicao\/\"},\"wordCount\":141,\"image\":{\"@id\":\"https:\/\/portaltela.pt\/noticias\/2026\/01\/07\/programa-ja-definido-para-as-festividades-de-sao-sebastiao-em-famalicao\/#primaryimage\"},\"thumbnailUrl\":\"https:\/\/portaltela.pt\/s.01k8rhncp4jt1\/2026\/01\/unnamed-file-1403.jpg\",\"keywords\":[\"concertos\",\"Escuteiros\",\"Famalic\u00e3o\",\"festivais\",\"fogo de artif\u00edcio\",\"pessoas\"],\"articleSection\":[\"Not\u00edcias\"],\"inLanguage\":\"pt-PT\"},{\"@type\":\"WebPage\",\"@id\":\"https:\/\/portaltela.pt\/noticias\/2026\/01\/07\/programa-ja-definido-para-as-festividades-de-sao-sebastiao-em-famalicao\/\",\"url\":\"https:\/\/portaltela.pt\/noticias\/2026\/01\/07\/programa-ja-definido-para-as-festividades-de-sao-sebastiao-em-famalicao\/\",\"name\":\"Programa j\u00e1 definido para as festividades de S\u00e3o Sebasti\u00e3o em Famalic\u00e3o - Portal Tela Portugal\",\"isPartOf\":{\"@id\":\"https:\/\/portaltela.pt\/#website\"},\"primaryImageOfPage\":{\"@id\":\"https:\/\/portaltela.pt\/noticias\/2026\/01\/07\/programa-ja-definido-para-as-festividades-de-sao-sebastiao-em-famalicao\/#primaryimage\"},\"image\":{\"@id\":\"https:\/\/portaltela.pt\/noticias\/2026\/01\/07\/programa-ja-definido-para-as-festividades-de-sao-sebastiao-em-famalicao\/#primaryimage\"},\"thumbnailUrl\":\"https:\/\/portaltela.pt\/s.01k8rhncp4jt1\/2026\/01\/unnamed-file-1403.jpg\",\"datePublished\":\"2026-01-07T15:54:51+00:00\",\"author\":{\"@id\":\"https:\/\/portaltela.pt\/#\/schema\/person\/c4278d4a6028830caff9ee44b42d32ed\"},\"breadcrumb\":{\"@id\":\"https:\/\/portaltela.pt\/noticias\/2026\/01\/07\/programa-ja-definido-para-as-festividades-de-sao-sebastiao-em-famalicao\/#breadcrumb\"},\"inLanguage\":\"pt-PT\",\"potentialAction\":[{\"@type\":\"ReadAction\",\"target\":[\"https:\/\/portaltela.pt\/noticias\/2026\/01\/07\/programa-ja-definido-para-as-festividades-de-sao-sebastiao-em-famalicao\/\"]}]},{\"@type\":\"ImageObject\",\"inLanguage\":\"pt-PT\",\"@id\":\"https:\/\/portaltela.pt\/noticias\/2026\/01\/07\/programa-ja-definido-para-as-festividades-de-sao-sebastiao-em-famalicao\/#primaryimage\",\"url\":\"https:\/\/portaltela.pt\/s.01k8rhncp4jt1\/2026\/01\/unnamed-file-1403.jpg\",\"contentUrl\":\"https:\/\/portaltela.pt\/s.01k8rhncp4jt1\/2026\/01\/unnamed-file-1403.jpg\",\"width\":796,\"height\":448,\"caption\":\"Famalic\u00e3o: J\u00e1 h\u00e1 programa para as festividades a S\u00e3o Sebasti\u00e3o\"},{\"@type\":\"BreadcrumbList\",\"@id\":\"https:\/\/portaltela.pt\/noticias\/2026\/01\/07\/programa-ja-definido-para-as-festividades-de-sao-sebastiao-em-famalicao\/#breadcrumb\",\"itemListElement\":[{\"@type\":\"ListItem\",\"position\":1,\"name\":\"In\u00edcio\",\"item\":\"https:\/\/portaltela.pt\/\"},{\"@type\":\"ListItem\",\"position\":2,\"name\":\"Programa j\u00e1 definido para as festividades de S\u00e3o Sebasti\u00e3o em Famalic\u00e3o\"}]},{\"@type\":\"WebSite\",\"@id\":\"https:\/\/portaltela.pt\/#website\",\"url\":\"https:\/\/portaltela.pt\/\",\"name\":\"Portal Tela Portugal\",\"description\":\"\",\"potentialAction\":[{\"@type\":\"SearchAction\",\"target\":{\"@type\":\"EntryPoint\",\"urlTemplate\":\"https:\/\/portaltela.pt\/?s={search_term_string}\"},\"query-input\":{\"@type\":\"PropertyValueSpecification\",\"valueRequired\":true,\"valueName\":\"search_term_string\"}}],\"inLanguage\":\"pt-PT\"},{\"@type\":\"Person\",\"@id\":\"https:\/\/portaltela.pt\/#\/schema\/person\/c4278d4a6028830caff9ee44b42d32ed\",\"name\":\"Telinha\",\"image\":{\"@type\":\"ImageObject\",\"inLanguage\":\"pt-PT\",\"@id\":\"https:\/\/portaltela.pt\/s.01k8rhncp4jt1\/2025\/11\/talking-bot-125x125.png\",\"url\":\"https:\/\/portaltela.pt\/s.01k8rhncp4jt1\/2025\/11\/talking-bot-125x125.png\",\"contentUrl\":\"https:\/\/portaltela.pt\/s.01k8rhncp4jt1\/2025\/11\/talking-bot-125x125.png\",\"caption\":\"Telinha\"},\"sameAs\":[\"https:\/\/portaltela.pt\/\"],\"url\":\"https:\/\/portaltela.pt\/por\/367410592786\/\"}]}<\/script>\n<!-- \/ Yoast SEO plugin. -->","yoast_head_json":{"title":"Programa j\u00e1 definido para as festividades de S\u00e3o Sebasti\u00e3o em Famalic\u00e3o - Portal Tela Portugal","robots":{"index":"index","follow":"follow","max-snippet":"max-snippet:-1","max-image-preview":"max-image-preview:large","max-video-preview":"max-video-preview:-1"},"og_locale":"pt_PT","og_type":"article","og_title":"Programa j\u00e1 definido para as festividades de S\u00e3o Sebasti\u00e3o em Famalic\u00e3o - Portal Tela Portugal","og_description":"As festas a S\u00e3o Sebasti\u00e3o, em Oliveira Santa Maria, come\u00e7am no dia 20 de janeiro com eucaristia \u00e0s 16h na capela. No dia 24 de janeiro, \u00e0s 19h celebra-se eucaristia no Mosteiro e h\u00e1 uma prociss\u00e3o de velas at\u00e9 \u00e0 capela de S. Sebasti\u00e3o. \u00c0s 21h45 desse dia decorre um concerto de Valter Lopes, intercalado com a atua\u00e7\u00e3o de Ti Maria da Peida. No dia 25 de janeiro a capela abre ao p\u00fablico \u00e0s 9h; \u00e0s 10h30 entra o agrupamento de escuteiros e \u00e0s 11h h\u00e1 eucaristia solene, com o grupo coral da par\u00f3quia. \u00c0 tarde, a partir das 15h, atua a Academia S\u00e9nior e as festividades encerram \u00e0s 18h com fogo de artif\u00edcio.","og_url":"https:\/\/portaltela.pt\/noticias\/2026\/01\/07\/programa-ja-definido-para-as-festividades-de-sao-sebastiao-em-famalicao\/","og_site_name":"Portal Tela Portugal","article_published_time":"2026-01-07T15:54:51+00:00","author":"Telinha","twitter_card":"summary_large_image","twitter_misc":{"Escrito por":"Telinha","Tempo estimado de leitura":"1 minuto"},"schema":{"@context":"https:\/\/schema.org","@graph":[{"@type":"Article","@id":"https:\/\/portaltela.pt\/noticias\/2026\/01\/07\/programa-ja-definido-para-as-festividades-de-sao-sebastiao-em-famalicao\/#article","isPartOf":{"@id":"https:\/\/portaltela.pt\/noticias\/2026\/01\/07\/programa-ja-definido-para-as-festividades-de-sao-sebastiao-em-famalicao\/"},"author":{"name":"Telinha","@id":"https:\/\/portaltela.pt\/#\/schema\/person\/c4278d4a6028830caff9ee44b42d32ed"},"headline":"Programa j\u00e1 definido para as festividades de S\u00e3o Sebasti\u00e3o em Famalic\u00e3o","datePublished":"2026-01-07T15:54:51+00:00","mainEntityOfPage":{"@id":"https:\/\/portaltela.pt\/noticias\/2026\/01\/07\/programa-ja-definido-para-as-festividades-de-sao-sebastiao-em-famalicao\/"},"wordCount":141,"image":{"@id":"https:\/\/portaltela.pt\/noticias\/2026\/01\/07\/programa-ja-definido-para-as-festividades-de-sao-sebastiao-em-famalicao\/#primaryimage"},"thumbnailUrl":"https:\/\/portaltela.pt\/s.01k8rhncp4jt1\/2026\/01\/unnamed-file-1403.jpg","keywords":["concertos","Escuteiros","Famalic\u00e3o","festivais","fogo de artif\u00edcio","pessoas"],"articleSection":["Not\u00edcias"],"inLanguage":"pt-PT"},{"@type":"WebPage","@id":"https:\/\/portaltela.pt\/noticias\/2026\/01\/07\/programa-ja-definido-para-as-festividades-de-sao-sebastiao-em-famalicao\/","url":"https:\/\/portaltela.pt\/noticias\/2026\/01\/07\/programa-ja-definido-para-as-festividades-de-sao-sebastiao-em-famalicao\/","name":"Programa j\u00e1 definido para as festividades de S\u00e3o Sebasti\u00e3o em Famalic\u00e3o - Portal Tela Portugal","isPartOf":{"@id":"https:\/\/portaltela.pt\/#website"},"primaryImageOfPage":{"@id":"https:\/\/portaltela.pt\/noticias\/2026\/01\/07\/programa-ja-definido-para-as-festividades-de-sao-sebastiao-em-famalicao\/#primaryimage"},"image":{"@id":"https:\/\/portaltela.pt\/noticias\/2026\/01\/07\/programa-ja-definido-para-as-festividades-de-sao-sebastiao-em-famalicao\/#primaryimage"},"thumbnailUrl":"https:\/\/portaltela.pt\/s.01k8rhncp4jt1\/2026\/01\/unnamed-file-1403.jpg","datePublished":"2026-01-07T15:54:51+00:00","author":{"@id":"https:\/\/portaltela.pt\/#\/schema\/person\/c4278d4a6028830caff9ee44b42d32ed"},"breadcrumb":{"@id":"https:\/\/portaltela.pt\/noticias\/2026\/01\/07\/programa-ja-definido-para-as-festividades-de-sao-sebastiao-em-famalicao\/#breadcrumb"},"inLanguage":"pt-PT","potentialAction":[{"@type":"ReadAction","target":["https:\/\/portaltela.pt\/noticias\/2026\/01\/07\/programa-ja-definido-para-as-festividades-de-sao-sebastiao-em-famalicao\/"]}]},{"@type":"ImageObject","inLanguage":"pt-PT","@id":"https:\/\/portaltela.pt\/noticias\/2026\/01\/07\/programa-ja-definido-para-as-festividades-de-sao-sebastiao-em-famalicao\/#primaryimage","url":"https:\/\/portaltela.pt\/s.01k8rhncp4jt1\/2026\/01\/unnamed-file-1403.jpg","contentUrl":"https:\/\/portaltela.pt\/s.01k8rhncp4jt1\/2026\/01\/unnamed-file-1403.jpg","width":796,"height":448,"caption":"Famalic\u00e3o: J\u00e1 h\u00e1 programa para as festividades a S\u00e3o Sebasti\u00e3o"},{"@type":"BreadcrumbList","@id":"https:\/\/portaltela.pt\/noticias\/2026\/01\/07\/programa-ja-definido-para-as-festividades-de-sao-sebastiao-em-famalicao\/#breadcrumb","itemListElement":[{"@type":"ListItem","position":1,"name":"In\u00edcio","item":"https:\/\/portaltela.pt\/"},{"@type":"ListItem","position":2,"name":"Programa j\u00e1 definido para as festividades de S\u00e3o Sebasti\u00e3o em Famalic\u00e3o"}]},{"@type":"WebSite","@id":"https:\/\/portaltela.pt\/#website","url":"https:\/\/portaltela.pt\/","name":"Portal Tela Portugal","description":"","potentialAction":[{"@type":"SearchAction","target":{"@type":"EntryPoint","urlTemplate":"https:\/\/portaltela.pt\/?s={search_term_string}"},"query-input":{"@type":"PropertyValueSpecification","valueRequired":true,"valueName":"search_term_string"}}],"inLanguage":"pt-PT"},{"@type":"Person","@id":"https:\/\/portaltela.pt\/#\/schema\/person\/c4278d4a6028830caff9ee44b42d32ed","name":"Telinha","image":{"@type":"ImageObject","inLanguage":"pt-PT","@id":"https:\/\/portaltela.pt\/s.01k8rhncp4jt1\/2025\/11\/talking-bot-125x125.png","url":"https:\/\/portaltela.pt\/s.01k8rhncp4jt1\/2025\/11\/talking-bot-125x125.png","contentUrl":"https:\/\/portaltela.pt\/s.01k8rhncp4jt1\/2025\/11\/talking-bot-125x125.png","caption":"Telinha"},"sameAs":["https:\/\/portaltela.pt\/"],"url":"https:\/\/portaltela.pt\/por\/367410592786\/"}]}},"_links":{"self":[{"href":"https:\/\/portaltela.pt\/api\/wp\/v2\/posts\/123776","targetHints":{"allow":["GET"]}}],"collection":[{"href":"https:\/\/portaltela.pt\/api\/wp\/v2\/posts"}],"about":[{"href":"https:\/\/portaltela.pt\/api\/wp\/v2\/types\/post"}],"author":[{"embeddable":true,"href":"https:\/\/portaltela.pt\/api\/wp\/v2\/users\/2"}],"replies":[{"embeddable":true,"href":"https:\/\/portaltela.pt\/api\/wp\/v2\/comments?post=123776"}],"version-history":[{"count":0,"href":"https:\/\/portaltela.pt\/api\/wp\/v2\/posts\/123776\/revisions"}],"wp:featuredmedia":[{"embeddable":true,"href":"https:\/\/portaltela.pt\/api\/wp\/v2\/media\/123779"}],"wp:attachment":[{"href":"https:\/\/portaltela.pt\/api\/wp\/v2\/media?parent=123776"}],"wp:term":[{"taxonomy":"category","embeddable":true,"href":"https:\/\/portaltela.pt\/api\/wp\/v2\/categories?post=123776"},{"taxonomy":"post_tag","embeddable":true,"href":"https:\/\/portaltela.pt\/api\/wp\/v2\/tags?post=123776"}],"curies":[{"name":"wp","href":"https:\/\/api.w.org\/{rel}","templated":true}]}}