{"id":123677,"date":"2026-01-07T12:21:57","date_gmt":"2026-01-07T15:21:57","guid":{"rendered":"https:\/\/portaltela.pt\/noticias\/2026\/01\/07\/salvaterra-de-magos-reforca-com-trator-para-prevencao-de-fogos-rurais\/"},"modified":"2026-01-07T12:21:57","modified_gmt":"2026-01-07T15:21:57","slug":"salvaterra-de-magos-reforca-com-trator-para-prevencao-de-fogos-rurais","status":"publish","type":"post","link":"https:\/\/portaltela.pt\/noticias\/2026\/01\/07\/salvaterra-de-magos-reforca-com-trator-para-prevencao-de-fogos-rurais\/","title":{"rendered":"Salvaterra de Magos refor\u00e7a com trator para preven\u00e7\u00e3o de fogos rurais"},"content":{"rendered":"<p>Salvaterra de Magos recebeu na ter\u00e7a-feira, 6 de janeiro, um Trator Pneum\u00e1tico em regime de comodato para refor\u00e7ar a preven\u00e7\u00e3o e a gest\u00e3o integrada de fogos rurais.<\/p>\n<p>A cerim\u00f3nia decorreu em Porto de M\u00f3s e contou com a presen\u00e7a do Secret\u00e1rio de Estado das Florestas, Rui Ladeira.<\/p>\n<p>Este equipamento insere-se num projeto nacional promovido pelo ICNF, com um investimento total de 50 milh\u00f5es de euros financiado pelo PRR.<\/p>\n<p>O trator permite executar trabalho de prepara\u00e7\u00e3o de faixas de gest\u00e3o de combust\u00edvel, melhorar acessos e apoiar a\u00e7\u00f5es preventivas para proteger popula\u00e7\u00e3o, infraestruturas e recursos naturais.<\/p>\n<p>A entrega refor\u00e7a o compromisso da autarquia com medidas eficazes no combate aos fogos rurais, mediante coordena\u00e7\u00e3o de esfor\u00e7os e disponibiliza\u00e7\u00e3o de meios para interven\u00e7\u00f5es no terreno.<\/p>\n<p>Este refor\u00e7o surge num momento em que a preven\u00e7\u00e3o \u00e9 determinante na estrat\u00e9gia nacional de defesa da floresta, com o PRR a apoiar munic\u00edpios na aquisi\u00e7\u00e3o de equipamentos que aumentem a capacidade de resposta e a resili\u00eancia face ao fogo rural.<\/p>\n","protected":false},"excerpt":{"rendered":"<ul>\n<li>Salvaterra de Magos recebeu, na ter\u00e7a-feira, 6 de janeiro, um Trator Pneum\u00e1tico em regime de comodato para preven\u00e7\u00e3o de fogos rurais.<\/li>\n<li>A cerim\u00f3nia de entrega realizou-se em Porto de M\u00f3s e contou com a presen\u00e7a do Secret\u00e1rio de Estado das Florestas, Rui Ladeira.<\/li>\n<li>O projeto \u00e9 promovido pelo Instituto da Conserva\u00e7\u00e3o da Natureza e das Florestas (ICNF), com um investimento de 50 milh\u00f5es de euros financiado pelo Plano de Recupera\u00e7\u00e3o e Resili\u00eancia (PRR).<\/li>\n<li>O equipamento permite a execu\u00e7\u00e3o de faixas de gest\u00e3o de combust\u00edvel, melhoria de acessos e outras a\u00e7\u00f5es preventivas para mitigar o risco de inc\u00eandio e proteger popula\u00e7\u00e3o, infraestruturas e recursos naturais.<\/li>\n<li>O refor\u00e7o refor\u00e7a a estrat\u00e9gia nacional de preven\u00e7\u00e3o da defesa da floresta, com apoio a munic\u00edpios para aumentar a capacidade de resposta e resili\u00eancia face aos fogos rurais.<\/li>\n<\/ul>\n","protected":false},"author":2,"featured_media":123704,"comment_status":"closed","ping_status":"closed","sticky":false,"template":"","format":"standard","meta":{"footnotes":""},"categories":[1],"tags":[167,2048,713,2415,316,811],"class_list":["post-123677","post","type-post","status-publish","format-standard","has-post-thumbnail","hentry","category-noticias","tag-ambiente","tag-defesa-civil","tag-fogos","tag-gestao","tag-investimento","tag-protecao-ambiental"],"yoast_head":"<!-- This site is optimized with the Yoast SEO plugin v27.2 - https:\/\/yoast.com\/product\/yoast-seo-wordpress\/ -->\n<title>Salvaterra de Magos refor\u00e7a com trator para preven\u00e7\u00e3o de fogos rurais - Portal Tela Portugal<\/title>\n<meta name=\"robots\" content=\"index, follow, max-snippet:-1, max-image-preview:large, max-video-preview:-1\" \/>\n<meta property=\"og:locale\" content=\"pt_PT\" \/>\n<meta property=\"og:type\" content=\"article\" \/>\n<meta property=\"og:title\" content=\"Salvaterra de Magos refor\u00e7a com trator para preven\u00e7\u00e3o de fogos rurais - Portal Tela Portugal\" \/>\n<meta property=\"og:description\" content=\"Salvaterra de Magos recebeu, na ter\u00e7a-feira, 6 de janeiro, um Trator Pneum\u00e1tico em regime de comodato para preven\u00e7\u00e3o de fogos rurais. A cerim\u00f3nia de entrega realizou-se em Porto de M\u00f3s e contou com a presen\u00e7a do Secret\u00e1rio de Estado das Florestas, Rui Ladeira. O projeto \u00e9 promovido pelo Instituto da Conserva\u00e7\u00e3o da Natureza e das Florestas (ICNF), com um investimento de 50 milh\u00f5es de euros financiado pelo Plano de Recupera\u00e7\u00e3o e Resili\u00eancia (PRR). O equipamento permite a execu\u00e7\u00e3o de faixas de gest\u00e3o de combust\u00edvel, melhoria de acessos e outras a\u00e7\u00f5es preventivas para mitigar o risco de inc\u00eandio e proteger popula\u00e7\u00e3o, infraestruturas e recursos naturais. O refor\u00e7o refor\u00e7a a estrat\u00e9gia nacional de preven\u00e7\u00e3o da defesa da floresta, com apoio a munic\u00edpios para aumentar a capacidade de resposta e resili\u00eancia face aos fogos rurais.\" \/>\n<meta property=\"og:url\" content=\"https:\/\/portaltela.pt\/noticias\/2026\/01\/07\/salvaterra-de-magos-reforca-com-trator-para-prevencao-de-fogos-rurais\/\" \/>\n<meta property=\"og:site_name\" content=\"Portal Tela Portugal\" \/>\n<meta property=\"article:published_time\" content=\"2026-01-07T15:21:57+00:00\" \/>\n<meta name=\"author\" content=\"Telinha\" \/>\n<meta name=\"twitter:card\" content=\"summary_large_image\" \/>\n<meta name=\"twitter:label1\" content=\"Escrito por\" \/>\n\t<meta name=\"twitter:data1\" content=\"Telinha\" \/>\n\t<meta name=\"twitter:label2\" content=\"Tempo estimado de leitura\" \/>\n\t<meta name=\"twitter:data2\" content=\"1 minuto\" \/>\n<script type=\"application\/ld+json\" class=\"yoast-schema-graph\">{\"@context\":\"https:\/\/schema.org\",\"@graph\":[{\"@type\":\"Article\",\"@id\":\"https:\/\/portaltela.pt\/noticias\/2026\/01\/07\/salvaterra-de-magos-reforca-com-trator-para-prevencao-de-fogos-rurais\/#article\",\"isPartOf\":{\"@id\":\"https:\/\/portaltela.pt\/noticias\/2026\/01\/07\/salvaterra-de-magos-reforca-com-trator-para-prevencao-de-fogos-rurais\/\"},\"author\":{\"name\":\"Telinha\",\"@id\":\"https:\/\/portaltela.pt\/#\/schema\/person\/c4278d4a6028830caff9ee44b42d32ed\"},\"headline\":\"Salvaterra de Magos refor\u00e7a com trator para preven\u00e7\u00e3o de fogos rurais\",\"datePublished\":\"2026-01-07T15:21:57+00:00\",\"mainEntityOfPage\":{\"@id\":\"https:\/\/portaltela.pt\/noticias\/2026\/01\/07\/salvaterra-de-magos-reforca-com-trator-para-prevencao-de-fogos-rurais\/\"},\"wordCount\":198,\"image\":{\"@id\":\"https:\/\/portaltela.pt\/noticias\/2026\/01\/07\/salvaterra-de-magos-reforca-com-trator-para-prevencao-de-fogos-rurais\/#primaryimage\"},\"thumbnailUrl\":\"https:\/\/portaltela.pt\/s.01k8rhncp4jt1\/2026\/01\/unnamed-file-1396.jpg\",\"keywords\":[\"ambiente\",\"Defesa Civil\",\"fogos\",\"gest\u00e3o\",\"investimento\",\"prote\u00e7\u00e3o ambiental\"],\"articleSection\":[\"Not\u00edcias\"],\"inLanguage\":\"pt-PT\"},{\"@type\":\"WebPage\",\"@id\":\"https:\/\/portaltela.pt\/noticias\/2026\/01\/07\/salvaterra-de-magos-reforca-com-trator-para-prevencao-de-fogos-rurais\/\",\"url\":\"https:\/\/portaltela.pt\/noticias\/2026\/01\/07\/salvaterra-de-magos-reforca-com-trator-para-prevencao-de-fogos-rurais\/\",\"name\":\"Salvaterra de Magos refor\u00e7a com trator para preven\u00e7\u00e3o de fogos rurais - Portal Tela Portugal\",\"isPartOf\":{\"@id\":\"https:\/\/portaltela.pt\/#website\"},\"primaryImageOfPage\":{\"@id\":\"https:\/\/portaltela.pt\/noticias\/2026\/01\/07\/salvaterra-de-magos-reforca-com-trator-para-prevencao-de-fogos-rurais\/#primaryimage\"},\"image\":{\"@id\":\"https:\/\/portaltela.pt\/noticias\/2026\/01\/07\/salvaterra-de-magos-reforca-com-trator-para-prevencao-de-fogos-rurais\/#primaryimage\"},\"thumbnailUrl\":\"https:\/\/portaltela.pt\/s.01k8rhncp4jt1\/2026\/01\/unnamed-file-1396.jpg\",\"datePublished\":\"2026-01-07T15:21:57+00:00\",\"author\":{\"@id\":\"https:\/\/portaltela.pt\/#\/schema\/person\/c4278d4a6028830caff9ee44b42d32ed\"},\"breadcrumb\":{\"@id\":\"https:\/\/portaltela.pt\/noticias\/2026\/01\/07\/salvaterra-de-magos-reforca-com-trator-para-prevencao-de-fogos-rurais\/#breadcrumb\"},\"inLanguage\":\"pt-PT\",\"potentialAction\":[{\"@type\":\"ReadAction\",\"target\":[\"https:\/\/portaltela.pt\/noticias\/2026\/01\/07\/salvaterra-de-magos-reforca-com-trator-para-prevencao-de-fogos-rurais\/\"]}]},{\"@type\":\"ImageObject\",\"inLanguage\":\"pt-PT\",\"@id\":\"https:\/\/portaltela.pt\/noticias\/2026\/01\/07\/salvaterra-de-magos-reforca-com-trator-para-prevencao-de-fogos-rurais\/#primaryimage\",\"url\":\"https:\/\/portaltela.pt\/s.01k8rhncp4jt1\/2026\/01\/unnamed-file-1396.jpg\",\"contentUrl\":\"https:\/\/portaltela.pt\/s.01k8rhncp4jt1\/2026\/01\/unnamed-file-1396.jpg\",\"width\":796,\"height\":448,\"caption\":\"Salvaterra de Magos refor\u00e7a capacidade operacional com novo trator para preven\u00e7\u00e3o de fogos rurais\"},{\"@type\":\"BreadcrumbList\",\"@id\":\"https:\/\/portaltela.pt\/noticias\/2026\/01\/07\/salvaterra-de-magos-reforca-com-trator-para-prevencao-de-fogos-rurais\/#breadcrumb\",\"itemListElement\":[{\"@type\":\"ListItem\",\"position\":1,\"name\":\"In\u00edcio\",\"item\":\"https:\/\/portaltela.pt\/\"},{\"@type\":\"ListItem\",\"position\":2,\"name\":\"Salvaterra de Magos refor\u00e7a com trator para preven\u00e7\u00e3o de fogos rurais\"}]},{\"@type\":\"WebSite\",\"@id\":\"https:\/\/portaltela.pt\/#website\",\"url\":\"https:\/\/portaltela.pt\/\",\"name\":\"Portal Tela Portugal\",\"description\":\"\",\"potentialAction\":[{\"@type\":\"SearchAction\",\"target\":{\"@type\":\"EntryPoint\",\"urlTemplate\":\"https:\/\/portaltela.pt\/?s={search_term_string}\"},\"query-input\":{\"@type\":\"PropertyValueSpecification\",\"valueRequired\":true,\"valueName\":\"search_term_string\"}}],\"inLanguage\":\"pt-PT\"},{\"@type\":\"Person\",\"@id\":\"https:\/\/portaltela.pt\/#\/schema\/person\/c4278d4a6028830caff9ee44b42d32ed\",\"name\":\"Telinha\",\"image\":{\"@type\":\"ImageObject\",\"inLanguage\":\"pt-PT\",\"@id\":\"https:\/\/portaltela.pt\/s.01k8rhncp4jt1\/2025\/11\/talking-bot-125x125.png\",\"url\":\"https:\/\/portaltela.pt\/s.01k8rhncp4jt1\/2025\/11\/talking-bot-125x125.png\",\"contentUrl\":\"https:\/\/portaltela.pt\/s.01k8rhncp4jt1\/2025\/11\/talking-bot-125x125.png\",\"caption\":\"Telinha\"},\"sameAs\":[\"https:\/\/portaltela.pt\/\"],\"url\":\"https:\/\/portaltela.pt\/por\/367410592786\/\"}]}<\/script>\n<!-- \/ Yoast SEO plugin. -->","yoast_head_json":{"title":"Salvaterra de Magos refor\u00e7a com trator para preven\u00e7\u00e3o de fogos rurais - Portal Tela Portugal","robots":{"index":"index","follow":"follow","max-snippet":"max-snippet:-1","max-image-preview":"max-image-preview:large","max-video-preview":"max-video-preview:-1"},"og_locale":"pt_PT","og_type":"article","og_title":"Salvaterra de Magos refor\u00e7a com trator para preven\u00e7\u00e3o de fogos rurais - Portal Tela Portugal","og_description":"Salvaterra de Magos recebeu, na ter\u00e7a-feira, 6 de janeiro, um Trator Pneum\u00e1tico em regime de comodato para preven\u00e7\u00e3o de fogos rurais. A cerim\u00f3nia de entrega realizou-se em Porto de M\u00f3s e contou com a presen\u00e7a do Secret\u00e1rio de Estado das Florestas, Rui Ladeira. O projeto \u00e9 promovido pelo Instituto da Conserva\u00e7\u00e3o da Natureza e das Florestas (ICNF), com um investimento de 50 milh\u00f5es de euros financiado pelo Plano de Recupera\u00e7\u00e3o e Resili\u00eancia (PRR). O equipamento permite a execu\u00e7\u00e3o de faixas de gest\u00e3o de combust\u00edvel, melhoria de acessos e outras a\u00e7\u00f5es preventivas para mitigar o risco de inc\u00eandio e proteger popula\u00e7\u00e3o, infraestruturas e recursos naturais. O refor\u00e7o refor\u00e7a a estrat\u00e9gia nacional de preven\u00e7\u00e3o da defesa da floresta, com apoio a munic\u00edpios para aumentar a capacidade de resposta e resili\u00eancia face aos fogos rurais.","og_url":"https:\/\/portaltela.pt\/noticias\/2026\/01\/07\/salvaterra-de-magos-reforca-com-trator-para-prevencao-de-fogos-rurais\/","og_site_name":"Portal Tela Portugal","article_published_time":"2026-01-07T15:21:57+00:00","author":"Telinha","twitter_card":"summary_large_image","twitter_misc":{"Escrito por":"Telinha","Tempo estimado de leitura":"1 minuto"},"schema":{"@context":"https:\/\/schema.org","@graph":[{"@type":"Article","@id":"https:\/\/portaltela.pt\/noticias\/2026\/01\/07\/salvaterra-de-magos-reforca-com-trator-para-prevencao-de-fogos-rurais\/#article","isPartOf":{"@id":"https:\/\/portaltela.pt\/noticias\/2026\/01\/07\/salvaterra-de-magos-reforca-com-trator-para-prevencao-de-fogos-rurais\/"},"author":{"name":"Telinha","@id":"https:\/\/portaltela.pt\/#\/schema\/person\/c4278d4a6028830caff9ee44b42d32ed"},"headline":"Salvaterra de Magos refor\u00e7a com trator para preven\u00e7\u00e3o de fogos rurais","datePublished":"2026-01-07T15:21:57+00:00","mainEntityOfPage":{"@id":"https:\/\/portaltela.pt\/noticias\/2026\/01\/07\/salvaterra-de-magos-reforca-com-trator-para-prevencao-de-fogos-rurais\/"},"wordCount":198,"image":{"@id":"https:\/\/portaltela.pt\/noticias\/2026\/01\/07\/salvaterra-de-magos-reforca-com-trator-para-prevencao-de-fogos-rurais\/#primaryimage"},"thumbnailUrl":"https:\/\/portaltela.pt\/s.01k8rhncp4jt1\/2026\/01\/unnamed-file-1396.jpg","keywords":["ambiente","Defesa Civil","fogos","gest\u00e3o","investimento","prote\u00e7\u00e3o ambiental"],"articleSection":["Not\u00edcias"],"inLanguage":"pt-PT"},{"@type":"WebPage","@id":"https:\/\/portaltela.pt\/noticias\/2026\/01\/07\/salvaterra-de-magos-reforca-com-trator-para-prevencao-de-fogos-rurais\/","url":"https:\/\/portaltela.pt\/noticias\/2026\/01\/07\/salvaterra-de-magos-reforca-com-trator-para-prevencao-de-fogos-rurais\/","name":"Salvaterra de Magos refor\u00e7a com trator para preven\u00e7\u00e3o de fogos rurais - Portal Tela Portugal","isPartOf":{"@id":"https:\/\/portaltela.pt\/#website"},"primaryImageOfPage":{"@id":"https:\/\/portaltela.pt\/noticias\/2026\/01\/07\/salvaterra-de-magos-reforca-com-trator-para-prevencao-de-fogos-rurais\/#primaryimage"},"image":{"@id":"https:\/\/portaltela.pt\/noticias\/2026\/01\/07\/salvaterra-de-magos-reforca-com-trator-para-prevencao-de-fogos-rurais\/#primaryimage"},"thumbnailUrl":"https:\/\/portaltela.pt\/s.01k8rhncp4jt1\/2026\/01\/unnamed-file-1396.jpg","datePublished":"2026-01-07T15:21:57+00:00","author":{"@id":"https:\/\/portaltela.pt\/#\/schema\/person\/c4278d4a6028830caff9ee44b42d32ed"},"breadcrumb":{"@id":"https:\/\/portaltela.pt\/noticias\/2026\/01\/07\/salvaterra-de-magos-reforca-com-trator-para-prevencao-de-fogos-rurais\/#breadcrumb"},"inLanguage":"pt-PT","potentialAction":[{"@type":"ReadAction","target":["https:\/\/portaltela.pt\/noticias\/2026\/01\/07\/salvaterra-de-magos-reforca-com-trator-para-prevencao-de-fogos-rurais\/"]}]},{"@type":"ImageObject","inLanguage":"pt-PT","@id":"https:\/\/portaltela.pt\/noticias\/2026\/01\/07\/salvaterra-de-magos-reforca-com-trator-para-prevencao-de-fogos-rurais\/#primaryimage","url":"https:\/\/portaltela.pt\/s.01k8rhncp4jt1\/2026\/01\/unnamed-file-1396.jpg","contentUrl":"https:\/\/portaltela.pt\/s.01k8rhncp4jt1\/2026\/01\/unnamed-file-1396.jpg","width":796,"height":448,"caption":"Salvaterra de Magos refor\u00e7a capacidade operacional com novo trator para preven\u00e7\u00e3o de fogos rurais"},{"@type":"BreadcrumbList","@id":"https:\/\/portaltela.pt\/noticias\/2026\/01\/07\/salvaterra-de-magos-reforca-com-trator-para-prevencao-de-fogos-rurais\/#breadcrumb","itemListElement":[{"@type":"ListItem","position":1,"name":"In\u00edcio","item":"https:\/\/portaltela.pt\/"},{"@type":"ListItem","position":2,"name":"Salvaterra de Magos refor\u00e7a com trator para preven\u00e7\u00e3o de fogos rurais"}]},{"@type":"WebSite","@id":"https:\/\/portaltela.pt\/#website","url":"https:\/\/portaltela.pt\/","name":"Portal Tela Portugal","description":"","potentialAction":[{"@type":"SearchAction","target":{"@type":"EntryPoint","urlTemplate":"https:\/\/portaltela.pt\/?s={search_term_string}"},"query-input":{"@type":"PropertyValueSpecification","valueRequired":true,"valueName":"search_term_string"}}],"inLanguage":"pt-PT"},{"@type":"Person","@id":"https:\/\/portaltela.pt\/#\/schema\/person\/c4278d4a6028830caff9ee44b42d32ed","name":"Telinha","image":{"@type":"ImageObject","inLanguage":"pt-PT","@id":"https:\/\/portaltela.pt\/s.01k8rhncp4jt1\/2025\/11\/talking-bot-125x125.png","url":"https:\/\/portaltela.pt\/s.01k8rhncp4jt1\/2025\/11\/talking-bot-125x125.png","contentUrl":"https:\/\/portaltela.pt\/s.01k8rhncp4jt1\/2025\/11\/talking-bot-125x125.png","caption":"Telinha"},"sameAs":["https:\/\/portaltela.pt\/"],"url":"https:\/\/portaltela.pt\/por\/367410592786\/"}]}},"_links":{"self":[{"href":"https:\/\/portaltela.pt\/api\/wp\/v2\/posts\/123677","targetHints":{"allow":["GET"]}}],"collection":[{"href":"https:\/\/portaltela.pt\/api\/wp\/v2\/posts"}],"about":[{"href":"https:\/\/portaltela.pt\/api\/wp\/v2\/types\/post"}],"author":[{"embeddable":true,"href":"https:\/\/portaltela.pt\/api\/wp\/v2\/users\/2"}],"replies":[{"embeddable":true,"href":"https:\/\/portaltela.pt\/api\/wp\/v2\/comments?post=123677"}],"version-history":[{"count":0,"href":"https:\/\/portaltela.pt\/api\/wp\/v2\/posts\/123677\/revisions"}],"wp:featuredmedia":[{"embeddable":true,"href":"https:\/\/portaltela.pt\/api\/wp\/v2\/media\/123704"}],"wp:attachment":[{"href":"https:\/\/portaltela.pt\/api\/wp\/v2\/media?parent=123677"}],"wp:term":[{"taxonomy":"category","embeddable":true,"href":"https:\/\/portaltela.pt\/api\/wp\/v2\/categories?post=123677"},{"taxonomy":"post_tag","embeddable":true,"href":"https:\/\/portaltela.pt\/api\/wp\/v2\/tags?post=123677"}],"curies":[{"name":"wp","href":"https:\/\/api.w.org\/{rel}","templated":true}]}}