{"id":123560,"date":"2026-01-07T11:33:00","date_gmt":"2026-01-07T14:33:00","guid":{"rendered":"https:\/\/portaltela.pt\/noticias\/2026\/01\/07\/licencas-para-servicos-expresso-no-terminal-de-sete-rios-suspensas\/"},"modified":"2026-01-07T11:33:00","modified_gmt":"2026-01-07T14:33:00","slug":"licencas-para-servicos-expresso-no-terminal-de-sete-rios-suspensas","status":"publish","type":"post","link":"https:\/\/portaltela.pt\/noticias\/2026\/01\/07\/licencas-para-servicos-expresso-no-terminal-de-sete-rios-suspensas\/","title":{"rendered":"Licen\u00e7as para servi\u00e7os expresso no terminal de Sete Rios suspensas"},"content":{"rendered":"<p>O Instituto da Mobilidade e dos Transportes Terrestres (IMT) suspendeu a emiss\u00e3o de novas licen\u00e7as para servi\u00e7os de autocarro expresso que parem no terminal de Sete Rios, em Lisboa. A medida surge ap\u00f3s a AMT ter informado o IMT de uma contradi\u00e7\u00e3o envolvendo a Rede Expressos e a FlixBus.<\/p>\n<p>A AMT disse que a Rede Expressos pediu novas licen\u00e7as para paragens em Sete Rios ao mesmo tempo em que negou \u00e0 FlixBus acesso ao mesmo terminal, alegando falta de espa\u00e7o. O IMT afirmou que n\u00e3o avalia a capacidade dos terminais, apenas consulta o gestor do terminal sobre autoriza\u00e7\u00e3o de paragem.<\/p>\n<p>Segundo o IMT, a suspens\u00e3o aplica\u2011se a todas as novas licen\u00e7as para esse terminal at\u00e9 que a AMT declare que a situa\u00e7\u00e3o est\u00e1 normalizada. O objetivo \u00e9 impedir decis\u00f5es que n\u00e3o pare\u00e7am consistentes entre as partes envolvidas.<\/p>\n<p>Conflito entre operadores<\/p>\n<p>Nos \u00faltimos meses tem existido atrito pelo acesso aos terminais rodovi\u00e1rios, especialmente entre Rede Expressos e FlixBus no Sete Rios. Em maio, a AMT ordenou que a gest\u00e3o ceda o acesso dentro dos hor\u00e1rios dispon\u00edveis, sem recusa injustificada.<\/p>\n<p>A Rede Expressos questionou essa decis\u00e3o, indicando que o terminal n\u00e3o tem capacidade esgotada. Em dezembro, a gest\u00e3o do terminal afirmou que a entrada da FlixBus n\u00e3o seria vi\u00e1vel por quest\u00f5es de seguran\u00e7a e limites de utiliza\u00e7\u00e3o interna e nas vias externas.<\/p>\n<p>AMT defende altera\u00e7\u00f5es legais<\/p>\n<p>A presidente da AMT, Ana Paula Vitorino, defendeu altera\u00e7\u00f5es \u00e0 legisla\u00e7\u00e3o para separar as entidades gestoras dos terminais daquelas que operam servi\u00e7os, garantindo acesso equitativo. A proposta j\u00e1 tinha sido apresentada pela Autoridade da Concorr\u00eancia.<\/p>\n<p>Relativamente ao IMT, o Presidente Jo\u00e3o Jesus Caetano sugeriu ao Parlamento reconsiderar o quadro regulat\u00f3rio dos terminais, interfaces e hubs em Portugal, para clarificar regras aplic\u00e1veis a cada caso. A suspens\u00e3o permanece at\u00e9 novas indica\u00e7\u00f5es da AMT.<\/p>\n","protected":false},"excerpt":{"rendered":"<ul>\n<li>O Instituto da Mobilidade e dos Transportes Terrestres (IMT) suspendeu a emiss\u00e3o de novas licen\u00e7as para servi\u00e7os expresso que parem no terminal de Sete Rios, em Lisboa.<\/li>\n<li>A decis\u00e3o ocorreu ap\u00f3s a Autoridade da Mobilidade e dos Transportes (AMT) ter informado o IMT de que a Rede Expressos pediu novas licen\u00e7as para paragens em Sete Rios ao mesmo tempo que negou \u00e0 FlixBus acesso ao mesmo terminal, alegando que este estava cheio.<\/li>\n<li>O presidente do IMT afirmou que h\u00e1 uma contradi\u00e7\u00e3o entre a den\u00fancia da AMT e a posi\u00e7\u00e3o do gestor da infraestrutura, pelo que a suspens\u00e3o mant\u00e9m-se at\u00e9 que haja informa\u00e7\u00e3o \u00edntegra e confi\u00e1vel.<\/li>\n<li>O IMT n\u00e3o avalia a capacidade dos terminais; questiona-se apenas se o gestor autoriza as paragens, e, no caso de Sete Rios, decidiu suspender novas licen\u00e7as com base na den\u00fancia recebida.<\/li>\n<li>A suspens\u00e3o s\u00f3 dever\u00e1 terminar quando a AMT indicar que a situa\u00e7\u00e3o voltou \u00e0 normalidade; a AMT defende altera\u00e7\u00f5es legais para separar a gest\u00e3o dos terminais da opera\u00e7\u00e3o dos servi\u00e7os que l\u00e1 operam, para garantir acesso equitativo.<\/li>\n<\/ul>\n","protected":false},"author":2,"featured_media":123572,"comment_status":"closed","ping_status":"closed","sticky":false,"template":"","format":"standard","meta":{"footnotes":""},"categories":[1],"tags":[792,1615,981,202,192,1505],"class_list":["post-123560","post","type-post","status-publish","format-standard","has-post-thumbnail","hentry","category-noticias","tag-gestao-de-mobilidade","tag-infraestrutura","tag-lisboa","tag-mobilidade-urbana-e-cidades-inteligentes","tag-transporte","tag-transportes-rodoviarios"],"yoast_head":"<!-- This site is optimized with the Yoast SEO plugin v27.2 - https:\/\/yoast.com\/product\/yoast-seo-wordpress\/ -->\n<title>Licen\u00e7as para servi\u00e7os expresso no terminal de Sete Rios suspensas - Portal Tela Portugal<\/title>\n<meta name=\"robots\" content=\"index, follow, max-snippet:-1, max-image-preview:large, max-video-preview:-1\" \/>\n<meta property=\"og:locale\" content=\"pt_PT\" \/>\n<meta property=\"og:type\" content=\"article\" \/>\n<meta property=\"og:title\" content=\"Licen\u00e7as para servi\u00e7os expresso no terminal de Sete Rios suspensas - Portal Tela Portugal\" \/>\n<meta property=\"og:description\" content=\"O Instituto da Mobilidade e dos Transportes Terrestres (IMT) suspendeu a emiss\u00e3o de novas licen\u00e7as para servi\u00e7os expresso que parem no terminal de Sete Rios, em Lisboa. A decis\u00e3o ocorreu ap\u00f3s a Autoridade da Mobilidade e dos Transportes (AMT) ter informado o IMT de que a Rede Expressos pediu novas licen\u00e7as para paragens em Sete Rios ao mesmo tempo que negou \u00e0 FlixBus acesso ao mesmo terminal, alegando que este estava cheio. O presidente do IMT afirmou que h\u00e1 uma contradi\u00e7\u00e3o entre a den\u00fancia da AMT e a posi\u00e7\u00e3o do gestor da infraestrutura, pelo que a suspens\u00e3o mant\u00e9m-se at\u00e9 que haja informa\u00e7\u00e3o \u00edntegra e confi\u00e1vel. O IMT n\u00e3o avalia a capacidade dos terminais; questiona-se apenas se o gestor autoriza as paragens, e, no caso de Sete Rios, decidiu suspender novas licen\u00e7as com base na den\u00fancia recebida. A suspens\u00e3o s\u00f3 dever\u00e1 terminar quando a AMT indicar que a situa\u00e7\u00e3o voltou \u00e0 normalidade; a AMT defende altera\u00e7\u00f5es legais para separar a gest\u00e3o dos terminais da opera\u00e7\u00e3o dos servi\u00e7os que l\u00e1 operam, para garantir acesso equitativo.\" \/>\n<meta property=\"og:url\" content=\"https:\/\/portaltela.pt\/noticias\/2026\/01\/07\/licencas-para-servicos-expresso-no-terminal-de-sete-rios-suspensas\/\" \/>\n<meta property=\"og:site_name\" content=\"Portal Tela Portugal\" \/>\n<meta property=\"article:published_time\" content=\"2026-01-07T14:33:00+00:00\" \/>\n<meta name=\"author\" content=\"Telinha\" \/>\n<meta name=\"twitter:card\" content=\"summary_large_image\" \/>\n<meta name=\"twitter:label1\" content=\"Escrito por\" \/>\n\t<meta name=\"twitter:data1\" content=\"Telinha\" \/>\n\t<meta name=\"twitter:label2\" content=\"Tempo estimado de leitura\" \/>\n\t<meta name=\"twitter:data2\" content=\"2 minutos\" \/>\n<script type=\"application\/ld+json\" class=\"yoast-schema-graph\">{\"@context\":\"https:\/\/schema.org\",\"@graph\":[{\"@type\":\"Article\",\"@id\":\"https:\/\/portaltela.pt\/noticias\/2026\/01\/07\/licencas-para-servicos-expresso-no-terminal-de-sete-rios-suspensas\/#article\",\"isPartOf\":{\"@id\":\"https:\/\/portaltela.pt\/noticias\/2026\/01\/07\/licencas-para-servicos-expresso-no-terminal-de-sete-rios-suspensas\/\"},\"author\":{\"name\":\"Telinha\",\"@id\":\"https:\/\/portaltela.pt\/#\/schema\/person\/c4278d4a6028830caff9ee44b42d32ed\"},\"headline\":\"Licen\u00e7as para servi\u00e7os expresso no terminal de Sete Rios suspensas\",\"datePublished\":\"2026-01-07T14:33:00+00:00\",\"mainEntityOfPage\":{\"@id\":\"https:\/\/portaltela.pt\/noticias\/2026\/01\/07\/licencas-para-servicos-expresso-no-terminal-de-sete-rios-suspensas\/\"},\"wordCount\":343,\"image\":{\"@id\":\"https:\/\/portaltela.pt\/noticias\/2026\/01\/07\/licencas-para-servicos-expresso-no-terminal-de-sete-rios-suspensas\/#primaryimage\"},\"thumbnailUrl\":\"https:\/\/portaltela.pt\/s.01k8rhncp4jt1\/2026\/01\/2053d91c-1548-4e83-8dbe-ca99eefed27b_1200x675.jpg\",\"keywords\":[\"gest\u00e3o de mobilidade\",\"infraestrutura\",\"Lisboa\",\"Mobilidade Urbana e Cidades Inteligentes\",\"transporte\",\"Transportes Rodovi\u00e1rios\"],\"articleSection\":[\"Not\u00edcias\"],\"inLanguage\":\"pt-PT\"},{\"@type\":\"WebPage\",\"@id\":\"https:\/\/portaltela.pt\/noticias\/2026\/01\/07\/licencas-para-servicos-expresso-no-terminal-de-sete-rios-suspensas\/\",\"url\":\"https:\/\/portaltela.pt\/noticias\/2026\/01\/07\/licencas-para-servicos-expresso-no-terminal-de-sete-rios-suspensas\/\",\"name\":\"Licen\u00e7as para servi\u00e7os expresso no terminal de Sete Rios suspensas - Portal Tela Portugal\",\"isPartOf\":{\"@id\":\"https:\/\/portaltela.pt\/#website\"},\"primaryImageOfPage\":{\"@id\":\"https:\/\/portaltela.pt\/noticias\/2026\/01\/07\/licencas-para-servicos-expresso-no-terminal-de-sete-rios-suspensas\/#primaryimage\"},\"image\":{\"@id\":\"https:\/\/portaltela.pt\/noticias\/2026\/01\/07\/licencas-para-servicos-expresso-no-terminal-de-sete-rios-suspensas\/#primaryimage\"},\"thumbnailUrl\":\"https:\/\/portaltela.pt\/s.01k8rhncp4jt1\/2026\/01\/2053d91c-1548-4e83-8dbe-ca99eefed27b_1200x675.jpg\",\"datePublished\":\"2026-01-07T14:33:00+00:00\",\"author\":{\"@id\":\"https:\/\/portaltela.pt\/#\/schema\/person\/c4278d4a6028830caff9ee44b42d32ed\"},\"breadcrumb\":{\"@id\":\"https:\/\/portaltela.pt\/noticias\/2026\/01\/07\/licencas-para-servicos-expresso-no-terminal-de-sete-rios-suspensas\/#breadcrumb\"},\"inLanguage\":\"pt-PT\",\"potentialAction\":[{\"@type\":\"ReadAction\",\"target\":[\"https:\/\/portaltela.pt\/noticias\/2026\/01\/07\/licencas-para-servicos-expresso-no-terminal-de-sete-rios-suspensas\/\"]}]},{\"@type\":\"ImageObject\",\"inLanguage\":\"pt-PT\",\"@id\":\"https:\/\/portaltela.pt\/noticias\/2026\/01\/07\/licencas-para-servicos-expresso-no-terminal-de-sete-rios-suspensas\/#primaryimage\",\"url\":\"https:\/\/portaltela.pt\/s.01k8rhncp4jt1\/2026\/01\/2053d91c-1548-4e83-8dbe-ca99eefed27b_1200x675.jpg\",\"contentUrl\":\"https:\/\/portaltela.pt\/s.01k8rhncp4jt1\/2026\/01\/2053d91c-1548-4e83-8dbe-ca99eefed27b_1200x675.jpg\",\"width\":796,\"height\":448,\"caption\":\"A alem\u00e3 FlixBus entrou em Portugal em 2020\"},{\"@type\":\"BreadcrumbList\",\"@id\":\"https:\/\/portaltela.pt\/noticias\/2026\/01\/07\/licencas-para-servicos-expresso-no-terminal-de-sete-rios-suspensas\/#breadcrumb\",\"itemListElement\":[{\"@type\":\"ListItem\",\"position\":1,\"name\":\"In\u00edcio\",\"item\":\"https:\/\/portaltela.pt\/\"},{\"@type\":\"ListItem\",\"position\":2,\"name\":\"Licen\u00e7as para servi\u00e7os expresso no terminal de Sete Rios suspensas\"}]},{\"@type\":\"WebSite\",\"@id\":\"https:\/\/portaltela.pt\/#website\",\"url\":\"https:\/\/portaltela.pt\/\",\"name\":\"Portal Tela Portugal\",\"description\":\"\",\"potentialAction\":[{\"@type\":\"SearchAction\",\"target\":{\"@type\":\"EntryPoint\",\"urlTemplate\":\"https:\/\/portaltela.pt\/?s={search_term_string}\"},\"query-input\":{\"@type\":\"PropertyValueSpecification\",\"valueRequired\":true,\"valueName\":\"search_term_string\"}}],\"inLanguage\":\"pt-PT\"},{\"@type\":\"Person\",\"@id\":\"https:\/\/portaltela.pt\/#\/schema\/person\/c4278d4a6028830caff9ee44b42d32ed\",\"name\":\"Telinha\",\"image\":{\"@type\":\"ImageObject\",\"inLanguage\":\"pt-PT\",\"@id\":\"https:\/\/portaltela.pt\/s.01k8rhncp4jt1\/2025\/11\/talking-bot-125x125.png\",\"url\":\"https:\/\/portaltela.pt\/s.01k8rhncp4jt1\/2025\/11\/talking-bot-125x125.png\",\"contentUrl\":\"https:\/\/portaltela.pt\/s.01k8rhncp4jt1\/2025\/11\/talking-bot-125x125.png\",\"caption\":\"Telinha\"},\"sameAs\":[\"https:\/\/portaltela.pt\/\"],\"url\":\"https:\/\/portaltela.pt\/por\/367410592786\/\"}]}<\/script>\n<!-- \/ Yoast SEO plugin. -->","yoast_head_json":{"title":"Licen\u00e7as para servi\u00e7os expresso no terminal de Sete Rios suspensas - Portal Tela Portugal","robots":{"index":"index","follow":"follow","max-snippet":"max-snippet:-1","max-image-preview":"max-image-preview:large","max-video-preview":"max-video-preview:-1"},"og_locale":"pt_PT","og_type":"article","og_title":"Licen\u00e7as para servi\u00e7os expresso no terminal de Sete Rios suspensas - Portal Tela Portugal","og_description":"O Instituto da Mobilidade e dos Transportes Terrestres (IMT) suspendeu a emiss\u00e3o de novas licen\u00e7as para servi\u00e7os expresso que parem no terminal de Sete Rios, em Lisboa. A decis\u00e3o ocorreu ap\u00f3s a Autoridade da Mobilidade e dos Transportes (AMT) ter informado o IMT de que a Rede Expressos pediu novas licen\u00e7as para paragens em Sete Rios ao mesmo tempo que negou \u00e0 FlixBus acesso ao mesmo terminal, alegando que este estava cheio. O presidente do IMT afirmou que h\u00e1 uma contradi\u00e7\u00e3o entre a den\u00fancia da AMT e a posi\u00e7\u00e3o do gestor da infraestrutura, pelo que a suspens\u00e3o mant\u00e9m-se at\u00e9 que haja informa\u00e7\u00e3o \u00edntegra e confi\u00e1vel. O IMT n\u00e3o avalia a capacidade dos terminais; questiona-se apenas se o gestor autoriza as paragens, e, no caso de Sete Rios, decidiu suspender novas licen\u00e7as com base na den\u00fancia recebida. A suspens\u00e3o s\u00f3 dever\u00e1 terminar quando a AMT indicar que a situa\u00e7\u00e3o voltou \u00e0 normalidade; a AMT defende altera\u00e7\u00f5es legais para separar a gest\u00e3o dos terminais da opera\u00e7\u00e3o dos servi\u00e7os que l\u00e1 operam, para garantir acesso equitativo.","og_url":"https:\/\/portaltela.pt\/noticias\/2026\/01\/07\/licencas-para-servicos-expresso-no-terminal-de-sete-rios-suspensas\/","og_site_name":"Portal Tela Portugal","article_published_time":"2026-01-07T14:33:00+00:00","author":"Telinha","twitter_card":"summary_large_image","twitter_misc":{"Escrito por":"Telinha","Tempo estimado de leitura":"2 minutos"},"schema":{"@context":"https:\/\/schema.org","@graph":[{"@type":"Article","@id":"https:\/\/portaltela.pt\/noticias\/2026\/01\/07\/licencas-para-servicos-expresso-no-terminal-de-sete-rios-suspensas\/#article","isPartOf":{"@id":"https:\/\/portaltela.pt\/noticias\/2026\/01\/07\/licencas-para-servicos-expresso-no-terminal-de-sete-rios-suspensas\/"},"author":{"name":"Telinha","@id":"https:\/\/portaltela.pt\/#\/schema\/person\/c4278d4a6028830caff9ee44b42d32ed"},"headline":"Licen\u00e7as para servi\u00e7os expresso no terminal de Sete Rios suspensas","datePublished":"2026-01-07T14:33:00+00:00","mainEntityOfPage":{"@id":"https:\/\/portaltela.pt\/noticias\/2026\/01\/07\/licencas-para-servicos-expresso-no-terminal-de-sete-rios-suspensas\/"},"wordCount":343,"image":{"@id":"https:\/\/portaltela.pt\/noticias\/2026\/01\/07\/licencas-para-servicos-expresso-no-terminal-de-sete-rios-suspensas\/#primaryimage"},"thumbnailUrl":"https:\/\/portaltela.pt\/s.01k8rhncp4jt1\/2026\/01\/2053d91c-1548-4e83-8dbe-ca99eefed27b_1200x675.jpg","keywords":["gest\u00e3o de mobilidade","infraestrutura","Lisboa","Mobilidade Urbana e Cidades Inteligentes","transporte","Transportes Rodovi\u00e1rios"],"articleSection":["Not\u00edcias"],"inLanguage":"pt-PT"},{"@type":"WebPage","@id":"https:\/\/portaltela.pt\/noticias\/2026\/01\/07\/licencas-para-servicos-expresso-no-terminal-de-sete-rios-suspensas\/","url":"https:\/\/portaltela.pt\/noticias\/2026\/01\/07\/licencas-para-servicos-expresso-no-terminal-de-sete-rios-suspensas\/","name":"Licen\u00e7as para servi\u00e7os expresso no terminal de Sete Rios suspensas - Portal Tela Portugal","isPartOf":{"@id":"https:\/\/portaltela.pt\/#website"},"primaryImageOfPage":{"@id":"https:\/\/portaltela.pt\/noticias\/2026\/01\/07\/licencas-para-servicos-expresso-no-terminal-de-sete-rios-suspensas\/#primaryimage"},"image":{"@id":"https:\/\/portaltela.pt\/noticias\/2026\/01\/07\/licencas-para-servicos-expresso-no-terminal-de-sete-rios-suspensas\/#primaryimage"},"thumbnailUrl":"https:\/\/portaltela.pt\/s.01k8rhncp4jt1\/2026\/01\/2053d91c-1548-4e83-8dbe-ca99eefed27b_1200x675.jpg","datePublished":"2026-01-07T14:33:00+00:00","author":{"@id":"https:\/\/portaltela.pt\/#\/schema\/person\/c4278d4a6028830caff9ee44b42d32ed"},"breadcrumb":{"@id":"https:\/\/portaltela.pt\/noticias\/2026\/01\/07\/licencas-para-servicos-expresso-no-terminal-de-sete-rios-suspensas\/#breadcrumb"},"inLanguage":"pt-PT","potentialAction":[{"@type":"ReadAction","target":["https:\/\/portaltela.pt\/noticias\/2026\/01\/07\/licencas-para-servicos-expresso-no-terminal-de-sete-rios-suspensas\/"]}]},{"@type":"ImageObject","inLanguage":"pt-PT","@id":"https:\/\/portaltela.pt\/noticias\/2026\/01\/07\/licencas-para-servicos-expresso-no-terminal-de-sete-rios-suspensas\/#primaryimage","url":"https:\/\/portaltela.pt\/s.01k8rhncp4jt1\/2026\/01\/2053d91c-1548-4e83-8dbe-ca99eefed27b_1200x675.jpg","contentUrl":"https:\/\/portaltela.pt\/s.01k8rhncp4jt1\/2026\/01\/2053d91c-1548-4e83-8dbe-ca99eefed27b_1200x675.jpg","width":796,"height":448,"caption":"A alem\u00e3 FlixBus entrou em Portugal em 2020"},{"@type":"BreadcrumbList","@id":"https:\/\/portaltela.pt\/noticias\/2026\/01\/07\/licencas-para-servicos-expresso-no-terminal-de-sete-rios-suspensas\/#breadcrumb","itemListElement":[{"@type":"ListItem","position":1,"name":"In\u00edcio","item":"https:\/\/portaltela.pt\/"},{"@type":"ListItem","position":2,"name":"Licen\u00e7as para servi\u00e7os expresso no terminal de Sete Rios suspensas"}]},{"@type":"WebSite","@id":"https:\/\/portaltela.pt\/#website","url":"https:\/\/portaltela.pt\/","name":"Portal Tela Portugal","description":"","potentialAction":[{"@type":"SearchAction","target":{"@type":"EntryPoint","urlTemplate":"https:\/\/portaltela.pt\/?s={search_term_string}"},"query-input":{"@type":"PropertyValueSpecification","valueRequired":true,"valueName":"search_term_string"}}],"inLanguage":"pt-PT"},{"@type":"Person","@id":"https:\/\/portaltela.pt\/#\/schema\/person\/c4278d4a6028830caff9ee44b42d32ed","name":"Telinha","image":{"@type":"ImageObject","inLanguage":"pt-PT","@id":"https:\/\/portaltela.pt\/s.01k8rhncp4jt1\/2025\/11\/talking-bot-125x125.png","url":"https:\/\/portaltela.pt\/s.01k8rhncp4jt1\/2025\/11\/talking-bot-125x125.png","contentUrl":"https:\/\/portaltela.pt\/s.01k8rhncp4jt1\/2025\/11\/talking-bot-125x125.png","caption":"Telinha"},"sameAs":["https:\/\/portaltela.pt\/"],"url":"https:\/\/portaltela.pt\/por\/367410592786\/"}]}},"_links":{"self":[{"href":"https:\/\/portaltela.pt\/api\/wp\/v2\/posts\/123560","targetHints":{"allow":["GET"]}}],"collection":[{"href":"https:\/\/portaltela.pt\/api\/wp\/v2\/posts"}],"about":[{"href":"https:\/\/portaltela.pt\/api\/wp\/v2\/types\/post"}],"author":[{"embeddable":true,"href":"https:\/\/portaltela.pt\/api\/wp\/v2\/users\/2"}],"replies":[{"embeddable":true,"href":"https:\/\/portaltela.pt\/api\/wp\/v2\/comments?post=123560"}],"version-history":[{"count":0,"href":"https:\/\/portaltela.pt\/api\/wp\/v2\/posts\/123560\/revisions"}],"wp:featuredmedia":[{"embeddable":true,"href":"https:\/\/portaltela.pt\/api\/wp\/v2\/media\/123572"}],"wp:attachment":[{"href":"https:\/\/portaltela.pt\/api\/wp\/v2\/media?parent=123560"}],"wp:term":[{"taxonomy":"category","embeddable":true,"href":"https:\/\/portaltela.pt\/api\/wp\/v2\/categories?post=123560"},{"taxonomy":"post_tag","embeddable":true,"href":"https:\/\/portaltela.pt\/api\/wp\/v2\/tags?post=123560"}],"curies":[{"name":"wp","href":"https:\/\/api.w.org\/{rel}","templated":true}]}}