{"id":123504,"date":"2026-01-07T11:20:00","date_gmt":"2026-01-07T14:20:00","guid":{"rendered":"https:\/\/portaltela.pt\/noticias\/2026\/01\/07\/tecnico-de-saude-vai-a-julgamento-em-leiria-por-190-crimes-de-abuso-sexual\/"},"modified":"2026-01-07T11:20:00","modified_gmt":"2026-01-07T14:20:00","slug":"tecnico-de-saude-vai-a-julgamento-em-leiria-por-190-crimes-de-abuso-sexual","status":"publish","type":"post","link":"https:\/\/portaltela.pt\/noticias\/2026\/01\/07\/tecnico-de-saude-vai-a-julgamento-em-leiria-por-190-crimes-de-abuso-sexual\/","title":{"rendered":"T\u00e9cnico de sa\u00fade vai a julgamento em Leiria por 190 crimes de abuso sexual"},"content":{"rendered":"<p>Um homem de 34 anos, t\u00e9cnico auxiliar de sa\u00fade, vai a julgamento em Leiria pela alega\u00e7\u00e3o de 190 crimes de abuso sexual e nove de pornografia de menores, envolvendo duas v\u00edtimas. O despacho de acusa\u00e7\u00e3o indica agravamento em todos os crimes.<\/p>\n<p>O arguido \u00e9 acusado de 176 crimes de abuso sexual de menor dependente ou particularmente vulner\u00e1vel e oito crimes de pornografia de menores, relativos a uma \u00fanica v\u00edtima. Em rela\u00e7\u00e3o \u00e0 segunda menor, responde por 14 crimes de abuso e um crime de pornografia, todos agravados.<\/p>\n<p>O Minist\u00e9rio P\u00fablico aponta que o homem, detido e ent\u00e3o em pris\u00e3o domicili\u00e1ria, trabalhava no Hospital de Santo Andr\u00e9, em Leiria. O processo envolve tamb\u00e9m a proibi\u00e7\u00e3o de exercer fun\u00e7\u00f5es que envolvam contacto com menores, entre outras medidas.<\/p>\n<h3>O que se sabe sobre as v\u00edtimas<\/h3>\n<p>A primeira v\u00edtima \u00e9 um menor nascido em 2009, afilhado do companheiro do arguido, que vivia na mesma casa com eles. A outra menor nasceu em 2017, cuja fam\u00edlia permitia que pernoitasse na casa de ambos.<\/p>\n<p>Segundo o MP, o arguido iniciou-se em conversas sexuais com o afilhado, exibiu v\u00eddeos sexuais e praticou atos sexuais com o menor, incluindo filmagens. A v\u00edtima n\u00e3o revelou os crimes de imediato por vergonha e receio.<\/p>\n<p>A segunda v\u00edtima manteve rela\u00e7\u00e3o com o arguido e o companheiro, com quem dispunha de acesso \u00e0 casa de resid\u00eancia. O MP sustenta que o arguido iniciou a menor em pr\u00e1ticas sexuais para satisfazer impulsos.<\/p>\n<h3>Julgamento e penas<\/h3>\n<p>O julgamento pelo Tribunal Judicial de Leiria est\u00e1 marcado para iniciar a 2 de fevereiro, com um colectivo de ju\u00edzes. O MP solicita condena\u00e7\u00e3o com suspens\u00e3o de v\u00e1rias penas e medidas acess\u00f3rias.<\/p>\n<p>A acusa\u00e7\u00e3o tamb\u00e9m pede a imposi\u00e7\u00e3o de danos n\u00e3o patrimoniais: 50 mil euros para uma das v\u00edtimas e 25 mil euros para a outra, al\u00e9m de penas acess\u00f3rias \u00e0 proibi\u00e7\u00e3o de exercer certas fun\u00e7\u00f5es junto de menores.<\/p>\n<h3>Contexto processual<\/h3>\n<p>Em mar\u00e7o de 2025, a Procuradoria j\u00e1 tinha anunciado a deten\u00e7\u00e3o do homem, ent\u00e3o em pris\u00e3o preventiva, com base na exist\u00eancia de um relacionamento sexual com dois menores entre 2024 e 2025, na cidade de Leiria. As v\u00edtimas tinham 7 e 15 anos na altura.<\/p>\n","protected":false},"excerpt":{"rendered":"<ul>\n<li>Um homem de trinta e quatro anos vai a julgamento em Leiria por cento e noventa crimes de abuso sexual de menores e nove crimes de pornografia, envolvendo duas v\u00edtimas.<\/li>\n<li>O arguido, t\u00e9cnico auxiliar de sa\u00fade, \u00e9 acusado de cento e setenta e seis crimes de abuso sexual de menores dependentes ou vulner\u00e1veis e oito crimes de pornografia de menores, relativos a uma \u00fanica v\u00edtima; a outra v\u00edtima responde a quinze crimes de abuso sexual de crian\u00e7as e um de pornografia.<\/li>\n<li>Al\u00e9m das penas criminais, o MP pede a proibi\u00e7\u00e3o de exercer profiss\u00f5es com contacto com menores, bem como restri\u00e7\u00f5es de guarda, tutela e responsabilidade parental, e a expuls\u00e3o do pa\u00eds.<\/li>\n<li>O Minist\u00e9rio P\u00fablico tamb\u00e9m requer indemniza\u00e7\u00f5es de cinquenta mil euros a uma v\u00edtima e de vinte e cinco mil euros \u00e0 outra por danos n\u00e3o patrimoniais.<\/li>\n<li>O julgamento do coletivo de ju\u00edzes do Tribunal Judicial de Leiria est\u00e1 previsto iniciar em dois de fevereiro; o caso envolve viola\u00e7\u00f5es ocorridas na casa do arguido, onde residia com a v\u00edtima afilhada e a filha menor do suspeito.<\/li>\n<\/ul>\n","protected":false},"author":2,"featured_media":123514,"comment_status":"closed","ping_status":"closed","sticky":false,"template":"","format":"standard","meta":{"footnotes":""},"categories":[1],"tags":[817,208,633,1385,2518,1432],"class_list":["post-123504","post","type-post","status-publish","format-standard","has-post-thumbnail","hentry","category-noticias","tag-abuso-de-menor-dependente-ou-em-situacao-vulneravel","tag-abuso-de-menores-dependentes","tag-hospital","tag-leiria","tag-pornografia-de-menor-dependente-ou-em-situacao-vulneravel","tag-pornografia-de-menores"],"yoast_head":"<!-- This site is optimized with the Yoast SEO plugin v27.2 - https:\/\/yoast.com\/product\/yoast-seo-wordpress\/ -->\n<title>T\u00e9cnico de sa\u00fade vai a julgamento em Leiria por 190 crimes de abuso sexual - Portal Tela Portugal<\/title>\n<meta name=\"robots\" content=\"index, follow, max-snippet:-1, max-image-preview:large, max-video-preview:-1\" \/>\n<meta property=\"og:locale\" content=\"pt_PT\" \/>\n<meta property=\"og:type\" content=\"article\" \/>\n<meta property=\"og:title\" content=\"T\u00e9cnico de sa\u00fade vai a julgamento em Leiria por 190 crimes de abuso sexual - Portal Tela Portugal\" \/>\n<meta property=\"og:description\" content=\"Um homem de trinta e quatro anos vai a julgamento em Leiria por cento e noventa crimes de abuso sexual de menores e nove crimes de pornografia, envolvendo duas v\u00edtimas. O arguido, t\u00e9cnico auxiliar de sa\u00fade, \u00e9 acusado de cento e setenta e seis crimes de abuso sexual de menores dependentes ou vulner\u00e1veis e oito crimes de pornografia de menores, relativos a uma \u00fanica v\u00edtima; a outra v\u00edtima responde a quinze crimes de abuso sexual de crian\u00e7as e um de pornografia. Al\u00e9m das penas criminais, o MP pede a proibi\u00e7\u00e3o de exercer profiss\u00f5es com contacto com menores, bem como restri\u00e7\u00f5es de guarda, tutela e responsabilidade parental, e a expuls\u00e3o do pa\u00eds. O Minist\u00e9rio P\u00fablico tamb\u00e9m requer indemniza\u00e7\u00f5es de cinquenta mil euros a uma v\u00edtima e de vinte e cinco mil euros \u00e0 outra por danos n\u00e3o patrimoniais. O julgamento do coletivo de ju\u00edzes do Tribunal Judicial de Leiria est\u00e1 previsto iniciar em dois de fevereiro; o caso envolve viola\u00e7\u00f5es ocorridas na casa do arguido, onde residia com a v\u00edtima afilhada e a filha menor do suspeito.\" \/>\n<meta property=\"og:url\" content=\"https:\/\/portaltela.pt\/noticias\/2026\/01\/07\/tecnico-de-saude-vai-a-julgamento-em-leiria-por-190-crimes-de-abuso-sexual\/\" \/>\n<meta property=\"og:site_name\" content=\"Portal Tela Portugal\" \/>\n<meta property=\"article:published_time\" content=\"2026-01-07T14:20:00+00:00\" \/>\n<meta name=\"author\" content=\"Telinha\" \/>\n<meta name=\"twitter:card\" content=\"summary_large_image\" \/>\n<meta name=\"twitter:label1\" content=\"Escrito por\" \/>\n\t<meta name=\"twitter:data1\" content=\"Telinha\" \/>\n\t<meta name=\"twitter:label2\" content=\"Tempo estimado de leitura\" \/>\n\t<meta name=\"twitter:data2\" content=\"2 minutos\" \/>\n<script type=\"application\/ld+json\" class=\"yoast-schema-graph\">{\"@context\":\"https:\/\/schema.org\",\"@graph\":[{\"@type\":\"Article\",\"@id\":\"https:\/\/portaltela.pt\/noticias\/2026\/01\/07\/tecnico-de-saude-vai-a-julgamento-em-leiria-por-190-crimes-de-abuso-sexual\/#article\",\"isPartOf\":{\"@id\":\"https:\/\/portaltela.pt\/noticias\/2026\/01\/07\/tecnico-de-saude-vai-a-julgamento-em-leiria-por-190-crimes-de-abuso-sexual\/\"},\"author\":{\"name\":\"Telinha\",\"@id\":\"https:\/\/portaltela.pt\/#\/schema\/person\/c4278d4a6028830caff9ee44b42d32ed\"},\"headline\":\"T\u00e9cnico de sa\u00fade vai a julgamento em Leiria por 190 crimes de abuso sexual\",\"datePublished\":\"2026-01-07T14:20:00+00:00\",\"mainEntityOfPage\":{\"@id\":\"https:\/\/portaltela.pt\/noticias\/2026\/01\/07\/tecnico-de-saude-vai-a-julgamento-em-leiria-por-190-crimes-de-abuso-sexual\/\"},\"wordCount\":400,\"image\":{\"@id\":\"https:\/\/portaltela.pt\/noticias\/2026\/01\/07\/tecnico-de-saude-vai-a-julgamento-em-leiria-por-190-crimes-de-abuso-sexual\/#primaryimage\"},\"thumbnailUrl\":\"https:\/\/portaltela.pt\/s.01k8rhncp4jt1\/2026\/01\/cc15dc1e-71c8-4e94-abcf-c714376d2c62_1200x675.jpg\",\"keywords\":[\"abuso de menor dependente ou em situa\u00e7\u00e3o vulner\u00e1vel\",\"abuso de menores dependentes\",\"hospital\",\"Leiria\",\"pornografia de menor dependente ou em situa\u00e7\u00e3o vulner\u00e1vel\",\"pornografia de menores\"],\"articleSection\":[\"Not\u00edcias\"],\"inLanguage\":\"pt-PT\"},{\"@type\":\"WebPage\",\"@id\":\"https:\/\/portaltela.pt\/noticias\/2026\/01\/07\/tecnico-de-saude-vai-a-julgamento-em-leiria-por-190-crimes-de-abuso-sexual\/\",\"url\":\"https:\/\/portaltela.pt\/noticias\/2026\/01\/07\/tecnico-de-saude-vai-a-julgamento-em-leiria-por-190-crimes-de-abuso-sexual\/\",\"name\":\"T\u00e9cnico de sa\u00fade vai a julgamento em Leiria por 190 crimes de abuso sexual - Portal Tela Portugal\",\"isPartOf\":{\"@id\":\"https:\/\/portaltela.pt\/#website\"},\"primaryImageOfPage\":{\"@id\":\"https:\/\/portaltela.pt\/noticias\/2026\/01\/07\/tecnico-de-saude-vai-a-julgamento-em-leiria-por-190-crimes-de-abuso-sexual\/#primaryimage\"},\"image\":{\"@id\":\"https:\/\/portaltela.pt\/noticias\/2026\/01\/07\/tecnico-de-saude-vai-a-julgamento-em-leiria-por-190-crimes-de-abuso-sexual\/#primaryimage\"},\"thumbnailUrl\":\"https:\/\/portaltela.pt\/s.01k8rhncp4jt1\/2026\/01\/cc15dc1e-71c8-4e94-abcf-c714376d2c62_1200x675.jpg\",\"datePublished\":\"2026-01-07T14:20:00+00:00\",\"author\":{\"@id\":\"https:\/\/portaltela.pt\/#\/schema\/person\/c4278d4a6028830caff9ee44b42d32ed\"},\"breadcrumb\":{\"@id\":\"https:\/\/portaltela.pt\/noticias\/2026\/01\/07\/tecnico-de-saude-vai-a-julgamento-em-leiria-por-190-crimes-de-abuso-sexual\/#breadcrumb\"},\"inLanguage\":\"pt-PT\",\"potentialAction\":[{\"@type\":\"ReadAction\",\"target\":[\"https:\/\/portaltela.pt\/noticias\/2026\/01\/07\/tecnico-de-saude-vai-a-julgamento-em-leiria-por-190-crimes-de-abuso-sexual\/\"]}]},{\"@type\":\"ImageObject\",\"inLanguage\":\"pt-PT\",\"@id\":\"https:\/\/portaltela.pt\/noticias\/2026\/01\/07\/tecnico-de-saude-vai-a-julgamento-em-leiria-por-190-crimes-de-abuso-sexual\/#primaryimage\",\"url\":\"https:\/\/portaltela.pt\/s.01k8rhncp4jt1\/2026\/01\/cc15dc1e-71c8-4e94-abcf-c714376d2c62_1200x675.jpg\",\"contentUrl\":\"https:\/\/portaltela.pt\/s.01k8rhncp4jt1\/2026\/01\/cc15dc1e-71c8-4e94-abcf-c714376d2c62_1200x675.jpg\",\"width\":796,\"height\":448,\"caption\":\"V\u00edtimas tinham 7 e 15 anos quando o suspeito foi detido, em mar\u00e7o de 2025\"},{\"@type\":\"BreadcrumbList\",\"@id\":\"https:\/\/portaltela.pt\/noticias\/2026\/01\/07\/tecnico-de-saude-vai-a-julgamento-em-leiria-por-190-crimes-de-abuso-sexual\/#breadcrumb\",\"itemListElement\":[{\"@type\":\"ListItem\",\"position\":1,\"name\":\"In\u00edcio\",\"item\":\"https:\/\/portaltela.pt\/\"},{\"@type\":\"ListItem\",\"position\":2,\"name\":\"T\u00e9cnico de sa\u00fade vai a julgamento em Leiria por 190 crimes de abuso sexual\"}]},{\"@type\":\"WebSite\",\"@id\":\"https:\/\/portaltela.pt\/#website\",\"url\":\"https:\/\/portaltela.pt\/\",\"name\":\"Portal Tela Portugal\",\"description\":\"\",\"potentialAction\":[{\"@type\":\"SearchAction\",\"target\":{\"@type\":\"EntryPoint\",\"urlTemplate\":\"https:\/\/portaltela.pt\/?s={search_term_string}\"},\"query-input\":{\"@type\":\"PropertyValueSpecification\",\"valueRequired\":true,\"valueName\":\"search_term_string\"}}],\"inLanguage\":\"pt-PT\"},{\"@type\":\"Person\",\"@id\":\"https:\/\/portaltela.pt\/#\/schema\/person\/c4278d4a6028830caff9ee44b42d32ed\",\"name\":\"Telinha\",\"image\":{\"@type\":\"ImageObject\",\"inLanguage\":\"pt-PT\",\"@id\":\"https:\/\/portaltela.pt\/s.01k8rhncp4jt1\/2025\/11\/talking-bot-125x125.png\",\"url\":\"https:\/\/portaltela.pt\/s.01k8rhncp4jt1\/2025\/11\/talking-bot-125x125.png\",\"contentUrl\":\"https:\/\/portaltela.pt\/s.01k8rhncp4jt1\/2025\/11\/talking-bot-125x125.png\",\"caption\":\"Telinha\"},\"sameAs\":[\"https:\/\/portaltela.pt\/\"],\"url\":\"https:\/\/portaltela.pt\/por\/367410592786\/\"}]}<\/script>\n<!-- \/ Yoast SEO plugin. -->","yoast_head_json":{"title":"T\u00e9cnico de sa\u00fade vai a julgamento em Leiria por 190 crimes de abuso sexual - Portal Tela Portugal","robots":{"index":"index","follow":"follow","max-snippet":"max-snippet:-1","max-image-preview":"max-image-preview:large","max-video-preview":"max-video-preview:-1"},"og_locale":"pt_PT","og_type":"article","og_title":"T\u00e9cnico de sa\u00fade vai a julgamento em Leiria por 190 crimes de abuso sexual - Portal Tela Portugal","og_description":"Um homem de trinta e quatro anos vai a julgamento em Leiria por cento e noventa crimes de abuso sexual de menores e nove crimes de pornografia, envolvendo duas v\u00edtimas. O arguido, t\u00e9cnico auxiliar de sa\u00fade, \u00e9 acusado de cento e setenta e seis crimes de abuso sexual de menores dependentes ou vulner\u00e1veis e oito crimes de pornografia de menores, relativos a uma \u00fanica v\u00edtima; a outra v\u00edtima responde a quinze crimes de abuso sexual de crian\u00e7as e um de pornografia. Al\u00e9m das penas criminais, o MP pede a proibi\u00e7\u00e3o de exercer profiss\u00f5es com contacto com menores, bem como restri\u00e7\u00f5es de guarda, tutela e responsabilidade parental, e a expuls\u00e3o do pa\u00eds. O Minist\u00e9rio P\u00fablico tamb\u00e9m requer indemniza\u00e7\u00f5es de cinquenta mil euros a uma v\u00edtima e de vinte e cinco mil euros \u00e0 outra por danos n\u00e3o patrimoniais. O julgamento do coletivo de ju\u00edzes do Tribunal Judicial de Leiria est\u00e1 previsto iniciar em dois de fevereiro; o caso envolve viola\u00e7\u00f5es ocorridas na casa do arguido, onde residia com a v\u00edtima afilhada e a filha menor do suspeito.","og_url":"https:\/\/portaltela.pt\/noticias\/2026\/01\/07\/tecnico-de-saude-vai-a-julgamento-em-leiria-por-190-crimes-de-abuso-sexual\/","og_site_name":"Portal Tela Portugal","article_published_time":"2026-01-07T14:20:00+00:00","author":"Telinha","twitter_card":"summary_large_image","twitter_misc":{"Escrito por":"Telinha","Tempo estimado de leitura":"2 minutos"},"schema":{"@context":"https:\/\/schema.org","@graph":[{"@type":"Article","@id":"https:\/\/portaltela.pt\/noticias\/2026\/01\/07\/tecnico-de-saude-vai-a-julgamento-em-leiria-por-190-crimes-de-abuso-sexual\/#article","isPartOf":{"@id":"https:\/\/portaltela.pt\/noticias\/2026\/01\/07\/tecnico-de-saude-vai-a-julgamento-em-leiria-por-190-crimes-de-abuso-sexual\/"},"author":{"name":"Telinha","@id":"https:\/\/portaltela.pt\/#\/schema\/person\/c4278d4a6028830caff9ee44b42d32ed"},"headline":"T\u00e9cnico de sa\u00fade vai a julgamento em Leiria por 190 crimes de abuso sexual","datePublished":"2026-01-07T14:20:00+00:00","mainEntityOfPage":{"@id":"https:\/\/portaltela.pt\/noticias\/2026\/01\/07\/tecnico-de-saude-vai-a-julgamento-em-leiria-por-190-crimes-de-abuso-sexual\/"},"wordCount":400,"image":{"@id":"https:\/\/portaltela.pt\/noticias\/2026\/01\/07\/tecnico-de-saude-vai-a-julgamento-em-leiria-por-190-crimes-de-abuso-sexual\/#primaryimage"},"thumbnailUrl":"https:\/\/portaltela.pt\/s.01k8rhncp4jt1\/2026\/01\/cc15dc1e-71c8-4e94-abcf-c714376d2c62_1200x675.jpg","keywords":["abuso de menor dependente ou em situa\u00e7\u00e3o vulner\u00e1vel","abuso de menores dependentes","hospital","Leiria","pornografia de menor dependente ou em situa\u00e7\u00e3o vulner\u00e1vel","pornografia de menores"],"articleSection":["Not\u00edcias"],"inLanguage":"pt-PT"},{"@type":"WebPage","@id":"https:\/\/portaltela.pt\/noticias\/2026\/01\/07\/tecnico-de-saude-vai-a-julgamento-em-leiria-por-190-crimes-de-abuso-sexual\/","url":"https:\/\/portaltela.pt\/noticias\/2026\/01\/07\/tecnico-de-saude-vai-a-julgamento-em-leiria-por-190-crimes-de-abuso-sexual\/","name":"T\u00e9cnico de sa\u00fade vai a julgamento em Leiria por 190 crimes de abuso sexual - Portal Tela Portugal","isPartOf":{"@id":"https:\/\/portaltela.pt\/#website"},"primaryImageOfPage":{"@id":"https:\/\/portaltela.pt\/noticias\/2026\/01\/07\/tecnico-de-saude-vai-a-julgamento-em-leiria-por-190-crimes-de-abuso-sexual\/#primaryimage"},"image":{"@id":"https:\/\/portaltela.pt\/noticias\/2026\/01\/07\/tecnico-de-saude-vai-a-julgamento-em-leiria-por-190-crimes-de-abuso-sexual\/#primaryimage"},"thumbnailUrl":"https:\/\/portaltela.pt\/s.01k8rhncp4jt1\/2026\/01\/cc15dc1e-71c8-4e94-abcf-c714376d2c62_1200x675.jpg","datePublished":"2026-01-07T14:20:00+00:00","author":{"@id":"https:\/\/portaltela.pt\/#\/schema\/person\/c4278d4a6028830caff9ee44b42d32ed"},"breadcrumb":{"@id":"https:\/\/portaltela.pt\/noticias\/2026\/01\/07\/tecnico-de-saude-vai-a-julgamento-em-leiria-por-190-crimes-de-abuso-sexual\/#breadcrumb"},"inLanguage":"pt-PT","potentialAction":[{"@type":"ReadAction","target":["https:\/\/portaltela.pt\/noticias\/2026\/01\/07\/tecnico-de-saude-vai-a-julgamento-em-leiria-por-190-crimes-de-abuso-sexual\/"]}]},{"@type":"ImageObject","inLanguage":"pt-PT","@id":"https:\/\/portaltela.pt\/noticias\/2026\/01\/07\/tecnico-de-saude-vai-a-julgamento-em-leiria-por-190-crimes-de-abuso-sexual\/#primaryimage","url":"https:\/\/portaltela.pt\/s.01k8rhncp4jt1\/2026\/01\/cc15dc1e-71c8-4e94-abcf-c714376d2c62_1200x675.jpg","contentUrl":"https:\/\/portaltela.pt\/s.01k8rhncp4jt1\/2026\/01\/cc15dc1e-71c8-4e94-abcf-c714376d2c62_1200x675.jpg","width":796,"height":448,"caption":"V\u00edtimas tinham 7 e 15 anos quando o suspeito foi detido, em mar\u00e7o de 2025"},{"@type":"BreadcrumbList","@id":"https:\/\/portaltela.pt\/noticias\/2026\/01\/07\/tecnico-de-saude-vai-a-julgamento-em-leiria-por-190-crimes-de-abuso-sexual\/#breadcrumb","itemListElement":[{"@type":"ListItem","position":1,"name":"In\u00edcio","item":"https:\/\/portaltela.pt\/"},{"@type":"ListItem","position":2,"name":"T\u00e9cnico de sa\u00fade vai a julgamento em Leiria por 190 crimes de abuso sexual"}]},{"@type":"WebSite","@id":"https:\/\/portaltela.pt\/#website","url":"https:\/\/portaltela.pt\/","name":"Portal Tela Portugal","description":"","potentialAction":[{"@type":"SearchAction","target":{"@type":"EntryPoint","urlTemplate":"https:\/\/portaltela.pt\/?s={search_term_string}"},"query-input":{"@type":"PropertyValueSpecification","valueRequired":true,"valueName":"search_term_string"}}],"inLanguage":"pt-PT"},{"@type":"Person","@id":"https:\/\/portaltela.pt\/#\/schema\/person\/c4278d4a6028830caff9ee44b42d32ed","name":"Telinha","image":{"@type":"ImageObject","inLanguage":"pt-PT","@id":"https:\/\/portaltela.pt\/s.01k8rhncp4jt1\/2025\/11\/talking-bot-125x125.png","url":"https:\/\/portaltela.pt\/s.01k8rhncp4jt1\/2025\/11\/talking-bot-125x125.png","contentUrl":"https:\/\/portaltela.pt\/s.01k8rhncp4jt1\/2025\/11\/talking-bot-125x125.png","caption":"Telinha"},"sameAs":["https:\/\/portaltela.pt\/"],"url":"https:\/\/portaltela.pt\/por\/367410592786\/"}]}},"_links":{"self":[{"href":"https:\/\/portaltela.pt\/api\/wp\/v2\/posts\/123504","targetHints":{"allow":["GET"]}}],"collection":[{"href":"https:\/\/portaltela.pt\/api\/wp\/v2\/posts"}],"about":[{"href":"https:\/\/portaltela.pt\/api\/wp\/v2\/types\/post"}],"author":[{"embeddable":true,"href":"https:\/\/portaltela.pt\/api\/wp\/v2\/users\/2"}],"replies":[{"embeddable":true,"href":"https:\/\/portaltela.pt\/api\/wp\/v2\/comments?post=123504"}],"version-history":[{"count":0,"href":"https:\/\/portaltela.pt\/api\/wp\/v2\/posts\/123504\/revisions"}],"wp:featuredmedia":[{"embeddable":true,"href":"https:\/\/portaltela.pt\/api\/wp\/v2\/media\/123514"}],"wp:attachment":[{"href":"https:\/\/portaltela.pt\/api\/wp\/v2\/media?parent=123504"}],"wp:term":[{"taxonomy":"category","embeddable":true,"href":"https:\/\/portaltela.pt\/api\/wp\/v2\/categories?post=123504"},{"taxonomy":"post_tag","embeddable":true,"href":"https:\/\/portaltela.pt\/api\/wp\/v2\/tags?post=123504"}],"curies":[{"name":"wp","href":"https:\/\/api.w.org\/{rel}","templated":true}]}}